{"id":36371,"date":"2022-12-21T13:47:53","date_gmt":"2022-12-21T12:47:53","guid":{"rendered":"https:\/\/poblenouurbandistrict.com\/?p=36371"},"modified":"2022-12-22T09:50:12","modified_gmt":"2022-12-22T08:50:12","slug":"lartista-pol-pinto-resident-a-piramidon-exhibeix-fins-al-gener","status":"publish","type":"post","link":"https:\/\/poblenouurbandistrict.com\/es\/lartista-pol-pinto-resident-a-piramidon-exhibeix-fins-al-gener\/","title":{"rendered":"El artista Pol Pint\u00f3, residente en Piramid\u00f3n, exhibe hasta a enero."},"content":{"rendered":"<p>Bajo el t\u00edtulo \u00abRepetici\u00f3 en Repetici\u00f3\u00bb Piramid\u00f3n exhibe, en la sala peque\u00f1a, la \u00faltima exposici\u00f3n de Pol Pint\u00f3 (Barcelona, 1993), artista residente del centro. La muestra, que podr\u00e1 visitarse hasta el pr\u00f3ximo d\u00eda 5 de enero, establece un recorrido pict\u00f3rico marcado por la abstracci\u00f3n minimalista y austera en el que la repetici\u00f3n se convierte en el patr\u00f3n definitorio.<\/p>\n<p>A trav\u00e9s del uso del tiral\u00edneas, herramienta recurrente en su producci\u00f3n pict\u00f3rica, Pint\u00f3 proyecta una obra marcada por la reiteraci\u00f3n de trazos an\u00e1logos que mantienen id\u00e9ntica pulsi\u00f3n e intencionalidad pero que, sin embargo, producen resultados \u00fanicos e irrepetibles. Las l\u00edneas trazadas sobre la tela se convierten en registros de un instante preciso en el que la aleatoriedad propia de la salpicadura dota a las obras de marcada expresividad gestual.<\/p>\n<p>A trav\u00e9s del di\u00e1logo entre d\u00edpticos replicados, Pint\u00f3 confronta las piezas con su reflejo, obligando al espectador a cuestionar su percepci\u00f3n. Las telas, en ocasiones crudas, otras pigmentadas con tonos pasteles a baj\u00edsima saturaci\u00f3n sobre los que se acent\u00faa el negro de las l\u00edneas, reflejan escenarios de apariencia similar pero de simetr\u00eda imposible. En cuanto al plano de la instalaci\u00f3n, el artista subvierte la concepci\u00f3n cl\u00e1sica del espacio expositivo, convirtiendo la pared en un simple continente de un montaje volum\u00e9trico en el que las obras flotan en el centro de la sala. Como si de una sala de espejos se tratara, el visitante circula por un recorrido en el que la repetici\u00f3n acaba tomando una singularidad irrepetible.<\/p>","protected":false},"excerpt":{"rendered":"<p>Bajo el t\u00edtulo \u00abRepetici\u00f3 en Repetici\u00f3\u00bb Piramid\u00f3n exhibe, en la sala peque\u00f1a, la \u00faltima exposici\u00f3n de Pol Pint\u00f3 (Barcelona, 1993),&#8230; <a href=\"https:\/\/poblenouurbandistrict.com\/es\/lartista-pol-pinto-resident-a-piramidon-exhibeix-fins-al-gener\/\">M\u00e1s  \u2192<\/a><\/p>\n","protected":false},"author":5,"featured_media":36367,"comment_status":"closed","ping_status":"closed","sticky":false,"template":"","format":"standard","meta":{"_acf_changed":false,"footnotes":""},"categories":[1,3342],"tags":[],"class_list":["post-36371","post","type-post","status-publish","format-standard","has-post-thumbnail","hentry","category-noticias","category-art"],"acf":[],"yoast_head":"<!-- This site is optimized with the Yoast SEO plugin v27.5 - https:\/\/yoast.com\/product\/yoast-seo-wordpress\/ -->\n<title>El artista Pol Pint\u00f3, residente en Piramid\u00f3n, exhibe hasta a enero. &#8211; Poblenou Urban District<\/title>\n<meta name=\"robots\" content=\"index, follow, max-snippet:-1, max-image-preview:large, max-video-preview:-1\" \/>\n<link rel=\"canonical\" href=\"https:\/\/poblenouurbandistrict.com\/es\/lartista-pol-pinto-resident-a-piramidon-exhibeix-fins-al-gener\/\" \/>\n<meta property=\"og:locale\" content=\"es_ES\" \/>\n<meta property=\"og:type\" content=\"article\" \/>\n<meta property=\"og:title\" content=\"El artista Pol Pint\u00f3, residente en Piramid\u00f3n, exhibe hasta a enero. &#8211; Poblenou Urban District\" \/>\n<meta property=\"og:description\" content=\"Bajo el t\u00edtulo \u00abRepetici\u00f3 en Repetici\u00f3\u00bb Piramid\u00f3n exhibe, en la sala peque\u00f1a, la \u00faltima exposici\u00f3n de Pol Pint\u00f3 (Barcelona, 1993),... M\u00e1s \u2192\" \/>\n<meta property=\"og:url\" content=\"https:\/\/poblenouurbandistrict.com\/es\/lartista-pol-pinto-resident-a-piramidon-exhibeix-fins-al-gener\/\" \/>\n<meta property=\"og:site_name\" content=\"Poblenou Urban District\" \/>\n<meta property=\"article:published_time\" content=\"2022-12-21T12:47:53+00:00\" \/>\n<meta property=\"article:modified_time\" content=\"2022-12-22T08:50:12+00:00\" \/>\n<meta property=\"og:image\" content=\"https:\/\/poblenouurbandistrict.com\/wp-content\/uploads\/2022\/12\/01-scaled.jpeg\" \/>\n\t<meta property=\"og:image:width\" content=\"2560\" \/>\n\t<meta property=\"og:image:height\" content=\"1707\" \/>\n\t<meta property=\"og:image:type\" content=\"image\/jpeg\" \/>\n<meta name=\"author\" content=\"pnud\" \/>\n<meta name=\"twitter:card\" content=\"summary_large_image\" \/>\n<meta name=\"twitter:label1\" content=\"Escrito por\" \/>\n\t<meta name=\"twitter:data1\" content=\"pnud\" \/>\n\t<meta name=\"twitter:label2\" content=\"Tiempo de lectura\" \/>\n\t<meta name=\"twitter:data2\" content=\"2 minutos\" \/>\n<script type=\"application\/ld+json\" class=\"yoast-schema-graph\">{\"@context\":\"https:\\\/\\\/schema.org\",\"@graph\":[{\"@type\":\"Article\",\"@id\":\"https:\\\/\\\/poblenouurbandistrict.com\\\/lartista-pol-pinto-resident-a-piramidon-exhibeix-fins-al-gener\\\/#article\",\"isPartOf\":{\"@id\":\"https:\\\/\\\/poblenouurbandistrict.com\\\/lartista-pol-pinto-resident-a-piramidon-exhibeix-fins-al-gener\\\/\"},\"author\":{\"name\":\"pnud\",\"@id\":\"https:\\\/\\\/poblenouurbandistrict.com\\\/#\\\/schema\\\/person\\\/980a2cf34b399d5218205730acd54a7e\"},\"headline\":\"El artista Pol Pint\u00f3, residente en Piramid\u00f3n, exhibe hasta a enero.\",\"datePublished\":\"2022-12-21T12:47:53+00:00\",\"dateModified\":\"2022-12-22T08:50:12+00:00\",\"mainEntityOfPage\":{\"@id\":\"https:\\\/\\\/poblenouurbandistrict.com\\\/lartista-pol-pinto-resident-a-piramidon-exhibeix-fins-al-gener\\\/\"},\"wordCount\":568,\"image\":{\"@id\":\"https:\\\/\\\/poblenouurbandistrict.com\\\/lartista-pol-pinto-resident-a-piramidon-exhibeix-fins-al-gener\\\/#primaryimage\"},\"thumbnailUrl\":\"https:\\\/\\\/media.poblenouurbandistrict.com\\\/2022\\\/12\\\/25055538\\\/01-scaled.jpeg\",\"articleSection\":[\"Est\u00e1 pasando\",\"Arte\"],\"inLanguage\":\"es\"},{\"@type\":\"WebPage\",\"@id\":\"https:\\\/\\\/poblenouurbandistrict.com\\\/es\\\/lartista-pol-pinto-resident-a-piramidon-exhibeix-fins-al-gener\\\/\",\"url\":\"https:\\\/\\\/poblenouurbandistrict.com\\\/es\\\/lartista-pol-pinto-resident-a-piramidon-exhibeix-fins-al-gener\\\/\",\"name\":\"El artista Pol Pint\u00f3, residente en Piramid\u00f3n, exhibe hasta a enero. &#8211; Poblenou Urban District\",\"isPartOf\":{\"@id\":\"https:\\\/\\\/poblenouurbandistrict.com\\\/es\\\/#website\"},\"primaryImageOfPage\":{\"@id\":\"https:\\\/\\\/poblenouurbandistrict.com\\\/es\\\/lartista-pol-pinto-resident-a-piramidon-exhibeix-fins-al-gener\\\/#primaryimage\"},\"image\":{\"@id\":\"https:\\\/\\\/poblenouurbandistrict.com\\\/lartista-pol-pinto-resident-a-piramidon-exhibeix-fins-al-gener\\\/#primaryimage\"},\"thumbnailUrl\":\"https:\\\/\\\/media.poblenouurbandistrict.com\\\/2022\\\/12\\\/25055538\\\/01-scaled.jpeg\",\"datePublished\":\"2022-12-21T12:47:53+00:00\",\"dateModified\":\"2022-12-22T08:50:12+00:00\",\"author\":{\"@id\":\"https:\\\/\\\/poblenouurbandistrict.com\\\/#\\\/schema\\\/person\\\/980a2cf34b399d5218205730acd54a7e\"},\"breadcrumb\":{\"@id\":\"https:\\\/\\\/poblenouurbandistrict.com\\\/es\\\/lartista-pol-pinto-resident-a-piramidon-exhibeix-fins-al-gener\\\/#breadcrumb\"},\"inLanguage\":\"es\",\"potentialAction\":[{\"@type\":\"ReadAction\",\"target\":[[\"https:\\\/\\\/poblenouurbandistrict.com\\\/es\\\/lartista-pol-pinto-resident-a-piramidon-exhibeix-fins-al-gener\\\/\"]]}]},{\"@type\":\"ImageObject\",\"inLanguage\":\"es\",\"@id\":\"https:\\\/\\\/poblenouurbandistrict.com\\\/es\\\/lartista-pol-pinto-resident-a-piramidon-exhibeix-fins-al-gener\\\/#primaryimage\",\"url\":\"https:\\\/\\\/media.poblenouurbandistrict.com\\\/2022\\\/12\\\/25055538\\\/01-scaled.jpeg\",\"contentUrl\":\"https:\\\/\\\/media.poblenouurbandistrict.com\\\/2022\\\/12\\\/25055538\\\/01-scaled.jpeg\",\"width\":2560,\"height\":1707},{\"@type\":\"BreadcrumbList\",\"@id\":\"https:\\\/\\\/poblenouurbandistrict.com\\\/es\\\/lartista-pol-pinto-resident-a-piramidon-exhibeix-fins-al-gener\\\/#breadcrumb\",\"itemListElement\":[{\"@type\":\"ListItem\",\"position\":1,\"name\":\"Home\",\"item\":\"https:\\\/\\\/poblenouurbandistrict.com\\\/es\\\/\"},{\"@type\":\"ListItem\",\"position\":2,\"name\":\"L&#8217;artista Pol Pint\u00f3, resident a Piramid\u00f3n, exhibeix fins al gener.\"}]},{\"@type\":\"WebSite\",\"@id\":\"https:\\\/\\\/poblenouurbandistrict.com\\\/es\\\/#website\",\"url\":\"https:\\\/\\\/poblenouurbandistrict.com\\\/es\\\/\",\"name\":\"Poblenou Urban District\",\"description\":\"Comunidad Creativa\",\"potentialAction\":[{\"@type\":\"SearchAction\",\"target\":{\"@type\":\"EntryPoint\",\"urlTemplate\":\"https:\\\/\\\/poblenouurbandistrict.com\\\/es\\\/?s={search_term_string}\"},\"query-input\":{\"@type\":\"PropertyValueSpecification\",\"valueRequired\":true,\"valueName\":\"search_term_string\"}}],\"inLanguage\":\"es\"},{\"@type\":\"Person\",\"@id\":\"https:\\\/\\\/poblenouurbandistrict.com\\\/#\\\/schema\\\/person\\\/980a2cf34b399d5218205730acd54a7e\",\"name\":\"pnud\",\"image\":{\"@type\":\"ImageObject\",\"inLanguage\":\"es\",\"@id\":\"https:\\\/\\\/secure.gravatar.com\\\/avatar\\\/67146597b405ee077a24e519f75c3e2031736596d6ce35af3a34c122c93d0d7b?s=96&d=retro&r=g\",\"url\":\"https:\\\/\\\/secure.gravatar.com\\\/avatar\\\/67146597b405ee077a24e519f75c3e2031736596d6ce35af3a34c122c93d0d7b?s=96&d=retro&r=g\",\"contentUrl\":\"https:\\\/\\\/secure.gravatar.com\\\/avatar\\\/67146597b405ee077a24e519f75c3e2031736596d6ce35af3a34c122c93d0d7b?s=96&d=retro&r=g\",\"caption\":\"pnud\"}}]}<\/script>\n<!-- \/ Yoast SEO plugin. -->","yoast_head_json":{"title":"El artista Pol Pint\u00f3, residente en Piramid\u00f3n, exhibe hasta a enero. &#8211; Poblenou Urban District","robots":{"index":"index","follow":"follow","max-snippet":"max-snippet:-1","max-image-preview":"max-image-preview:large","max-video-preview":"max-video-preview:-1"},"canonical":"https:\/\/poblenouurbandistrict.com\/es\/lartista-pol-pinto-resident-a-piramidon-exhibeix-fins-al-gener\/","og_locale":"es_ES","og_type":"article","og_title":"El artista Pol Pint\u00f3, residente en Piramid\u00f3n, exhibe hasta a enero. &#8211; Poblenou Urban District","og_description":"Bajo el t\u00edtulo \u00abRepetici\u00f3 en Repetici\u00f3\u00bb Piramid\u00f3n exhibe, en la sala peque\u00f1a, la \u00faltima exposici\u00f3n de Pol Pint\u00f3 (Barcelona, 1993),... M\u00e1s \u2192","og_url":"https:\/\/poblenouurbandistrict.com\/es\/lartista-pol-pinto-resident-a-piramidon-exhibeix-fins-al-gener\/","og_site_name":"Poblenou Urban District","article_published_time":"2022-12-21T12:47:53+00:00","article_modified_time":"2022-12-22T08:50:12+00:00","og_image":[{"width":2560,"height":1707,"url":"https:\/\/poblenouurbandistrict.com\/wp-content\/uploads\/2022\/12\/01-scaled.jpeg","type":"image\/jpeg"}],"author":"pnud","twitter_card":"summary_large_image","twitter_misc":{"Escrito por":"pnud","Tiempo de lectura":"2 minutos"},"schema":{"@context":"https:\/\/schema.org","@graph":[{"@type":"Article","@id":"https:\/\/poblenouurbandistrict.com\/lartista-pol-pinto-resident-a-piramidon-exhibeix-fins-al-gener\/#article","isPartOf":{"@id":"https:\/\/poblenouurbandistrict.com\/lartista-pol-pinto-resident-a-piramidon-exhibeix-fins-al-gener\/"},"author":{"name":"pnud","@id":"https:\/\/poblenouurbandistrict.com\/#\/schema\/person\/980a2cf34b399d5218205730acd54a7e"},"headline":"El artista Pol Pint\u00f3, residente en Piramid\u00f3n, exhibe hasta a enero.","datePublished":"2022-12-21T12:47:53+00:00","dateModified":"2022-12-22T08:50:12+00:00","mainEntityOfPage":{"@id":"https:\/\/poblenouurbandistrict.com\/lartista-pol-pinto-resident-a-piramidon-exhibeix-fins-al-gener\/"},"wordCount":568,"image":{"@id":"https:\/\/poblenouurbandistrict.com\/lartista-pol-pinto-resident-a-piramidon-exhibeix-fins-al-gener\/#primaryimage"},"thumbnailUrl":"https:\/\/media.poblenouurbandistrict.com\/2022\/12\/25055538\/01-scaled.jpeg","articleSection":["Est\u00e1 pasando","Arte"],"inLanguage":"es"},{"@type":"WebPage","@id":"https:\/\/poblenouurbandistrict.com\/es\/lartista-pol-pinto-resident-a-piramidon-exhibeix-fins-al-gener\/","url":"https:\/\/poblenouurbandistrict.com\/es\/lartista-pol-pinto-resident-a-piramidon-exhibeix-fins-al-gener\/","name":"El artista Pol Pint\u00f3, residente en Piramid\u00f3n, exhibe hasta a enero. &#8211; Poblenou Urban District","isPartOf":{"@id":"https:\/\/poblenouurbandistrict.com\/es\/#website"},"primaryImageOfPage":{"@id":"https:\/\/poblenouurbandistrict.com\/es\/lartista-pol-pinto-resident-a-piramidon-exhibeix-fins-al-gener\/#primaryimage"},"image":{"@id":"https:\/\/poblenouurbandistrict.com\/lartista-pol-pinto-resident-a-piramidon-exhibeix-fins-al-gener\/#primaryimage"},"thumbnailUrl":"https:\/\/media.poblenouurbandistrict.com\/2022\/12\/25055538\/01-scaled.jpeg","datePublished":"2022-12-21T12:47:53+00:00","dateModified":"2022-12-22T08:50:12+00:00","author":{"@id":"https:\/\/poblenouurbandistrict.com\/#\/schema\/person\/980a2cf34b399d5218205730acd54a7e"},"breadcrumb":{"@id":"https:\/\/poblenouurbandistrict.com\/es\/lartista-pol-pinto-resident-a-piramidon-exhibeix-fins-al-gener\/#breadcrumb"},"inLanguage":"es","potentialAction":[{"@type":"ReadAction","target":[["https:\/\/poblenouurbandistrict.com\/es\/lartista-pol-pinto-resident-a-piramidon-exhibeix-fins-al-gener\/"]]}]},{"@type":"ImageObject","inLanguage":"es","@id":"https:\/\/poblenouurbandistrict.com\/es\/lartista-pol-pinto-resident-a-piramidon-exhibeix-fins-al-gener\/#primaryimage","url":"https:\/\/media.poblenouurbandistrict.com\/2022\/12\/25055538\/01-scaled.jpeg","contentUrl":"https:\/\/media.poblenouurbandistrict.com\/2022\/12\/25055538\/01-scaled.jpeg","width":2560,"height":1707},{"@type":"BreadcrumbList","@id":"https:\/\/poblenouurbandistrict.com\/es\/lartista-pol-pinto-resident-a-piramidon-exhibeix-fins-al-gener\/#breadcrumb","itemListElement":[{"@type":"ListItem","position":1,"name":"Home","item":"https:\/\/poblenouurbandistrict.com\/es\/"},{"@type":"ListItem","position":2,"name":"L&#8217;artista Pol Pint\u00f3, resident a Piramid\u00f3n, exhibeix fins al gener."}]},{"@type":"WebSite","@id":"https:\/\/poblenouurbandistrict.com\/es\/#website","url":"https:\/\/poblenouurbandistrict.com\/es\/","name":"Poblenou Urban District","description":"Comunidad Creativa","potentialAction":[{"@type":"SearchAction","target":{"@type":"EntryPoint","urlTemplate":"https:\/\/poblenouurbandistrict.com\/es\/?s={search_term_string}"},"query-input":{"@type":"PropertyValueSpecification","valueRequired":true,"valueName":"search_term_string"}}],"inLanguage":"es"},{"@type":"Person","@id":"https:\/\/poblenouurbandistrict.com\/#\/schema\/person\/980a2cf34b399d5218205730acd54a7e","name":"pnud","image":{"@type":"ImageObject","inLanguage":"es","@id":"https:\/\/secure.gravatar.com\/avatar\/67146597b405ee077a24e519f75c3e2031736596d6ce35af3a34c122c93d0d7b?s=96&d=retro&r=g","url":"https:\/\/secure.gravatar.com\/avatar\/67146597b405ee077a24e519f75c3e2031736596d6ce35af3a34c122c93d0d7b?s=96&d=retro&r=g","contentUrl":"https:\/\/secure.gravatar.com\/avatar\/67146597b405ee077a24e519f75c3e2031736596d6ce35af3a34c122c93d0d7b?s=96&d=retro&r=g","caption":"pnud"}}]}},"_links":{"self":[{"href":"https:\/\/poblenouurbandistrict.com\/es\/wp-json\/wp\/v2\/posts\/36371","targetHints":{"allow":["GET"]}}],"collection":[{"href":"https:\/\/poblenouurbandistrict.com\/es\/wp-json\/wp\/v2\/posts"}],"about":[{"href":"https:\/\/poblenouurbandistrict.com\/es\/wp-json\/wp\/v2\/types\/post"}],"author":[{"embeddable":true,"href":"https:\/\/poblenouurbandistrict.com\/es\/wp-json\/wp\/v2\/users\/5"}],"replies":[{"embeddable":true,"href":"https:\/\/poblenouurbandistrict.com\/es\/wp-json\/wp\/v2\/comments?post=36371"}],"version-history":[{"count":1,"href":"https:\/\/poblenouurbandistrict.com\/es\/wp-json\/wp\/v2\/posts\/36371\/revisions"}],"predecessor-version":[{"id":36372,"href":"https:\/\/poblenouurbandistrict.com\/es\/wp-json\/wp\/v2\/posts\/36371\/revisions\/36372"}],"wp:featuredmedia":[{"embeddable":true,"href":"https:\/\/poblenouurbandistrict.com\/es\/wp-json\/wp\/v2\/media\/36367"}],"wp:attachment":[{"href":"https:\/\/poblenouurbandistrict.com\/es\/wp-json\/wp\/v2\/media?parent=36371"}],"wp:term":[{"taxonomy":"category","embeddable":true,"href":"https:\/\/poblenouurbandistrict.com\/es\/wp-json\/wp\/v2\/categories?post=36371"},{"taxonomy":"post_tag","embeddable":true,"href":"https:\/\/poblenouurbandistrict.com\/es\/wp-json\/wp\/v2\/tags?post=36371"}],"curies":[{"name":"wp","href":"https:\/\/api.w.org\/{rel}","templated":true}]}}