{"id":36512,"date":"2023-01-23T15:00:22","date_gmt":"2023-01-23T14:00:22","guid":{"rendered":"https:\/\/poblenouurbandistrict.com\/?p=36512"},"modified":"2023-02-01T13:21:59","modified_gmt":"2023-02-01T12:21:59","slug":"maurici-gines-presenta-designova-light-of-love-off-llum-2023","status":"publish","type":"post","link":"https:\/\/poblenouurbandistrict.com\/es\/maurici-gines-presenta-designova-light-of-love-off-llum-2023\/","title":{"rendered":"Maurici Gin\u00e9s presenta \u2018Designova\u2019 y \u2019Light of Love\u2019"},"content":{"rendered":"<p><\/p>\n<p class=\"p1\"><span class=\"s1\"><strong>Maurici Gin\u00e9s<\/strong> es el fundador y fuerza motora de <a href=\"https:\/\/artecstudio.net\/\"><strong>Artec Studio<\/strong><\/a>, la reputada plataforma internacional de proyectos de iluminaci\u00f3n con 25 a\u00f1os de trayectoria y representaci\u00f3n en Barcelona, M\u00e9xico DF y Nueva York. Los proyectos de Maurici Gin\u00e9s se basan en la creaci\u00f3n de experiencias sensoriales interactivas que provocan la interacci\u00f3n entre individuos e ideas; explorando la sinergia entre el dise\u00f1o, el arte y las personas, con la luz como medio.<\/span><\/p>\n<p class=\"p1\"><span class=\"s1\">En esta cuarta edici\u00f3n del <a href=\"https:\/\/poblenouurbandistrict.com\/es\/off-llum-bcn\/\"><strong>Off Llum Bcn<\/strong><\/a> encontraremos a Maurici Gin\u00e9s y a su estudio por partida doble. La primera ocasi\u00f3n ser\u00e1 en el <a href=\"https:\/\/ajuntament.barcelona.cat\/dissenyhub\/ca\"><strong>Disseny Hub Barcelona<\/strong><\/a> (\u200b\u200b<a href=\"https:\/\/goo.gl\/maps\/dWKmVcSNy9i6o2ev8\">Pl. de les Gl\u00f2ries Catalanes, 37<\/a>) donde presenta \u2018Designova\u2019, una instalaci\u00f3n lum\u00ednica colgada en el hall del museo que transmite a los visitantes energ\u00eda positiva en movimiento continuo.<span class=\"Apple-converted-space\">\u00a0<\/span><\/span><\/p>\n<p><img loading=\"lazy\" decoding=\"async\" class=\"aligncenter size-medium wp-image-36513\" src=\"https:\/\/poblenouurbandistrict.com\/wp-content\/uploads\/2023\/01\/2-1-620x349.png\" alt=\"\" width=\"620\" height=\"349\" srcset=\"https:\/\/poblenouurbandistrict.com\/wp-content\/uploads\/2023\/01\/2-1-620x349.png 620w, https:\/\/poblenouurbandistrict.com\/wp-content\/uploads\/2023\/01\/2-1-600x338.png 600w, https:\/\/poblenouurbandistrict.com\/wp-content\/uploads\/2023\/01\/2-1-640x360.png 640w, https:\/\/poblenouurbandistrict.com\/wp-content\/uploads\/2023\/01\/2-1-180x101.png 180w, https:\/\/poblenouurbandistrict.com\/wp-content\/uploads\/2023\/01\/2-1-768x432.png 768w, https:\/\/poblenouurbandistrict.com\/wp-content\/uploads\/2023\/01\/2-1-1536x864.png 1536w, https:\/\/poblenouurbandistrict.com\/wp-content\/uploads\/2023\/01\/2-1-1400x788.png 1400w, https:\/\/poblenouurbandistrict.com\/wp-content\/uploads\/2023\/01\/2-1-1100x619.png 1100w, https:\/\/poblenouurbandistrict.com\/wp-content\/uploads\/2023\/01\/2-1-700x394.png 700w, https:\/\/poblenouurbandistrict.com\/wp-content\/uploads\/2023\/01\/2-1-470x264.png 470w, https:\/\/poblenouurbandistrict.com\/wp-content\/uploads\/2023\/01\/2-1-350x197.png 350w, https:\/\/poblenouurbandistrict.com\/wp-content\/uploads\/2023\/01\/2-1.jpg 1600w\" sizes=\"auto, (max-width: 620px) 100vw, 620px\" \/><\/p>\n<p class=\"p1\"><span class=\"s1\">\u201cNova\u201d es como se denominan las nuevas estrellas creadas por un evento astron\u00f3mico generado entre otras dos estrellas. \u2018Designova\u2019 quiere que el espectador se sienta cerca de la creaci\u00f3n de una estrella, para vivir una sensaci\u00f3n atemporal y llevarlo a una inmersi\u00f3n de luz estelar din\u00e1mica con cambios crom\u00e1ticos.<\/span><\/p>\n<p class=\"p1\"><span class=\"s1\">No muy lejos de la primera ubicaci\u00f3n, en el centro comercial <a href=\"https:\/\/es.westfield.com\/glories\"><strong>Westfield Gl\u00f2ries<\/strong><\/a> (<a href=\"https:\/\/goo.gl\/maps\/LJiKGNUL9HtQt9vW7\">Avenida Diagonal, 208<\/a>), encontraremos \u2018Light of Love\u2019, representaci\u00f3n abstracta de la relaci\u00f3n entre el coraz\u00f3n y el amor mediante una pieza de light art que busca la interacci\u00f3n con las personas y generar un hito lum\u00ednico. El latido de la pieza bombear\u00e1 luz y sonido cuando las personas pasen por debajo.<\/span><\/p>\n<p><img loading=\"lazy\" decoding=\"async\" class=\"aligncenter size-medium wp-image-36514\" src=\"https:\/\/poblenouurbandistrict.com\/wp-content\/uploads\/2023\/01\/1-1-620x349.jpg\" alt=\"\" width=\"620\" height=\"349\" \/><\/p>\n<p class=\"p1\"><span class=\"s1\">Espacio colaborador &#8216;Designova&#8217;: <a href=\"https:\/\/ajuntament.barcelona.cat\/dissenyhub\/ca\"><strong>Disseny Hub Barcelona<\/strong><\/a><br \/>\nEsp\u00f3nsor &#8216;Designova&#8217;: <a href=\"https:\/\/www.protopixel.io\/\"><strong>ProtoPixel<\/strong><\/a><br \/>\nEspacio colaborador &#8216;Light of Love&#8217;: <a href=\"https:\/\/es.westfield.com\/glories?gclid=CjwKCAiAuOieBhAIEiwAgjCvcsRjz8V-7PNsEskqergP_fop7XzAqWR9e85cWzv_YgNqElcrf2JkyhoCiF8QAvD_BwE\"><strong>Westfield Gl\u00f2ries<\/strong><\/a><br \/>\nEsp\u00f3nsor &#8216;Light of Love&#8217;: <a href=\"https:\/\/www.protopixel.io\/\"><strong>ProtoPixel<\/strong><\/a><b>,\u00a0<\/b><a href=\"https:\/\/www.lumalia.es\/\"><strong>Lumalia<\/strong><\/a>\u00a0i\u00a0<a href=\"https:\/\/expafol.com\/\"><strong>Expafol<\/strong><\/a>.<\/span><\/p>\n<p>Consultad m\u00e1s informaci\u00f3n sobre el resto de instalaciones <a href=\"https:\/\/poblenouurbandistrict.com\/es\/off-llum-bcn\/\"><span style=\"text-decoration: underline;\">en el siguiente enlace.<\/span><\/a><\/p>\n<p>&nbsp;<\/p>","protected":false},"excerpt":{"rendered":"<p>Maurici Gin\u00e9s es el fundador y fuerza motora de Artec Studio, la reputada plataforma internacional de proyectos de iluminaci\u00f3n con&#8230; <a href=\"https:\/\/poblenouurbandistrict.com\/es\/maurici-gines-presenta-designova-light-of-love-off-llum-2023\/\">M\u00e1s  \u2192<\/a><\/p>\n","protected":false},"author":5,"featured_media":36513,"comment_status":"closed","ping_status":"closed","sticky":false,"template":"","format":"standard","meta":{"_acf_changed":false,"footnotes":""},"categories":[3548,3364],"tags":[],"class_list":["post-36512","post","type-post","status-publish","format-standard","has-post-thumbnail","hentry","category-off-llum-bcn","category-poblenou-urban-district"],"acf":[],"yoast_head":"<!-- This site is optimized with the Yoast SEO plugin v27.5 - https:\/\/yoast.com\/product\/yoast-seo-wordpress\/ -->\n<title>Maurici Gin\u00e9s presenta \u2018Designova\u2019 i \u2019Light of Love\u2019<\/title>\n<meta name=\"description\" content=\"En la 4\u00aa edici\u00f3 de l&#039;Off Llum Bcn trobarem a Maurici Gin\u00e9s i el seu estudi al Disseny Hub Barcelona i a Westfield Gl\u00f2ries.\" \/>\n<meta name=\"robots\" content=\"index, follow, max-snippet:-1, max-image-preview:large, max-video-preview:-1\" \/>\n<link rel=\"canonical\" href=\"https:\/\/poblenouurbandistrict.com\/es\/maurici-gines-presenta-designova-light-of-love-off-llum-2023\/\" \/>\n<meta property=\"og:locale\" content=\"es_ES\" \/>\n<meta property=\"og:type\" content=\"article\" \/>\n<meta property=\"og:title\" content=\"Maurici Gin\u00e9s presenta \u2018Designova\u2019 i \u2019Light of Love\u2019\" \/>\n<meta property=\"og:description\" content=\"En la 4\u00aa edici\u00f3 de l&#039;Off Llum Bcn trobarem a Maurici Gin\u00e9s i el seu estudi al Disseny Hub Barcelona i a Westfield Gl\u00f2ries.\" \/>\n<meta property=\"og:url\" content=\"https:\/\/poblenouurbandistrict.com\/es\/maurici-gines-presenta-designova-light-of-love-off-llum-2023\/\" \/>\n<meta property=\"og:site_name\" content=\"Poblenou Urban District\" \/>\n<meta property=\"article:published_time\" content=\"2023-01-23T14:00:22+00:00\" \/>\n<meta property=\"article:modified_time\" content=\"2023-02-01T12:21:59+00:00\" \/>\n<meta property=\"og:image\" content=\"https:\/\/poblenouurbandistrict.com\/wp-content\/uploads\/2023\/01\/2-1.png\" \/>\n\t<meta property=\"og:image:width\" content=\"1600\" \/>\n\t<meta property=\"og:image:height\" content=\"900\" \/>\n\t<meta property=\"og:image:type\" content=\"image\/png\" \/>\n<meta name=\"author\" content=\"pnud\" \/>\n<meta name=\"twitter:card\" content=\"summary_large_image\" \/>\n<meta name=\"twitter:label1\" content=\"Escrito por\" \/>\n\t<meta name=\"twitter:data1\" content=\"pnud\" \/>\n\t<meta name=\"twitter:label2\" content=\"Tiempo de lectura\" \/>\n\t<meta name=\"twitter:data2\" content=\"2 minutos\" \/>\n<script type=\"application\/ld+json\" class=\"yoast-schema-graph\">{\"@context\":\"https:\\\/\\\/schema.org\",\"@graph\":[{\"@type\":\"Article\",\"@id\":\"https:\\\/\\\/poblenouurbandistrict.com\\\/maurici-gines-presenta-designova-light-of-love-off-llum-2023\\\/#article\",\"isPartOf\":{\"@id\":\"https:\\\/\\\/poblenouurbandistrict.com\\\/maurici-gines-presenta-designova-light-of-love-off-llum-2023\\\/\"},\"author\":{\"name\":\"pnud\",\"@id\":\"https:\\\/\\\/poblenouurbandistrict.com\\\/#\\\/schema\\\/person\\\/980a2cf34b399d5218205730acd54a7e\"},\"headline\":\"Maurici Gin\u00e9s presenta \u2018Designova\u2019 y \u2019Light of Love\u2019\",\"datePublished\":\"2023-01-23T14:00:22+00:00\",\"dateModified\":\"2023-02-01T12:21:59+00:00\",\"mainEntityOfPage\":{\"@id\":\"https:\\\/\\\/poblenouurbandistrict.com\\\/maurici-gines-presenta-designova-light-of-love-off-llum-2023\\\/\"},\"wordCount\":630,\"image\":{\"@id\":\"https:\\\/\\\/poblenouurbandistrict.com\\\/maurici-gines-presenta-designova-light-of-love-off-llum-2023\\\/#primaryimage\"},\"thumbnailUrl\":\"https:\\\/\\\/poblenouurbandistrict.com\\\/wp-content\\\/uploads\\\/2023\\\/01\\\/2-1.jpg\",\"articleSection\":[\"Off Llum BCN\",\"Poblenou Urban District\"],\"inLanguage\":\"es\"},{\"@type\":\"WebPage\",\"@id\":\"https:\\\/\\\/poblenouurbandistrict.com\\\/es\\\/maurici-gines-presenta-designova-light-of-love-off-llum-2023\\\/\",\"url\":\"https:\\\/\\\/poblenouurbandistrict.com\\\/es\\\/maurici-gines-presenta-designova-light-of-love-off-llum-2023\\\/\",\"name\":\"Maurici Gin\u00e9s presenta \u2018Designova\u2019 i \u2019Light of Love\u2019\",\"isPartOf\":{\"@id\":\"https:\\\/\\\/poblenouurbandistrict.com\\\/es\\\/#website\"},\"primaryImageOfPage\":{\"@id\":\"https:\\\/\\\/poblenouurbandistrict.com\\\/es\\\/maurici-gines-presenta-designova-light-of-love-off-llum-2023\\\/#primaryimage\"},\"image\":{\"@id\":\"https:\\\/\\\/poblenouurbandistrict.com\\\/maurici-gines-presenta-designova-light-of-love-off-llum-2023\\\/#primaryimage\"},\"thumbnailUrl\":\"https:\\\/\\\/poblenouurbandistrict.com\\\/wp-content\\\/uploads\\\/2023\\\/01\\\/2-1.jpg\",\"datePublished\":\"2023-01-23T14:00:22+00:00\",\"dateModified\":\"2023-02-01T12:21:59+00:00\",\"author\":{\"@id\":\"https:\\\/\\\/poblenouurbandistrict.com\\\/#\\\/schema\\\/person\\\/980a2cf34b399d5218205730acd54a7e\"},\"description\":\"En la 4\u00aa edici\u00f3 de l'Off Llum Bcn trobarem a Maurici Gin\u00e9s i el seu estudi al Disseny Hub Barcelona i a Westfield Gl\u00f2ries.\",\"breadcrumb\":{\"@id\":\"https:\\\/\\\/poblenouurbandistrict.com\\\/es\\\/maurici-gines-presenta-designova-light-of-love-off-llum-2023\\\/#breadcrumb\"},\"inLanguage\":\"es\",\"potentialAction\":[{\"@type\":\"ReadAction\",\"target\":[[\"https:\\\/\\\/poblenouurbandistrict.com\\\/es\\\/maurici-gines-presenta-designova-light-of-love-off-llum-2023\\\/\"]]}]},{\"@type\":\"ImageObject\",\"inLanguage\":\"es\",\"@id\":\"https:\\\/\\\/poblenouurbandistrict.com\\\/es\\\/maurici-gines-presenta-designova-light-of-love-off-llum-2023\\\/#primaryimage\",\"url\":\"https:\\\/\\\/poblenouurbandistrict.com\\\/wp-content\\\/uploads\\\/2023\\\/01\\\/2-1.jpg\",\"contentUrl\":\"https:\\\/\\\/poblenouurbandistrict.com\\\/wp-content\\\/uploads\\\/2023\\\/01\\\/2-1.jpg\",\"width\":1600,\"height\":900},{\"@type\":\"BreadcrumbList\",\"@id\":\"https:\\\/\\\/poblenouurbandistrict.com\\\/es\\\/maurici-gines-presenta-designova-light-of-love-off-llum-2023\\\/#breadcrumb\",\"itemListElement\":[{\"@type\":\"ListItem\",\"position\":1,\"name\":\"Home\",\"item\":\"https:\\\/\\\/poblenouurbandistrict.com\\\/es\\\/\"},{\"@type\":\"ListItem\",\"position\":2,\"name\":\"Maurici Gin\u00e9s presenta \u2018Designova\u2019 i \u2019Light of Love\u2019\"}]},{\"@type\":\"WebSite\",\"@id\":\"https:\\\/\\\/poblenouurbandistrict.com\\\/es\\\/#website\",\"url\":\"https:\\\/\\\/poblenouurbandistrict.com\\\/es\\\/\",\"name\":\"Poblenou Urban District\",\"description\":\"Comunidad Creativa\",\"potentialAction\":[{\"@type\":\"SearchAction\",\"target\":{\"@type\":\"EntryPoint\",\"urlTemplate\":\"https:\\\/\\\/poblenouurbandistrict.com\\\/es\\\/?s={search_term_string}\"},\"query-input\":{\"@type\":\"PropertyValueSpecification\",\"valueRequired\":true,\"valueName\":\"search_term_string\"}}],\"inLanguage\":\"es\"},{\"@type\":\"Person\",\"@id\":\"https:\\\/\\\/poblenouurbandistrict.com\\\/#\\\/schema\\\/person\\\/980a2cf34b399d5218205730acd54a7e\",\"name\":\"pnud\",\"image\":{\"@type\":\"ImageObject\",\"inLanguage\":\"es\",\"@id\":\"https:\\\/\\\/secure.gravatar.com\\\/avatar\\\/67146597b405ee077a24e519f75c3e2031736596d6ce35af3a34c122c93d0d7b?s=96&d=retro&r=g\",\"url\":\"https:\\\/\\\/secure.gravatar.com\\\/avatar\\\/67146597b405ee077a24e519f75c3e2031736596d6ce35af3a34c122c93d0d7b?s=96&d=retro&r=g\",\"contentUrl\":\"https:\\\/\\\/secure.gravatar.com\\\/avatar\\\/67146597b405ee077a24e519f75c3e2031736596d6ce35af3a34c122c93d0d7b?s=96&d=retro&r=g\",\"caption\":\"pnud\"}}]}<\/script>\n<!-- \/ Yoast SEO plugin. -->","yoast_head_json":{"title":"Maurici Gin\u00e9s presenta \u2018Designova\u2019 i \u2019Light of Love\u2019","description":"En la 4\u00aa edici\u00f3 de l'Off Llum Bcn trobarem a Maurici Gin\u00e9s i el seu estudi al Disseny Hub Barcelona i a Westfield Gl\u00f2ries.","robots":{"index":"index","follow":"follow","max-snippet":"max-snippet:-1","max-image-preview":"max-image-preview:large","max-video-preview":"max-video-preview:-1"},"canonical":"https:\/\/poblenouurbandistrict.com\/es\/maurici-gines-presenta-designova-light-of-love-off-llum-2023\/","og_locale":"es_ES","og_type":"article","og_title":"Maurici Gin\u00e9s presenta \u2018Designova\u2019 i \u2019Light of Love\u2019","og_description":"En la 4\u00aa edici\u00f3 de l'Off Llum Bcn trobarem a Maurici Gin\u00e9s i el seu estudi al Disseny Hub Barcelona i a Westfield Gl\u00f2ries.","og_url":"https:\/\/poblenouurbandistrict.com\/es\/maurici-gines-presenta-designova-light-of-love-off-llum-2023\/","og_site_name":"Poblenou Urban District","article_published_time":"2023-01-23T14:00:22+00:00","article_modified_time":"2023-02-01T12:21:59+00:00","og_image":[{"width":1600,"height":900,"url":"https:\/\/poblenouurbandistrict.com\/wp-content\/uploads\/2023\/01\/2-1.png","type":"image\/png"}],"author":"pnud","twitter_card":"summary_large_image","twitter_misc":{"Escrito por":"pnud","Tiempo de lectura":"2 minutos"},"schema":{"@context":"https:\/\/schema.org","@graph":[{"@type":"Article","@id":"https:\/\/poblenouurbandistrict.com\/maurici-gines-presenta-designova-light-of-love-off-llum-2023\/#article","isPartOf":{"@id":"https:\/\/poblenouurbandistrict.com\/maurici-gines-presenta-designova-light-of-love-off-llum-2023\/"},"author":{"name":"pnud","@id":"https:\/\/poblenouurbandistrict.com\/#\/schema\/person\/980a2cf34b399d5218205730acd54a7e"},"headline":"Maurici Gin\u00e9s presenta \u2018Designova\u2019 y \u2019Light of Love\u2019","datePublished":"2023-01-23T14:00:22+00:00","dateModified":"2023-02-01T12:21:59+00:00","mainEntityOfPage":{"@id":"https:\/\/poblenouurbandistrict.com\/maurici-gines-presenta-designova-light-of-love-off-llum-2023\/"},"wordCount":630,"image":{"@id":"https:\/\/poblenouurbandistrict.com\/maurici-gines-presenta-designova-light-of-love-off-llum-2023\/#primaryimage"},"thumbnailUrl":"https:\/\/poblenouurbandistrict.com\/wp-content\/uploads\/2023\/01\/2-1.jpg","articleSection":["Off Llum BCN","Poblenou Urban District"],"inLanguage":"es"},{"@type":"WebPage","@id":"https:\/\/poblenouurbandistrict.com\/es\/maurici-gines-presenta-designova-light-of-love-off-llum-2023\/","url":"https:\/\/poblenouurbandistrict.com\/es\/maurici-gines-presenta-designova-light-of-love-off-llum-2023\/","name":"Maurici Gin\u00e9s presenta \u2018Designova\u2019 i \u2019Light of Love\u2019","isPartOf":{"@id":"https:\/\/poblenouurbandistrict.com\/es\/#website"},"primaryImageOfPage":{"@id":"https:\/\/poblenouurbandistrict.com\/es\/maurici-gines-presenta-designova-light-of-love-off-llum-2023\/#primaryimage"},"image":{"@id":"https:\/\/poblenouurbandistrict.com\/maurici-gines-presenta-designova-light-of-love-off-llum-2023\/#primaryimage"},"thumbnailUrl":"https:\/\/poblenouurbandistrict.com\/wp-content\/uploads\/2023\/01\/2-1.jpg","datePublished":"2023-01-23T14:00:22+00:00","dateModified":"2023-02-01T12:21:59+00:00","author":{"@id":"https:\/\/poblenouurbandistrict.com\/#\/schema\/person\/980a2cf34b399d5218205730acd54a7e"},"description":"En la 4\u00aa edici\u00f3 de l'Off Llum Bcn trobarem a Maurici Gin\u00e9s i el seu estudi al Disseny Hub Barcelona i a Westfield Gl\u00f2ries.","breadcrumb":{"@id":"https:\/\/poblenouurbandistrict.com\/es\/maurici-gines-presenta-designova-light-of-love-off-llum-2023\/#breadcrumb"},"inLanguage":"es","potentialAction":[{"@type":"ReadAction","target":[["https:\/\/poblenouurbandistrict.com\/es\/maurici-gines-presenta-designova-light-of-love-off-llum-2023\/"]]}]},{"@type":"ImageObject","inLanguage":"es","@id":"https:\/\/poblenouurbandistrict.com\/es\/maurici-gines-presenta-designova-light-of-love-off-llum-2023\/#primaryimage","url":"https:\/\/poblenouurbandistrict.com\/wp-content\/uploads\/2023\/01\/2-1.jpg","contentUrl":"https:\/\/poblenouurbandistrict.com\/wp-content\/uploads\/2023\/01\/2-1.jpg","width":1600,"height":900},{"@type":"BreadcrumbList","@id":"https:\/\/poblenouurbandistrict.com\/es\/maurici-gines-presenta-designova-light-of-love-off-llum-2023\/#breadcrumb","itemListElement":[{"@type":"ListItem","position":1,"name":"Home","item":"https:\/\/poblenouurbandistrict.com\/es\/"},{"@type":"ListItem","position":2,"name":"Maurici Gin\u00e9s presenta \u2018Designova\u2019 i \u2019Light of Love\u2019"}]},{"@type":"WebSite","@id":"https:\/\/poblenouurbandistrict.com\/es\/#website","url":"https:\/\/poblenouurbandistrict.com\/es\/","name":"Poblenou Urban District","description":"Comunidad Creativa","potentialAction":[{"@type":"SearchAction","target":{"@type":"EntryPoint","urlTemplate":"https:\/\/poblenouurbandistrict.com\/es\/?s={search_term_string}"},"query-input":{"@type":"PropertyValueSpecification","valueRequired":true,"valueName":"search_term_string"}}],"inLanguage":"es"},{"@type":"Person","@id":"https:\/\/poblenouurbandistrict.com\/#\/schema\/person\/980a2cf34b399d5218205730acd54a7e","name":"pnud","image":{"@type":"ImageObject","inLanguage":"es","@id":"https:\/\/secure.gravatar.com\/avatar\/67146597b405ee077a24e519f75c3e2031736596d6ce35af3a34c122c93d0d7b?s=96&d=retro&r=g","url":"https:\/\/secure.gravatar.com\/avatar\/67146597b405ee077a24e519f75c3e2031736596d6ce35af3a34c122c93d0d7b?s=96&d=retro&r=g","contentUrl":"https:\/\/secure.gravatar.com\/avatar\/67146597b405ee077a24e519f75c3e2031736596d6ce35af3a34c122c93d0d7b?s=96&d=retro&r=g","caption":"pnud"}}]}},"_links":{"self":[{"href":"https:\/\/poblenouurbandistrict.com\/es\/wp-json\/wp\/v2\/posts\/36512","targetHints":{"allow":["GET"]}}],"collection":[{"href":"https:\/\/poblenouurbandistrict.com\/es\/wp-json\/wp\/v2\/posts"}],"about":[{"href":"https:\/\/poblenouurbandistrict.com\/es\/wp-json\/wp\/v2\/types\/post"}],"author":[{"embeddable":true,"href":"https:\/\/poblenouurbandistrict.com\/es\/wp-json\/wp\/v2\/users\/5"}],"replies":[{"embeddable":true,"href":"https:\/\/poblenouurbandistrict.com\/es\/wp-json\/wp\/v2\/comments?post=36512"}],"version-history":[{"count":11,"href":"https:\/\/poblenouurbandistrict.com\/es\/wp-json\/wp\/v2\/posts\/36512\/revisions"}],"predecessor-version":[{"id":36638,"href":"https:\/\/poblenouurbandistrict.com\/es\/wp-json\/wp\/v2\/posts\/36512\/revisions\/36638"}],"wp:featuredmedia":[{"embeddable":true,"href":"https:\/\/poblenouurbandistrict.com\/es\/wp-json\/wp\/v2\/media\/36513"}],"wp:attachment":[{"href":"https:\/\/poblenouurbandistrict.com\/es\/wp-json\/wp\/v2\/media?parent=36512"}],"wp:term":[{"taxonomy":"category","embeddable":true,"href":"https:\/\/poblenouurbandistrict.com\/es\/wp-json\/wp\/v2\/categories?post=36512"},{"taxonomy":"post_tag","embeddable":true,"href":"https:\/\/poblenouurbandistrict.com\/es\/wp-json\/wp\/v2\/tags?post=36512"}],"curies":[{"name":"wp","href":"https:\/\/api.w.org\/{rel}","templated":true}]}}