{"id":36517,"date":"2023-01-23T15:02:53","date_gmt":"2023-01-23T14:02:53","guid":{"rendered":"https:\/\/poblenouurbandistrict.com\/?p=36517"},"modified":"2023-02-01T13:27:25","modified_gmt":"2023-02-01T12:27:25","slug":"wood-wide-web-un-projecte-collectiu-entre-bau-i-protopixel-off-llum-2023","status":"publish","type":"post","link":"https:\/\/poblenouurbandistrict.com\/es\/wood-wide-web-un-projecte-collectiu-entre-bau-i-protopixel-off-llum-2023\/","title":{"rendered":"&#8217;Wood Wide Web&#8217;, un proyecto colectivo entre BAU y Protop\u00edxel"},"content":{"rendered":"<p>El <a href=\"https:\/\/www.baued.es\/ca\"><strong>Centre Universitari d&#8217;Arts i Disseny de Barcelona BAU<\/strong><\/a> (<a href=\"https:\/\/goo.gl\/maps\/HGsAu2hxDaTp94RD8\"><span style=\"text-decoration: underline;\">Carrer de Ciutat de Granada, 34-36 &#8211; Edifici Granada<\/span><\/a>) se suma a l&#8217;<a href=\"https:\/\/poblenouurbandistrict.com\/ca\/off-llum-bcn\/\"><strong>Off Llum Bcn<\/strong><\/a>, donde encontraremos un proyecto colectivo formado por alumni y estudiantes en col\u00b7 elaboraci\u00f3n con <a href=\"https:\/\/www.protopixel.io\/\"><strong>ProtoPixel<\/strong><\/a> i <a href=\"https:\/\/ledsc4.com\/es\"><strong>LEDS C4<\/strong><\/a> llamado &#8216;Wood Wide Web&#8217;.<\/p>\n<p>Se trata de una instalaci\u00f3n lum\u00ednica que simula la red de conexiones subterr\u00e1neas que sirven a los \u00e1rboles, los hongos y las bacterias para comunicarse entre ellos. La instalaci\u00f3n transmite una representaci\u00f3n visual de c\u00f3mo estos seres vivos conectan sus ra\u00edces y, mediante se\u00f1ales bioqu\u00edmicas y el\u00e9ctricas, son capaces de alimentarse, cuidarse e incluso alertarse de posibles amenazas.<\/p>\n<p><img loading=\"lazy\" decoding=\"async\" class=\"aligncenter size-medium wp-image-36522\" src=\"https:\/\/media.poblenouurbandistrict.com\/2023\/01\/25055647\/image-6483441-620x349.jpeg\" alt=\"\" width=\"620\" height=\"349\" \/><\/p>\n<p>Como explican desde la organizaci\u00f3n \u201c<em>Puede que los \u00e1rboles, los hongos y las bacterias no tengan un cerebro como el que tenemos los humanos, pero no lo necesitan, ya que en conjunto forman un gran cerebro en s\u00ed mismo. Nosotros hemos construido una World Wide Web artificial para agilizar la comunicaci\u00f3n, pero la naturaleza lleva a\u00f1os trabajando con la suya propia<\/em>\u201d.<\/p>\n<p><strong>Artistas:<\/strong> Andrea Badia (nddr3), Jos\u00e9 Andr\u00e9s Cubillas G\u00f3mez del Camp, Luis D\u00edaz Gonz\u00e1lez, Carlos Dub\u00f3n Gr\u00e1diz (re.dubbed), Marina G\u00f3mez Corb\u00ed, Biel Lopez, Miquel Mart\u00ednez, Jos\u00e9 Plata, Gerard Valls Monta\u00f1o.<\/p>\n<p>Espacio colaborador: <a href=\"https:\/\/www.baued.es\/\"><strong>BAU<\/strong><\/a><br \/>\nEsp\u00f3nsor: <a href=\"https:\/\/www.protopixel.io\/\"><strong>ProtoPixel<\/strong><\/a>,\u00a0<a href=\"https:\/\/ledsc4.com\/es\"><strong>LEDS C4<\/strong><\/a> y\u00a0<a href=\"https:\/\/www.baued.es\/\"><strong>BAU<\/strong><\/a><\/p>\n<p>Consultad m\u00e1s informaci\u00f3n sobre el resto de instalaciones <a href=\"https:\/\/poblenouurbandistrict.com\/es\/off-llum-bcn\/\">en el siguiente enlace<\/a>.<\/p>\n<p>&nbsp;<\/p>","protected":false},"excerpt":{"rendered":"<p>El Centre Universitari d&#8217;Arts i Disseny de Barcelona BAU (Carrer de Ciutat de Granada, 34-36 &#8211; Edifici Granada) se suma&#8230; <a href=\"https:\/\/poblenouurbandistrict.com\/es\/wood-wide-web-un-projecte-collectiu-entre-bau-i-protopixel-off-llum-2023\/\">M\u00e1s  \u2192<\/a><\/p>\n","protected":false},"author":5,"featured_media":36522,"comment_status":"closed","ping_status":"closed","sticky":false,"template":"","format":"standard","meta":{"_acf_changed":false,"footnotes":""},"categories":[3548,3364],"tags":[],"class_list":["post-36517","post","type-post","status-publish","format-standard","has-post-thumbnail","hentry","category-off-llum-bcn","category-poblenou-urban-district"],"acf":[],"yoast_head":"<!-- This site is optimized with the Yoast SEO plugin v27.5 - https:\/\/yoast.com\/product\/yoast-seo-wordpress\/ -->\n<title>&#039;Wood Wide Web&#039; un projecte col\u00b7lectiu entre BAU i Protop\u00edxel<\/title>\n<meta name=\"description\" content=\"BAU se suma a l&#039;Off Llum Bcn amb un projecte en col\u00b7laboraci\u00f3 amb ProtoPixel i LEDS C4 anomenat &#039;Wood Wide Web&#039;.\" \/>\n<meta name=\"robots\" content=\"index, follow, max-snippet:-1, max-image-preview:large, max-video-preview:-1\" \/>\n<link rel=\"canonical\" href=\"https:\/\/poblenouurbandistrict.com\/es\/wood-wide-web-un-projecte-collectiu-entre-bau-i-protopixel-off-llum-2023\/\" \/>\n<meta property=\"og:locale\" content=\"es_ES\" \/>\n<meta property=\"og:type\" content=\"article\" \/>\n<meta property=\"og:title\" content=\"&#039;Wood Wide Web&#039; un projecte col\u00b7lectiu entre BAU i Protop\u00edxel\" \/>\n<meta property=\"og:description\" content=\"BAU se suma a l&#039;Off Llum Bcn amb un projecte en col\u00b7laboraci\u00f3 amb ProtoPixel i LEDS C4 anomenat &#039;Wood Wide Web&#039;.\" \/>\n<meta property=\"og:url\" content=\"https:\/\/poblenouurbandistrict.com\/es\/wood-wide-web-un-projecte-collectiu-entre-bau-i-protopixel-off-llum-2023\/\" \/>\n<meta property=\"og:site_name\" content=\"Poblenou Urban District\" \/>\n<meta property=\"article:published_time\" content=\"2023-01-23T14:02:53+00:00\" \/>\n<meta property=\"article:modified_time\" content=\"2023-02-01T12:27:25+00:00\" \/>\n<meta property=\"og:image\" content=\"https:\/\/poblenouurbandistrict.com\/wp-content\/uploads\/2023\/01\/image-6483441.jpeg\" \/>\n\t<meta property=\"og:image:width\" content=\"1920\" \/>\n\t<meta property=\"og:image:height\" content=\"1080\" \/>\n\t<meta property=\"og:image:type\" content=\"image\/jpeg\" \/>\n<meta name=\"author\" content=\"pnud\" \/>\n<meta name=\"twitter:card\" content=\"summary_large_image\" \/>\n<meta name=\"twitter:label1\" content=\"Escrito por\" \/>\n\t<meta name=\"twitter:data1\" content=\"pnud\" \/>\n\t<meta name=\"twitter:label2\" content=\"Tiempo de lectura\" \/>\n\t<meta name=\"twitter:data2\" content=\"2 minutos\" \/>\n<script type=\"application\/ld+json\" class=\"yoast-schema-graph\">{\"@context\":\"https:\\\/\\\/schema.org\",\"@graph\":[{\"@type\":\"Article\",\"@id\":\"https:\\\/\\\/poblenouurbandistrict.com\\\/wood-wide-web-un-projecte-collectiu-entre-bau-i-protopixel-off-llum-2023\\\/#article\",\"isPartOf\":{\"@id\":\"https:\\\/\\\/poblenouurbandistrict.com\\\/wood-wide-web-un-projecte-collectiu-entre-bau-i-protopixel-off-llum-2023\\\/\"},\"author\":{\"name\":\"pnud\",\"@id\":\"https:\\\/\\\/poblenouurbandistrict.com\\\/#\\\/schema\\\/person\\\/980a2cf34b399d5218205730acd54a7e\"},\"headline\":\"&#8217;Wood Wide Web&#8217;, un proyecto colectivo entre BAU y Protop\u00edxel\",\"datePublished\":\"2023-01-23T14:02:53+00:00\",\"dateModified\":\"2023-02-01T12:27:25+00:00\",\"mainEntityOfPage\":{\"@id\":\"https:\\\/\\\/poblenouurbandistrict.com\\\/wood-wide-web-un-projecte-collectiu-entre-bau-i-protopixel-off-llum-2023\\\/\"},\"wordCount\":523,\"image\":{\"@id\":\"https:\\\/\\\/poblenouurbandistrict.com\\\/wood-wide-web-un-projecte-collectiu-entre-bau-i-protopixel-off-llum-2023\\\/#primaryimage\"},\"thumbnailUrl\":\"https:\\\/\\\/media.poblenouurbandistrict.com\\\/2023\\\/01\\\/25055647\\\/image-6483441.jpeg\",\"articleSection\":[\"Off Llum BCN\",\"Poblenou Urban District\"],\"inLanguage\":\"es\"},{\"@type\":\"WebPage\",\"@id\":\"https:\\\/\\\/poblenouurbandistrict.com\\\/es\\\/wood-wide-web-un-projecte-collectiu-entre-bau-i-protopixel-off-llum-2023\\\/\",\"url\":\"https:\\\/\\\/poblenouurbandistrict.com\\\/es\\\/wood-wide-web-un-projecte-collectiu-entre-bau-i-protopixel-off-llum-2023\\\/\",\"name\":\"'Wood Wide Web' un projecte col\u00b7lectiu entre BAU i Protop\u00edxel\",\"isPartOf\":{\"@id\":\"https:\\\/\\\/poblenouurbandistrict.com\\\/es\\\/#website\"},\"primaryImageOfPage\":{\"@id\":\"https:\\\/\\\/poblenouurbandistrict.com\\\/es\\\/wood-wide-web-un-projecte-collectiu-entre-bau-i-protopixel-off-llum-2023\\\/#primaryimage\"},\"image\":{\"@id\":\"https:\\\/\\\/poblenouurbandistrict.com\\\/wood-wide-web-un-projecte-collectiu-entre-bau-i-protopixel-off-llum-2023\\\/#primaryimage\"},\"thumbnailUrl\":\"https:\\\/\\\/media.poblenouurbandistrict.com\\\/2023\\\/01\\\/25055647\\\/image-6483441.jpeg\",\"datePublished\":\"2023-01-23T14:02:53+00:00\",\"dateModified\":\"2023-02-01T12:27:25+00:00\",\"author\":{\"@id\":\"https:\\\/\\\/poblenouurbandistrict.com\\\/#\\\/schema\\\/person\\\/980a2cf34b399d5218205730acd54a7e\"},\"description\":\"BAU se suma a l'Off Llum Bcn amb un projecte en col\u00b7laboraci\u00f3 amb ProtoPixel i LEDS C4 anomenat 'Wood Wide Web'.\",\"breadcrumb\":{\"@id\":\"https:\\\/\\\/poblenouurbandistrict.com\\\/es\\\/wood-wide-web-un-projecte-collectiu-entre-bau-i-protopixel-off-llum-2023\\\/#breadcrumb\"},\"inLanguage\":\"es\",\"potentialAction\":[{\"@type\":\"ReadAction\",\"target\":[[\"https:\\\/\\\/poblenouurbandistrict.com\\\/es\\\/wood-wide-web-un-projecte-collectiu-entre-bau-i-protopixel-off-llum-2023\\\/\"]]}]},{\"@type\":\"ImageObject\",\"inLanguage\":\"es\",\"@id\":\"https:\\\/\\\/poblenouurbandistrict.com\\\/es\\\/wood-wide-web-un-projecte-collectiu-entre-bau-i-protopixel-off-llum-2023\\\/#primaryimage\",\"url\":\"https:\\\/\\\/media.poblenouurbandistrict.com\\\/2023\\\/01\\\/25055647\\\/image-6483441.jpeg\",\"contentUrl\":\"https:\\\/\\\/media.poblenouurbandistrict.com\\\/2023\\\/01\\\/25055647\\\/image-6483441.jpeg\",\"width\":1920,\"height\":1080},{\"@type\":\"BreadcrumbList\",\"@id\":\"https:\\\/\\\/poblenouurbandistrict.com\\\/es\\\/wood-wide-web-un-projecte-collectiu-entre-bau-i-protopixel-off-llum-2023\\\/#breadcrumb\",\"itemListElement\":[{\"@type\":\"ListItem\",\"position\":1,\"name\":\"Home\",\"item\":\"https:\\\/\\\/poblenouurbandistrict.com\\\/es\\\/\"},{\"@type\":\"ListItem\",\"position\":2,\"name\":\"&#8216;Wood Wide Web&#8217;, un projecte col\u00b7lectiu entre BAU i Protop\u00edxel\"}]},{\"@type\":\"WebSite\",\"@id\":\"https:\\\/\\\/poblenouurbandistrict.com\\\/es\\\/#website\",\"url\":\"https:\\\/\\\/poblenouurbandistrict.com\\\/es\\\/\",\"name\":\"Poblenou Urban District\",\"description\":\"Comunidad Creativa\",\"potentialAction\":[{\"@type\":\"SearchAction\",\"target\":{\"@type\":\"EntryPoint\",\"urlTemplate\":\"https:\\\/\\\/poblenouurbandistrict.com\\\/es\\\/?s={search_term_string}\"},\"query-input\":{\"@type\":\"PropertyValueSpecification\",\"valueRequired\":true,\"valueName\":\"search_term_string\"}}],\"inLanguage\":\"es\"},{\"@type\":\"Person\",\"@id\":\"https:\\\/\\\/poblenouurbandistrict.com\\\/#\\\/schema\\\/person\\\/980a2cf34b399d5218205730acd54a7e\",\"name\":\"pnud\",\"image\":{\"@type\":\"ImageObject\",\"inLanguage\":\"es\",\"@id\":\"https:\\\/\\\/secure.gravatar.com\\\/avatar\\\/67146597b405ee077a24e519f75c3e2031736596d6ce35af3a34c122c93d0d7b?s=96&d=retro&r=g\",\"url\":\"https:\\\/\\\/secure.gravatar.com\\\/avatar\\\/67146597b405ee077a24e519f75c3e2031736596d6ce35af3a34c122c93d0d7b?s=96&d=retro&r=g\",\"contentUrl\":\"https:\\\/\\\/secure.gravatar.com\\\/avatar\\\/67146597b405ee077a24e519f75c3e2031736596d6ce35af3a34c122c93d0d7b?s=96&d=retro&r=g\",\"caption\":\"pnud\"}}]}<\/script>\n<!-- \/ Yoast SEO plugin. -->","yoast_head_json":{"title":"'Wood Wide Web' un projecte col\u00b7lectiu entre BAU i Protop\u00edxel","description":"BAU se suma a l'Off Llum Bcn amb un projecte en col\u00b7laboraci\u00f3 amb ProtoPixel i LEDS C4 anomenat 'Wood Wide Web'.","robots":{"index":"index","follow":"follow","max-snippet":"max-snippet:-1","max-image-preview":"max-image-preview:large","max-video-preview":"max-video-preview:-1"},"canonical":"https:\/\/poblenouurbandistrict.com\/es\/wood-wide-web-un-projecte-collectiu-entre-bau-i-protopixel-off-llum-2023\/","og_locale":"es_ES","og_type":"article","og_title":"'Wood Wide Web' un projecte col\u00b7lectiu entre BAU i Protop\u00edxel","og_description":"BAU se suma a l'Off Llum Bcn amb un projecte en col\u00b7laboraci\u00f3 amb ProtoPixel i LEDS C4 anomenat 'Wood Wide Web'.","og_url":"https:\/\/poblenouurbandistrict.com\/es\/wood-wide-web-un-projecte-collectiu-entre-bau-i-protopixel-off-llum-2023\/","og_site_name":"Poblenou Urban District","article_published_time":"2023-01-23T14:02:53+00:00","article_modified_time":"2023-02-01T12:27:25+00:00","og_image":[{"width":1920,"height":1080,"url":"https:\/\/poblenouurbandistrict.com\/wp-content\/uploads\/2023\/01\/image-6483441.jpeg","type":"image\/jpeg"}],"author":"pnud","twitter_card":"summary_large_image","twitter_misc":{"Escrito por":"pnud","Tiempo de lectura":"2 minutos"},"schema":{"@context":"https:\/\/schema.org","@graph":[{"@type":"Article","@id":"https:\/\/poblenouurbandistrict.com\/wood-wide-web-un-projecte-collectiu-entre-bau-i-protopixel-off-llum-2023\/#article","isPartOf":{"@id":"https:\/\/poblenouurbandistrict.com\/wood-wide-web-un-projecte-collectiu-entre-bau-i-protopixel-off-llum-2023\/"},"author":{"name":"pnud","@id":"https:\/\/poblenouurbandistrict.com\/#\/schema\/person\/980a2cf34b399d5218205730acd54a7e"},"headline":"&#8217;Wood Wide Web&#8217;, un proyecto colectivo entre BAU y Protop\u00edxel","datePublished":"2023-01-23T14:02:53+00:00","dateModified":"2023-02-01T12:27:25+00:00","mainEntityOfPage":{"@id":"https:\/\/poblenouurbandistrict.com\/wood-wide-web-un-projecte-collectiu-entre-bau-i-protopixel-off-llum-2023\/"},"wordCount":523,"image":{"@id":"https:\/\/poblenouurbandistrict.com\/wood-wide-web-un-projecte-collectiu-entre-bau-i-protopixel-off-llum-2023\/#primaryimage"},"thumbnailUrl":"https:\/\/media.poblenouurbandistrict.com\/2023\/01\/25055647\/image-6483441.jpeg","articleSection":["Off Llum BCN","Poblenou Urban District"],"inLanguage":"es"},{"@type":"WebPage","@id":"https:\/\/poblenouurbandistrict.com\/es\/wood-wide-web-un-projecte-collectiu-entre-bau-i-protopixel-off-llum-2023\/","url":"https:\/\/poblenouurbandistrict.com\/es\/wood-wide-web-un-projecte-collectiu-entre-bau-i-protopixel-off-llum-2023\/","name":"'Wood Wide Web' un projecte col\u00b7lectiu entre BAU i Protop\u00edxel","isPartOf":{"@id":"https:\/\/poblenouurbandistrict.com\/es\/#website"},"primaryImageOfPage":{"@id":"https:\/\/poblenouurbandistrict.com\/es\/wood-wide-web-un-projecte-collectiu-entre-bau-i-protopixel-off-llum-2023\/#primaryimage"},"image":{"@id":"https:\/\/poblenouurbandistrict.com\/wood-wide-web-un-projecte-collectiu-entre-bau-i-protopixel-off-llum-2023\/#primaryimage"},"thumbnailUrl":"https:\/\/media.poblenouurbandistrict.com\/2023\/01\/25055647\/image-6483441.jpeg","datePublished":"2023-01-23T14:02:53+00:00","dateModified":"2023-02-01T12:27:25+00:00","author":{"@id":"https:\/\/poblenouurbandistrict.com\/#\/schema\/person\/980a2cf34b399d5218205730acd54a7e"},"description":"BAU se suma a l'Off Llum Bcn amb un projecte en col\u00b7laboraci\u00f3 amb ProtoPixel i LEDS C4 anomenat 'Wood Wide Web'.","breadcrumb":{"@id":"https:\/\/poblenouurbandistrict.com\/es\/wood-wide-web-un-projecte-collectiu-entre-bau-i-protopixel-off-llum-2023\/#breadcrumb"},"inLanguage":"es","potentialAction":[{"@type":"ReadAction","target":[["https:\/\/poblenouurbandistrict.com\/es\/wood-wide-web-un-projecte-collectiu-entre-bau-i-protopixel-off-llum-2023\/"]]}]},{"@type":"ImageObject","inLanguage":"es","@id":"https:\/\/poblenouurbandistrict.com\/es\/wood-wide-web-un-projecte-collectiu-entre-bau-i-protopixel-off-llum-2023\/#primaryimage","url":"https:\/\/media.poblenouurbandistrict.com\/2023\/01\/25055647\/image-6483441.jpeg","contentUrl":"https:\/\/media.poblenouurbandistrict.com\/2023\/01\/25055647\/image-6483441.jpeg","width":1920,"height":1080},{"@type":"BreadcrumbList","@id":"https:\/\/poblenouurbandistrict.com\/es\/wood-wide-web-un-projecte-collectiu-entre-bau-i-protopixel-off-llum-2023\/#breadcrumb","itemListElement":[{"@type":"ListItem","position":1,"name":"Home","item":"https:\/\/poblenouurbandistrict.com\/es\/"},{"@type":"ListItem","position":2,"name":"&#8216;Wood Wide Web&#8217;, un projecte col\u00b7lectiu entre BAU i Protop\u00edxel"}]},{"@type":"WebSite","@id":"https:\/\/poblenouurbandistrict.com\/es\/#website","url":"https:\/\/poblenouurbandistrict.com\/es\/","name":"Poblenou Urban District","description":"Comunidad Creativa","potentialAction":[{"@type":"SearchAction","target":{"@type":"EntryPoint","urlTemplate":"https:\/\/poblenouurbandistrict.com\/es\/?s={search_term_string}"},"query-input":{"@type":"PropertyValueSpecification","valueRequired":true,"valueName":"search_term_string"}}],"inLanguage":"es"},{"@type":"Person","@id":"https:\/\/poblenouurbandistrict.com\/#\/schema\/person\/980a2cf34b399d5218205730acd54a7e","name":"pnud","image":{"@type":"ImageObject","inLanguage":"es","@id":"https:\/\/secure.gravatar.com\/avatar\/67146597b405ee077a24e519f75c3e2031736596d6ce35af3a34c122c93d0d7b?s=96&d=retro&r=g","url":"https:\/\/secure.gravatar.com\/avatar\/67146597b405ee077a24e519f75c3e2031736596d6ce35af3a34c122c93d0d7b?s=96&d=retro&r=g","contentUrl":"https:\/\/secure.gravatar.com\/avatar\/67146597b405ee077a24e519f75c3e2031736596d6ce35af3a34c122c93d0d7b?s=96&d=retro&r=g","caption":"pnud"}}]}},"_links":{"self":[{"href":"https:\/\/poblenouurbandistrict.com\/es\/wp-json\/wp\/v2\/posts\/36517","targetHints":{"allow":["GET"]}}],"collection":[{"href":"https:\/\/poblenouurbandistrict.com\/es\/wp-json\/wp\/v2\/posts"}],"about":[{"href":"https:\/\/poblenouurbandistrict.com\/es\/wp-json\/wp\/v2\/types\/post"}],"author":[{"embeddable":true,"href":"https:\/\/poblenouurbandistrict.com\/es\/wp-json\/wp\/v2\/users\/5"}],"replies":[{"embeddable":true,"href":"https:\/\/poblenouurbandistrict.com\/es\/wp-json\/wp\/v2\/comments?post=36517"}],"version-history":[{"count":7,"href":"https:\/\/poblenouurbandistrict.com\/es\/wp-json\/wp\/v2\/posts\/36517\/revisions"}],"predecessor-version":[{"id":36640,"href":"https:\/\/poblenouurbandistrict.com\/es\/wp-json\/wp\/v2\/posts\/36517\/revisions\/36640"}],"wp:featuredmedia":[{"embeddable":true,"href":"https:\/\/poblenouurbandistrict.com\/es\/wp-json\/wp\/v2\/media\/36522"}],"wp:attachment":[{"href":"https:\/\/poblenouurbandistrict.com\/es\/wp-json\/wp\/v2\/media?parent=36517"}],"wp:term":[{"taxonomy":"category","embeddable":true,"href":"https:\/\/poblenouurbandistrict.com\/es\/wp-json\/wp\/v2\/categories?post=36517"},{"taxonomy":"post_tag","embeddable":true,"href":"https:\/\/poblenouurbandistrict.com\/es\/wp-json\/wp\/v2\/tags?post=36517"}],"curies":[{"name":"wp","href":"https:\/\/api.w.org\/{rel}","templated":true}]}}