{"id":36855,"date":"2023-03-02T18:46:59","date_gmt":"2023-03-02T17:46:59","guid":{"rendered":"https:\/\/poblenouurbandistrict.com\/?p=36855"},"modified":"2023-03-03T10:16:20","modified_gmt":"2023-03-03T09:16:20","slug":"gaudeix-de-ladaptacio-teatral-de-bovary-de-carme-portaceli-al-tnc","status":"publish","type":"post","link":"https:\/\/poblenouurbandistrict.com\/es\/gaudeix-de-ladaptacio-teatral-de-bovary-de-carme-portaceli-al-tnc\/","title":{"rendered":"Disfruta de la adaptaci\u00f3n teatral de &#8216;Bovary&#8217; de Carme Portaceli en el TNC"},"content":{"rendered":"<p><span style=\"font-weight: 400;\">\u00bfTe apetece descansar y disfrutar de un buen espect\u00e1culo? No te puedes perder <a href=\"https:\/\/www.tnc.cat\/es\/bovary\"><strong>&#8216;Bovary&#8217;<\/strong><\/a>, la adaptaci\u00f3n teatral de la novela &#8216;Madame Bovary&#8217; (1856) de Gustave Flaubert que se estrena en el <a href=\"https:\/\/www.tnc.cat\/es\/home\">TNC<\/a> (Teatre Nacional de Catalunya) <\/span><span style=\"font-weight: 400;\"><strong>los d\u00edas<\/strong> <strong>4 y 5 de marzo<\/strong>. &#8216;Bovary&#8217; es la historia de Emma, una mujer que se debate entre el amor y el deseo, el adulterio y la muerte, la insatisfacci\u00f3n vital y la b\u00fasqueda desesperada de la felicidad.\u00a0<\/span><\/p>\n<p><span style=\"font-weight: 400;\">Solo podr\u00e1s disfrutar de esta producci\u00f3n durante el fin de semana, as\u00ed que no pierdas la oportunidad de vivir en primera persona una intensa historia de vida que no deja indiferente a nadie. El espect\u00e1culo es en neerland\u00e9s, pero no te preocupes porque est\u00e1 subtitulado en catal\u00e1n y en <\/span><span style=\"font-weight: 400;\">ingl\u00e9s. <\/span><\/p>\n<p><span style=\"font-weight: 400;\">Consulta el precio de las entradas en su <a href=\"https:\/\/www.tnc.cat\/es\/bovary\">p\u00e1gina web<\/a>, \u00a1s<\/span><span style=\"font-weight: 400;\">olo dos funciones en Barcelona!<\/span><\/p>","protected":false},"excerpt":{"rendered":"<p>\u00bfTe apetece descansar y disfrutar de un buen espect\u00e1culo? No te puedes perder &#8216;Bovary&#8217;, la adaptaci\u00f3n teatral de la novela&#8230; <a href=\"https:\/\/poblenouurbandistrict.com\/es\/gaudeix-de-ladaptacio-teatral-de-bovary-de-carme-portaceli-al-tnc\/\">M\u00e1s  \u2192<\/a><\/p>\n","protected":false},"author":5,"featured_media":36878,"comment_status":"closed","ping_status":"closed","sticky":false,"template":"","format":"standard","meta":{"_acf_changed":false,"footnotes":""},"categories":[3560,3363,1],"tags":[],"class_list":["post-36855","post","type-post","status-publish","format-standard","has-post-thumbnail","hentry","category-teatre","category-places","category-noticias"],"acf":[],"yoast_head":"<!-- This site is optimized with the Yoast SEO plugin v27.5 - https:\/\/yoast.com\/product\/yoast-seo-wordpress\/ -->\n<title>Disfruta de la adaptaci\u00f3n teatral de &#039;Bovary&#039; de Carme Portaceli en el TNC &#8211; Poblenou Urban District<\/title>\n<meta name=\"robots\" content=\"index, follow, max-snippet:-1, max-image-preview:large, max-video-preview:-1\" \/>\n<link rel=\"canonical\" href=\"https:\/\/poblenouurbandistrict.com\/es\/gaudeix-de-ladaptacio-teatral-de-bovary-de-carme-portaceli-al-tnc\/\" \/>\n<meta property=\"og:locale\" content=\"es_ES\" \/>\n<meta property=\"og:type\" content=\"article\" \/>\n<meta property=\"og:title\" content=\"Disfruta de la adaptaci\u00f3n teatral de &#039;Bovary&#039; de Carme Portaceli en el TNC &#8211; Poblenou Urban District\" \/>\n<meta property=\"og:description\" content=\"\u00bfTe apetece descansar y disfrutar de un buen espect\u00e1culo? No te puedes perder &#8216;Bovary&#8217;, la adaptaci\u00f3n teatral de la novela... M\u00e1s \u2192\" \/>\n<meta property=\"og:url\" content=\"https:\/\/poblenouurbandistrict.com\/es\/gaudeix-de-ladaptacio-teatral-de-bovary-de-carme-portaceli-al-tnc\/\" \/>\n<meta property=\"og:site_name\" content=\"Poblenou Urban District\" \/>\n<meta property=\"article:published_time\" content=\"2023-03-02T17:46:59+00:00\" \/>\n<meta property=\"article:modified_time\" content=\"2023-03-03T09:16:20+00:00\" \/>\n<meta property=\"og:image\" content=\"https:\/\/poblenouurbandistrict.com\/wp-content\/uploads\/2023\/03\/foto-cartell-bovary-dannywillems0-scaled.jpg\" \/>\n\t<meta property=\"og:image:width\" content=\"2560\" \/>\n\t<meta property=\"og:image:height\" content=\"1707\" \/>\n\t<meta property=\"og:image:type\" content=\"image\/jpeg\" \/>\n<meta name=\"author\" content=\"pnud\" \/>\n<meta name=\"twitter:card\" content=\"summary_large_image\" \/>\n<meta name=\"twitter:label1\" content=\"Escrito por\" \/>\n\t<meta name=\"twitter:data1\" content=\"pnud\" \/>\n\t<meta name=\"twitter:label2\" content=\"Tiempo de lectura\" \/>\n\t<meta name=\"twitter:data2\" content=\"1 minuto\" \/>\n<script type=\"application\/ld+json\" class=\"yoast-schema-graph\">{\"@context\":\"https:\\\/\\\/schema.org\",\"@graph\":[{\"@type\":\"Article\",\"@id\":\"https:\\\/\\\/poblenouurbandistrict.com\\\/gaudeix-de-ladaptacio-teatral-de-bovary-de-carme-portaceli-al-tnc\\\/#article\",\"isPartOf\":{\"@id\":\"https:\\\/\\\/poblenouurbandistrict.com\\\/gaudeix-de-ladaptacio-teatral-de-bovary-de-carme-portaceli-al-tnc\\\/\"},\"author\":{\"name\":\"pnud\",\"@id\":\"https:\\\/\\\/poblenouurbandistrict.com\\\/#\\\/schema\\\/person\\\/980a2cf34b399d5218205730acd54a7e\"},\"headline\":\"Disfruta de la adaptaci\u00f3n teatral de &#8216;Bovary&#8217; de Carme Portaceli en el TNC\",\"datePublished\":\"2023-03-02T17:46:59+00:00\",\"dateModified\":\"2023-03-03T09:16:20+00:00\",\"mainEntityOfPage\":{\"@id\":\"https:\\\/\\\/poblenouurbandistrict.com\\\/gaudeix-de-ladaptacio-teatral-de-bovary-de-carme-portaceli-al-tnc\\\/\"},\"wordCount\":327,\"image\":{\"@id\":\"https:\\\/\\\/poblenouurbandistrict.com\\\/gaudeix-de-ladaptacio-teatral-de-bovary-de-carme-portaceli-al-tnc\\\/#primaryimage\"},\"thumbnailUrl\":\"https:\\\/\\\/media.poblenouurbandistrict.com\\\/2023\\\/03\\\/25060251\\\/foto-cartell-bovary-dannywillems0-scaled.jpg\",\"articleSection\":[\"Teatro\",\"Espacios\",\"Est\u00e1 pasando\"],\"inLanguage\":\"es\"},{\"@type\":\"WebPage\",\"@id\":\"https:\\\/\\\/poblenouurbandistrict.com\\\/es\\\/gaudeix-de-ladaptacio-teatral-de-bovary-de-carme-portaceli-al-tnc\\\/\",\"url\":\"https:\\\/\\\/poblenouurbandistrict.com\\\/es\\\/gaudeix-de-ladaptacio-teatral-de-bovary-de-carme-portaceli-al-tnc\\\/\",\"name\":\"Disfruta de la adaptaci\u00f3n teatral de 'Bovary' de Carme Portaceli en el TNC &#8211; Poblenou Urban District\",\"isPartOf\":{\"@id\":\"https:\\\/\\\/poblenouurbandistrict.com\\\/es\\\/#website\"},\"primaryImageOfPage\":{\"@id\":\"https:\\\/\\\/poblenouurbandistrict.com\\\/es\\\/gaudeix-de-ladaptacio-teatral-de-bovary-de-carme-portaceli-al-tnc\\\/#primaryimage\"},\"image\":{\"@id\":\"https:\\\/\\\/poblenouurbandistrict.com\\\/gaudeix-de-ladaptacio-teatral-de-bovary-de-carme-portaceli-al-tnc\\\/#primaryimage\"},\"thumbnailUrl\":\"https:\\\/\\\/media.poblenouurbandistrict.com\\\/2023\\\/03\\\/25060251\\\/foto-cartell-bovary-dannywillems0-scaled.jpg\",\"datePublished\":\"2023-03-02T17:46:59+00:00\",\"dateModified\":\"2023-03-03T09:16:20+00:00\",\"author\":{\"@id\":\"https:\\\/\\\/poblenouurbandistrict.com\\\/#\\\/schema\\\/person\\\/980a2cf34b399d5218205730acd54a7e\"},\"breadcrumb\":{\"@id\":\"https:\\\/\\\/poblenouurbandistrict.com\\\/es\\\/gaudeix-de-ladaptacio-teatral-de-bovary-de-carme-portaceli-al-tnc\\\/#breadcrumb\"},\"inLanguage\":\"es\",\"potentialAction\":[{\"@type\":\"ReadAction\",\"target\":[[\"https:\\\/\\\/poblenouurbandistrict.com\\\/es\\\/gaudeix-de-ladaptacio-teatral-de-bovary-de-carme-portaceli-al-tnc\\\/\"]]}]},{\"@type\":\"ImageObject\",\"inLanguage\":\"es\",\"@id\":\"https:\\\/\\\/poblenouurbandistrict.com\\\/es\\\/gaudeix-de-ladaptacio-teatral-de-bovary-de-carme-portaceli-al-tnc\\\/#primaryimage\",\"url\":\"https:\\\/\\\/media.poblenouurbandistrict.com\\\/2023\\\/03\\\/25060251\\\/foto-cartell-bovary-dannywillems0-scaled.jpg\",\"contentUrl\":\"https:\\\/\\\/media.poblenouurbandistrict.com\\\/2023\\\/03\\\/25060251\\\/foto-cartell-bovary-dannywillems0-scaled.jpg\",\"width\":2560,\"height\":1707},{\"@type\":\"BreadcrumbList\",\"@id\":\"https:\\\/\\\/poblenouurbandistrict.com\\\/es\\\/gaudeix-de-ladaptacio-teatral-de-bovary-de-carme-portaceli-al-tnc\\\/#breadcrumb\",\"itemListElement\":[{\"@type\":\"ListItem\",\"position\":1,\"name\":\"Home\",\"item\":\"https:\\\/\\\/poblenouurbandistrict.com\\\/es\\\/\"},{\"@type\":\"ListItem\",\"position\":2,\"name\":\"Gaudeix de l&#8217;adaptaci\u00f3 teatral de &#8216;Bovary&#8217; de Carme Portaceli al TNC\"}]},{\"@type\":\"WebSite\",\"@id\":\"https:\\\/\\\/poblenouurbandistrict.com\\\/es\\\/#website\",\"url\":\"https:\\\/\\\/poblenouurbandistrict.com\\\/es\\\/\",\"name\":\"Poblenou Urban District\",\"description\":\"Comunidad Creativa\",\"potentialAction\":[{\"@type\":\"SearchAction\",\"target\":{\"@type\":\"EntryPoint\",\"urlTemplate\":\"https:\\\/\\\/poblenouurbandistrict.com\\\/es\\\/?s={search_term_string}\"},\"query-input\":{\"@type\":\"PropertyValueSpecification\",\"valueRequired\":true,\"valueName\":\"search_term_string\"}}],\"inLanguage\":\"es\"},{\"@type\":\"Person\",\"@id\":\"https:\\\/\\\/poblenouurbandistrict.com\\\/#\\\/schema\\\/person\\\/980a2cf34b399d5218205730acd54a7e\",\"name\":\"pnud\",\"image\":{\"@type\":\"ImageObject\",\"inLanguage\":\"es\",\"@id\":\"https:\\\/\\\/secure.gravatar.com\\\/avatar\\\/67146597b405ee077a24e519f75c3e2031736596d6ce35af3a34c122c93d0d7b?s=96&d=retro&r=g\",\"url\":\"https:\\\/\\\/secure.gravatar.com\\\/avatar\\\/67146597b405ee077a24e519f75c3e2031736596d6ce35af3a34c122c93d0d7b?s=96&d=retro&r=g\",\"contentUrl\":\"https:\\\/\\\/secure.gravatar.com\\\/avatar\\\/67146597b405ee077a24e519f75c3e2031736596d6ce35af3a34c122c93d0d7b?s=96&d=retro&r=g\",\"caption\":\"pnud\"}}]}<\/script>\n<!-- \/ Yoast SEO plugin. -->","yoast_head_json":{"title":"Disfruta de la adaptaci\u00f3n teatral de 'Bovary' de Carme Portaceli en el TNC &#8211; Poblenou Urban District","robots":{"index":"index","follow":"follow","max-snippet":"max-snippet:-1","max-image-preview":"max-image-preview:large","max-video-preview":"max-video-preview:-1"},"canonical":"https:\/\/poblenouurbandistrict.com\/es\/gaudeix-de-ladaptacio-teatral-de-bovary-de-carme-portaceli-al-tnc\/","og_locale":"es_ES","og_type":"article","og_title":"Disfruta de la adaptaci\u00f3n teatral de 'Bovary' de Carme Portaceli en el TNC &#8211; Poblenou Urban District","og_description":"\u00bfTe apetece descansar y disfrutar de un buen espect\u00e1culo? No te puedes perder &#8216;Bovary&#8217;, la adaptaci\u00f3n teatral de la novela... M\u00e1s \u2192","og_url":"https:\/\/poblenouurbandistrict.com\/es\/gaudeix-de-ladaptacio-teatral-de-bovary-de-carme-portaceli-al-tnc\/","og_site_name":"Poblenou Urban District","article_published_time":"2023-03-02T17:46:59+00:00","article_modified_time":"2023-03-03T09:16:20+00:00","og_image":[{"width":2560,"height":1707,"url":"https:\/\/poblenouurbandistrict.com\/wp-content\/uploads\/2023\/03\/foto-cartell-bovary-dannywillems0-scaled.jpg","type":"image\/jpeg"}],"author":"pnud","twitter_card":"summary_large_image","twitter_misc":{"Escrito por":"pnud","Tiempo de lectura":"1 minuto"},"schema":{"@context":"https:\/\/schema.org","@graph":[{"@type":"Article","@id":"https:\/\/poblenouurbandistrict.com\/gaudeix-de-ladaptacio-teatral-de-bovary-de-carme-portaceli-al-tnc\/#article","isPartOf":{"@id":"https:\/\/poblenouurbandistrict.com\/gaudeix-de-ladaptacio-teatral-de-bovary-de-carme-portaceli-al-tnc\/"},"author":{"name":"pnud","@id":"https:\/\/poblenouurbandistrict.com\/#\/schema\/person\/980a2cf34b399d5218205730acd54a7e"},"headline":"Disfruta de la adaptaci\u00f3n teatral de &#8216;Bovary&#8217; de Carme Portaceli en el TNC","datePublished":"2023-03-02T17:46:59+00:00","dateModified":"2023-03-03T09:16:20+00:00","mainEntityOfPage":{"@id":"https:\/\/poblenouurbandistrict.com\/gaudeix-de-ladaptacio-teatral-de-bovary-de-carme-portaceli-al-tnc\/"},"wordCount":327,"image":{"@id":"https:\/\/poblenouurbandistrict.com\/gaudeix-de-ladaptacio-teatral-de-bovary-de-carme-portaceli-al-tnc\/#primaryimage"},"thumbnailUrl":"https:\/\/media.poblenouurbandistrict.com\/2023\/03\/25060251\/foto-cartell-bovary-dannywillems0-scaled.jpg","articleSection":["Teatro","Espacios","Est\u00e1 pasando"],"inLanguage":"es"},{"@type":"WebPage","@id":"https:\/\/poblenouurbandistrict.com\/es\/gaudeix-de-ladaptacio-teatral-de-bovary-de-carme-portaceli-al-tnc\/","url":"https:\/\/poblenouurbandistrict.com\/es\/gaudeix-de-ladaptacio-teatral-de-bovary-de-carme-portaceli-al-tnc\/","name":"Disfruta de la adaptaci\u00f3n teatral de 'Bovary' de Carme Portaceli en el TNC &#8211; Poblenou Urban District","isPartOf":{"@id":"https:\/\/poblenouurbandistrict.com\/es\/#website"},"primaryImageOfPage":{"@id":"https:\/\/poblenouurbandistrict.com\/es\/gaudeix-de-ladaptacio-teatral-de-bovary-de-carme-portaceli-al-tnc\/#primaryimage"},"image":{"@id":"https:\/\/poblenouurbandistrict.com\/gaudeix-de-ladaptacio-teatral-de-bovary-de-carme-portaceli-al-tnc\/#primaryimage"},"thumbnailUrl":"https:\/\/media.poblenouurbandistrict.com\/2023\/03\/25060251\/foto-cartell-bovary-dannywillems0-scaled.jpg","datePublished":"2023-03-02T17:46:59+00:00","dateModified":"2023-03-03T09:16:20+00:00","author":{"@id":"https:\/\/poblenouurbandistrict.com\/#\/schema\/person\/980a2cf34b399d5218205730acd54a7e"},"breadcrumb":{"@id":"https:\/\/poblenouurbandistrict.com\/es\/gaudeix-de-ladaptacio-teatral-de-bovary-de-carme-portaceli-al-tnc\/#breadcrumb"},"inLanguage":"es","potentialAction":[{"@type":"ReadAction","target":[["https:\/\/poblenouurbandistrict.com\/es\/gaudeix-de-ladaptacio-teatral-de-bovary-de-carme-portaceli-al-tnc\/"]]}]},{"@type":"ImageObject","inLanguage":"es","@id":"https:\/\/poblenouurbandistrict.com\/es\/gaudeix-de-ladaptacio-teatral-de-bovary-de-carme-portaceli-al-tnc\/#primaryimage","url":"https:\/\/media.poblenouurbandistrict.com\/2023\/03\/25060251\/foto-cartell-bovary-dannywillems0-scaled.jpg","contentUrl":"https:\/\/media.poblenouurbandistrict.com\/2023\/03\/25060251\/foto-cartell-bovary-dannywillems0-scaled.jpg","width":2560,"height":1707},{"@type":"BreadcrumbList","@id":"https:\/\/poblenouurbandistrict.com\/es\/gaudeix-de-ladaptacio-teatral-de-bovary-de-carme-portaceli-al-tnc\/#breadcrumb","itemListElement":[{"@type":"ListItem","position":1,"name":"Home","item":"https:\/\/poblenouurbandistrict.com\/es\/"},{"@type":"ListItem","position":2,"name":"Gaudeix de l&#8217;adaptaci\u00f3 teatral de &#8216;Bovary&#8217; de Carme Portaceli al TNC"}]},{"@type":"WebSite","@id":"https:\/\/poblenouurbandistrict.com\/es\/#website","url":"https:\/\/poblenouurbandistrict.com\/es\/","name":"Poblenou Urban District","description":"Comunidad Creativa","potentialAction":[{"@type":"SearchAction","target":{"@type":"EntryPoint","urlTemplate":"https:\/\/poblenouurbandistrict.com\/es\/?s={search_term_string}"},"query-input":{"@type":"PropertyValueSpecification","valueRequired":true,"valueName":"search_term_string"}}],"inLanguage":"es"},{"@type":"Person","@id":"https:\/\/poblenouurbandistrict.com\/#\/schema\/person\/980a2cf34b399d5218205730acd54a7e","name":"pnud","image":{"@type":"ImageObject","inLanguage":"es","@id":"https:\/\/secure.gravatar.com\/avatar\/67146597b405ee077a24e519f75c3e2031736596d6ce35af3a34c122c93d0d7b?s=96&d=retro&r=g","url":"https:\/\/secure.gravatar.com\/avatar\/67146597b405ee077a24e519f75c3e2031736596d6ce35af3a34c122c93d0d7b?s=96&d=retro&r=g","contentUrl":"https:\/\/secure.gravatar.com\/avatar\/67146597b405ee077a24e519f75c3e2031736596d6ce35af3a34c122c93d0d7b?s=96&d=retro&r=g","caption":"pnud"}}]}},"_links":{"self":[{"href":"https:\/\/poblenouurbandistrict.com\/es\/wp-json\/wp\/v2\/posts\/36855","targetHints":{"allow":["GET"]}}],"collection":[{"href":"https:\/\/poblenouurbandistrict.com\/es\/wp-json\/wp\/v2\/posts"}],"about":[{"href":"https:\/\/poblenouurbandistrict.com\/es\/wp-json\/wp\/v2\/types\/post"}],"author":[{"embeddable":true,"href":"https:\/\/poblenouurbandistrict.com\/es\/wp-json\/wp\/v2\/users\/5"}],"replies":[{"embeddable":true,"href":"https:\/\/poblenouurbandistrict.com\/es\/wp-json\/wp\/v2\/comments?post=36855"}],"version-history":[{"count":17,"href":"https:\/\/poblenouurbandistrict.com\/es\/wp-json\/wp\/v2\/posts\/36855\/revisions"}],"predecessor-version":[{"id":36956,"href":"https:\/\/poblenouurbandistrict.com\/es\/wp-json\/wp\/v2\/posts\/36855\/revisions\/36956"}],"wp:featuredmedia":[{"embeddable":true,"href":"https:\/\/poblenouurbandistrict.com\/es\/wp-json\/wp\/v2\/media\/36878"}],"wp:attachment":[{"href":"https:\/\/poblenouurbandistrict.com\/es\/wp-json\/wp\/v2\/media?parent=36855"}],"wp:term":[{"taxonomy":"category","embeddable":true,"href":"https:\/\/poblenouurbandistrict.com\/es\/wp-json\/wp\/v2\/categories?post=36855"},{"taxonomy":"post_tag","embeddable":true,"href":"https:\/\/poblenouurbandistrict.com\/es\/wp-json\/wp\/v2\/tags?post=36855"}],"curies":[{"name":"wp","href":"https:\/\/api.w.org\/{rel}","templated":true}]}}