{"id":36968,"date":"2023-03-09T18:28:31","date_gmt":"2023-03-09T17:28:31","guid":{"rendered":"https:\/\/poblenouurbandistrict.com\/?p=36968"},"modified":"2023-03-16T19:10:12","modified_gmt":"2023-03-16T18:10:12","slug":"poblenou-ar-de-de-nou-el-24-25-i-26-de-marc-amb-un-recorregut-unic-dart-i-de-disseny","status":"publish","type":"post","link":"https:\/\/poblenouurbandistrict.com\/es\/poblenou-ar-de-de-nou-el-24-25-i-26-de-marc-amb-un-recorregut-unic-dart-i-de-disseny\/","title":{"rendered":"Poblenou AR-DE, de nuevo, el 24, 25 y 26 de marzo con un recorrido \u00fanico de arte y dise\u00f1o"},"content":{"rendered":"<p><span style=\"font-weight: 400;\">\u00bfQuieres disfrutar de un fin de semana diferente y original? \u00bfTe interesa el arte, el dise\u00f1o y el coleccionismo? <strong>El <\/strong><\/span><strong>24, 25 y 26 de marzo vuelve la 4\u00aa edici\u00f3n de AR-DE<\/strong><span style=\"font-weight: 400;\">, el circuito de galer\u00edas, show-rooms y museos del Poblenou que no te dejar\u00e1 indiferente.\u00a0<\/span><\/p>\n<p><span style=\"font-weight: 400;\">Desde Poblenou Urban District te invitamos a recorrer <\/span><b>12 espacios<\/b><span style=\"font-weight: 400;\"> donde podr\u00e1s encontrar innovadoras propuestas de arte y dise\u00f1o. El objetivo de este circuito de recorrido \u00fanico es dar visibilidad a toda la programaci\u00f3n de los espacios que forman parte del Distrito Creativo de Barcelona.<\/span><\/p>\n<p><span style=\"font-weight: 400;\">De momento, presentamos los espacios que participar\u00e1n:<\/span><\/p>\n<p><span data-sheets-value=\"{&quot;1&quot;:2,&quot;2&quot;:&quot;La empresa de dise\u00f1o con m\u00e1s reconocimiento mundial.&quot;}\" data-sheets-userformat=\"{&quot;2&quot;:4520,&quot;6&quot;:{&quot;1&quot;:[{&quot;1&quot;:2,&quot;2&quot;:0,&quot;5&quot;:{&quot;1&quot;:2,&quot;2&quot;:16711680}},{&quot;1&quot;:0,&quot;2&quot;:0,&quot;3&quot;:3},{&quot;1&quot;:1,&quot;2&quot;:0,&quot;4&quot;:1}]},&quot;8&quot;:{&quot;1&quot;:[{&quot;1&quot;:2,&quot;2&quot;:0,&quot;5&quot;:{&quot;1&quot;:2,&quot;2&quot;:16711680}},{&quot;1&quot;:0,&quot;2&quot;:0,&quot;3&quot;:3},{&quot;1&quot;:1,&quot;2&quot;:0,&quot;4&quot;:1}]},&quot;10&quot;:0,&quot;11&quot;:4,&quot;15&quot;:&quot;Arial&quot;}\"><a href=\"https:\/\/bdbarcelona.com\/es\"><strong>Bd Barcelona Design<\/strong><\/a>: En 1972, <span style=\"font-weight: 400;\">un grupo de j\u00f3venes arquitectos y dise\u00f1adores form\u00f3 Bd. <\/span><\/span><span style=\"font-weight: 400;\">El prop\u00f3sito de la creaci\u00f3n de este espacio fue producir y mercantilizar mobiliario y objetos alejados de estereotipos y limitaciones, as\u00ed apoyando la libertad creativa.<\/span><\/p>\n<p><span data-sheets-value=\"{&quot;1&quot;:2,&quot;2&quot;:&quot;El Disseny Hub se erige como espacio de referencia para la puesta en valor y la proyecci\u00f3n de las industrias creativas, la divulgaci\u00f3n del patrimonio y la cultura de la ciudad a escala global. Con este horizonte, el Disseny Hub despliega pol\u00edtica de promoci\u00f3n en los \u00e1mbitos del dise\u00f1o, la moda, los audiovisuales, la artesan\u00eda o la arquitectura, entre otros, acogiendo y apoyando el talento creativo de la ciudad y trabajando con los centros de formaci\u00f3n, creadores y entornos empresariales a escala local e internacional.\\n&quot;}\" data-sheets-userformat=\"{&quot;2&quot;:4522,&quot;4&quot;:{&quot;1&quot;:2,&quot;2&quot;:12040119},&quot;6&quot;:{&quot;1&quot;:[{&quot;1&quot;:2,&quot;2&quot;:0,&quot;5&quot;:{&quot;1&quot;:2,&quot;2&quot;:16711680}},{&quot;1&quot;:0,&quot;2&quot;:0,&quot;3&quot;:3},{&quot;1&quot;:1,&quot;2&quot;:0,&quot;4&quot;:1}]},&quot;8&quot;:{&quot;1&quot;:[{&quot;1&quot;:2,&quot;2&quot;:0,&quot;5&quot;:{&quot;1&quot;:2,&quot;2&quot;:16711680}},{&quot;1&quot;:0,&quot;2&quot;:0,&quot;3&quot;:3},{&quot;1&quot;:1,&quot;2&quot;:0,&quot;4&quot;:1}]},&quot;10&quot;:0,&quot;11&quot;:4,&quot;15&quot;:&quot;Arial&quot;}\"><b><a href=\"https:\/\/ajuntament.barcelona.cat\/dissenyhub\/es\">Disseny Hub<\/a>: \u00a0<span style=\"font-weight: 400;\">El Disseny Hub se erige como espacio de referencia para la puesta en valor y la proyecci\u00f3n de las industrias creativas, la divulgaci\u00f3n del patrimonio y la cultura de la ciudad a escala global.<\/span><\/b><\/span><\/p>\n<p><strong><a href=\"https:\/\/es.paloalto.barcelona\/\">Fundaci\u00f3n Palo Alto<\/a><\/strong>: La nau Escoleta abri\u00f3 a finales de 2021 para acoger proyectos culturales y creativos vinculados a la creaci\u00f3n de artistas emergentes, estudiantes de ciclos formativos y universitarios y colectivos art\u00edsticos de proximidad.<\/p>\n<p><strong><a href=\"https:\/\/chezxefo.com\/\">Galer\u00eda Chez Xefo<\/a>:<\/strong> <span style=\"font-weight: 400;\">Galer\u00eda singular con un espacio dedicado a los artistas, pero tambi\u00e9n a actividades de otros \u00e1mbitos culturales como la gastronom\u00eda, el cine o la m\u00fasica.<\/span><\/p>\n<p><a href=\"https:\/\/ketgaleria.com\/\"><strong>Ket Galer\u00eda<\/strong><\/a>: <span style=\"font-weight: 400;\">La galer\u00eda de arte m\u00e1s peque\u00f1a de Catalu\u00f1a, ubicada en un bonito pasaje donde se puede disfrutar de interesantes experiencias art\u00edsticas y sensoriales, centr\u00e1ndose en <\/span><span style=\"font-weight: 400;\">promocionar, exhibir y comercializar arte.<\/span><\/p>\n<p><a href=\"http:\/\/laplataformabcn.com\/laplataformabcn.html\"><strong>La Plataforma<\/strong><\/a>: <span style=\"font-weight: 400;\">Galer\u00eda de arte contempor\u00e1neo que tiene como objetivo promover el arte a trav\u00e9s de la programaci\u00f3n de exposiciones y la producci\u00f3n de proyectos culturales vinculados con el territorio y el arte.<\/span><\/p>\n<p><a href=\"https:\/\/moryarty.com\/\"><strong>Moryarty<\/strong><\/a>: <span style=\"font-weight: 400;\">Tienda de p\u00f3sters vintage y marcos con una selecci\u00f3n especial con las \u00faltimas novedades de su cat\u00e1logo. En la galer\u00eda tambi\u00e9n ofrecen fotograf\u00edas, arte cl\u00e1sico, planos antiguos, pintura oriental, publicidad vintage\u2026<\/span><span data-sheets-value=\"{&quot;1&quot;:2,&quot;2&quot;:&quot;Tienda de p\u00f3sters vintage y marcos con una selecci\u00f3n especial con las \u00faltimas novedades de nuestro cat\u00e1logo\\n&quot;}\" data-sheets-userformat=\"{&quot;2&quot;:5033,&quot;3&quot;:{&quot;1&quot;:0},&quot;6&quot;:{&quot;1&quot;:[{&quot;1&quot;:2,&quot;2&quot;:0,&quot;5&quot;:{&quot;1&quot;:2,&quot;2&quot;:16711680}},{&quot;1&quot;:0,&quot;2&quot;:0,&quot;3&quot;:3},{&quot;1&quot;:1,&quot;2&quot;:0,&quot;4&quot;:1}]},&quot;8&quot;:{&quot;1&quot;:[{&quot;1&quot;:2,&quot;2&quot;:0,&quot;5&quot;:{&quot;1&quot;:2,&quot;2&quot;:16711680}},{&quot;1&quot;:0,&quot;2&quot;:0,&quot;3&quot;:3},{&quot;1&quot;:1,&quot;2&quot;:0,&quot;4&quot;:1}]},&quot;10&quot;:0,&quot;11&quot;:4,&quot;12&quot;:0,&quot;15&quot;:&quot;Arial&quot;}\"><br \/>\n<\/span><\/p>\n<p><a href=\"https:\/\/www.fundaciovilacasas.com\/es\/museo\/museo-can-framis-barcelona\"><strong>Museu Can Framis<\/strong><\/a>: <span style=\"font-weight: 400;\">El museo de pintura contempor\u00e1nea catalana forma parte de la Fundaci\u00f3 Vila Casas y acoge, adem\u00e1s de sus exposiciones permanentes que incluyen alrededor de 300 obras, exposiciones peri\u00f3dicas temporales de diversos artistas nacidos o residentes en Catalunya.<\/span><\/p>\n<p><a href=\"http:\/\/www.noakroom.com\/\"><strong>Noak Room<\/strong><\/a>: <span style=\"font-weight: 400;\">Showroom especializado en mobiliario y objetos de decoraci\u00f3n vintage de dise\u00f1o y origen exclusivamente escandinavos, principalmente de los a\u00f1os 1940-1970. <\/span><span style=\"font-weight: 400;\">En el showroom de Noak Room conviven piezas de dise\u00f1adores tan reconocidos como Ilmari Tapiovaara, Hans Wegner, Bruno Mathsson o Arne Jacobsen.<\/span><\/p>\n<p><a href=\"https:\/\/www.piramidon.com\/es\/\"><strong>Piramid\u00f3n<\/strong><\/a>: <span style=\"font-weight: 400;\">Espacio h\u00edbrido entre f\u00e1brica de creaci\u00f3n y galer\u00eda de arte, Piramid\u00f3n fusiona el \u00e1mbito de producci\u00f3n art\u00edstica con el \u00e1mbito de difusi\u00f3n, exhibici\u00f3n y venta de obras de arte. Adem\u00e1s de poder ver la exposici\u00f3n actual, tambi\u00e9n existe la oportunidad de conocer a los artistas en su espacio creativo, para as\u00ed conocer su discurso en primera persona.<\/span><\/p>\n<p><a href=\"https:\/\/thefolioclub.com\/\"><strong>The Folio Club<\/strong><\/a>: <span style=\"font-weight: 400;\">Imprenta que cuenta con un espacio expositivo di\u00e1fano y vers\u00e1til donde se difunden proyectos gr\u00e1ficos y editoriales. Est\u00e1 formado por un equipo experimentado y competente con la aptitud de adaptarse a las necesidad de manera eficiente y cercana. Ofrecen servicios de impresi\u00f3n digital, offset, manipulaci\u00f3n de im\u00e1genes,\u00a0 entre muchas otras.<\/span><\/p>\n<p><a href=\"https:\/\/unusualconcept.store\/es\/\"><strong>Unusual<\/strong><\/a>: <span style=\"font-weight: 400;\">Concept Store con productos \u00fanicos para el p\u00fablico m\u00e1s <\/span><i><span style=\"font-weight: 400;\">unusual<\/span><\/i><span style=\"font-weight: 400;\">. Entre ellos: muebles, ilustraciones, revistas y objetos cotidianos. <\/span><span style=\"font-weight: 400;\">Es una de las primeras tiendas conceptuales del barrio de Poblenou.<\/span><\/p>\n<p><span style=\"font-weight: 400;\">En unos d\u00edas haremos p\u00fablica la programaci\u00f3n completa.<\/span><\/p>\n<h2><strong>Poblenou AR-DEr\u00e1 de cultura. \u00a1Nos vemos muy pronto!<\/strong><\/h2>\n<p><\/p>","protected":false},"excerpt":{"rendered":"<p>\u00bfQuieres disfrutar de un fin de semana diferente y original? \u00bfTe interesa el arte, el dise\u00f1o y el coleccionismo? El&#8230; <a href=\"https:\/\/poblenouurbandistrict.com\/es\/poblenou-ar-de-de-nou-el-24-25-i-26-de-marc-amb-un-recorregut-unic-dart-i-de-disseny\/\">M\u00e1s  \u2192<\/a><\/p>\n","protected":false},"author":5,"featured_media":34214,"comment_status":"closed","ping_status":"closed","sticky":false,"template":"","format":"standard","meta":{"_acf_changed":false,"footnotes":""},"categories":[3538],"tags":[],"class_list":["post-36968","post","type-post","status-publish","format-standard","has-post-thumbnail","hentry","category-ar-de"],"acf":[],"yoast_head":"<!-- This site is optimized with the Yoast SEO plugin v27.5 - https:\/\/yoast.com\/product\/yoast-seo-wordpress\/ -->\n<title>Poblenou AR-DE, de nuevo, el 24, 25 y 26 de marzo con un recorrido \u00fanico de arte y dise\u00f1o &#8211; Poblenou Urban District<\/title>\n<meta name=\"robots\" content=\"index, follow, max-snippet:-1, max-image-preview:large, max-video-preview:-1\" \/>\n<link rel=\"canonical\" href=\"https:\/\/poblenouurbandistrict.com\/es\/poblenou-ar-de-de-nou-el-24-25-i-26-de-marc-amb-un-recorregut-unic-dart-i-de-disseny\/\" \/>\n<meta property=\"og:locale\" content=\"es_ES\" \/>\n<meta property=\"og:type\" content=\"article\" \/>\n<meta property=\"og:title\" content=\"Poblenou AR-DE, de nuevo, el 24, 25 y 26 de marzo con un recorrido \u00fanico de arte y dise\u00f1o &#8211; Poblenou Urban District\" \/>\n<meta property=\"og:description\" content=\"\u00bfQuieres disfrutar de un fin de semana diferente y original? \u00bfTe interesa el arte, el dise\u00f1o y el coleccionismo? El... M\u00e1s \u2192\" \/>\n<meta property=\"og:url\" content=\"https:\/\/poblenouurbandistrict.com\/es\/poblenou-ar-de-de-nou-el-24-25-i-26-de-marc-amb-un-recorregut-unic-dart-i-de-disseny\/\" \/>\n<meta property=\"og:site_name\" content=\"Poblenou Urban District\" \/>\n<meta property=\"article:published_time\" content=\"2023-03-09T17:28:31+00:00\" \/>\n<meta property=\"article:modified_time\" content=\"2023-03-16T18:10:12+00:00\" \/>\n<meta property=\"og:image\" content=\"https:\/\/poblenouurbandistrict.com\/wp-content\/uploads\/2022\/10\/ar-de-1500x1000-gif-640x427.gif\" \/>\n\t<meta property=\"og:image:width\" content=\"640\" \/>\n\t<meta property=\"og:image:height\" content=\"427\" \/>\n\t<meta property=\"og:image:type\" content=\"image\/gif\" \/>\n<meta name=\"author\" content=\"pnud\" \/>\n<meta name=\"twitter:card\" content=\"summary_large_image\" \/>\n<meta name=\"twitter:label1\" content=\"Escrito por\" \/>\n\t<meta name=\"twitter:data1\" content=\"pnud\" \/>\n\t<meta name=\"twitter:label2\" content=\"Tiempo de lectura\" \/>\n\t<meta name=\"twitter:data2\" content=\"3 minutos\" \/>\n<script type=\"application\/ld+json\" class=\"yoast-schema-graph\">{\"@context\":\"https:\\\/\\\/schema.org\",\"@graph\":[{\"@type\":\"Article\",\"@id\":\"https:\\\/\\\/poblenouurbandistrict.com\\\/poblenou-ar-de-de-nou-el-24-25-i-26-de-marc-amb-un-recorregut-unic-dart-i-de-disseny\\\/#article\",\"isPartOf\":{\"@id\":\"https:\\\/\\\/poblenouurbandistrict.com\\\/poblenou-ar-de-de-nou-el-24-25-i-26-de-marc-amb-un-recorregut-unic-dart-i-de-disseny\\\/\"},\"author\":{\"name\":\"pnud\",\"@id\":\"https:\\\/\\\/poblenouurbandistrict.com\\\/#\\\/schema\\\/person\\\/980a2cf34b399d5218205730acd54a7e\"},\"headline\":\"Poblenou AR-DE, de nuevo, el 24, 25 y 26 de marzo con un recorrido \u00fanico de arte y dise\u00f1o\",\"datePublished\":\"2023-03-09T17:28:31+00:00\",\"dateModified\":\"2023-03-16T18:10:12+00:00\",\"mainEntityOfPage\":{\"@id\":\"https:\\\/\\\/poblenouurbandistrict.com\\\/poblenou-ar-de-de-nou-el-24-25-i-26-de-marc-amb-un-recorregut-unic-dart-i-de-disseny\\\/\"},\"wordCount\":1269,\"image\":{\"@id\":\"https:\\\/\\\/poblenouurbandistrict.com\\\/poblenou-ar-de-de-nou-el-24-25-i-26-de-marc-amb-un-recorregut-unic-dart-i-de-disseny\\\/#primaryimage\"},\"thumbnailUrl\":\"https:\\\/\\\/media.poblenouurbandistrict.com\\\/2022\\\/10\\\/25054549\\\/ar-de-1500x1000-gif.gif\",\"articleSection\":[\"AR-DE\"],\"inLanguage\":\"es\"},{\"@type\":\"WebPage\",\"@id\":\"https:\\\/\\\/poblenouurbandistrict.com\\\/es\\\/poblenou-ar-de-de-nou-el-24-25-i-26-de-marc-amb-un-recorregut-unic-dart-i-de-disseny\\\/\",\"url\":\"https:\\\/\\\/poblenouurbandistrict.com\\\/es\\\/poblenou-ar-de-de-nou-el-24-25-i-26-de-marc-amb-un-recorregut-unic-dart-i-de-disseny\\\/\",\"name\":\"Poblenou AR-DE, de nuevo, el 24, 25 y 26 de marzo con un recorrido \u00fanico de arte y dise\u00f1o &#8211; Poblenou Urban District\",\"isPartOf\":{\"@id\":\"https:\\\/\\\/poblenouurbandistrict.com\\\/es\\\/#website\"},\"primaryImageOfPage\":{\"@id\":\"https:\\\/\\\/poblenouurbandistrict.com\\\/es\\\/poblenou-ar-de-de-nou-el-24-25-i-26-de-marc-amb-un-recorregut-unic-dart-i-de-disseny\\\/#primaryimage\"},\"image\":{\"@id\":\"https:\\\/\\\/poblenouurbandistrict.com\\\/poblenou-ar-de-de-nou-el-24-25-i-26-de-marc-amb-un-recorregut-unic-dart-i-de-disseny\\\/#primaryimage\"},\"thumbnailUrl\":\"https:\\\/\\\/media.poblenouurbandistrict.com\\\/2022\\\/10\\\/25054549\\\/ar-de-1500x1000-gif.gif\",\"datePublished\":\"2023-03-09T17:28:31+00:00\",\"dateModified\":\"2023-03-16T18:10:12+00:00\",\"author\":{\"@id\":\"https:\\\/\\\/poblenouurbandistrict.com\\\/#\\\/schema\\\/person\\\/980a2cf34b399d5218205730acd54a7e\"},\"breadcrumb\":{\"@id\":\"https:\\\/\\\/poblenouurbandistrict.com\\\/es\\\/poblenou-ar-de-de-nou-el-24-25-i-26-de-marc-amb-un-recorregut-unic-dart-i-de-disseny\\\/#breadcrumb\"},\"inLanguage\":\"es\",\"potentialAction\":[{\"@type\":\"ReadAction\",\"target\":[[\"https:\\\/\\\/poblenouurbandistrict.com\\\/es\\\/poblenou-ar-de-de-nou-el-24-25-i-26-de-marc-amb-un-recorregut-unic-dart-i-de-disseny\\\/\"]]}]},{\"@type\":\"ImageObject\",\"inLanguage\":\"es\",\"@id\":\"https:\\\/\\\/poblenouurbandistrict.com\\\/es\\\/poblenou-ar-de-de-nou-el-24-25-i-26-de-marc-amb-un-recorregut-unic-dart-i-de-disseny\\\/#primaryimage\",\"url\":\"https:\\\/\\\/media.poblenouurbandistrict.com\\\/2022\\\/10\\\/25054549\\\/ar-de-1500x1000-gif.gif\",\"contentUrl\":\"https:\\\/\\\/media.poblenouurbandistrict.com\\\/2022\\\/10\\\/25054549\\\/ar-de-1500x1000-gif.gif\",\"width\":1500,\"height\":1000},{\"@type\":\"BreadcrumbList\",\"@id\":\"https:\\\/\\\/poblenouurbandistrict.com\\\/es\\\/poblenou-ar-de-de-nou-el-24-25-i-26-de-marc-amb-un-recorregut-unic-dart-i-de-disseny\\\/#breadcrumb\",\"itemListElement\":[{\"@type\":\"ListItem\",\"position\":1,\"name\":\"Home\",\"item\":\"https:\\\/\\\/poblenouurbandistrict.com\\\/es\\\/\"},{\"@type\":\"ListItem\",\"position\":2,\"name\":\"Torna el circuit AR-DE el 24, 25 i 26 de mar\u00e7 amb un recorregut \u00fanic d&#8217;art i de disseny\"}]},{\"@type\":\"WebSite\",\"@id\":\"https:\\\/\\\/poblenouurbandistrict.com\\\/es\\\/#website\",\"url\":\"https:\\\/\\\/poblenouurbandistrict.com\\\/es\\\/\",\"name\":\"Poblenou Urban District\",\"description\":\"Comunidad Creativa\",\"potentialAction\":[{\"@type\":\"SearchAction\",\"target\":{\"@type\":\"EntryPoint\",\"urlTemplate\":\"https:\\\/\\\/poblenouurbandistrict.com\\\/es\\\/?s={search_term_string}\"},\"query-input\":{\"@type\":\"PropertyValueSpecification\",\"valueRequired\":true,\"valueName\":\"search_term_string\"}}],\"inLanguage\":\"es\"},{\"@type\":\"Person\",\"@id\":\"https:\\\/\\\/poblenouurbandistrict.com\\\/#\\\/schema\\\/person\\\/980a2cf34b399d5218205730acd54a7e\",\"name\":\"pnud\",\"image\":{\"@type\":\"ImageObject\",\"inLanguage\":\"es\",\"@id\":\"https:\\\/\\\/secure.gravatar.com\\\/avatar\\\/67146597b405ee077a24e519f75c3e2031736596d6ce35af3a34c122c93d0d7b?s=96&d=retro&r=g\",\"url\":\"https:\\\/\\\/secure.gravatar.com\\\/avatar\\\/67146597b405ee077a24e519f75c3e2031736596d6ce35af3a34c122c93d0d7b?s=96&d=retro&r=g\",\"contentUrl\":\"https:\\\/\\\/secure.gravatar.com\\\/avatar\\\/67146597b405ee077a24e519f75c3e2031736596d6ce35af3a34c122c93d0d7b?s=96&d=retro&r=g\",\"caption\":\"pnud\"}}]}<\/script>\n<!-- \/ Yoast SEO plugin. -->","yoast_head_json":{"title":"Poblenou AR-DE, de nuevo, el 24, 25 y 26 de marzo con un recorrido \u00fanico de arte y dise\u00f1o &#8211; Poblenou Urban District","robots":{"index":"index","follow":"follow","max-snippet":"max-snippet:-1","max-image-preview":"max-image-preview:large","max-video-preview":"max-video-preview:-1"},"canonical":"https:\/\/poblenouurbandistrict.com\/es\/poblenou-ar-de-de-nou-el-24-25-i-26-de-marc-amb-un-recorregut-unic-dart-i-de-disseny\/","og_locale":"es_ES","og_type":"article","og_title":"Poblenou AR-DE, de nuevo, el 24, 25 y 26 de marzo con un recorrido \u00fanico de arte y dise\u00f1o &#8211; Poblenou Urban District","og_description":"\u00bfQuieres disfrutar de un fin de semana diferente y original? \u00bfTe interesa el arte, el dise\u00f1o y el coleccionismo? El... M\u00e1s \u2192","og_url":"https:\/\/poblenouurbandistrict.com\/es\/poblenou-ar-de-de-nou-el-24-25-i-26-de-marc-amb-un-recorregut-unic-dart-i-de-disseny\/","og_site_name":"Poblenou Urban District","article_published_time":"2023-03-09T17:28:31+00:00","article_modified_time":"2023-03-16T18:10:12+00:00","og_image":[{"width":640,"height":427,"url":"https:\/\/poblenouurbandistrict.com\/wp-content\/uploads\/2022\/10\/ar-de-1500x1000-gif-640x427.gif","type":"image\/gif"}],"author":"pnud","twitter_card":"summary_large_image","twitter_misc":{"Escrito por":"pnud","Tiempo de lectura":"3 minutos"},"schema":{"@context":"https:\/\/schema.org","@graph":[{"@type":"Article","@id":"https:\/\/poblenouurbandistrict.com\/poblenou-ar-de-de-nou-el-24-25-i-26-de-marc-amb-un-recorregut-unic-dart-i-de-disseny\/#article","isPartOf":{"@id":"https:\/\/poblenouurbandistrict.com\/poblenou-ar-de-de-nou-el-24-25-i-26-de-marc-amb-un-recorregut-unic-dart-i-de-disseny\/"},"author":{"name":"pnud","@id":"https:\/\/poblenouurbandistrict.com\/#\/schema\/person\/980a2cf34b399d5218205730acd54a7e"},"headline":"Poblenou AR-DE, de nuevo, el 24, 25 y 26 de marzo con un recorrido \u00fanico de arte y dise\u00f1o","datePublished":"2023-03-09T17:28:31+00:00","dateModified":"2023-03-16T18:10:12+00:00","mainEntityOfPage":{"@id":"https:\/\/poblenouurbandistrict.com\/poblenou-ar-de-de-nou-el-24-25-i-26-de-marc-amb-un-recorregut-unic-dart-i-de-disseny\/"},"wordCount":1269,"image":{"@id":"https:\/\/poblenouurbandistrict.com\/poblenou-ar-de-de-nou-el-24-25-i-26-de-marc-amb-un-recorregut-unic-dart-i-de-disseny\/#primaryimage"},"thumbnailUrl":"https:\/\/media.poblenouurbandistrict.com\/2022\/10\/25054549\/ar-de-1500x1000-gif.gif","articleSection":["AR-DE"],"inLanguage":"es"},{"@type":"WebPage","@id":"https:\/\/poblenouurbandistrict.com\/es\/poblenou-ar-de-de-nou-el-24-25-i-26-de-marc-amb-un-recorregut-unic-dart-i-de-disseny\/","url":"https:\/\/poblenouurbandistrict.com\/es\/poblenou-ar-de-de-nou-el-24-25-i-26-de-marc-amb-un-recorregut-unic-dart-i-de-disseny\/","name":"Poblenou AR-DE, de nuevo, el 24, 25 y 26 de marzo con un recorrido \u00fanico de arte y dise\u00f1o &#8211; Poblenou Urban District","isPartOf":{"@id":"https:\/\/poblenouurbandistrict.com\/es\/#website"},"primaryImageOfPage":{"@id":"https:\/\/poblenouurbandistrict.com\/es\/poblenou-ar-de-de-nou-el-24-25-i-26-de-marc-amb-un-recorregut-unic-dart-i-de-disseny\/#primaryimage"},"image":{"@id":"https:\/\/poblenouurbandistrict.com\/poblenou-ar-de-de-nou-el-24-25-i-26-de-marc-amb-un-recorregut-unic-dart-i-de-disseny\/#primaryimage"},"thumbnailUrl":"https:\/\/media.poblenouurbandistrict.com\/2022\/10\/25054549\/ar-de-1500x1000-gif.gif","datePublished":"2023-03-09T17:28:31+00:00","dateModified":"2023-03-16T18:10:12+00:00","author":{"@id":"https:\/\/poblenouurbandistrict.com\/#\/schema\/person\/980a2cf34b399d5218205730acd54a7e"},"breadcrumb":{"@id":"https:\/\/poblenouurbandistrict.com\/es\/poblenou-ar-de-de-nou-el-24-25-i-26-de-marc-amb-un-recorregut-unic-dart-i-de-disseny\/#breadcrumb"},"inLanguage":"es","potentialAction":[{"@type":"ReadAction","target":[["https:\/\/poblenouurbandistrict.com\/es\/poblenou-ar-de-de-nou-el-24-25-i-26-de-marc-amb-un-recorregut-unic-dart-i-de-disseny\/"]]}]},{"@type":"ImageObject","inLanguage":"es","@id":"https:\/\/poblenouurbandistrict.com\/es\/poblenou-ar-de-de-nou-el-24-25-i-26-de-marc-amb-un-recorregut-unic-dart-i-de-disseny\/#primaryimage","url":"https:\/\/media.poblenouurbandistrict.com\/2022\/10\/25054549\/ar-de-1500x1000-gif.gif","contentUrl":"https:\/\/media.poblenouurbandistrict.com\/2022\/10\/25054549\/ar-de-1500x1000-gif.gif","width":1500,"height":1000},{"@type":"BreadcrumbList","@id":"https:\/\/poblenouurbandistrict.com\/es\/poblenou-ar-de-de-nou-el-24-25-i-26-de-marc-amb-un-recorregut-unic-dart-i-de-disseny\/#breadcrumb","itemListElement":[{"@type":"ListItem","position":1,"name":"Home","item":"https:\/\/poblenouurbandistrict.com\/es\/"},{"@type":"ListItem","position":2,"name":"Torna el circuit AR-DE el 24, 25 i 26 de mar\u00e7 amb un recorregut \u00fanic d&#8217;art i de disseny"}]},{"@type":"WebSite","@id":"https:\/\/poblenouurbandistrict.com\/es\/#website","url":"https:\/\/poblenouurbandistrict.com\/es\/","name":"Poblenou Urban District","description":"Comunidad Creativa","potentialAction":[{"@type":"SearchAction","target":{"@type":"EntryPoint","urlTemplate":"https:\/\/poblenouurbandistrict.com\/es\/?s={search_term_string}"},"query-input":{"@type":"PropertyValueSpecification","valueRequired":true,"valueName":"search_term_string"}}],"inLanguage":"es"},{"@type":"Person","@id":"https:\/\/poblenouurbandistrict.com\/#\/schema\/person\/980a2cf34b399d5218205730acd54a7e","name":"pnud","image":{"@type":"ImageObject","inLanguage":"es","@id":"https:\/\/secure.gravatar.com\/avatar\/67146597b405ee077a24e519f75c3e2031736596d6ce35af3a34c122c93d0d7b?s=96&d=retro&r=g","url":"https:\/\/secure.gravatar.com\/avatar\/67146597b405ee077a24e519f75c3e2031736596d6ce35af3a34c122c93d0d7b?s=96&d=retro&r=g","contentUrl":"https:\/\/secure.gravatar.com\/avatar\/67146597b405ee077a24e519f75c3e2031736596d6ce35af3a34c122c93d0d7b?s=96&d=retro&r=g","caption":"pnud"}}]}},"_links":{"self":[{"href":"https:\/\/poblenouurbandistrict.com\/es\/wp-json\/wp\/v2\/posts\/36968","targetHints":{"allow":["GET"]}}],"collection":[{"href":"https:\/\/poblenouurbandistrict.com\/es\/wp-json\/wp\/v2\/posts"}],"about":[{"href":"https:\/\/poblenouurbandistrict.com\/es\/wp-json\/wp\/v2\/types\/post"}],"author":[{"embeddable":true,"href":"https:\/\/poblenouurbandistrict.com\/es\/wp-json\/wp\/v2\/users\/5"}],"replies":[{"embeddable":true,"href":"https:\/\/poblenouurbandistrict.com\/es\/wp-json\/wp\/v2\/comments?post=36968"}],"version-history":[{"count":45,"href":"https:\/\/poblenouurbandistrict.com\/es\/wp-json\/wp\/v2\/posts\/36968\/revisions"}],"predecessor-version":[{"id":37465,"href":"https:\/\/poblenouurbandistrict.com\/es\/wp-json\/wp\/v2\/posts\/36968\/revisions\/37465"}],"wp:featuredmedia":[{"embeddable":true,"href":"https:\/\/poblenouurbandistrict.com\/es\/wp-json\/wp\/v2\/media\/34214"}],"wp:attachment":[{"href":"https:\/\/poblenouurbandistrict.com\/es\/wp-json\/wp\/v2\/media?parent=36968"}],"wp:term":[{"taxonomy":"category","embeddable":true,"href":"https:\/\/poblenouurbandistrict.com\/es\/wp-json\/wp\/v2\/categories?post=36968"},{"taxonomy":"post_tag","embeddable":true,"href":"https:\/\/poblenouurbandistrict.com\/es\/wp-json\/wp\/v2\/tags?post=36968"}],"curies":[{"name":"wp","href":"https:\/\/api.w.org\/{rel}","templated":true}]}}