{"id":37325,"date":"2023-03-16T13:04:08","date_gmt":"2023-03-16T12:04:08","guid":{"rendered":"https:\/\/poblenouurbandistrict.com\/?p=37325"},"modified":"2023-03-25T17:52:26","modified_gmt":"2023-03-25T16:52:26","slug":"descobreix-la-programacio-dels-12-espais-collaboradors-del-circuit-dart-i-disseny-ar-de","status":"publish","type":"post","link":"https:\/\/poblenouurbandistrict.com\/es\/descobreix-la-programacio-dels-12-espais-collaboradors-del-circuit-dart-i-disseny-ar-de\/","title":{"rendered":"Descubre la programaci\u00f3n de los 12 espacios colaboradores del circuito de arte y dise\u00f1o, AR-DE"},"content":{"rendered":"<p><strong>Del 24 al 26 de marzo<\/strong>, tienes la oportunidad de descubrir las exposiciones y colecciones de 12 espacios del Distrito Creativo de Barcelona en el marco de <strong>AR-DE<\/strong>, el circuito de galer\u00edas, showrooms y museos de Poblenou.<\/p>\n<p>\u00bfSabes por qu\u00e9 este circuito recibe el nombre de <strong>AR-DE<\/strong>? Desde su primera edici\u00f3n en 2021, <strong>AR<\/strong>, (arte), y <strong>DE<\/strong> (dise\u00f1o), busca fomentar la venta y el coleccionismo de arte, reivindicar el trabajo de artistas nacionales e internacionales y de dise\u00f1adores emergentes y consagrados y dar visibilidad a otras disciplinas art\u00edsticas como la escultura, la fotograf\u00eda, la ilustraci\u00f3n y el mobiliario.<\/p>\n<p><span style=\"font-weight: 400;\">A continuaci\u00f3n, presentamos la programaci\u00f3n de los espacios que participan:\u00a0<\/span><\/p>\n<p><strong>1.<\/strong> <a href=\"https:\/\/bdbarcelona.com\/es\"><b>Bd Barcelona Design<\/b><\/a><\/p>\n<p><span style=\"font-weight: 400;\">En 1972, un grupo de j\u00f3venes arquitectos y dise\u00f1adores form\u00f3 Bd. El prop\u00f3sito de la creaci\u00f3n de este espacio fue producir y mercantilizar mobiliario y objetos sin complejos, apostando por la libertad creativa.<\/span><\/p>\n<p><span style=\"font-weight: 400;\">\u00bfTe interesa el mobiliario? En Bd podr\u00e1s visitar diferentes colecciones permanentes y una selecci\u00f3n de muebles y objetos realizados por Jaime Haydon, artista conocido por sus mesas y jarrones originales; Oscar Tusquets, arquitecto que dise\u00f1\u00f3 junto a Dal\u00ed el famoso sof\u00e1 en forma de labios rojos, y muchos m\u00e1s.<\/span><\/p>\n<h4 style=\"text-align: center;\"><span style=\"color: #ff0000;\"><b>Abierto \u00fanicamente el viernes 24 de 9h a 14h y de 15h a 19h<\/b><\/span><\/h4>\n<h4 style=\"text-align: center;\"><b>Entrada gratuita<\/b><\/h4>\n<p><b>2. <\/b><a href=\"https:\/\/ajuntament.barcelona.cat\/dissenyhub\/es\"><b>Disseny Hub<\/b><\/a><\/p>\n<p><span style=\"font-weight: 400;\">Espacio de referencia para la puesta en valor y la proyecci\u00f3n de las industrias creativas, la divulgaci\u00f3n del patrimonio y la cultura de la ciudad a escala global.<\/span><\/p>\n<p><span style=\"font-weight: 400;\">Disseny Hub ofrece una variedad de exposiciones permanentes, en concreto cinco, y una muestra temporal para todos los p\u00fablicos y gustos desde <\/span><span style=\"font-weight: 400;\">la historia de las artes decorativas en Catalu\u00f1a, la funcionalidad de los objetos y su simbolog\u00eda hasta las implicaciones de la moda sobre el cuerpo humano.\u00a0<\/span><\/p>\n<ul>\n<li style=\"font-weight: 400;\" aria-level=\"1\"><a href=\"https:\/\/ajuntament.barcelona.cat\/museudeldisseny\/es\/exposicion\/objetos-comunes-historias-locales-debates-globales\">\u00abObjectes comuns. Hist\u00f2ries locals, debats globals\u00bb<\/a><\/li>\n<li style=\"font-weight: 400;\" aria-level=\"1\"><a href=\"https:\/\/ajuntament.barcelona.cat\/museudeldisseny\/es\/exposicion\/extraordinarias-colecciones-de-artes-decorativas-siglos-iii-xix\">\u00abExtraordin\u00e0ries! Col\u00b7leccions d&#8217;arts decoratives (segles III-XIX)\u00bb<\/a><\/li>\n<li style=\"font-weight: 400;\" aria-level=\"1\"><a href=\"https:\/\/ajuntament.barcelona.cat\/museudeldisseny\/es\/exposicion\/modernisme-hacia-la-cultura-del-diseno\">\u00abModernisme, cap a la cultura del disseny\u00bb<\/a><\/li>\n<li style=\"font-weight: 400;\" aria-level=\"1\"><a href=\"https:\/\/ajuntament.barcelona.cat\/museudeldisseny\/es\/exposicion\/el-cuerpo-vestido-siluetas-y-moda-1550-2015\">\u00abEl cos vestit. Siluetes i moda (1550-2015)\u00bb<\/a><\/li>\n<li style=\"font-weight: 400;\" aria-level=\"1\"><a href=\"https:\/\/ajuntament.barcelona.cat\/museudeldisseny\/es\/exposicion\/disenas-o-trabajas-la-nueva-comunicacion-visual-1980-2003\">\u00abDissenyes o treballes? La nova comunicaci\u00f3 visual (1980-2003)\u00bb<\/a><\/li>\n<\/ul>\n<p><span style=\"font-weight: 400;\">Por otro lado, podr\u00e9is visitar libremente \u201cSustainable Challenge 22&#8243;, una exposici\u00f3n de moda inclusiva sobre la diversidad de cuerpos en la entrada de Glorias.<\/span><\/p>\n<h4 style=\"text-align: center;\"><span style=\"color: #ff0000;\"><b>Viernes 24, s\u00e1bado 25 y domingo 26 de 10h a 20h<\/b><\/span><b><\/b><\/h4>\n<h4 style=\"text-align: center;\"><b><span style=\"color: #000000;\">Entrada<\/span> gratuita solamente el s\u00e1bado 25. Para el resto de d\u00edas, pod\u00e9is consultar las tarifas en su <a href=\"https:\/\/ajuntament.barcelona.cat\/dissenyhub\/es\">p\u00e1gina web<\/a><\/b><\/h4>\n<p><b>3. <\/b><a href=\"https:\/\/es.paloalto.barcelona\/\"><b>Fundaci\u00f3 Palo Alto<\/b><\/a><\/p>\n<p><span style=\"font-weight: 400;\">La nau Escoleta abri\u00f3 a finales de 2021 para acoger proyectos culturales y creativos vinculados a la creaci\u00f3n de artistas emergentes, estudiantes de ciclos formativos y universitarios y colectivos art\u00edsticos de proximidad.<\/span><\/p>\n<p><span style=\"font-weight: 400;\">\u00bfEscultura en AR-DE? <a href=\"https:\/\/es.paloalto.barcelona\/expomarga\">\u201cOr\u00edgenes\u201d<\/a> es una exposici\u00f3n de la escultora Marga de la Llana que se inspira en la protecci\u00f3n de la naturaleza para conservar lo que es m\u00e1s valioso, la semilla, con el objetivo de germinar, reproducirse y trascender. Todo esto entra en di\u00e1logo con el entorno expositivo, un espacio que se encuentra en medio de la ciudad, pero con toques salvajes. El viernes 24, de 18h a 19h, podr\u00e1s conocer a la artista en persona.<\/span><\/p>\n<h4 style=\"text-align: center;\"><span style=\"color: #ff0000;\"><b>Abierto \u00fanicamente el v<\/b><\/span><span style=\"color: #ff0000;\"><b>iernes 24 de 9h a 19.30h<\/b><\/span><\/h4>\n<h4 style=\"text-align: center;\"><b>Entrada gratuita<\/b><\/h4>\n<p><b>4. <\/b><a href=\"https:\/\/chezxefo.com\/\"><b>Galer\u00eda Chez Xefo<\/b><\/a><\/p>\n<p><span style=\"font-weight: 400;\">Galer\u00eda singular con un espacio dedicado a los artistas, pero tambi\u00e9n a actividades de otros \u00e1mbitos culturales como la gastronom\u00eda, el cine o la m\u00fasica.<\/span><\/p>\n<p><span style=\"font-weight: 400;\">\u00bfSe puede crear arte con Inteligencia Artificial? La galer\u00eda Chez Xefo lo pondr\u00e1 a prueba realizando en vivo, con programas de aprendizaje autom\u00e1tico, una serie de <a href=\"https:\/\/gespensterz.github.io\/\">Gespenster Z<\/a>, las famosas figuras fantasmag\u00f3ricas y de aspecto misterioso de Ety Fefer. <\/span><\/p>\n<p>Adem\u00e1s, tendr\u00e1s la oportunidad de realizar un taller inmersivo con el objetivo con el objetivo de explorar<span style=\"font-weight: 400;\"> el alcance, las limitaciones y la compleja relaci\u00f3n entre las nuevas tecnolog\u00edas y el arte.<\/span><\/p>\n<h4 style=\"text-align: center;\"><span style=\"color: #ff0000;\"><b>Viernes 24 y s\u00e1bado 25 de 18h a 22h<\/b><\/span><\/h4>\n<h4 style=\"text-align: center;\"><b>Entrada gratuita<\/b><\/h4>\n<p><b>5. <\/b><a href=\"https:\/\/ketgaleria.com\/\"><b>Ket Galer\u00eda<\/b><\/a><\/p>\n<p><span style=\"font-weight: 400;\">La galer\u00eda de arte m\u00e1s peque\u00f1a de Catalu\u00f1a, ubicada en un bonito pasaje donde se puede disfrutar de interesantes experiencias art\u00edsticas y sensoriales, centr\u00e1ndose en promocionar, exhibir y comercializar arte.<\/span><\/p>\n<p><span style=\"font-weight: 400;\">Ket Galer\u00eda os invita a visitar \u00abPecho Fr\u00edo\u00bb, la escultura realizada por Carla Bossi que contiene un elemento sorpresa\u2026 la voz de Eva718. Esta instalaci\u00f3n que combina la escultura y el sonido se erige como una defensa de la mujer m\u00e1s all\u00e1 de su cuerpo. El viernes 24 de marzo podr\u00e1s conocer a las artistas con motivo de la inauguraci\u00f3n de la exhibici\u00f3n.<\/span><\/p>\n<h4 style=\"text-align: center;\"><span style=\"color: #ff0000;\"><b>Viernes 24 de 18h a 23h. <\/b><\/span><span style=\"color: #ff0000;\"><b>S\u00e1bado 25 de 10h a 14h &amp; 18h a 23h. <\/b><\/span><span style=\"color: #ff0000;\"><b>Domingo 26 de 11h a 14h<\/b><\/span><\/h4>\n<h4 style=\"text-align: center;\"><b>Entrada gratuita<\/b><\/h4>\n<p><b>6. <\/b><a href=\"http:\/\/laplataformabcn.com\/laplataformabcn.html\"><b>La Plataforma<\/b><\/a><\/p>\n<p><span style=\"font-weight: 400;\">Galer\u00eda de arte contempor\u00e1neo que tiene como objetivo promover el arte a trav\u00e9s de la programaci\u00f3n de exposiciones y la producci\u00f3n de proyectos culturales vinculados con el territorio y el arte.<\/span><\/p>\n<p><span style=\"font-weight: 400;\">La Plataforma abre las puertas de \u00abAtrapar al malo\u201d, la exposici\u00f3n individual del artista Aleix Font Arroyo a.k.a Rata con Corbata. Es una cr\u00f3nica sobre el orden de las cosas y una reflexi\u00f3n acerca de las incoherencias que nos habitan: las superposiciones, la disrupci\u00f3n en los encajes de las formas, nuestra necesidad de categorizar un arriba y un abajo, lo que vemos delante, lo que hay detr\u00e1s.<\/span><\/p>\n<p><span style=\"font-weight: 400;\">El s\u00e1bado 25, se celebrar\u00e1n dos sesiones de \u201cMeet the Artist\u00bb a las 12h y a las 17h, donde el p\u00fablico podr\u00e1 conocer personalmente al artista y su proceso creativo.<\/span><\/p>\n<h4 style=\"text-align: center;\"><span style=\"color: #ff0000;\"><b>Viernes 24 de 10h a 14h &amp; 15h a 19h. <\/b><b>S\u00e1bado 25 de 11h a 14h &amp; 16h a 19h. <\/b><b>Domingo 26 de 11h a 15h<\/b><\/span><\/h4>\n<h4 style=\"text-align: center;\"><b>Entrada gratuita<\/b><\/h4>\n<p><b>7. <\/b><a href=\"https:\/\/moryarty.com\/\"><b>Moryarty<\/b><\/a><\/p>\n<p><span style=\"font-weight: 400;\">Tienda de p\u00f3sters vintage y marcos con una selecci\u00f3n especial con las \u00faltimas novedades de su cat\u00e1logo. En la galer\u00eda tambi\u00e9n ofrecen fotograf\u00edas, arte cl\u00e1sico, planos antiguos, pintura oriental, publicidad vintage\u2026<\/span><\/p>\n<p><span style=\"font-weight: 400;\">Si quieres adentrarte en el mundo de los p\u00f3sters \u2013vintage, cl\u00e1sicos, modernos, paisajes, mapas, florales\u2026\u2013 debes hacer una parada obligatoria en Moryarty.<\/span><\/p>\n<h4 style=\"text-align: center;\"><span style=\"color: #ff0000;\"><b>Viernes 24, s\u00e1bado 25 y domingo 26 de 11h a 14h &amp; 16h-20h<\/b><\/span><\/h4>\n<h4 style=\"text-align: center;\"><b>Entrada gratuita<\/b><\/h4>\n<p><b>8. <\/b><a href=\"https:\/\/www.fundaciovilacasas.com\/es\/museo\/museo-can-framis-barcelona\"><b>Museu Can Framis<\/b><\/a><\/p>\n<p><span style=\"font-weight: 400;\">El museo de pintura contempor\u00e1nea catalana forma parte de la Fundaci\u00f3 Vila Casas y acoge, adem\u00e1s de sus exposiciones permanentes que incluyen alrededor de 300 obras, exposiciones peri\u00f3dicas temporales de diversos artistas nacidos o residentes en Catalunya.<\/span><\/p>\n<p><span style=\"font-weight: 400;\">No te quedes sin visitar la exposici\u00f3n permanente de pintura contempor\u00e1nea <a href=\"https:\/\/www.fundaciovilacasas.com\/es\/exposicion-permanente\">\u201cMon\u00f2leg, di\u00e0leg i concepte\u201d<\/a> y la exposici\u00f3n temporal <a href=\"https:\/\/www.fundaciovilacasas.com\/es\/exposicion\/bad-painting\">\u201cBad Painting?\u201d<\/a> de Carlos Pazos.<\/span><\/p>\n<h4 style=\"text-align: center;\"><span style=\"color: #ff0000;\"><b>Viernes 24, s\u00e1bado 25 y domingo 26 de 11h a 18h<\/b><\/span><\/h4>\n<h4 style=\"text-align: center;\"><b><span style=\"color: #000000;\">Precio reducido<\/span> \u00fanicamente el s\u00e1bado 25. Para el resto de d\u00edas, pod\u00e9is consultar las tarifas en su <a href=\"https:\/\/www.fundaciovilacasas.com\/es\/museo\/museo-can-framis-barcelona\">p\u00e1gina web<\/a><\/b><\/h4>\n<p><b>9. <\/b><a href=\"http:\/\/www.noakroom.com\/\"><b>Noak Room<\/b><\/a><\/p>\n<p><span style=\"font-weight: 400;\">Showroom especializado en mobiliario y objetos de decoraci\u00f3n vintage de dise\u00f1o y origen exclusivamente escandinavos, principalmente de los a\u00f1os 1940-1970. En el showroom de Noak Room conviven piezas de dise\u00f1adores tan reconocidos como Ilmari Tapiovaara, Hans Wegner, Bruno Mathsson o Arne Jacobsen.<\/span><\/p>\n<p><span style=\"font-weight: 400;\">Noak Room re\u00fane una nueva y cuidada selecci\u00f3n de piezas de mobiliario y decoraci\u00f3n de los m\u00e1s reconocidos dise\u00f1adores escandinavos. Ac\u00e9rcate a su espacio y descubre el poder del arte escandinavo.<\/span><\/p>\n<h4 style=\"text-align: center;\"><span style=\"color: #ff0000;\"><b>Viernes 24, s\u00e1bado 25 y domingo 26 de 10.30h a 14h &amp; 17h a 20h<\/b><\/span><b><\/b><\/h4>\n<h4 style=\"text-align: center;\"><b>Entrada gratuita<\/b><\/h4>\n<p style=\"text-align: left;\"><b>10. <\/b><a href=\"https:\/\/www.piramidon.com\/es\/\"><b>Piramid\u00f3n<\/b><\/a><\/p>\n<p><span style=\"font-weight: 400;\">Espacio h\u00edbrido entre f\u00e1brica de creaci\u00f3n y galer\u00eda de arte, Piramid\u00f3n fusiona el \u00e1mbito de producci\u00f3n art\u00edstica con el \u00e1mbito de difusi\u00f3n, exhibici\u00f3n y venta de obras de arte. Adem\u00e1s de poder ver la exposici\u00f3n actual, tambi\u00e9n existe la oportunidad de conocer a los artistas en su espacio creativo, para as\u00ed conocer su discurso en primera persona.<\/span><\/p>\n<p><span style=\"font-weight: 400;\">El viernes 24, dentro de la programaci\u00f3n de AR-DE, no te pierdas la oportunidad de visitar la exposici\u00f3n individual del artista residente Alsino Skowronnek titulada <a href=\"https:\/\/www.piramidon.com\/es\/exposiciones\/viewing-room\">\u201cExcavation Trail\u201d<\/a> y la exposici\u00f3n <a href=\"https:\/\/www.piramidon.com\/es\/exposiciones\/viewing-room-2\">\u201cCol\u00b7lectiva 2023_n1\u201d<\/a> con obra de los artistas residentes.<\/span><\/p>\n<h4 style=\"text-align: center;\"><span style=\"color: #ff0000;\"><b>Abierto \u00fanicamente el v<\/b><b>iernes 24 de 10h a 19h<\/b><\/span><\/h4>\n<h4 style=\"text-align: center;\"><b>Entrada gratuita<\/b><\/h4>\n<p><b>11. <\/b><a href=\"https:\/\/thefolioclub.com\/\"><b>The Folio Club<\/b><\/a><\/p>\n<p><span style=\"font-weight: 400;\">Imprenta que cuenta con un espacio expositivo di\u00e1fano y vers\u00e1til donde se difunden proyectos gr\u00e1ficos y editoriales. Est\u00e1 formado por un equipo experimentado y competente con la aptitud de adaptarse a las necesidad de manera eficiente y cercana. Ofrecen servicios de impresi\u00f3n digital, offset, manipulaci\u00f3n de im\u00e1genes,\u00a0 entre muchas otras.<\/span><\/p>\n<p><span style=\"font-weight: 400;\">Si buscas una actividad familiar, The Folio Club ha organizado \u00abTu primer libro\u00bb para ni\u00f1os y ni\u00f1as de entre 4 y 8 a\u00f1os. El viernes 24, a las 18h y el s\u00e1bado 25, a las 11h y a las 17h, los peque\u00f1os que participen har\u00e1n ilustraciones que despu\u00e9s se reproducir\u00e1n en un libro.<\/span><\/p>\n<h4 style=\"text-align: center;\"><span style=\"color: #ff0000;\"><b>Viernes 24 de 17h a 20h. <\/b><b>S\u00e1bado 25 de 10h a 14h &amp; 17h a 20h<\/b><\/span><\/h4>\n<h4 style=\"text-align: center;\">Entrada gratuita. Se necesita inscripci\u00f3n previa (info@thefolioclub.com)<\/h4>\n<p><b>12. <\/b><a href=\"https:\/\/unusualconcept.store\/es\/\"><b>UNUSUAL* Concept Store<\/b><\/a><\/p>\n<p><span style=\"font-weight: 400;\">Concept Store con productos \u00fanicos para el p\u00fablico m\u00e1s <\/span><i><span style=\"font-weight: 400;\">unusual<\/span><\/i><span style=\"font-weight: 400;\">. Entre ellos: muebles, ilustraciones, revistas y objetos cotidianos. Es una de las primeras tiendas conceptuales del barrio de Poblenou.<\/span><\/p>\n<p><span style=\"font-weight: 400;\">Visita Unusual y no te pierdas la exposici\u00f3n fotogr\u00e1fica \u201cSans Soleil\u201d, del artista Verde Ariel acompa\u00f1ada de la m\u00fasica original de Tomomi Kubo. Os avanzamos una peque\u00f1a pista de lo que os encontrar\u00e9is en Unusual: \u00abCada brizna de hierba. Oculta una imagen. Y erguida. Espera.\u00bb<\/span><\/p>\n<h4 style=\"text-align: center;\"><span style=\"color: #ff0000;\"><b>Viernes 24 y s\u00e1bado 25 de 11h a 20h. <\/b><b>Domingo 26 de 11h a 15h<\/b><\/span><\/h4>\n<h4 style=\"text-align: center;\"><b>Entrada gratuita<\/b><\/h4>\n<p><\/p>","protected":false},"excerpt":{"rendered":"<p>Del 24 al 26 de marzo, tienes la oportunidad de descubrir las exposiciones y colecciones de 12 espacios del Distrito&#8230; <a href=\"https:\/\/poblenouurbandistrict.com\/es\/descobreix-la-programacio-dels-12-espais-collaboradors-del-circuit-dart-i-disseny-ar-de\/\">M\u00e1s  \u2192<\/a><\/p>\n","protected":false},"author":5,"featured_media":37429,"comment_status":"closed","ping_status":"closed","sticky":false,"template":"","format":"standard","meta":{"_acf_changed":false,"footnotes":""},"categories":[3538,3363],"tags":[],"class_list":["post-37325","post","type-post","status-publish","format-standard","has-post-thumbnail","hentry","category-ar-de","category-places"],"acf":[],"yoast_head":"<!-- This site is optimized with the Yoast SEO plugin v27.5 - https:\/\/yoast.com\/product\/yoast-seo-wordpress\/ -->\n<title>Descubre la programaci\u00f3n de los 12 espacios colaboradores del circuito de arte y dise\u00f1o, AR-DE &#8211; Poblenou Urban District<\/title>\n<meta name=\"robots\" content=\"index, follow, max-snippet:-1, max-image-preview:large, max-video-preview:-1\" \/>\n<link rel=\"canonical\" href=\"https:\/\/poblenouurbandistrict.com\/es\/descobreix-la-programacio-dels-12-espais-collaboradors-del-circuit-dart-i-disseny-ar-de\/\" \/>\n<meta property=\"og:locale\" content=\"es_ES\" \/>\n<meta property=\"og:type\" content=\"article\" \/>\n<meta property=\"og:title\" content=\"Descubre la programaci\u00f3n de los 12 espacios colaboradores del circuito de arte y dise\u00f1o, AR-DE &#8211; Poblenou Urban District\" \/>\n<meta property=\"og:description\" content=\"Del 24 al 26 de marzo, tienes la oportunidad de descubrir las exposiciones y colecciones de 12 espacios del Distrito... M\u00e1s \u2192\" \/>\n<meta property=\"og:url\" content=\"https:\/\/poblenouurbandistrict.com\/es\/descobreix-la-programacio-dels-12-espais-collaboradors-del-circuit-dart-i-disseny-ar-de\/\" \/>\n<meta property=\"og:site_name\" content=\"Poblenou Urban District\" \/>\n<meta property=\"article:published_time\" content=\"2023-03-16T12:04:08+00:00\" \/>\n<meta property=\"article:modified_time\" content=\"2023-03-25T16:52:26+00:00\" \/>\n<meta property=\"og:image\" content=\"https:\/\/poblenouurbandistrict.com\/wp-content\/uploads\/2023\/03\/ar-de-web-scaled.jpg\" \/>\n\t<meta property=\"og:image:width\" content=\"2560\" \/>\n\t<meta property=\"og:image:height\" content=\"1698\" \/>\n\t<meta property=\"og:image:type\" content=\"image\/jpeg\" \/>\n<meta name=\"author\" content=\"pnud\" \/>\n<meta name=\"twitter:card\" content=\"summary_large_image\" \/>\n<meta name=\"twitter:label1\" content=\"Escrito por\" \/>\n\t<meta name=\"twitter:data1\" content=\"pnud\" \/>\n\t<meta name=\"twitter:label2\" content=\"Tiempo de lectura\" \/>\n\t<meta name=\"twitter:data2\" content=\"8 minutos\" \/>\n<script type=\"application\/ld+json\" class=\"yoast-schema-graph\">{\"@context\":\"https:\\\/\\\/schema.org\",\"@graph\":[{\"@type\":\"Article\",\"@id\":\"https:\\\/\\\/poblenouurbandistrict.com\\\/descobreix-la-programacio-dels-12-espais-collaboradors-del-circuit-dart-i-disseny-ar-de\\\/#article\",\"isPartOf\":{\"@id\":\"https:\\\/\\\/poblenouurbandistrict.com\\\/descobreix-la-programacio-dels-12-espais-collaboradors-del-circuit-dart-i-disseny-ar-de\\\/\"},\"author\":{\"name\":\"pnud\",\"@id\":\"https:\\\/\\\/poblenouurbandistrict.com\\\/#\\\/schema\\\/person\\\/980a2cf34b399d5218205730acd54a7e\"},\"headline\":\"Descubre la programaci\u00f3n de los 12 espacios colaboradores del circuito de arte y dise\u00f1o, AR-DE\",\"datePublished\":\"2023-03-16T12:04:08+00:00\",\"dateModified\":\"2023-03-25T16:52:26+00:00\",\"mainEntityOfPage\":{\"@id\":\"https:\\\/\\\/poblenouurbandistrict.com\\\/descobreix-la-programacio-dels-12-espais-collaboradors-del-circuit-dart-i-disseny-ar-de\\\/\"},\"wordCount\":3144,\"image\":{\"@id\":\"https:\\\/\\\/poblenouurbandistrict.com\\\/descobreix-la-programacio-dels-12-espais-collaboradors-del-circuit-dart-i-disseny-ar-de\\\/#primaryimage\"},\"thumbnailUrl\":\"https:\\\/\\\/media.poblenouurbandistrict.com\\\/2023\\\/03\\\/25060820\\\/ar-de-web-scaled.jpg\",\"articleSection\":[\"AR-DE\",\"Espacios\"],\"inLanguage\":\"es\"},{\"@type\":\"WebPage\",\"@id\":\"https:\\\/\\\/poblenouurbandistrict.com\\\/es\\\/descobreix-la-programacio-dels-12-espais-collaboradors-del-circuit-dart-i-disseny-ar-de\\\/\",\"url\":\"https:\\\/\\\/poblenouurbandistrict.com\\\/es\\\/descobreix-la-programacio-dels-12-espais-collaboradors-del-circuit-dart-i-disseny-ar-de\\\/\",\"name\":\"Descubre la programaci\u00f3n de los 12 espacios colaboradores del circuito de arte y dise\u00f1o, AR-DE &#8211; Poblenou Urban District\",\"isPartOf\":{\"@id\":\"https:\\\/\\\/poblenouurbandistrict.com\\\/es\\\/#website\"},\"primaryImageOfPage\":{\"@id\":\"https:\\\/\\\/poblenouurbandistrict.com\\\/es\\\/descobreix-la-programacio-dels-12-espais-collaboradors-del-circuit-dart-i-disseny-ar-de\\\/#primaryimage\"},\"image\":{\"@id\":\"https:\\\/\\\/poblenouurbandistrict.com\\\/descobreix-la-programacio-dels-12-espais-collaboradors-del-circuit-dart-i-disseny-ar-de\\\/#primaryimage\"},\"thumbnailUrl\":\"https:\\\/\\\/media.poblenouurbandistrict.com\\\/2023\\\/03\\\/25060820\\\/ar-de-web-scaled.jpg\",\"datePublished\":\"2023-03-16T12:04:08+00:00\",\"dateModified\":\"2023-03-25T16:52:26+00:00\",\"author\":{\"@id\":\"https:\\\/\\\/poblenouurbandistrict.com\\\/#\\\/schema\\\/person\\\/980a2cf34b399d5218205730acd54a7e\"},\"breadcrumb\":{\"@id\":\"https:\\\/\\\/poblenouurbandistrict.com\\\/es\\\/descobreix-la-programacio-dels-12-espais-collaboradors-del-circuit-dart-i-disseny-ar-de\\\/#breadcrumb\"},\"inLanguage\":\"es\",\"potentialAction\":[{\"@type\":\"ReadAction\",\"target\":[[\"https:\\\/\\\/poblenouurbandistrict.com\\\/es\\\/descobreix-la-programacio-dels-12-espais-collaboradors-del-circuit-dart-i-disseny-ar-de\\\/\"]]}]},{\"@type\":\"ImageObject\",\"inLanguage\":\"es\",\"@id\":\"https:\\\/\\\/poblenouurbandistrict.com\\\/es\\\/descobreix-la-programacio-dels-12-espais-collaboradors-del-circuit-dart-i-disseny-ar-de\\\/#primaryimage\",\"url\":\"https:\\\/\\\/media.poblenouurbandistrict.com\\\/2023\\\/03\\\/25060820\\\/ar-de-web-scaled.jpg\",\"contentUrl\":\"https:\\\/\\\/media.poblenouurbandistrict.com\\\/2023\\\/03\\\/25060820\\\/ar-de-web-scaled.jpg\",\"width\":2560,\"height\":1698},{\"@type\":\"BreadcrumbList\",\"@id\":\"https:\\\/\\\/poblenouurbandistrict.com\\\/es\\\/descobreix-la-programacio-dels-12-espais-collaboradors-del-circuit-dart-i-disseny-ar-de\\\/#breadcrumb\",\"itemListElement\":[{\"@type\":\"ListItem\",\"position\":1,\"name\":\"Home\",\"item\":\"https:\\\/\\\/poblenouurbandistrict.com\\\/es\\\/\"},{\"@type\":\"ListItem\",\"position\":2,\"name\":\"Descobreix la programaci\u00f3 dels 12 espais col\u00b7laboradors del circuit d&#8217;art i disseny, AR-DE\"}]},{\"@type\":\"WebSite\",\"@id\":\"https:\\\/\\\/poblenouurbandistrict.com\\\/es\\\/#website\",\"url\":\"https:\\\/\\\/poblenouurbandistrict.com\\\/es\\\/\",\"name\":\"Poblenou Urban District\",\"description\":\"Comunidad Creativa\",\"potentialAction\":[{\"@type\":\"SearchAction\",\"target\":{\"@type\":\"EntryPoint\",\"urlTemplate\":\"https:\\\/\\\/poblenouurbandistrict.com\\\/es\\\/?s={search_term_string}\"},\"query-input\":{\"@type\":\"PropertyValueSpecification\",\"valueRequired\":true,\"valueName\":\"search_term_string\"}}],\"inLanguage\":\"es\"},{\"@type\":\"Person\",\"@id\":\"https:\\\/\\\/poblenouurbandistrict.com\\\/#\\\/schema\\\/person\\\/980a2cf34b399d5218205730acd54a7e\",\"name\":\"pnud\",\"image\":{\"@type\":\"ImageObject\",\"inLanguage\":\"es\",\"@id\":\"https:\\\/\\\/secure.gravatar.com\\\/avatar\\\/67146597b405ee077a24e519f75c3e2031736596d6ce35af3a34c122c93d0d7b?s=96&d=retro&r=g\",\"url\":\"https:\\\/\\\/secure.gravatar.com\\\/avatar\\\/67146597b405ee077a24e519f75c3e2031736596d6ce35af3a34c122c93d0d7b?s=96&d=retro&r=g\",\"contentUrl\":\"https:\\\/\\\/secure.gravatar.com\\\/avatar\\\/67146597b405ee077a24e519f75c3e2031736596d6ce35af3a34c122c93d0d7b?s=96&d=retro&r=g\",\"caption\":\"pnud\"}}]}<\/script>\n<!-- \/ Yoast SEO plugin. -->","yoast_head_json":{"title":"Descubre la programaci\u00f3n de los 12 espacios colaboradores del circuito de arte y dise\u00f1o, AR-DE &#8211; Poblenou Urban District","robots":{"index":"index","follow":"follow","max-snippet":"max-snippet:-1","max-image-preview":"max-image-preview:large","max-video-preview":"max-video-preview:-1"},"canonical":"https:\/\/poblenouurbandistrict.com\/es\/descobreix-la-programacio-dels-12-espais-collaboradors-del-circuit-dart-i-disseny-ar-de\/","og_locale":"es_ES","og_type":"article","og_title":"Descubre la programaci\u00f3n de los 12 espacios colaboradores del circuito de arte y dise\u00f1o, AR-DE &#8211; Poblenou Urban District","og_description":"Del 24 al 26 de marzo, tienes la oportunidad de descubrir las exposiciones y colecciones de 12 espacios del Distrito... M\u00e1s \u2192","og_url":"https:\/\/poblenouurbandistrict.com\/es\/descobreix-la-programacio-dels-12-espais-collaboradors-del-circuit-dart-i-disseny-ar-de\/","og_site_name":"Poblenou Urban District","article_published_time":"2023-03-16T12:04:08+00:00","article_modified_time":"2023-03-25T16:52:26+00:00","og_image":[{"width":2560,"height":1698,"url":"https:\/\/poblenouurbandistrict.com\/wp-content\/uploads\/2023\/03\/ar-de-web-scaled.jpg","type":"image\/jpeg"}],"author":"pnud","twitter_card":"summary_large_image","twitter_misc":{"Escrito por":"pnud","Tiempo de lectura":"8 minutos"},"schema":{"@context":"https:\/\/schema.org","@graph":[{"@type":"Article","@id":"https:\/\/poblenouurbandistrict.com\/descobreix-la-programacio-dels-12-espais-collaboradors-del-circuit-dart-i-disseny-ar-de\/#article","isPartOf":{"@id":"https:\/\/poblenouurbandistrict.com\/descobreix-la-programacio-dels-12-espais-collaboradors-del-circuit-dart-i-disseny-ar-de\/"},"author":{"name":"pnud","@id":"https:\/\/poblenouurbandistrict.com\/#\/schema\/person\/980a2cf34b399d5218205730acd54a7e"},"headline":"Descubre la programaci\u00f3n de los 12 espacios colaboradores del circuito de arte y dise\u00f1o, AR-DE","datePublished":"2023-03-16T12:04:08+00:00","dateModified":"2023-03-25T16:52:26+00:00","mainEntityOfPage":{"@id":"https:\/\/poblenouurbandistrict.com\/descobreix-la-programacio-dels-12-espais-collaboradors-del-circuit-dart-i-disseny-ar-de\/"},"wordCount":3144,"image":{"@id":"https:\/\/poblenouurbandistrict.com\/descobreix-la-programacio-dels-12-espais-collaboradors-del-circuit-dart-i-disseny-ar-de\/#primaryimage"},"thumbnailUrl":"https:\/\/media.poblenouurbandistrict.com\/2023\/03\/25060820\/ar-de-web-scaled.jpg","articleSection":["AR-DE","Espacios"],"inLanguage":"es"},{"@type":"WebPage","@id":"https:\/\/poblenouurbandistrict.com\/es\/descobreix-la-programacio-dels-12-espais-collaboradors-del-circuit-dart-i-disseny-ar-de\/","url":"https:\/\/poblenouurbandistrict.com\/es\/descobreix-la-programacio-dels-12-espais-collaboradors-del-circuit-dart-i-disseny-ar-de\/","name":"Descubre la programaci\u00f3n de los 12 espacios colaboradores del circuito de arte y dise\u00f1o, AR-DE &#8211; Poblenou Urban District","isPartOf":{"@id":"https:\/\/poblenouurbandistrict.com\/es\/#website"},"primaryImageOfPage":{"@id":"https:\/\/poblenouurbandistrict.com\/es\/descobreix-la-programacio-dels-12-espais-collaboradors-del-circuit-dart-i-disseny-ar-de\/#primaryimage"},"image":{"@id":"https:\/\/poblenouurbandistrict.com\/descobreix-la-programacio-dels-12-espais-collaboradors-del-circuit-dart-i-disseny-ar-de\/#primaryimage"},"thumbnailUrl":"https:\/\/media.poblenouurbandistrict.com\/2023\/03\/25060820\/ar-de-web-scaled.jpg","datePublished":"2023-03-16T12:04:08+00:00","dateModified":"2023-03-25T16:52:26+00:00","author":{"@id":"https:\/\/poblenouurbandistrict.com\/#\/schema\/person\/980a2cf34b399d5218205730acd54a7e"},"breadcrumb":{"@id":"https:\/\/poblenouurbandistrict.com\/es\/descobreix-la-programacio-dels-12-espais-collaboradors-del-circuit-dart-i-disseny-ar-de\/#breadcrumb"},"inLanguage":"es","potentialAction":[{"@type":"ReadAction","target":[["https:\/\/poblenouurbandistrict.com\/es\/descobreix-la-programacio-dels-12-espais-collaboradors-del-circuit-dart-i-disseny-ar-de\/"]]}]},{"@type":"ImageObject","inLanguage":"es","@id":"https:\/\/poblenouurbandistrict.com\/es\/descobreix-la-programacio-dels-12-espais-collaboradors-del-circuit-dart-i-disseny-ar-de\/#primaryimage","url":"https:\/\/media.poblenouurbandistrict.com\/2023\/03\/25060820\/ar-de-web-scaled.jpg","contentUrl":"https:\/\/media.poblenouurbandistrict.com\/2023\/03\/25060820\/ar-de-web-scaled.jpg","width":2560,"height":1698},{"@type":"BreadcrumbList","@id":"https:\/\/poblenouurbandistrict.com\/es\/descobreix-la-programacio-dels-12-espais-collaboradors-del-circuit-dart-i-disseny-ar-de\/#breadcrumb","itemListElement":[{"@type":"ListItem","position":1,"name":"Home","item":"https:\/\/poblenouurbandistrict.com\/es\/"},{"@type":"ListItem","position":2,"name":"Descobreix la programaci\u00f3 dels 12 espais col\u00b7laboradors del circuit d&#8217;art i disseny, AR-DE"}]},{"@type":"WebSite","@id":"https:\/\/poblenouurbandistrict.com\/es\/#website","url":"https:\/\/poblenouurbandistrict.com\/es\/","name":"Poblenou Urban District","description":"Comunidad Creativa","potentialAction":[{"@type":"SearchAction","target":{"@type":"EntryPoint","urlTemplate":"https:\/\/poblenouurbandistrict.com\/es\/?s={search_term_string}"},"query-input":{"@type":"PropertyValueSpecification","valueRequired":true,"valueName":"search_term_string"}}],"inLanguage":"es"},{"@type":"Person","@id":"https:\/\/poblenouurbandistrict.com\/#\/schema\/person\/980a2cf34b399d5218205730acd54a7e","name":"pnud","image":{"@type":"ImageObject","inLanguage":"es","@id":"https:\/\/secure.gravatar.com\/avatar\/67146597b405ee077a24e519f75c3e2031736596d6ce35af3a34c122c93d0d7b?s=96&d=retro&r=g","url":"https:\/\/secure.gravatar.com\/avatar\/67146597b405ee077a24e519f75c3e2031736596d6ce35af3a34c122c93d0d7b?s=96&d=retro&r=g","contentUrl":"https:\/\/secure.gravatar.com\/avatar\/67146597b405ee077a24e519f75c3e2031736596d6ce35af3a34c122c93d0d7b?s=96&d=retro&r=g","caption":"pnud"}}]}},"_links":{"self":[{"href":"https:\/\/poblenouurbandistrict.com\/es\/wp-json\/wp\/v2\/posts\/37325","targetHints":{"allow":["GET"]}}],"collection":[{"href":"https:\/\/poblenouurbandistrict.com\/es\/wp-json\/wp\/v2\/posts"}],"about":[{"href":"https:\/\/poblenouurbandistrict.com\/es\/wp-json\/wp\/v2\/types\/post"}],"author":[{"embeddable":true,"href":"https:\/\/poblenouurbandistrict.com\/es\/wp-json\/wp\/v2\/users\/5"}],"replies":[{"embeddable":true,"href":"https:\/\/poblenouurbandistrict.com\/es\/wp-json\/wp\/v2\/comments?post=37325"}],"version-history":[{"count":54,"href":"https:\/\/poblenouurbandistrict.com\/es\/wp-json\/wp\/v2\/posts\/37325\/revisions"}],"predecessor-version":[{"id":37685,"href":"https:\/\/poblenouurbandistrict.com\/es\/wp-json\/wp\/v2\/posts\/37325\/revisions\/37685"}],"wp:featuredmedia":[{"embeddable":true,"href":"https:\/\/poblenouurbandistrict.com\/es\/wp-json\/wp\/v2\/media\/37429"}],"wp:attachment":[{"href":"https:\/\/poblenouurbandistrict.com\/es\/wp-json\/wp\/v2\/media?parent=37325"}],"wp:term":[{"taxonomy":"category","embeddable":true,"href":"https:\/\/poblenouurbandistrict.com\/es\/wp-json\/wp\/v2\/categories?post=37325"},{"taxonomy":"post_tag","embeddable":true,"href":"https:\/\/poblenouurbandistrict.com\/es\/wp-json\/wp\/v2\/tags?post=37325"}],"curies":[{"name":"wp","href":"https:\/\/api.w.org\/{rel}","templated":true}]}}