{"id":38032,"date":"2023-04-13T13:16:46","date_gmt":"2023-04-13T11:16:46","guid":{"rendered":"https:\/\/poblenouurbandistrict.com\/?p=38032"},"modified":"2023-04-26T23:17:58","modified_gmt":"2023-04-26T21:17:58","slug":"et-perdras-el-poblenou-open-day-vine-a-coneixer-loferta-cultural-del-districte-creatiu-de-barcelona-el-6-de-maig","status":"publish","type":"post","link":"https:\/\/poblenouurbandistrict.com\/es\/et-perdras-el-poblenou-open-day-vine-a-coneixer-loferta-cultural-del-districte-creatiu-de-barcelona-el-6-de-maig\/","title":{"rendered":"El s\u00e1bado, 6 de mayo, ven a conocer la programaci\u00f3n cultural del Poblenou Open Day"},"content":{"rendered":"<p>\u00bfQuieres descubrir la programaci\u00f3n cultural, art\u00edstica y creativa del Distrito Creativo de Barcelona? Estamos muy contentos de comunicaros que el <strong>Poblenou Open Day<\/strong> vuelve el 6 de mayo, un evento donde la comunidad de asociados del Poblenou Urban District abre alrededor de setenta espacios.<\/p>\n<p>Durante <strong>10 horas<\/strong>, de 12h a 22h non stop, podr\u00e1s disfrutar de actividades abiertas a todo el mundo: exposiciones de arte, workshops, talleres, visitas guiadas, teatro, fotograf\u00eda, mindfulness, m\u00fasica en directo, propuestas gastron\u00f3micas&#8230; Estate muy atento en nuestros canales de comunicaci\u00f3n porque en breve anunciaremos la programaci\u00f3n completa.<\/p>\n<p><span style=\"font-weight: 400;\">Este a\u00f1o, la campa\u00f1a gr\u00e1fica ha sido realizada por <a href=\"https:\/\/wassabistereo.com\/\">Wassabi Stereo Design<\/a>, estudio de creatividad, dise\u00f1o y comunicaci\u00f3n y socio de Poblenou Urban District. Las creatividades de este a\u00f1o destacan por su composici\u00f3n tipogr\u00e1fica, colores planos y uso de las sombras.<\/span><\/p>\n<h3><strong>\u00a1Nos vemos muy pronto!<\/strong><\/h3>\n<p><\/p>","protected":false},"excerpt":{"rendered":"<p>\u00bfQuieres descubrir la programaci\u00f3n cultural, art\u00edstica y creativa del Distrito Creativo de Barcelona? Estamos muy contentos de comunicaros que el&#8230; <a href=\"https:\/\/poblenouurbandistrict.com\/es\/et-perdras-el-poblenou-open-day-vine-a-coneixer-loferta-cultural-del-districte-creatiu-de-barcelona-el-6-de-maig\/\">M\u00e1s  \u2192<\/a><\/p>\n","protected":false},"author":5,"featured_media":38104,"comment_status":"closed","ping_status":"closed","sticky":false,"template":"","format":"standard","meta":{"_acf_changed":false,"footnotes":""},"categories":[3567],"tags":[],"class_list":["post-38032","post","type-post","status-publish","format-standard","has-post-thumbnail","hentry","category-poblenou-open-day-2"],"acf":[],"yoast_head":"<!-- This site is optimized with the Yoast SEO plugin v27.5 - https:\/\/yoast.com\/product\/yoast-seo-wordpress\/ -->\n<title>El s\u00e1bado, 6 de mayo, ven a conocer la programaci\u00f3n cultural del Poblenou Open Day &#8211; Poblenou Urban District<\/title>\n<meta name=\"robots\" content=\"index, follow, max-snippet:-1, max-image-preview:large, max-video-preview:-1\" \/>\n<link rel=\"canonical\" href=\"https:\/\/poblenouurbandistrict.com\/es\/et-perdras-el-poblenou-open-day-vine-a-coneixer-loferta-cultural-del-districte-creatiu-de-barcelona-el-6-de-maig\/\" \/>\n<meta property=\"og:locale\" content=\"es_ES\" \/>\n<meta property=\"og:type\" content=\"article\" \/>\n<meta property=\"og:title\" content=\"El s\u00e1bado, 6 de mayo, ven a conocer la programaci\u00f3n cultural del Poblenou Open Day &#8211; Poblenou Urban District\" \/>\n<meta property=\"og:description\" content=\"\u00bfQuieres descubrir la programaci\u00f3n cultural, art\u00edstica y creativa del Distrito Creativo de Barcelona? Estamos muy contentos de comunicaros que el... M\u00e1s \u2192\" \/>\n<meta property=\"og:url\" content=\"https:\/\/poblenouurbandistrict.com\/es\/et-perdras-el-poblenou-open-day-vine-a-coneixer-loferta-cultural-del-districte-creatiu-de-barcelona-el-6-de-maig\/\" \/>\n<meta property=\"og:site_name\" content=\"Poblenou Urban District\" \/>\n<meta property=\"article:published_time\" content=\"2023-04-13T11:16:46+00:00\" \/>\n<meta property=\"article:modified_time\" content=\"2023-04-26T21:17:58+00:00\" \/>\n<meta property=\"og:image\" content=\"https:\/\/poblenouurbandistrict.com\/wp-content\/uploads\/2023\/04\/bannerweb-mesa-de-trabajo-1-copia-5.jpg\" \/>\n\t<meta property=\"og:image:width\" content=\"640\" \/>\n\t<meta property=\"og:image:height\" content=\"403\" \/>\n\t<meta property=\"og:image:type\" content=\"image\/jpeg\" \/>\n<meta name=\"author\" content=\"pnud\" \/>\n<meta name=\"twitter:card\" content=\"summary_large_image\" \/>\n<meta name=\"twitter:label1\" content=\"Escrito por\" \/>\n\t<meta name=\"twitter:data1\" content=\"pnud\" \/>\n\t<meta name=\"twitter:label2\" content=\"Tiempo de lectura\" \/>\n\t<meta name=\"twitter:data2\" content=\"1 minuto\" \/>\n<script type=\"application\/ld+json\" class=\"yoast-schema-graph\">{\"@context\":\"https:\\\/\\\/schema.org\",\"@graph\":[{\"@type\":\"Article\",\"@id\":\"https:\\\/\\\/poblenouurbandistrict.com\\\/et-perdras-el-poblenou-open-day-vine-a-coneixer-loferta-cultural-del-districte-creatiu-de-barcelona-el-6-de-maig\\\/#article\",\"isPartOf\":{\"@id\":\"https:\\\/\\\/poblenouurbandistrict.com\\\/et-perdras-el-poblenou-open-day-vine-a-coneixer-loferta-cultural-del-districte-creatiu-de-barcelona-el-6-de-maig\\\/\"},\"author\":{\"name\":\"pnud\",\"@id\":\"https:\\\/\\\/poblenouurbandistrict.com\\\/#\\\/schema\\\/person\\\/980a2cf34b399d5218205730acd54a7e\"},\"headline\":\"El s\u00e1bado, 6 de mayo, ven a conocer la programaci\u00f3n cultural del Poblenou Open Day\",\"datePublished\":\"2023-04-13T11:16:46+00:00\",\"dateModified\":\"2023-04-26T21:17:58+00:00\",\"mainEntityOfPage\":{\"@id\":\"https:\\\/\\\/poblenouurbandistrict.com\\\/et-perdras-el-poblenou-open-day-vine-a-coneixer-loferta-cultural-del-districte-creatiu-de-barcelona-el-6-de-maig\\\/\"},\"wordCount\":326,\"image\":{\"@id\":\"https:\\\/\\\/poblenouurbandistrict.com\\\/et-perdras-el-poblenou-open-day-vine-a-coneixer-loferta-cultural-del-districte-creatiu-de-barcelona-el-6-de-maig\\\/#primaryimage\"},\"thumbnailUrl\":\"https:\\\/\\\/poblenouurbandistrict.com\\\/wp-content\\\/uploads\\\/2023\\\/04\\\/bannerweb-mesa-de-trabajo-1-copia-5.jpg\",\"articleSection\":[\"Poblenou Open Day\"],\"inLanguage\":\"es\"},{\"@type\":\"WebPage\",\"@id\":\"https:\\\/\\\/poblenouurbandistrict.com\\\/es\\\/et-perdras-el-poblenou-open-day-vine-a-coneixer-loferta-cultural-del-districte-creatiu-de-barcelona-el-6-de-maig\\\/\",\"url\":\"https:\\\/\\\/poblenouurbandistrict.com\\\/es\\\/et-perdras-el-poblenou-open-day-vine-a-coneixer-loferta-cultural-del-districte-creatiu-de-barcelona-el-6-de-maig\\\/\",\"name\":\"El s\u00e1bado, 6 de mayo, ven a conocer la programaci\u00f3n cultural del Poblenou Open Day &#8211; Poblenou Urban District\",\"isPartOf\":{\"@id\":\"https:\\\/\\\/poblenouurbandistrict.com\\\/es\\\/#website\"},\"primaryImageOfPage\":{\"@id\":\"https:\\\/\\\/poblenouurbandistrict.com\\\/es\\\/et-perdras-el-poblenou-open-day-vine-a-coneixer-loferta-cultural-del-districte-creatiu-de-barcelona-el-6-de-maig\\\/#primaryimage\"},\"image\":{\"@id\":\"https:\\\/\\\/poblenouurbandistrict.com\\\/et-perdras-el-poblenou-open-day-vine-a-coneixer-loferta-cultural-del-districte-creatiu-de-barcelona-el-6-de-maig\\\/#primaryimage\"},\"thumbnailUrl\":\"https:\\\/\\\/poblenouurbandistrict.com\\\/wp-content\\\/uploads\\\/2023\\\/04\\\/bannerweb-mesa-de-trabajo-1-copia-5.jpg\",\"datePublished\":\"2023-04-13T11:16:46+00:00\",\"dateModified\":\"2023-04-26T21:17:58+00:00\",\"author\":{\"@id\":\"https:\\\/\\\/poblenouurbandistrict.com\\\/#\\\/schema\\\/person\\\/980a2cf34b399d5218205730acd54a7e\"},\"breadcrumb\":{\"@id\":\"https:\\\/\\\/poblenouurbandistrict.com\\\/es\\\/et-perdras-el-poblenou-open-day-vine-a-coneixer-loferta-cultural-del-districte-creatiu-de-barcelona-el-6-de-maig\\\/#breadcrumb\"},\"inLanguage\":\"es\",\"potentialAction\":[{\"@type\":\"ReadAction\",\"target\":[[\"https:\\\/\\\/poblenouurbandistrict.com\\\/es\\\/et-perdras-el-poblenou-open-day-vine-a-coneixer-loferta-cultural-del-districte-creatiu-de-barcelona-el-6-de-maig\\\/\"]]}]},{\"@type\":\"ImageObject\",\"inLanguage\":\"es\",\"@id\":\"https:\\\/\\\/poblenouurbandistrict.com\\\/es\\\/et-perdras-el-poblenou-open-day-vine-a-coneixer-loferta-cultural-del-districte-creatiu-de-barcelona-el-6-de-maig\\\/#primaryimage\",\"url\":\"https:\\\/\\\/poblenouurbandistrict.com\\\/wp-content\\\/uploads\\\/2023\\\/04\\\/bannerweb-mesa-de-trabajo-1-copia-5.jpg\",\"contentUrl\":\"https:\\\/\\\/poblenouurbandistrict.com\\\/wp-content\\\/uploads\\\/2023\\\/04\\\/bannerweb-mesa-de-trabajo-1-copia-5.jpg\",\"width\":2560,\"height\":1613},{\"@type\":\"BreadcrumbList\",\"@id\":\"https:\\\/\\\/poblenouurbandistrict.com\\\/es\\\/et-perdras-el-poblenou-open-day-vine-a-coneixer-loferta-cultural-del-districte-creatiu-de-barcelona-el-6-de-maig\\\/#breadcrumb\",\"itemListElement\":[{\"@type\":\"ListItem\",\"position\":1,\"name\":\"Home\",\"item\":\"https:\\\/\\\/poblenouurbandistrict.com\\\/es\\\/\"},{\"@type\":\"ListItem\",\"position\":2,\"name\":\"El dissabte, 6 de maig, vine a con\u00e8ixer la programaci\u00f3 cultural del Poblenou Open Day\"}]},{\"@type\":\"WebSite\",\"@id\":\"https:\\\/\\\/poblenouurbandistrict.com\\\/es\\\/#website\",\"url\":\"https:\\\/\\\/poblenouurbandistrict.com\\\/es\\\/\",\"name\":\"Poblenou Urban District\",\"description\":\"Comunidad Creativa\",\"potentialAction\":[{\"@type\":\"SearchAction\",\"target\":{\"@type\":\"EntryPoint\",\"urlTemplate\":\"https:\\\/\\\/poblenouurbandistrict.com\\\/es\\\/?s={search_term_string}\"},\"query-input\":{\"@type\":\"PropertyValueSpecification\",\"valueRequired\":true,\"valueName\":\"search_term_string\"}}],\"inLanguage\":\"es\"},{\"@type\":\"Person\",\"@id\":\"https:\\\/\\\/poblenouurbandistrict.com\\\/#\\\/schema\\\/person\\\/980a2cf34b399d5218205730acd54a7e\",\"name\":\"pnud\",\"image\":{\"@type\":\"ImageObject\",\"inLanguage\":\"es\",\"@id\":\"https:\\\/\\\/secure.gravatar.com\\\/avatar\\\/67146597b405ee077a24e519f75c3e2031736596d6ce35af3a34c122c93d0d7b?s=96&d=retro&r=g\",\"url\":\"https:\\\/\\\/secure.gravatar.com\\\/avatar\\\/67146597b405ee077a24e519f75c3e2031736596d6ce35af3a34c122c93d0d7b?s=96&d=retro&r=g\",\"contentUrl\":\"https:\\\/\\\/secure.gravatar.com\\\/avatar\\\/67146597b405ee077a24e519f75c3e2031736596d6ce35af3a34c122c93d0d7b?s=96&d=retro&r=g\",\"caption\":\"pnud\"}}]}<\/script>\n<!-- \/ Yoast SEO plugin. -->","yoast_head_json":{"title":"El s\u00e1bado, 6 de mayo, ven a conocer la programaci\u00f3n cultural del Poblenou Open Day &#8211; Poblenou Urban District","robots":{"index":"index","follow":"follow","max-snippet":"max-snippet:-1","max-image-preview":"max-image-preview:large","max-video-preview":"max-video-preview:-1"},"canonical":"https:\/\/poblenouurbandistrict.com\/es\/et-perdras-el-poblenou-open-day-vine-a-coneixer-loferta-cultural-del-districte-creatiu-de-barcelona-el-6-de-maig\/","og_locale":"es_ES","og_type":"article","og_title":"El s\u00e1bado, 6 de mayo, ven a conocer la programaci\u00f3n cultural del Poblenou Open Day &#8211; Poblenou Urban District","og_description":"\u00bfQuieres descubrir la programaci\u00f3n cultural, art\u00edstica y creativa del Distrito Creativo de Barcelona? Estamos muy contentos de comunicaros que el... M\u00e1s \u2192","og_url":"https:\/\/poblenouurbandistrict.com\/es\/et-perdras-el-poblenou-open-day-vine-a-coneixer-loferta-cultural-del-districte-creatiu-de-barcelona-el-6-de-maig\/","og_site_name":"Poblenou Urban District","article_published_time":"2023-04-13T11:16:46+00:00","article_modified_time":"2023-04-26T21:17:58+00:00","og_image":[{"url":"https:\/\/poblenouurbandistrict.com\/wp-content\/uploads\/2023\/04\/bannerweb-mesa-de-trabajo-1-copia-5.jpg","width":640,"height":403,"type":"image\/jpeg"}],"author":"pnud","twitter_card":"summary_large_image","twitter_misc":{"Escrito por":"pnud","Tiempo de lectura":"1 minuto"},"schema":{"@context":"https:\/\/schema.org","@graph":[{"@type":"Article","@id":"https:\/\/poblenouurbandistrict.com\/et-perdras-el-poblenou-open-day-vine-a-coneixer-loferta-cultural-del-districte-creatiu-de-barcelona-el-6-de-maig\/#article","isPartOf":{"@id":"https:\/\/poblenouurbandistrict.com\/et-perdras-el-poblenou-open-day-vine-a-coneixer-loferta-cultural-del-districte-creatiu-de-barcelona-el-6-de-maig\/"},"author":{"name":"pnud","@id":"https:\/\/poblenouurbandistrict.com\/#\/schema\/person\/980a2cf34b399d5218205730acd54a7e"},"headline":"El s\u00e1bado, 6 de mayo, ven a conocer la programaci\u00f3n cultural del Poblenou Open Day","datePublished":"2023-04-13T11:16:46+00:00","dateModified":"2023-04-26T21:17:58+00:00","mainEntityOfPage":{"@id":"https:\/\/poblenouurbandistrict.com\/et-perdras-el-poblenou-open-day-vine-a-coneixer-loferta-cultural-del-districte-creatiu-de-barcelona-el-6-de-maig\/"},"wordCount":326,"image":{"@id":"https:\/\/poblenouurbandistrict.com\/et-perdras-el-poblenou-open-day-vine-a-coneixer-loferta-cultural-del-districte-creatiu-de-barcelona-el-6-de-maig\/#primaryimage"},"thumbnailUrl":"https:\/\/poblenouurbandistrict.com\/wp-content\/uploads\/2023\/04\/bannerweb-mesa-de-trabajo-1-copia-5.jpg","articleSection":["Poblenou Open Day"],"inLanguage":"es"},{"@type":"WebPage","@id":"https:\/\/poblenouurbandistrict.com\/es\/et-perdras-el-poblenou-open-day-vine-a-coneixer-loferta-cultural-del-districte-creatiu-de-barcelona-el-6-de-maig\/","url":"https:\/\/poblenouurbandistrict.com\/es\/et-perdras-el-poblenou-open-day-vine-a-coneixer-loferta-cultural-del-districte-creatiu-de-barcelona-el-6-de-maig\/","name":"El s\u00e1bado, 6 de mayo, ven a conocer la programaci\u00f3n cultural del Poblenou Open Day &#8211; Poblenou Urban District","isPartOf":{"@id":"https:\/\/poblenouurbandistrict.com\/es\/#website"},"primaryImageOfPage":{"@id":"https:\/\/poblenouurbandistrict.com\/es\/et-perdras-el-poblenou-open-day-vine-a-coneixer-loferta-cultural-del-districte-creatiu-de-barcelona-el-6-de-maig\/#primaryimage"},"image":{"@id":"https:\/\/poblenouurbandistrict.com\/et-perdras-el-poblenou-open-day-vine-a-coneixer-loferta-cultural-del-districte-creatiu-de-barcelona-el-6-de-maig\/#primaryimage"},"thumbnailUrl":"https:\/\/poblenouurbandistrict.com\/wp-content\/uploads\/2023\/04\/bannerweb-mesa-de-trabajo-1-copia-5.jpg","datePublished":"2023-04-13T11:16:46+00:00","dateModified":"2023-04-26T21:17:58+00:00","author":{"@id":"https:\/\/poblenouurbandistrict.com\/#\/schema\/person\/980a2cf34b399d5218205730acd54a7e"},"breadcrumb":{"@id":"https:\/\/poblenouurbandistrict.com\/es\/et-perdras-el-poblenou-open-day-vine-a-coneixer-loferta-cultural-del-districte-creatiu-de-barcelona-el-6-de-maig\/#breadcrumb"},"inLanguage":"es","potentialAction":[{"@type":"ReadAction","target":[["https:\/\/poblenouurbandistrict.com\/es\/et-perdras-el-poblenou-open-day-vine-a-coneixer-loferta-cultural-del-districte-creatiu-de-barcelona-el-6-de-maig\/"]]}]},{"@type":"ImageObject","inLanguage":"es","@id":"https:\/\/poblenouurbandistrict.com\/es\/et-perdras-el-poblenou-open-day-vine-a-coneixer-loferta-cultural-del-districte-creatiu-de-barcelona-el-6-de-maig\/#primaryimage","url":"https:\/\/poblenouurbandistrict.com\/wp-content\/uploads\/2023\/04\/bannerweb-mesa-de-trabajo-1-copia-5.jpg","contentUrl":"https:\/\/poblenouurbandistrict.com\/wp-content\/uploads\/2023\/04\/bannerweb-mesa-de-trabajo-1-copia-5.jpg","width":2560,"height":1613},{"@type":"BreadcrumbList","@id":"https:\/\/poblenouurbandistrict.com\/es\/et-perdras-el-poblenou-open-day-vine-a-coneixer-loferta-cultural-del-districte-creatiu-de-barcelona-el-6-de-maig\/#breadcrumb","itemListElement":[{"@type":"ListItem","position":1,"name":"Home","item":"https:\/\/poblenouurbandistrict.com\/es\/"},{"@type":"ListItem","position":2,"name":"El dissabte, 6 de maig, vine a con\u00e8ixer la programaci\u00f3 cultural del Poblenou Open Day"}]},{"@type":"WebSite","@id":"https:\/\/poblenouurbandistrict.com\/es\/#website","url":"https:\/\/poblenouurbandistrict.com\/es\/","name":"Poblenou Urban District","description":"Comunidad Creativa","potentialAction":[{"@type":"SearchAction","target":{"@type":"EntryPoint","urlTemplate":"https:\/\/poblenouurbandistrict.com\/es\/?s={search_term_string}"},"query-input":{"@type":"PropertyValueSpecification","valueRequired":true,"valueName":"search_term_string"}}],"inLanguage":"es"},{"@type":"Person","@id":"https:\/\/poblenouurbandistrict.com\/#\/schema\/person\/980a2cf34b399d5218205730acd54a7e","name":"pnud","image":{"@type":"ImageObject","inLanguage":"es","@id":"https:\/\/secure.gravatar.com\/avatar\/67146597b405ee077a24e519f75c3e2031736596d6ce35af3a34c122c93d0d7b?s=96&d=retro&r=g","url":"https:\/\/secure.gravatar.com\/avatar\/67146597b405ee077a24e519f75c3e2031736596d6ce35af3a34c122c93d0d7b?s=96&d=retro&r=g","contentUrl":"https:\/\/secure.gravatar.com\/avatar\/67146597b405ee077a24e519f75c3e2031736596d6ce35af3a34c122c93d0d7b?s=96&d=retro&r=g","caption":"pnud"}}]}},"_links":{"self":[{"href":"https:\/\/poblenouurbandistrict.com\/es\/wp-json\/wp\/v2\/posts\/38032","targetHints":{"allow":["GET"]}}],"collection":[{"href":"https:\/\/poblenouurbandistrict.com\/es\/wp-json\/wp\/v2\/posts"}],"about":[{"href":"https:\/\/poblenouurbandistrict.com\/es\/wp-json\/wp\/v2\/types\/post"}],"author":[{"embeddable":true,"href":"https:\/\/poblenouurbandistrict.com\/es\/wp-json\/wp\/v2\/users\/5"}],"replies":[{"embeddable":true,"href":"https:\/\/poblenouurbandistrict.com\/es\/wp-json\/wp\/v2\/comments?post=38032"}],"version-history":[{"count":13,"href":"https:\/\/poblenouurbandistrict.com\/es\/wp-json\/wp\/v2\/posts\/38032\/revisions"}],"predecessor-version":[{"id":38559,"href":"https:\/\/poblenouurbandistrict.com\/es\/wp-json\/wp\/v2\/posts\/38032\/revisions\/38559"}],"wp:featuredmedia":[{"embeddable":true,"href":"https:\/\/poblenouurbandistrict.com\/es\/wp-json\/wp\/v2\/media\/38104"}],"wp:attachment":[{"href":"https:\/\/poblenouurbandistrict.com\/es\/wp-json\/wp\/v2\/media?parent=38032"}],"wp:term":[{"taxonomy":"category","embeddable":true,"href":"https:\/\/poblenouurbandistrict.com\/es\/wp-json\/wp\/v2\/categories?post=38032"},{"taxonomy":"post_tag","embeddable":true,"href":"https:\/\/poblenouurbandistrict.com\/es\/wp-json\/wp\/v2\/tags?post=38032"}],"curies":[{"name":"wp","href":"https:\/\/api.w.org\/{rel}","templated":true}]}}