{"id":38050,"date":"2023-04-13T12:59:09","date_gmt":"2023-04-13T10:59:09","guid":{"rendered":"https:\/\/poblenouurbandistrict.com\/?p=38050"},"modified":"2023-04-13T12:59:09","modified_gmt":"2023-04-13T10:59:09","slug":"viatja-arreu-del-mon-amb-els-tallers-gastronomics-despai-granada","status":"publish","type":"post","link":"https:\/\/poblenouurbandistrict.com\/es\/viatja-arreu-del-mon-amb-els-tallers-gastronomics-despai-granada\/","title":{"rendered":"Viaja alrededor del mundo con los talleres gastron\u00f3micos de Espai Granada"},"content":{"rendered":"<p><span style=\"font-weight: 400;\">Como cada mes, <a href=\"https:\/\/www.espaigranada.com\/\">Espai Granada<\/a> ofrece una gran variedad de actividades y talleres gastron\u00f3micos para disfrutar con amigos, familia o incluso solo de la cocina, tanto local como internacional. Si te gusta descubrir la gastronom\u00eda de diferentes culturas y sobre todo disfrutar de una buena comida, no te pierdas su programaci\u00f3n.<\/span><\/p>\n<p><span style=\"font-weight: 400;\">Asimismo, desde hace muy poco, han estrenado una nueva experiencia gastron\u00f3mica <a href=\"https:\/\/www.espaigranada.com\/informacion-del-evento\/atic-bistro-8\">\u00c0tic Bistr\u00f3<\/a>, un men\u00fa degustaci\u00f3n del chef franc\u00e9s Mathie Porcher que cambia cada mes y utiliza productos de temporada, de proximidad y ecol\u00f3gicos bas\u00e1ndose en el principio del bistr\u00f3 franc\u00e9s, peque\u00f1os restaurantes de car\u00e1cter popular que sirven comida a precios m\u00e1s econ\u00f3micos.\u00a0<\/span><\/p>\n<p>&nbsp;<\/p>\n<h3><a href=\"https:\/\/www.espaigranada.com\/informacion-del-evento\/taller-de-cocina-india\"><b>Taller de cocina india<\/b><\/a><\/h3>\n<p><span style=\"font-weight: 400;\">Colores vivos, sabor picante\u2026 Estos elementos representan perfectamente la gastronom\u00eda india. El primer taller del mes que ofrece Espai Granda se centra en la cocina de este pa\u00eds y es el <\/span><b>13 de abril<\/b><span style=\"font-weight: 400;\"> de <\/span><b>19h a 22h<\/b><span style=\"font-weight: 400;\">. Este taller nos abre la puerta a la cultura india y a todos los matices que la hacen tan especial y \u00fanica. Tienes la oportunidad de adentrarte en su cocina de la mano del chef Mayela.\u00a0<\/span><\/p>\n<p><span style=\"font-weight: 400;\">Si te apuntas, podr\u00e1s elaborar los platos m\u00e1s tradicionales de esta cocina como el Pulao o la Madras curry de pollo.<\/span><\/p>\n<p>&nbsp;<\/p>\n<h3><a href=\"https:\/\/www.espaigranada.com\/informacion-del-evento\/cocina-coreana-4\"><b>Taller de cocina coreana<\/b><\/a><\/h3>\n<p><span style=\"font-weight: 400;\">Se ha puesto muy de moda el kimchi y existen muchas recetas de c\u00f3mo hacerlo de forma casera, pero \u00bfsab\u00edas que el kimchi procede de la gastronom\u00eda coreana? El <\/span><b>19 de abril<\/b><span style=\"font-weight: 400;\"> de <\/span><b>19h a 22h, <\/b><span style=\"font-weight: 400;\">podr\u00e1s vivir un viaje gastron\u00f3mico acompa\u00f1ado de una experta del sector que explicar\u00e1 la evoluci\u00f3n de esta cocina y dar\u00e1 a conocer los platos t\u00edpicos del pa\u00eds como el Manu (dumplings coreanos) o el Bibimbap Bol de arroz con verduras, huevo y pasta de guindilla coreana.\u00a0<\/span><\/p>\n<h3><\/h3>\n<h3><a href=\"https:\/\/www.espaigranada.com\/informacion-del-evento\/taller-en-familia-de-tartaletas-de-frutas\"><b>Taller en familia de Tartaletas de Frutas<\/b><\/a><\/h3>\n<p><span style=\"font-weight: 400;\">Si eres m\u00e1s de dulce y quieres hacer una actividad familiar, tienes la oportunidad de apuntarte al taller de Tartaletas de Frutas<\/span><b> el 22 de abril<\/b><span style=\"font-weight: 400;\"> de <\/span><b>11h a 13.30h. <\/b><span style=\"font-weight: 400;\">El taller se impartir\u00e1\u00a0 con la ayuda de una chef repostera, la cual explicar\u00e1 paso a paso c\u00f3mo hacer las mini tartaletas. No solo se decorar\u00e1n con frutas de temporada, sino que tambi\u00e9n se aprender\u00e1 a hacer una buena masa quebrada y una crema pastelera.\u00a0<\/span><\/p>\n<p><span style=\"font-weight: 400;\">Ap\u00fantate y aprende a hacer esta receta tan f\u00e1cil y sabrosa e impresiona a tu familia y amigos.<\/span><\/p>\n<p>&nbsp;<\/p>\n<h3><a href=\"https:\/\/www.espaigranada.com\/informacion-del-evento\/taller-de-pizza-11\"><b>Taller de pizza<\/b><\/a><\/h3>\n<p><span style=\"font-weight: 400;\">\u00bfQuieres aprender a hacer la mejor pizza italiana en casa? Espai Granada te invita a poner las manos en la masa con el taller del chef napolitano Natale Russo. El <\/span><b>25 de abril <\/b><span style=\"font-weight: 400;\">de <\/span><b>19h a 22h<\/b><span style=\"font-weight: 400;\">, aprender\u00e1s las recetas de pizza y focaccia, la fermentaci\u00f3n, los tipos de harinas, el horno y diferentes ingredientes de la cocina italiana. Asimismo, se har\u00e1 una degustaci\u00f3n de pizzas y sorpresa final\u2026 podr\u00e1s hacer pizza fritta.<\/span><\/p>\n<p>&nbsp;<\/p>\n<h3>\u00a1Corre que las plazas vuelan!<\/h3>\n<p><\/p>","protected":false},"excerpt":{"rendered":"<p>Como cada mes, Espai Granada ofrece una gran variedad de actividades y talleres gastron\u00f3micos para disfrutar con amigos, familia o&#8230; <a href=\"https:\/\/poblenouurbandistrict.com\/es\/viatja-arreu-del-mon-amb-els-tallers-gastronomics-despai-granada\/\">M\u00e1s  \u2192<\/a><\/p>\n","protected":false},"author":5,"featured_media":36596,"comment_status":"closed","ping_status":"closed","sticky":false,"template":"","format":"standard","meta":{"_acf_changed":false,"footnotes":""},"categories":[1],"tags":[],"class_list":["post-38050","post","type-post","status-publish","format-standard","has-post-thumbnail","hentry","category-noticias"],"acf":[],"yoast_head":"<!-- This site is optimized with the Yoast SEO plugin v27.5 - https:\/\/yoast.com\/product\/yoast-seo-wordpress\/ -->\n<title>Viaja alrededor del mundo con los talleres gastron\u00f3micos de Espai Granada &#8211; Poblenou Urban District<\/title>\n<meta name=\"robots\" content=\"index, follow, max-snippet:-1, max-image-preview:large, max-video-preview:-1\" \/>\n<link rel=\"canonical\" href=\"https:\/\/poblenouurbandistrict.com\/es\/viatja-arreu-del-mon-amb-els-tallers-gastronomics-despai-granada\/\" \/>\n<meta property=\"og:locale\" content=\"es_ES\" \/>\n<meta property=\"og:type\" content=\"article\" \/>\n<meta property=\"og:title\" content=\"Viaja alrededor del mundo con los talleres gastron\u00f3micos de Espai Granada &#8211; Poblenou Urban District\" \/>\n<meta property=\"og:description\" content=\"Como cada mes, Espai Granada ofrece una gran variedad de actividades y talleres gastron\u00f3micos para disfrutar con amigos, familia o... M\u00e1s \u2192\" \/>\n<meta property=\"og:url\" content=\"https:\/\/poblenouurbandistrict.com\/es\/viatja-arreu-del-mon-amb-els-tallers-gastronomics-despai-granada\/\" \/>\n<meta property=\"og:site_name\" content=\"Poblenou Urban District\" \/>\n<meta property=\"article:published_time\" content=\"2023-04-13T10:59:09+00:00\" \/>\n<meta property=\"og:image\" content=\"https:\/\/poblenouurbandistrict.com\/wp-content\/uploads\/2023\/01\/espai-granada-3.jpeg\" \/>\n\t<meta property=\"og:image:width\" content=\"1080\" \/>\n\t<meta property=\"og:image:height\" content=\"720\" \/>\n\t<meta property=\"og:image:type\" content=\"image\/jpeg\" \/>\n<meta name=\"author\" content=\"pnud\" \/>\n<meta name=\"twitter:card\" content=\"summary_large_image\" \/>\n<meta name=\"twitter:label1\" content=\"Escrito por\" \/>\n\t<meta name=\"twitter:data1\" content=\"pnud\" \/>\n\t<meta name=\"twitter:label2\" content=\"Tiempo de lectura\" \/>\n\t<meta name=\"twitter:data2\" content=\"3 minutos\" \/>\n<script type=\"application\/ld+json\" class=\"yoast-schema-graph\">{\"@context\":\"https:\\\/\\\/schema.org\",\"@graph\":[{\"@type\":\"Article\",\"@id\":\"https:\\\/\\\/poblenouurbandistrict.com\\\/viatja-arreu-del-mon-amb-els-tallers-gastronomics-despai-granada\\\/#article\",\"isPartOf\":{\"@id\":\"https:\\\/\\\/poblenouurbandistrict.com\\\/viatja-arreu-del-mon-amb-els-tallers-gastronomics-despai-granada\\\/\"},\"author\":{\"name\":\"pnud\",\"@id\":\"https:\\\/\\\/poblenouurbandistrict.com\\\/#\\\/schema\\\/person\\\/980a2cf34b399d5218205730acd54a7e\"},\"headline\":\"Viaja alrededor del mundo con los talleres gastron\u00f3micos de Espai Granada\",\"datePublished\":\"2023-04-13T10:59:09+00:00\",\"mainEntityOfPage\":{\"@id\":\"https:\\\/\\\/poblenouurbandistrict.com\\\/viatja-arreu-del-mon-amb-els-tallers-gastronomics-despai-granada\\\/\"},\"wordCount\":1018,\"image\":{\"@id\":\"https:\\\/\\\/poblenouurbandistrict.com\\\/viatja-arreu-del-mon-amb-els-tallers-gastronomics-despai-granada\\\/#primaryimage\"},\"thumbnailUrl\":\"https:\\\/\\\/media.poblenouurbandistrict.com\\\/2023\\\/01\\\/25055801\\\/espai-granada-3.jpeg\",\"articleSection\":[\"Est\u00e1 pasando\"],\"inLanguage\":\"es\"},{\"@type\":\"WebPage\",\"@id\":\"https:\\\/\\\/poblenouurbandistrict.com\\\/es\\\/viatja-arreu-del-mon-amb-els-tallers-gastronomics-despai-granada\\\/\",\"url\":\"https:\\\/\\\/poblenouurbandistrict.com\\\/es\\\/viatja-arreu-del-mon-amb-els-tallers-gastronomics-despai-granada\\\/\",\"name\":\"Viaja alrededor del mundo con los talleres gastron\u00f3micos de Espai Granada &#8211; Poblenou Urban District\",\"isPartOf\":{\"@id\":\"https:\\\/\\\/poblenouurbandistrict.com\\\/es\\\/#website\"},\"primaryImageOfPage\":{\"@id\":\"https:\\\/\\\/poblenouurbandistrict.com\\\/es\\\/viatja-arreu-del-mon-amb-els-tallers-gastronomics-despai-granada\\\/#primaryimage\"},\"image\":{\"@id\":\"https:\\\/\\\/poblenouurbandistrict.com\\\/viatja-arreu-del-mon-amb-els-tallers-gastronomics-despai-granada\\\/#primaryimage\"},\"thumbnailUrl\":\"https:\\\/\\\/media.poblenouurbandistrict.com\\\/2023\\\/01\\\/25055801\\\/espai-granada-3.jpeg\",\"datePublished\":\"2023-04-13T10:59:09+00:00\",\"author\":{\"@id\":\"https:\\\/\\\/poblenouurbandistrict.com\\\/#\\\/schema\\\/person\\\/980a2cf34b399d5218205730acd54a7e\"},\"breadcrumb\":{\"@id\":\"https:\\\/\\\/poblenouurbandistrict.com\\\/es\\\/viatja-arreu-del-mon-amb-els-tallers-gastronomics-despai-granada\\\/#breadcrumb\"},\"inLanguage\":\"es\",\"potentialAction\":[{\"@type\":\"ReadAction\",\"target\":[[\"https:\\\/\\\/poblenouurbandistrict.com\\\/es\\\/viatja-arreu-del-mon-amb-els-tallers-gastronomics-despai-granada\\\/\"]]}]},{\"@type\":\"ImageObject\",\"inLanguage\":\"es\",\"@id\":\"https:\\\/\\\/poblenouurbandistrict.com\\\/es\\\/viatja-arreu-del-mon-amb-els-tallers-gastronomics-despai-granada\\\/#primaryimage\",\"url\":\"https:\\\/\\\/media.poblenouurbandistrict.com\\\/2023\\\/01\\\/25055801\\\/espai-granada-3.jpeg\",\"contentUrl\":\"https:\\\/\\\/media.poblenouurbandistrict.com\\\/2023\\\/01\\\/25055801\\\/espai-granada-3.jpeg\",\"width\":1080,\"height\":720},{\"@type\":\"BreadcrumbList\",\"@id\":\"https:\\\/\\\/poblenouurbandistrict.com\\\/es\\\/viatja-arreu-del-mon-amb-els-tallers-gastronomics-despai-granada\\\/#breadcrumb\",\"itemListElement\":[{\"@type\":\"ListItem\",\"position\":1,\"name\":\"Home\",\"item\":\"https:\\\/\\\/poblenouurbandistrict.com\\\/es\\\/\"},{\"@type\":\"ListItem\",\"position\":2,\"name\":\"Viatja arreu del m\u00f3n amb els tallers gastron\u00f2mics d&#8217;Espai Granada\"}]},{\"@type\":\"WebSite\",\"@id\":\"https:\\\/\\\/poblenouurbandistrict.com\\\/es\\\/#website\",\"url\":\"https:\\\/\\\/poblenouurbandistrict.com\\\/es\\\/\",\"name\":\"Poblenou Urban District\",\"description\":\"Comunidad Creativa\",\"potentialAction\":[{\"@type\":\"SearchAction\",\"target\":{\"@type\":\"EntryPoint\",\"urlTemplate\":\"https:\\\/\\\/poblenouurbandistrict.com\\\/es\\\/?s={search_term_string}\"},\"query-input\":{\"@type\":\"PropertyValueSpecification\",\"valueRequired\":true,\"valueName\":\"search_term_string\"}}],\"inLanguage\":\"es\"},{\"@type\":\"Person\",\"@id\":\"https:\\\/\\\/poblenouurbandistrict.com\\\/#\\\/schema\\\/person\\\/980a2cf34b399d5218205730acd54a7e\",\"name\":\"pnud\",\"image\":{\"@type\":\"ImageObject\",\"inLanguage\":\"es\",\"@id\":\"https:\\\/\\\/secure.gravatar.com\\\/avatar\\\/67146597b405ee077a24e519f75c3e2031736596d6ce35af3a34c122c93d0d7b?s=96&d=retro&r=g\",\"url\":\"https:\\\/\\\/secure.gravatar.com\\\/avatar\\\/67146597b405ee077a24e519f75c3e2031736596d6ce35af3a34c122c93d0d7b?s=96&d=retro&r=g\",\"contentUrl\":\"https:\\\/\\\/secure.gravatar.com\\\/avatar\\\/67146597b405ee077a24e519f75c3e2031736596d6ce35af3a34c122c93d0d7b?s=96&d=retro&r=g\",\"caption\":\"pnud\"}}]}<\/script>\n<!-- \/ Yoast SEO plugin. -->","yoast_head_json":{"title":"Viaja alrededor del mundo con los talleres gastron\u00f3micos de Espai Granada &#8211; Poblenou Urban District","robots":{"index":"index","follow":"follow","max-snippet":"max-snippet:-1","max-image-preview":"max-image-preview:large","max-video-preview":"max-video-preview:-1"},"canonical":"https:\/\/poblenouurbandistrict.com\/es\/viatja-arreu-del-mon-amb-els-tallers-gastronomics-despai-granada\/","og_locale":"es_ES","og_type":"article","og_title":"Viaja alrededor del mundo con los talleres gastron\u00f3micos de Espai Granada &#8211; Poblenou Urban District","og_description":"Como cada mes, Espai Granada ofrece una gran variedad de actividades y talleres gastron\u00f3micos para disfrutar con amigos, familia o... M\u00e1s \u2192","og_url":"https:\/\/poblenouurbandistrict.com\/es\/viatja-arreu-del-mon-amb-els-tallers-gastronomics-despai-granada\/","og_site_name":"Poblenou Urban District","article_published_time":"2023-04-13T10:59:09+00:00","og_image":[{"width":1080,"height":720,"url":"https:\/\/poblenouurbandistrict.com\/wp-content\/uploads\/2023\/01\/espai-granada-3.jpeg","type":"image\/jpeg"}],"author":"pnud","twitter_card":"summary_large_image","twitter_misc":{"Escrito por":"pnud","Tiempo de lectura":"3 minutos"},"schema":{"@context":"https:\/\/schema.org","@graph":[{"@type":"Article","@id":"https:\/\/poblenouurbandistrict.com\/viatja-arreu-del-mon-amb-els-tallers-gastronomics-despai-granada\/#article","isPartOf":{"@id":"https:\/\/poblenouurbandistrict.com\/viatja-arreu-del-mon-amb-els-tallers-gastronomics-despai-granada\/"},"author":{"name":"pnud","@id":"https:\/\/poblenouurbandistrict.com\/#\/schema\/person\/980a2cf34b399d5218205730acd54a7e"},"headline":"Viaja alrededor del mundo con los talleres gastron\u00f3micos de Espai Granada","datePublished":"2023-04-13T10:59:09+00:00","mainEntityOfPage":{"@id":"https:\/\/poblenouurbandistrict.com\/viatja-arreu-del-mon-amb-els-tallers-gastronomics-despai-granada\/"},"wordCount":1018,"image":{"@id":"https:\/\/poblenouurbandistrict.com\/viatja-arreu-del-mon-amb-els-tallers-gastronomics-despai-granada\/#primaryimage"},"thumbnailUrl":"https:\/\/media.poblenouurbandistrict.com\/2023\/01\/25055801\/espai-granada-3.jpeg","articleSection":["Est\u00e1 pasando"],"inLanguage":"es"},{"@type":"WebPage","@id":"https:\/\/poblenouurbandistrict.com\/es\/viatja-arreu-del-mon-amb-els-tallers-gastronomics-despai-granada\/","url":"https:\/\/poblenouurbandistrict.com\/es\/viatja-arreu-del-mon-amb-els-tallers-gastronomics-despai-granada\/","name":"Viaja alrededor del mundo con los talleres gastron\u00f3micos de Espai Granada &#8211; Poblenou Urban District","isPartOf":{"@id":"https:\/\/poblenouurbandistrict.com\/es\/#website"},"primaryImageOfPage":{"@id":"https:\/\/poblenouurbandistrict.com\/es\/viatja-arreu-del-mon-amb-els-tallers-gastronomics-despai-granada\/#primaryimage"},"image":{"@id":"https:\/\/poblenouurbandistrict.com\/viatja-arreu-del-mon-amb-els-tallers-gastronomics-despai-granada\/#primaryimage"},"thumbnailUrl":"https:\/\/media.poblenouurbandistrict.com\/2023\/01\/25055801\/espai-granada-3.jpeg","datePublished":"2023-04-13T10:59:09+00:00","author":{"@id":"https:\/\/poblenouurbandistrict.com\/#\/schema\/person\/980a2cf34b399d5218205730acd54a7e"},"breadcrumb":{"@id":"https:\/\/poblenouurbandistrict.com\/es\/viatja-arreu-del-mon-amb-els-tallers-gastronomics-despai-granada\/#breadcrumb"},"inLanguage":"es","potentialAction":[{"@type":"ReadAction","target":[["https:\/\/poblenouurbandistrict.com\/es\/viatja-arreu-del-mon-amb-els-tallers-gastronomics-despai-granada\/"]]}]},{"@type":"ImageObject","inLanguage":"es","@id":"https:\/\/poblenouurbandistrict.com\/es\/viatja-arreu-del-mon-amb-els-tallers-gastronomics-despai-granada\/#primaryimage","url":"https:\/\/media.poblenouurbandistrict.com\/2023\/01\/25055801\/espai-granada-3.jpeg","contentUrl":"https:\/\/media.poblenouurbandistrict.com\/2023\/01\/25055801\/espai-granada-3.jpeg","width":1080,"height":720},{"@type":"BreadcrumbList","@id":"https:\/\/poblenouurbandistrict.com\/es\/viatja-arreu-del-mon-amb-els-tallers-gastronomics-despai-granada\/#breadcrumb","itemListElement":[{"@type":"ListItem","position":1,"name":"Home","item":"https:\/\/poblenouurbandistrict.com\/es\/"},{"@type":"ListItem","position":2,"name":"Viatja arreu del m\u00f3n amb els tallers gastron\u00f2mics d&#8217;Espai Granada"}]},{"@type":"WebSite","@id":"https:\/\/poblenouurbandistrict.com\/es\/#website","url":"https:\/\/poblenouurbandistrict.com\/es\/","name":"Poblenou Urban District","description":"Comunidad Creativa","potentialAction":[{"@type":"SearchAction","target":{"@type":"EntryPoint","urlTemplate":"https:\/\/poblenouurbandistrict.com\/es\/?s={search_term_string}"},"query-input":{"@type":"PropertyValueSpecification","valueRequired":true,"valueName":"search_term_string"}}],"inLanguage":"es"},{"@type":"Person","@id":"https:\/\/poblenouurbandistrict.com\/#\/schema\/person\/980a2cf34b399d5218205730acd54a7e","name":"pnud","image":{"@type":"ImageObject","inLanguage":"es","@id":"https:\/\/secure.gravatar.com\/avatar\/67146597b405ee077a24e519f75c3e2031736596d6ce35af3a34c122c93d0d7b?s=96&d=retro&r=g","url":"https:\/\/secure.gravatar.com\/avatar\/67146597b405ee077a24e519f75c3e2031736596d6ce35af3a34c122c93d0d7b?s=96&d=retro&r=g","contentUrl":"https:\/\/secure.gravatar.com\/avatar\/67146597b405ee077a24e519f75c3e2031736596d6ce35af3a34c122c93d0d7b?s=96&d=retro&r=g","caption":"pnud"}}]}},"_links":{"self":[{"href":"https:\/\/poblenouurbandistrict.com\/es\/wp-json\/wp\/v2\/posts\/38050","targetHints":{"allow":["GET"]}}],"collection":[{"href":"https:\/\/poblenouurbandistrict.com\/es\/wp-json\/wp\/v2\/posts"}],"about":[{"href":"https:\/\/poblenouurbandistrict.com\/es\/wp-json\/wp\/v2\/types\/post"}],"author":[{"embeddable":true,"href":"https:\/\/poblenouurbandistrict.com\/es\/wp-json\/wp\/v2\/users\/5"}],"replies":[{"embeddable":true,"href":"https:\/\/poblenouurbandistrict.com\/es\/wp-json\/wp\/v2\/comments?post=38050"}],"version-history":[{"count":4,"href":"https:\/\/poblenouurbandistrict.com\/es\/wp-json\/wp\/v2\/posts\/38050\/revisions"}],"predecessor-version":[{"id":38066,"href":"https:\/\/poblenouurbandistrict.com\/es\/wp-json\/wp\/v2\/posts\/38050\/revisions\/38066"}],"wp:featuredmedia":[{"embeddable":true,"href":"https:\/\/poblenouurbandistrict.com\/es\/wp-json\/wp\/v2\/media\/36596"}],"wp:attachment":[{"href":"https:\/\/poblenouurbandistrict.com\/es\/wp-json\/wp\/v2\/media?parent=38050"}],"wp:term":[{"taxonomy":"category","embeddable":true,"href":"https:\/\/poblenouurbandistrict.com\/es\/wp-json\/wp\/v2\/categories?post=38050"},{"taxonomy":"post_tag","embeddable":true,"href":"https:\/\/poblenouurbandistrict.com\/es\/wp-json\/wp\/v2\/tags?post=38050"}],"curies":[{"name":"wp","href":"https:\/\/api.w.org\/{rel}","templated":true}]}}