{"id":38587,"date":"2023-04-28T18:12:55","date_gmt":"2023-04-28T16:12:55","guid":{"rendered":"https:\/\/poblenouurbandistrict.com\/?p=38587"},"modified":"2023-05-02T17:59:48","modified_gmt":"2023-05-02T15:59:48","slug":"el-4-de-maig-descobreix-mes-sobre-intelligencia-artificial-i-art-a-la-6a-edicio-de-les-urban-talks","status":"publish","type":"post","link":"https:\/\/poblenouurbandistrict.com\/es\/el-4-de-maig-descobreix-mes-sobre-intelligencia-artificial-i-art-a-la-6a-edicio-de-les-urban-talks\/","title":{"rendered":"Descubre m\u00e1s sobre Inteligencia Artificial y arte en la 6\u00aa edici\u00f3n de las Urban Talks"},"content":{"rendered":"<p><span style=\"font-weight: 400;\">Te animamos a participar en la 6\u00aa edici\u00f3n de las Urban Talks que tendr\u00e1 lugar en el auditorio del <a href=\"https:\/\/ajuntament.barcelona.cat\/museudeldisseny\/es\">Disseny Hub<\/a> el pr\u00f3ximo jueves, 4 de mayo, de 17h a 20h. <\/span><span style=\"font-weight: 400;\"><strong>\u201cFrontera Artificial: IA, Arte y Creatividad\u201d<\/strong> es el tema principal de este ciclo de charlas que moderar\u00e1 Frankie Piz\u00e1, Chief Creative Officer (CCO) &amp; Co-founder en GUZZU.<\/span><\/p>\n<p><span style=\"font-weight: 400;\">\u00bfQu\u00e9 impacto tiene la Inteligencia Artificial en los campos del arte y la creatividad? <\/span><span style=\"font-weight: 400;\">El objetivo de este ciclo de charlas itinerantes es reflexionar, gracias al testimonio de expertos y profesionales del sector, sobre los retos y l\u00edmites de la IA, y la competencia de las m\u00e1quinas en la resoluci\u00f3n de retos y toma de decisiones.<\/span><\/p>\n<p>A continuaci\u00f3n, os presentamos el t\u00edtulo de cada charla y los temas espec\u00edficos que se abordar\u00e1n:<\/p>\n<h3><b>TALK #1<\/b><b>: <\/b><b>\u201c<\/b><b>M\u00e1quinas y l\u00edmites creativos\u201d\u00a0<\/b><\/h3>\n<p><span style=\"font-weight: 400;\">\u00bfPueden las m\u00e1quinas inventar cuando no son conscientes de su propia existencia? La primera charla <\/span><span style=\"font-weight: 400;\">tratar\u00e1 sobre<\/span><span style=\"font-weight: 400;\"> el furor por los nuevos sistemas de Inteligencia Artificial como ChatGPT, Stable Diffusion, etc., que nos permiten crear im\u00e1genes realistas, contestar conversaciones, generar proyectos de forma integral y asistirnos en innumerables procesos.<\/span><\/p>\n<p><span style=\"font-weight: 400;\">Los <a href=\"https:\/\/domesticstreamers.com\/\">Domestic Data Streamers<\/a>, un estudio creativo que trabaja en dise\u00f1o, datos, investigaci\u00f3n y artes, llevan desde su fundaci\u00f3n experimentando e implementando proyectos de todo tipo relacionados con datos. Con ellos conoceremos de primera mano c\u00f3mo estos adelantos tecnol\u00f3gicos pueden ayudarnos, alterarnos y comprometer el status quo.<\/span><\/p>\n<h3><b>TALK #2: \u00ab<\/b><b>Frontera artificial\u00bb<\/b><\/h3>\n<p><span style=\"font-weight: 400;\">\u00bfLa Inteligencia Artificial transformar\u00e1 nuestra comprensi\u00f3n de lo que es, c\u00f3mo funciona y c\u00f3mo se valora el arte contempor\u00e1neo? Desde el estallido popular de los sistemas de IA, el futuro de muchos profesionales del dise\u00f1o y del arte contempor\u00e1neo ha cambiado, y no precisamente porque estas herramientas han ampliado su creatividad o eficiencia, sino porque se empiezan a intuir profundos cambios.\u00a0<\/span><\/p>\n<h3 style=\"text-align: center;\"><b>Las Urban Talks son de acceso libre y gratuito hasta completar aforo.<\/b><\/h3>\n<hr \/>\n<h5><span style=\"color: #808080;\"><strong>INFORMACI\u00d3N ADICIONAL<\/strong><\/span><\/h5>\n<ul>\n<li><span style=\"color: #808080;\"><b>D\u00eda:\u00a0<\/b>4 de mayo de 2023<\/span><\/li>\n<li><span style=\"color: #808080;\"><b>Horario:\u00a0<\/b>17h-20h<\/span><\/li>\n<li><span style=\"color: #808080;\"><b>Lugar:<\/b>\u00a0Disseny Hub Barcelona (Auditorio)<\/span><\/li>\n<li><span style=\"color: #808080;\"><b>Transporte:<\/b>\u00a0Metro:\u00a0Gl\u00f2ries (L\u00ednea 1) \/ Clot (L\u00ednea 2) \/ Monumental (L\u00ednea 2) | Tram: Gl\u00f2ries (L\u00edneas T4, T5 y T6 ) | Bus: \u200b\u200b H12, 92, 192<\/span><\/li>\n<li><span style=\"color: #808080;\"><b>Direcci\u00f3n:<\/b>\u00a0Pl. de les Gl\u00f2ries Catalanes, 37 \u2013 38, 08018 Barcelona<\/span><\/li>\n<li><span style=\"color: #808080;\"><b>Entrada:<\/b>\u00a0Gratuita<\/span><\/li>\n<li><span style=\"color: #808080;\"><b>Idiomas:<\/b>\u00a0Castellano<\/span><\/li>\n<\/ul>\n<p><\/p>","protected":false},"excerpt":{"rendered":"<p>Te animamos a participar en la 6\u00aa edici\u00f3n de las Urban Talks que tendr\u00e1 lugar en el auditorio del Disseny&#8230; <a href=\"https:\/\/poblenouurbandistrict.com\/es\/el-4-de-maig-descobreix-mes-sobre-intelligencia-artificial-i-art-a-la-6a-edicio-de-les-urban-talks\/\">M\u00e1s  \u2192<\/a><\/p>\n","protected":false},"author":5,"featured_media":38347,"comment_status":"closed","ping_status":"closed","sticky":false,"template":"","format":"standard","meta":{"_acf_changed":false,"footnotes":""},"categories":[3429],"tags":[],"class_list":["post-38587","post","type-post","status-publish","format-standard","has-post-thumbnail","hentry","category-urban-talks"],"acf":[],"yoast_head":"<!-- This site is optimized with the Yoast SEO plugin v27.4 - https:\/\/yoast.com\/product\/yoast-seo-wordpress\/ -->\n<title>Descubre m\u00e1s sobre Inteligencia Artificial y arte en la 6\u00aa edici\u00f3n de las Urban Talks &#8211; Poblenou Urban District<\/title>\n<meta name=\"robots\" content=\"index, follow, max-snippet:-1, max-image-preview:large, max-video-preview:-1\" \/>\n<link rel=\"canonical\" href=\"https:\/\/poblenouurbandistrict.com\/es\/el-4-de-maig-descobreix-mes-sobre-intelligencia-artificial-i-art-a-la-6a-edicio-de-les-urban-talks\/\" \/>\n<meta property=\"og:locale\" content=\"es_ES\" \/>\n<meta property=\"og:type\" content=\"article\" \/>\n<meta property=\"og:title\" content=\"Descubre m\u00e1s sobre Inteligencia Artificial y arte en la 6\u00aa edici\u00f3n de las Urban Talks &#8211; Poblenou Urban District\" \/>\n<meta property=\"og:description\" content=\"Te animamos a participar en la 6\u00aa edici\u00f3n de las Urban Talks que tendr\u00e1 lugar en el auditorio del Disseny... M\u00e1s \u2192\" \/>\n<meta property=\"og:url\" content=\"https:\/\/poblenouurbandistrict.com\/es\/el-4-de-maig-descobreix-mes-sobre-intelligencia-artificial-i-art-a-la-6a-edicio-de-les-urban-talks\/\" \/>\n<meta property=\"og:site_name\" content=\"Poblenou Urban District\" \/>\n<meta property=\"article:published_time\" content=\"2023-04-28T16:12:55+00:00\" \/>\n<meta property=\"article:modified_time\" content=\"2023-05-02T15:59:48+00:00\" \/>\n<meta property=\"og:image\" content=\"https:\/\/poblenouurbandistrict.com\/wp-content\/uploads\/2023\/04\/diseno-sin-titulo-49.png\" \/>\n\t<meta property=\"og:image:width\" content=\"1311\" \/>\n\t<meta property=\"og:image:height\" content=\"875\" \/>\n\t<meta property=\"og:image:type\" content=\"image\/png\" \/>\n<meta name=\"author\" content=\"pnud\" \/>\n<meta name=\"twitter:card\" content=\"summary_large_image\" \/>\n<meta name=\"twitter:label1\" content=\"Escrito por\" \/>\n\t<meta name=\"twitter:data1\" content=\"pnud\" \/>\n\t<meta name=\"twitter:label2\" content=\"Tiempo de lectura\" \/>\n\t<meta name=\"twitter:data2\" content=\"3 minutos\" \/>\n<script type=\"application\/ld+json\" class=\"yoast-schema-graph\">{\"@context\":\"https:\\\/\\\/schema.org\",\"@graph\":[{\"@type\":\"Article\",\"@id\":\"https:\\\/\\\/poblenouurbandistrict.com\\\/el-4-de-maig-descobreix-mes-sobre-intelligencia-artificial-i-art-a-la-6a-edicio-de-les-urban-talks\\\/#article\",\"isPartOf\":{\"@id\":\"https:\\\/\\\/poblenouurbandistrict.com\\\/el-4-de-maig-descobreix-mes-sobre-intelligencia-artificial-i-art-a-la-6a-edicio-de-les-urban-talks\\\/\"},\"author\":{\"name\":\"pnud\",\"@id\":\"https:\\\/\\\/poblenouurbandistrict.com\\\/#\\\/schema\\\/person\\\/980a2cf34b399d5218205730acd54a7e\"},\"headline\":\"Descubre m\u00e1s sobre Inteligencia Artificial y arte en la 6\u00aa edici\u00f3n de las Urban Talks\",\"datePublished\":\"2023-04-28T16:12:55+00:00\",\"dateModified\":\"2023-05-02T15:59:48+00:00\",\"mainEntityOfPage\":{\"@id\":\"https:\\\/\\\/poblenouurbandistrict.com\\\/el-4-de-maig-descobreix-mes-sobre-intelligencia-artificial-i-art-a-la-6a-edicio-de-les-urban-talks\\\/\"},\"wordCount\":817,\"image\":{\"@id\":\"https:\\\/\\\/poblenouurbandistrict.com\\\/el-4-de-maig-descobreix-mes-sobre-intelligencia-artificial-i-art-a-la-6a-edicio-de-les-urban-talks\\\/#primaryimage\"},\"thumbnailUrl\":\"https:\\\/\\\/media.poblenouurbandistrict.com\\\/2023\\\/04\\\/25061821\\\/diseno-sin-titulo-49.jpg\",\"articleSection\":[\"Urban Talks\"],\"inLanguage\":\"es\"},{\"@type\":\"WebPage\",\"@id\":\"https:\\\/\\\/poblenouurbandistrict.com\\\/es\\\/el-4-de-maig-descobreix-mes-sobre-intelligencia-artificial-i-art-a-la-6a-edicio-de-les-urban-talks\\\/\",\"url\":\"https:\\\/\\\/poblenouurbandistrict.com\\\/es\\\/el-4-de-maig-descobreix-mes-sobre-intelligencia-artificial-i-art-a-la-6a-edicio-de-les-urban-talks\\\/\",\"name\":\"Descubre m\u00e1s sobre Inteligencia Artificial y arte en la 6\u00aa edici\u00f3n de las Urban Talks &#8211; Poblenou Urban District\",\"isPartOf\":{\"@id\":\"https:\\\/\\\/poblenouurbandistrict.com\\\/es\\\/#website\"},\"primaryImageOfPage\":{\"@id\":\"https:\\\/\\\/poblenouurbandistrict.com\\\/es\\\/el-4-de-maig-descobreix-mes-sobre-intelligencia-artificial-i-art-a-la-6a-edicio-de-les-urban-talks\\\/#primaryimage\"},\"image\":{\"@id\":\"https:\\\/\\\/poblenouurbandistrict.com\\\/el-4-de-maig-descobreix-mes-sobre-intelligencia-artificial-i-art-a-la-6a-edicio-de-les-urban-talks\\\/#primaryimage\"},\"thumbnailUrl\":\"https:\\\/\\\/media.poblenouurbandistrict.com\\\/2023\\\/04\\\/25061821\\\/diseno-sin-titulo-49.jpg\",\"datePublished\":\"2023-04-28T16:12:55+00:00\",\"dateModified\":\"2023-05-02T15:59:48+00:00\",\"author\":{\"@id\":\"https:\\\/\\\/poblenouurbandistrict.com\\\/#\\\/schema\\\/person\\\/980a2cf34b399d5218205730acd54a7e\"},\"breadcrumb\":{\"@id\":\"https:\\\/\\\/poblenouurbandistrict.com\\\/es\\\/el-4-de-maig-descobreix-mes-sobre-intelligencia-artificial-i-art-a-la-6a-edicio-de-les-urban-talks\\\/#breadcrumb\"},\"inLanguage\":\"es\",\"potentialAction\":[{\"@type\":\"ReadAction\",\"target\":[[\"https:\\\/\\\/poblenouurbandistrict.com\\\/es\\\/el-4-de-maig-descobreix-mes-sobre-intelligencia-artificial-i-art-a-la-6a-edicio-de-les-urban-talks\\\/\"]]}]},{\"@type\":\"ImageObject\",\"inLanguage\":\"es\",\"@id\":\"https:\\\/\\\/poblenouurbandistrict.com\\\/es\\\/el-4-de-maig-descobreix-mes-sobre-intelligencia-artificial-i-art-a-la-6a-edicio-de-les-urban-talks\\\/#primaryimage\",\"url\":\"https:\\\/\\\/media.poblenouurbandistrict.com\\\/2023\\\/04\\\/25061821\\\/diseno-sin-titulo-49.jpg\",\"contentUrl\":\"https:\\\/\\\/media.poblenouurbandistrict.com\\\/2023\\\/04\\\/25061821\\\/diseno-sin-titulo-49.jpg\",\"width\":1311,\"height\":875},{\"@type\":\"BreadcrumbList\",\"@id\":\"https:\\\/\\\/poblenouurbandistrict.com\\\/es\\\/el-4-de-maig-descobreix-mes-sobre-intelligencia-artificial-i-art-a-la-6a-edicio-de-les-urban-talks\\\/#breadcrumb\",\"itemListElement\":[{\"@type\":\"ListItem\",\"position\":1,\"name\":\"Home\",\"item\":\"https:\\\/\\\/poblenouurbandistrict.com\\\/es\\\/\"},{\"@type\":\"ListItem\",\"position\":2,\"name\":\"Descobreix m\u00e9s sobre Intel\u00b7lig\u00e8ncia Artificial i art a la 6a edici\u00f3 de les Urban Talks\"}]},{\"@type\":\"WebSite\",\"@id\":\"https:\\\/\\\/poblenouurbandistrict.com\\\/es\\\/#website\",\"url\":\"https:\\\/\\\/poblenouurbandistrict.com\\\/es\\\/\",\"name\":\"Poblenou Urban District\",\"description\":\"Comunidad Creativa\",\"potentialAction\":[{\"@type\":\"SearchAction\",\"target\":{\"@type\":\"EntryPoint\",\"urlTemplate\":\"https:\\\/\\\/poblenouurbandistrict.com\\\/es\\\/?s={search_term_string}\"},\"query-input\":{\"@type\":\"PropertyValueSpecification\",\"valueRequired\":true,\"valueName\":\"search_term_string\"}}],\"inLanguage\":\"es\"},{\"@type\":\"Person\",\"@id\":\"https:\\\/\\\/poblenouurbandistrict.com\\\/#\\\/schema\\\/person\\\/980a2cf34b399d5218205730acd54a7e\",\"name\":\"pnud\",\"image\":{\"@type\":\"ImageObject\",\"inLanguage\":\"es\",\"@id\":\"https:\\\/\\\/secure.gravatar.com\\\/avatar\\\/67146597b405ee077a24e519f75c3e2031736596d6ce35af3a34c122c93d0d7b?s=96&d=retro&r=g\",\"url\":\"https:\\\/\\\/secure.gravatar.com\\\/avatar\\\/67146597b405ee077a24e519f75c3e2031736596d6ce35af3a34c122c93d0d7b?s=96&d=retro&r=g\",\"contentUrl\":\"https:\\\/\\\/secure.gravatar.com\\\/avatar\\\/67146597b405ee077a24e519f75c3e2031736596d6ce35af3a34c122c93d0d7b?s=96&d=retro&r=g\",\"caption\":\"pnud\"}}]}<\/script>\n<!-- \/ Yoast SEO plugin. -->","yoast_head_json":{"title":"Descubre m\u00e1s sobre Inteligencia Artificial y arte en la 6\u00aa edici\u00f3n de las Urban Talks &#8211; Poblenou Urban District","robots":{"index":"index","follow":"follow","max-snippet":"max-snippet:-1","max-image-preview":"max-image-preview:large","max-video-preview":"max-video-preview:-1"},"canonical":"https:\/\/poblenouurbandistrict.com\/es\/el-4-de-maig-descobreix-mes-sobre-intelligencia-artificial-i-art-a-la-6a-edicio-de-les-urban-talks\/","og_locale":"es_ES","og_type":"article","og_title":"Descubre m\u00e1s sobre Inteligencia Artificial y arte en la 6\u00aa edici\u00f3n de las Urban Talks &#8211; Poblenou Urban District","og_description":"Te animamos a participar en la 6\u00aa edici\u00f3n de las Urban Talks que tendr\u00e1 lugar en el auditorio del Disseny... M\u00e1s \u2192","og_url":"https:\/\/poblenouurbandistrict.com\/es\/el-4-de-maig-descobreix-mes-sobre-intelligencia-artificial-i-art-a-la-6a-edicio-de-les-urban-talks\/","og_site_name":"Poblenou Urban District","article_published_time":"2023-04-28T16:12:55+00:00","article_modified_time":"2023-05-02T15:59:48+00:00","og_image":[{"width":1311,"height":875,"url":"https:\/\/poblenouurbandistrict.com\/wp-content\/uploads\/2023\/04\/diseno-sin-titulo-49.png","type":"image\/png"}],"author":"pnud","twitter_card":"summary_large_image","twitter_misc":{"Escrito por":"pnud","Tiempo de lectura":"3 minutos"},"schema":{"@context":"https:\/\/schema.org","@graph":[{"@type":"Article","@id":"https:\/\/poblenouurbandistrict.com\/el-4-de-maig-descobreix-mes-sobre-intelligencia-artificial-i-art-a-la-6a-edicio-de-les-urban-talks\/#article","isPartOf":{"@id":"https:\/\/poblenouurbandistrict.com\/el-4-de-maig-descobreix-mes-sobre-intelligencia-artificial-i-art-a-la-6a-edicio-de-les-urban-talks\/"},"author":{"name":"pnud","@id":"https:\/\/poblenouurbandistrict.com\/#\/schema\/person\/980a2cf34b399d5218205730acd54a7e"},"headline":"Descubre m\u00e1s sobre Inteligencia Artificial y arte en la 6\u00aa edici\u00f3n de las Urban Talks","datePublished":"2023-04-28T16:12:55+00:00","dateModified":"2023-05-02T15:59:48+00:00","mainEntityOfPage":{"@id":"https:\/\/poblenouurbandistrict.com\/el-4-de-maig-descobreix-mes-sobre-intelligencia-artificial-i-art-a-la-6a-edicio-de-les-urban-talks\/"},"wordCount":817,"image":{"@id":"https:\/\/poblenouurbandistrict.com\/el-4-de-maig-descobreix-mes-sobre-intelligencia-artificial-i-art-a-la-6a-edicio-de-les-urban-talks\/#primaryimage"},"thumbnailUrl":"https:\/\/media.poblenouurbandistrict.com\/2023\/04\/25061821\/diseno-sin-titulo-49.jpg","articleSection":["Urban Talks"],"inLanguage":"es"},{"@type":"WebPage","@id":"https:\/\/poblenouurbandistrict.com\/es\/el-4-de-maig-descobreix-mes-sobre-intelligencia-artificial-i-art-a-la-6a-edicio-de-les-urban-talks\/","url":"https:\/\/poblenouurbandistrict.com\/es\/el-4-de-maig-descobreix-mes-sobre-intelligencia-artificial-i-art-a-la-6a-edicio-de-les-urban-talks\/","name":"Descubre m\u00e1s sobre Inteligencia Artificial y arte en la 6\u00aa edici\u00f3n de las Urban Talks &#8211; Poblenou Urban District","isPartOf":{"@id":"https:\/\/poblenouurbandistrict.com\/es\/#website"},"primaryImageOfPage":{"@id":"https:\/\/poblenouurbandistrict.com\/es\/el-4-de-maig-descobreix-mes-sobre-intelligencia-artificial-i-art-a-la-6a-edicio-de-les-urban-talks\/#primaryimage"},"image":{"@id":"https:\/\/poblenouurbandistrict.com\/el-4-de-maig-descobreix-mes-sobre-intelligencia-artificial-i-art-a-la-6a-edicio-de-les-urban-talks\/#primaryimage"},"thumbnailUrl":"https:\/\/media.poblenouurbandistrict.com\/2023\/04\/25061821\/diseno-sin-titulo-49.jpg","datePublished":"2023-04-28T16:12:55+00:00","dateModified":"2023-05-02T15:59:48+00:00","author":{"@id":"https:\/\/poblenouurbandistrict.com\/#\/schema\/person\/980a2cf34b399d5218205730acd54a7e"},"breadcrumb":{"@id":"https:\/\/poblenouurbandistrict.com\/es\/el-4-de-maig-descobreix-mes-sobre-intelligencia-artificial-i-art-a-la-6a-edicio-de-les-urban-talks\/#breadcrumb"},"inLanguage":"es","potentialAction":[{"@type":"ReadAction","target":[["https:\/\/poblenouurbandistrict.com\/es\/el-4-de-maig-descobreix-mes-sobre-intelligencia-artificial-i-art-a-la-6a-edicio-de-les-urban-talks\/"]]}]},{"@type":"ImageObject","inLanguage":"es","@id":"https:\/\/poblenouurbandistrict.com\/es\/el-4-de-maig-descobreix-mes-sobre-intelligencia-artificial-i-art-a-la-6a-edicio-de-les-urban-talks\/#primaryimage","url":"https:\/\/media.poblenouurbandistrict.com\/2023\/04\/25061821\/diseno-sin-titulo-49.jpg","contentUrl":"https:\/\/media.poblenouurbandistrict.com\/2023\/04\/25061821\/diseno-sin-titulo-49.jpg","width":1311,"height":875},{"@type":"BreadcrumbList","@id":"https:\/\/poblenouurbandistrict.com\/es\/el-4-de-maig-descobreix-mes-sobre-intelligencia-artificial-i-art-a-la-6a-edicio-de-les-urban-talks\/#breadcrumb","itemListElement":[{"@type":"ListItem","position":1,"name":"Home","item":"https:\/\/poblenouurbandistrict.com\/es\/"},{"@type":"ListItem","position":2,"name":"Descobreix m\u00e9s sobre Intel\u00b7lig\u00e8ncia Artificial i art a la 6a edici\u00f3 de les Urban Talks"}]},{"@type":"WebSite","@id":"https:\/\/poblenouurbandistrict.com\/es\/#website","url":"https:\/\/poblenouurbandistrict.com\/es\/","name":"Poblenou Urban District","description":"Comunidad Creativa","potentialAction":[{"@type":"SearchAction","target":{"@type":"EntryPoint","urlTemplate":"https:\/\/poblenouurbandistrict.com\/es\/?s={search_term_string}"},"query-input":{"@type":"PropertyValueSpecification","valueRequired":true,"valueName":"search_term_string"}}],"inLanguage":"es"},{"@type":"Person","@id":"https:\/\/poblenouurbandistrict.com\/#\/schema\/person\/980a2cf34b399d5218205730acd54a7e","name":"pnud","image":{"@type":"ImageObject","inLanguage":"es","@id":"https:\/\/secure.gravatar.com\/avatar\/67146597b405ee077a24e519f75c3e2031736596d6ce35af3a34c122c93d0d7b?s=96&d=retro&r=g","url":"https:\/\/secure.gravatar.com\/avatar\/67146597b405ee077a24e519f75c3e2031736596d6ce35af3a34c122c93d0d7b?s=96&d=retro&r=g","contentUrl":"https:\/\/secure.gravatar.com\/avatar\/67146597b405ee077a24e519f75c3e2031736596d6ce35af3a34c122c93d0d7b?s=96&d=retro&r=g","caption":"pnud"}}]}},"_links":{"self":[{"href":"https:\/\/poblenouurbandistrict.com\/es\/wp-json\/wp\/v2\/posts\/38587","targetHints":{"allow":["GET"]}}],"collection":[{"href":"https:\/\/poblenouurbandistrict.com\/es\/wp-json\/wp\/v2\/posts"}],"about":[{"href":"https:\/\/poblenouurbandistrict.com\/es\/wp-json\/wp\/v2\/types\/post"}],"author":[{"embeddable":true,"href":"https:\/\/poblenouurbandistrict.com\/es\/wp-json\/wp\/v2\/users\/5"}],"replies":[{"embeddable":true,"href":"https:\/\/poblenouurbandistrict.com\/es\/wp-json\/wp\/v2\/comments?post=38587"}],"version-history":[{"count":18,"href":"https:\/\/poblenouurbandistrict.com\/es\/wp-json\/wp\/v2\/posts\/38587\/revisions"}],"predecessor-version":[{"id":38818,"href":"https:\/\/poblenouurbandistrict.com\/es\/wp-json\/wp\/v2\/posts\/38587\/revisions\/38818"}],"wp:featuredmedia":[{"embeddable":true,"href":"https:\/\/poblenouurbandistrict.com\/es\/wp-json\/wp\/v2\/media\/38347"}],"wp:attachment":[{"href":"https:\/\/poblenouurbandistrict.com\/es\/wp-json\/wp\/v2\/media?parent=38587"}],"wp:term":[{"taxonomy":"category","embeddable":true,"href":"https:\/\/poblenouurbandistrict.com\/es\/wp-json\/wp\/v2\/categories?post=38587"},{"taxonomy":"post_tag","embeddable":true,"href":"https:\/\/poblenouurbandistrict.com\/es\/wp-json\/wp\/v2\/tags?post=38587"}],"curies":[{"name":"wp","href":"https:\/\/api.w.org\/{rel}","templated":true}]}}