{"id":39092,"date":"2023-05-11T15:35:54","date_gmt":"2023-05-11T13:35:54","guid":{"rendered":"https:\/\/poblenouurbandistrict.com\/?p=39092"},"modified":"2023-05-11T16:50:43","modified_gmt":"2023-05-11T14:50:43","slug":"gracies-per-acompanyar-nos-en-l11a-edicio-del-poblenou-open-day","status":"publish","type":"post","link":"https:\/\/poblenouurbandistrict.com\/es\/gracies-per-acompanyar-nos-en-l11a-edicio-del-poblenou-open-day\/","title":{"rendered":"Gracias por acompa\u00f1arnos en la 11\u00aa edici\u00f3n del Poblenou Open Day"},"content":{"rendered":"<p>El pasado 6 de mayo, el Poblenou m\u00e1s creativo volvi\u00f3 a salir a la calle para presentar una programaci\u00f3n variada de exposiciones, charlas, talleres, visitas guiadas, m\u00fasica y gastronom\u00eda durante 10 horas ininterrumpidas.<\/p>\n<p>Dentro de la programaci\u00f3n del Poblenou Open Day celebramos tambi\u00e9n la 8\u00aa edici\u00f3n del Windows Art Circuit (WAC), donde las intervenciones murales pusieron una vez m\u00e1s en valor el espacio p\u00fablico con unas propuestas creativas incre\u00edbles en la nave WAC Lab Valkiria, en la fachada de la calle \u00c1vila 75, y en los exteriores de los espacios de algunos socios: <strong><a href=\"https:\/\/www.instagram.com\/apartostudentspain\/\">Aparto Pallars Barcelona<\/a>,<\/strong> <a href=\"https:\/\/www.instagram.com\/wearecacho\/\"><strong>Cacho<\/strong><\/a>, <a href=\"https:\/\/www.instagram.com\/hiltondiagonalmarbcn\/\"><strong>Hilton Diagonal Mar Barcelona<\/strong><\/a>,\u00a0<a href=\"https:\/\/www.instagram.com\/bcnprincess\/\"><strong>Hotel Princess Barcelona<\/strong><\/a><strong>, <a href=\"https:\/\/www.instagram.com\/ibisstylesbarcelonacity\/\">IBIS Styles Barcelona City Bogatell<\/a>,\u00a0<a href=\"https:\/\/www.instagram.com\/indissoluble_\/\">Indissoluble<\/a><\/strong> e <strong>Invermick.<\/strong><\/p>\n<p>Desde Poblenou Urban District queremos dar las gracias a los m\u00e1s de 60 espacios que abrieron sus puertas para ofrecer propuestas de calidad, consiguiendo que esta nueva cita con el p\u00fablico haya sido un \u00e9xito.<\/p>\n<p>No nos olvidamos de todas las personas que durante el d\u00eda se acercaron a galer\u00edas de arte, museos, centros de creaci\u00f3n, estudios de dise\u00f1o y arquitectura, teatros, bares, restaurantes, hoteles y muchos m\u00e1s para conocer de primera mano su programaci\u00f3n. \u00a1Sin vosotros la 11\u00aa edici\u00f3n no hubiera sido posible!<\/p>\n<p>Por \u00faltimo, queremos agradecer especialmente a <a href=\"https:\/\/valkiriahubspace.com\/\">Valkiria Hub Space<\/a> e <a href=\"https:\/\/www.instituteforfutures.com\/en\/\">Institute For Futures<\/a> por compartir con nosotros la espectacular instalaci\u00f3n de la nave WAC Lab; <a href=\"http:\/\/odoo.debasa.es:8280\/\">Debasa<\/a>, <a href=\"https:\/\/www.loxamhune.com\/\">LoxamHune<\/a>, <a href=\"https:\/\/www.montanacolors.com\/\">Montana Colors<\/a> y <a href=\"https:\/\/marc-marti.com\/\">Marc Mart\u00ed<\/a> por colaborar con el proyecto a\u00f1o tras a\u00f1o y <a href=\"https:\/\/cervezaelaguila.es\/edad\">El \u00c1guila<\/a> por ser el patrocinador oficial del evento.<\/p>\n<p>A continuaci\u00f3n compartimos con vosotros dos \u00e1lbumes de fotos de Cristina Morera (<a class=\"x1i10hfl xjbqb8w x6umtig x1b1mbwd xaqea5y xav7gou x9f619 x1ypdohk xt0psk2 xe8uvvx xdj266r x11i5rnm xat24cr x1mh8g0r xexx8yu x4uap5 x18d9i69 xkhd6sd x16tdsg8 x1hl2dhg xggy1nq x1a2a7pz notranslate _a6hd\" tabindex=\"0\" role=\"link\" href=\"https:\/\/www.instagram.com\/thewanting_\/\">@thewanting_<\/a>), Julia Godoy (<a href=\"https:\/\/www.instagram.com\/juligodoyyyy\/?hl=es\">@juligodoyyyy<\/a>) y Emiliano del Piccolo (<a class=\"x1i10hfl xjbqb8w x6umtig x1b1mbwd xaqea5y xav7gou x9f619 x1ypdohk xt0psk2 xe8uvvx xdj266r x11i5rnm xat24cr x1mh8g0r xexx8yu x4uap5 x18d9i69 xkhd6sd x16tdsg8 x1hl2dhg xggy1nq x1a2a7pz notranslate _a6hd\" tabindex=\"0\" role=\"link\" href=\"https:\/\/www.instagram.com\/emidelpiccolo\/\">@emidelpiccolo<\/a>), fot\u00f3grafos colaboradores de la asociaci\u00f3n.<\/p>\n<h3 style=\"text-align: center;\"><a href=\"https:\/\/www.facebook.com\/media\/set\/?set=a.540943388232255&amp;type=3\">Poblenou Open Day 2023 vol.1<\/a> \/\/ <a href=\"https:\/\/www.facebook.com\/media\/set\/?set=a.541440578182536&amp;type=3\">Poblenou Open Day 2023 vol.2<\/a><\/h3>\n<p>Los espacios asociados a Poblenou Urban District siguen abiertos el resto del a\u00f1o con muchas actividades interesantes. No se pierdan la pista, siempre tienen algo entre manos.<\/p>","protected":false},"excerpt":{"rendered":"<p>El pasado 6 de mayo, el Poblenou m\u00e1s creativo volvi\u00f3 a salir a la calle para presentar una programaci\u00f3n variada&#8230; <a href=\"https:\/\/poblenouurbandistrict.com\/es\/gracies-per-acompanyar-nos-en-l11a-edicio-del-poblenou-open-day\/\">M\u00e1s  \u2192<\/a><\/p>\n","protected":false},"author":5,"featured_media":39086,"comment_status":"closed","ping_status":"closed","sticky":false,"template":"","format":"standard","meta":{"_acf_changed":false,"footnotes":""},"categories":[3567],"tags":[],"class_list":["post-39092","post","type-post","status-publish","format-standard","has-post-thumbnail","hentry","category-poblenou-open-day-2"],"acf":[],"yoast_head":"<!-- This site is optimized with the Yoast SEO plugin v27.5 - https:\/\/yoast.com\/product\/yoast-seo-wordpress\/ -->\n<title>Gracias por acompa\u00f1arnos en la 11\u00aa edici\u00f3n del Poblenou Open Day &#8211; Poblenou Urban District<\/title>\n<meta name=\"robots\" content=\"index, follow, max-snippet:-1, max-image-preview:large, max-video-preview:-1\" \/>\n<link rel=\"canonical\" href=\"https:\/\/poblenouurbandistrict.com\/es\/gracies-per-acompanyar-nos-en-l11a-edicio-del-poblenou-open-day\/\" \/>\n<meta property=\"og:locale\" content=\"es_ES\" \/>\n<meta property=\"og:type\" content=\"article\" \/>\n<meta property=\"og:title\" content=\"Gracias por acompa\u00f1arnos en la 11\u00aa edici\u00f3n del Poblenou Open Day &#8211; Poblenou Urban District\" \/>\n<meta property=\"og:description\" content=\"El pasado 6 de mayo, el Poblenou m\u00e1s creativo volvi\u00f3 a salir a la calle para presentar una programaci\u00f3n variada... M\u00e1s \u2192\" \/>\n<meta property=\"og:url\" content=\"https:\/\/poblenouurbandistrict.com\/es\/gracies-per-acompanyar-nos-en-l11a-edicio-del-poblenou-open-day\/\" \/>\n<meta property=\"og:site_name\" content=\"Poblenou Urban District\" \/>\n<meta property=\"article:published_time\" content=\"2023-05-11T13:35:54+00:00\" \/>\n<meta property=\"article:modified_time\" content=\"2023-05-11T14:50:43+00:00\" \/>\n<meta property=\"og:image\" content=\"https:\/\/poblenouurbandistrict.com\/wp-content\/uploads\/2023\/05\/open-day-x-emidelpiccolo-443-scaled.jpg\" \/>\n\t<meta property=\"og:image:width\" content=\"2560\" \/>\n\t<meta property=\"og:image:height\" content=\"1709\" \/>\n\t<meta property=\"og:image:type\" content=\"image\/jpeg\" \/>\n<meta name=\"author\" content=\"pnud\" \/>\n<meta name=\"twitter:card\" content=\"summary_large_image\" \/>\n<meta name=\"twitter:label1\" content=\"Escrito por\" \/>\n\t<meta name=\"twitter:data1\" content=\"pnud\" \/>\n\t<meta name=\"twitter:label2\" content=\"Tiempo de lectura\" \/>\n\t<meta name=\"twitter:data2\" content=\"2 minutos\" \/>\n<script type=\"application\/ld+json\" class=\"yoast-schema-graph\">{\"@context\":\"https:\\\/\\\/schema.org\",\"@graph\":[{\"@type\":\"Article\",\"@id\":\"https:\\\/\\\/poblenouurbandistrict.com\\\/gracies-per-acompanyar-nos-en-l11a-edicio-del-poblenou-open-day\\\/#article\",\"isPartOf\":{\"@id\":\"https:\\\/\\\/poblenouurbandistrict.com\\\/gracies-per-acompanyar-nos-en-l11a-edicio-del-poblenou-open-day\\\/\"},\"author\":{\"name\":\"pnud\",\"@id\":\"https:\\\/\\\/poblenouurbandistrict.com\\\/#\\\/schema\\\/person\\\/980a2cf34b399d5218205730acd54a7e\"},\"headline\":\"Gracias por acompa\u00f1arnos en la 11\u00aa edici\u00f3n del Poblenou Open Day\",\"datePublished\":\"2023-05-11T13:35:54+00:00\",\"dateModified\":\"2023-05-11T14:50:43+00:00\",\"mainEntityOfPage\":{\"@id\":\"https:\\\/\\\/poblenouurbandistrict.com\\\/gracies-per-acompanyar-nos-en-l11a-edicio-del-poblenou-open-day\\\/\"},\"wordCount\":686,\"image\":{\"@id\":\"https:\\\/\\\/poblenouurbandistrict.com\\\/gracies-per-acompanyar-nos-en-l11a-edicio-del-poblenou-open-day\\\/#primaryimage\"},\"thumbnailUrl\":\"https:\\\/\\\/media.poblenouurbandistrict.com\\\/2023\\\/05\\\/25062426\\\/open-day-x-emidelpiccolo-443-scaled.jpg\",\"articleSection\":[\"Poblenou Open Day\"],\"inLanguage\":\"es\"},{\"@type\":\"WebPage\",\"@id\":\"https:\\\/\\\/poblenouurbandistrict.com\\\/es\\\/gracies-per-acompanyar-nos-en-l11a-edicio-del-poblenou-open-day\\\/\",\"url\":\"https:\\\/\\\/poblenouurbandistrict.com\\\/es\\\/gracies-per-acompanyar-nos-en-l11a-edicio-del-poblenou-open-day\\\/\",\"name\":\"Gracias por acompa\u00f1arnos en la 11\u00aa edici\u00f3n del Poblenou Open Day &#8211; Poblenou Urban District\",\"isPartOf\":{\"@id\":\"https:\\\/\\\/poblenouurbandistrict.com\\\/es\\\/#website\"},\"primaryImageOfPage\":{\"@id\":\"https:\\\/\\\/poblenouurbandistrict.com\\\/es\\\/gracies-per-acompanyar-nos-en-l11a-edicio-del-poblenou-open-day\\\/#primaryimage\"},\"image\":{\"@id\":\"https:\\\/\\\/poblenouurbandistrict.com\\\/gracies-per-acompanyar-nos-en-l11a-edicio-del-poblenou-open-day\\\/#primaryimage\"},\"thumbnailUrl\":\"https:\\\/\\\/media.poblenouurbandistrict.com\\\/2023\\\/05\\\/25062426\\\/open-day-x-emidelpiccolo-443-scaled.jpg\",\"datePublished\":\"2023-05-11T13:35:54+00:00\",\"dateModified\":\"2023-05-11T14:50:43+00:00\",\"author\":{\"@id\":\"https:\\\/\\\/poblenouurbandistrict.com\\\/#\\\/schema\\\/person\\\/980a2cf34b399d5218205730acd54a7e\"},\"breadcrumb\":{\"@id\":\"https:\\\/\\\/poblenouurbandistrict.com\\\/es\\\/gracies-per-acompanyar-nos-en-l11a-edicio-del-poblenou-open-day\\\/#breadcrumb\"},\"inLanguage\":\"es\",\"potentialAction\":[{\"@type\":\"ReadAction\",\"target\":[[\"https:\\\/\\\/poblenouurbandistrict.com\\\/es\\\/gracies-per-acompanyar-nos-en-l11a-edicio-del-poblenou-open-day\\\/\"]]}]},{\"@type\":\"ImageObject\",\"inLanguage\":\"es\",\"@id\":\"https:\\\/\\\/poblenouurbandistrict.com\\\/es\\\/gracies-per-acompanyar-nos-en-l11a-edicio-del-poblenou-open-day\\\/#primaryimage\",\"url\":\"https:\\\/\\\/media.poblenouurbandistrict.com\\\/2023\\\/05\\\/25062426\\\/open-day-x-emidelpiccolo-443-scaled.jpg\",\"contentUrl\":\"https:\\\/\\\/media.poblenouurbandistrict.com\\\/2023\\\/05\\\/25062426\\\/open-day-x-emidelpiccolo-443-scaled.jpg\",\"width\":2560,\"height\":1709},{\"@type\":\"BreadcrumbList\",\"@id\":\"https:\\\/\\\/poblenouurbandistrict.com\\\/es\\\/gracies-per-acompanyar-nos-en-l11a-edicio-del-poblenou-open-day\\\/#breadcrumb\",\"itemListElement\":[{\"@type\":\"ListItem\",\"position\":1,\"name\":\"Home\",\"item\":\"https:\\\/\\\/poblenouurbandistrict.com\\\/es\\\/\"},{\"@type\":\"ListItem\",\"position\":2,\"name\":\"Gr\u00e0cies per acompanyar-nos en l&#8217;11a edici\u00f3 del Poblenou Open Day\"}]},{\"@type\":\"WebSite\",\"@id\":\"https:\\\/\\\/poblenouurbandistrict.com\\\/es\\\/#website\",\"url\":\"https:\\\/\\\/poblenouurbandistrict.com\\\/es\\\/\",\"name\":\"Poblenou Urban District\",\"description\":\"Comunidad Creativa\",\"potentialAction\":[{\"@type\":\"SearchAction\",\"target\":{\"@type\":\"EntryPoint\",\"urlTemplate\":\"https:\\\/\\\/poblenouurbandistrict.com\\\/es\\\/?s={search_term_string}\"},\"query-input\":{\"@type\":\"PropertyValueSpecification\",\"valueRequired\":true,\"valueName\":\"search_term_string\"}}],\"inLanguage\":\"es\"},{\"@type\":\"Person\",\"@id\":\"https:\\\/\\\/poblenouurbandistrict.com\\\/#\\\/schema\\\/person\\\/980a2cf34b399d5218205730acd54a7e\",\"name\":\"pnud\",\"image\":{\"@type\":\"ImageObject\",\"inLanguage\":\"es\",\"@id\":\"https:\\\/\\\/secure.gravatar.com\\\/avatar\\\/67146597b405ee077a24e519f75c3e2031736596d6ce35af3a34c122c93d0d7b?s=96&d=retro&r=g\",\"url\":\"https:\\\/\\\/secure.gravatar.com\\\/avatar\\\/67146597b405ee077a24e519f75c3e2031736596d6ce35af3a34c122c93d0d7b?s=96&d=retro&r=g\",\"contentUrl\":\"https:\\\/\\\/secure.gravatar.com\\\/avatar\\\/67146597b405ee077a24e519f75c3e2031736596d6ce35af3a34c122c93d0d7b?s=96&d=retro&r=g\",\"caption\":\"pnud\"}}]}<\/script>\n<!-- \/ Yoast SEO plugin. -->","yoast_head_json":{"title":"Gracias por acompa\u00f1arnos en la 11\u00aa edici\u00f3n del Poblenou Open Day &#8211; Poblenou Urban District","robots":{"index":"index","follow":"follow","max-snippet":"max-snippet:-1","max-image-preview":"max-image-preview:large","max-video-preview":"max-video-preview:-1"},"canonical":"https:\/\/poblenouurbandistrict.com\/es\/gracies-per-acompanyar-nos-en-l11a-edicio-del-poblenou-open-day\/","og_locale":"es_ES","og_type":"article","og_title":"Gracias por acompa\u00f1arnos en la 11\u00aa edici\u00f3n del Poblenou Open Day &#8211; Poblenou Urban District","og_description":"El pasado 6 de mayo, el Poblenou m\u00e1s creativo volvi\u00f3 a salir a la calle para presentar una programaci\u00f3n variada... M\u00e1s \u2192","og_url":"https:\/\/poblenouurbandistrict.com\/es\/gracies-per-acompanyar-nos-en-l11a-edicio-del-poblenou-open-day\/","og_site_name":"Poblenou Urban District","article_published_time":"2023-05-11T13:35:54+00:00","article_modified_time":"2023-05-11T14:50:43+00:00","og_image":[{"width":2560,"height":1709,"url":"https:\/\/poblenouurbandistrict.com\/wp-content\/uploads\/2023\/05\/open-day-x-emidelpiccolo-443-scaled.jpg","type":"image\/jpeg"}],"author":"pnud","twitter_card":"summary_large_image","twitter_misc":{"Escrito por":"pnud","Tiempo de lectura":"2 minutos"},"schema":{"@context":"https:\/\/schema.org","@graph":[{"@type":"Article","@id":"https:\/\/poblenouurbandistrict.com\/gracies-per-acompanyar-nos-en-l11a-edicio-del-poblenou-open-day\/#article","isPartOf":{"@id":"https:\/\/poblenouurbandistrict.com\/gracies-per-acompanyar-nos-en-l11a-edicio-del-poblenou-open-day\/"},"author":{"name":"pnud","@id":"https:\/\/poblenouurbandistrict.com\/#\/schema\/person\/980a2cf34b399d5218205730acd54a7e"},"headline":"Gracias por acompa\u00f1arnos en la 11\u00aa edici\u00f3n del Poblenou Open Day","datePublished":"2023-05-11T13:35:54+00:00","dateModified":"2023-05-11T14:50:43+00:00","mainEntityOfPage":{"@id":"https:\/\/poblenouurbandistrict.com\/gracies-per-acompanyar-nos-en-l11a-edicio-del-poblenou-open-day\/"},"wordCount":686,"image":{"@id":"https:\/\/poblenouurbandistrict.com\/gracies-per-acompanyar-nos-en-l11a-edicio-del-poblenou-open-day\/#primaryimage"},"thumbnailUrl":"https:\/\/media.poblenouurbandistrict.com\/2023\/05\/25062426\/open-day-x-emidelpiccolo-443-scaled.jpg","articleSection":["Poblenou Open Day"],"inLanguage":"es"},{"@type":"WebPage","@id":"https:\/\/poblenouurbandistrict.com\/es\/gracies-per-acompanyar-nos-en-l11a-edicio-del-poblenou-open-day\/","url":"https:\/\/poblenouurbandistrict.com\/es\/gracies-per-acompanyar-nos-en-l11a-edicio-del-poblenou-open-day\/","name":"Gracias por acompa\u00f1arnos en la 11\u00aa edici\u00f3n del Poblenou Open Day &#8211; Poblenou Urban District","isPartOf":{"@id":"https:\/\/poblenouurbandistrict.com\/es\/#website"},"primaryImageOfPage":{"@id":"https:\/\/poblenouurbandistrict.com\/es\/gracies-per-acompanyar-nos-en-l11a-edicio-del-poblenou-open-day\/#primaryimage"},"image":{"@id":"https:\/\/poblenouurbandistrict.com\/gracies-per-acompanyar-nos-en-l11a-edicio-del-poblenou-open-day\/#primaryimage"},"thumbnailUrl":"https:\/\/media.poblenouurbandistrict.com\/2023\/05\/25062426\/open-day-x-emidelpiccolo-443-scaled.jpg","datePublished":"2023-05-11T13:35:54+00:00","dateModified":"2023-05-11T14:50:43+00:00","author":{"@id":"https:\/\/poblenouurbandistrict.com\/#\/schema\/person\/980a2cf34b399d5218205730acd54a7e"},"breadcrumb":{"@id":"https:\/\/poblenouurbandistrict.com\/es\/gracies-per-acompanyar-nos-en-l11a-edicio-del-poblenou-open-day\/#breadcrumb"},"inLanguage":"es","potentialAction":[{"@type":"ReadAction","target":[["https:\/\/poblenouurbandistrict.com\/es\/gracies-per-acompanyar-nos-en-l11a-edicio-del-poblenou-open-day\/"]]}]},{"@type":"ImageObject","inLanguage":"es","@id":"https:\/\/poblenouurbandistrict.com\/es\/gracies-per-acompanyar-nos-en-l11a-edicio-del-poblenou-open-day\/#primaryimage","url":"https:\/\/media.poblenouurbandistrict.com\/2023\/05\/25062426\/open-day-x-emidelpiccolo-443-scaled.jpg","contentUrl":"https:\/\/media.poblenouurbandistrict.com\/2023\/05\/25062426\/open-day-x-emidelpiccolo-443-scaled.jpg","width":2560,"height":1709},{"@type":"BreadcrumbList","@id":"https:\/\/poblenouurbandistrict.com\/es\/gracies-per-acompanyar-nos-en-l11a-edicio-del-poblenou-open-day\/#breadcrumb","itemListElement":[{"@type":"ListItem","position":1,"name":"Home","item":"https:\/\/poblenouurbandistrict.com\/es\/"},{"@type":"ListItem","position":2,"name":"Gr\u00e0cies per acompanyar-nos en l&#8217;11a edici\u00f3 del Poblenou Open Day"}]},{"@type":"WebSite","@id":"https:\/\/poblenouurbandistrict.com\/es\/#website","url":"https:\/\/poblenouurbandistrict.com\/es\/","name":"Poblenou Urban District","description":"Comunidad Creativa","potentialAction":[{"@type":"SearchAction","target":{"@type":"EntryPoint","urlTemplate":"https:\/\/poblenouurbandistrict.com\/es\/?s={search_term_string}"},"query-input":{"@type":"PropertyValueSpecification","valueRequired":true,"valueName":"search_term_string"}}],"inLanguage":"es"},{"@type":"Person","@id":"https:\/\/poblenouurbandistrict.com\/#\/schema\/person\/980a2cf34b399d5218205730acd54a7e","name":"pnud","image":{"@type":"ImageObject","inLanguage":"es","@id":"https:\/\/secure.gravatar.com\/avatar\/67146597b405ee077a24e519f75c3e2031736596d6ce35af3a34c122c93d0d7b?s=96&d=retro&r=g","url":"https:\/\/secure.gravatar.com\/avatar\/67146597b405ee077a24e519f75c3e2031736596d6ce35af3a34c122c93d0d7b?s=96&d=retro&r=g","contentUrl":"https:\/\/secure.gravatar.com\/avatar\/67146597b405ee077a24e519f75c3e2031736596d6ce35af3a34c122c93d0d7b?s=96&d=retro&r=g","caption":"pnud"}}]}},"_links":{"self":[{"href":"https:\/\/poblenouurbandistrict.com\/es\/wp-json\/wp\/v2\/posts\/39092","targetHints":{"allow":["GET"]}}],"collection":[{"href":"https:\/\/poblenouurbandistrict.com\/es\/wp-json\/wp\/v2\/posts"}],"about":[{"href":"https:\/\/poblenouurbandistrict.com\/es\/wp-json\/wp\/v2\/types\/post"}],"author":[{"embeddable":true,"href":"https:\/\/poblenouurbandistrict.com\/es\/wp-json\/wp\/v2\/users\/5"}],"replies":[{"embeddable":true,"href":"https:\/\/poblenouurbandistrict.com\/es\/wp-json\/wp\/v2\/comments?post=39092"}],"version-history":[{"count":19,"href":"https:\/\/poblenouurbandistrict.com\/es\/wp-json\/wp\/v2\/posts\/39092\/revisions"}],"predecessor-version":[{"id":39221,"href":"https:\/\/poblenouurbandistrict.com\/es\/wp-json\/wp\/v2\/posts\/39092\/revisions\/39221"}],"wp:featuredmedia":[{"embeddable":true,"href":"https:\/\/poblenouurbandistrict.com\/es\/wp-json\/wp\/v2\/media\/39086"}],"wp:attachment":[{"href":"https:\/\/poblenouurbandistrict.com\/es\/wp-json\/wp\/v2\/media?parent=39092"}],"wp:term":[{"taxonomy":"category","embeddable":true,"href":"https:\/\/poblenouurbandistrict.com\/es\/wp-json\/wp\/v2\/categories?post=39092"},{"taxonomy":"post_tag","embeddable":true,"href":"https:\/\/poblenouurbandistrict.com\/es\/wp-json\/wp\/v2\/tags?post=39092"}],"curies":[{"name":"wp","href":"https:\/\/api.w.org\/{rel}","templated":true}]}}