{"id":41527,"date":"2023-09-28T16:00:30","date_gmt":"2023-09-28T14:00:30","guid":{"rendered":"https:\/\/poblenouurbandistrict.com\/?p=41527"},"modified":"2023-11-08T17:33:29","modified_gmt":"2023-11-08T16:33:29","slug":"disseny-hub-barcelona-estrena-la-temporada-de-tardor-amb-la-marato-dhub-2023","status":"publish","type":"post","link":"https:\/\/poblenouurbandistrict.com\/es\/disseny-hub-barcelona-estrena-la-temporada-de-tardor-amb-la-marato-dhub-2023\/","title":{"rendered":"Disseny Hub Barcelona estrena la programaci\u00f3n de oto\u00f1o con la Marat\u00f3 DHub 2023"},"content":{"rendered":"<p>La programaci\u00f3n de oto\u00f1o de <a href=\"https:\/\/www.dissenyhub.barcelona\/ca\">Disseny Hub Barcelona<\/a> se estrena por todo lo alto con la primera <a href=\"https:\/\/www.dissenyhub.barcelona\/es\/actividad\/maraton-del-dhub-2023\">Marat\u00f3 DHub<\/a>, un encuentro con 30 voces destacadas del dise\u00f1o, la arquitectura, la tecnolog\u00eda y el arte con el objetivo de generar un manifiesto conceptual sobre los desaf\u00edos y los retos que plantea el dise\u00f1o en una sociedad marcada por la inteligencia artificial, las nuevas tecnolog\u00edas y el consumismo feroz.<\/p>\n<p>El 30 de septiembre, de 11h a 21h, tienes la oportunidad de conocer la opini\u00f3n de la comunidad creativa de Barcelona como <a href=\"https:\/\/domesticstreamers.com\/\">Domestic Data Streamers<\/a>, <a href=\"https:\/\/takksarchive.cargo.site\/\">TAKK<\/a>, <a href=\"http:\/\/www.maio-architects.com\/\">MAIO<\/a>, <a href=\"https:\/\/www.instagram.com\/mariaarnaldimas\/\">Mar\u00eda Arnal<\/a>, <a href=\"https:\/\/www.isernserra.com\/\">Isern Serra<\/a>, <a href=\"http:\/\/guillermosantoma.com\/\">Guillermo Santom\u00e1<\/a>, <a href=\"https:\/\/floresprats.com\/\">Flores Prats<\/a>, <a href=\"https:\/\/www.noquedatinte.com\/\">Marina Salazar<\/a>, <a href=\"https:\/\/www.instagram.com\/jorgecarrion21\/\">Jorge Carri\u00f3n<\/a>, <a href=\"http:\/\/www.estudiantoniarola.com\/\">Antoni Arola<\/a>, entre muchos otros.<\/p>\n<p>Adem\u00e1s, durante el evento, totalmente gratuito, se construir\u00e1 una instalaci\u00f3n formada por 30 objetos, previamente seleccionados por los ponentes seg\u00fan su visi\u00f3n del mundo. Estos objetos, que pueden ser f\u00edsicos, conceptuales o artefactos, formar\u00e1n parte del archivo de colecciones del DHub.<\/p>\n<h4><b>Exposiciones temporales<\/b><\/h4>\n<p><span style=\"font-weight: 400;\">Por otro lado, el comienzo de la temporada expositiva ser\u00e1 \u00abSom aqu\u00ed! Les dones en el disseny. 1900 &#8211; Avui\u00bb, que estar\u00e1 abierta del 5 de octubre al 7 de enero de 2024. Esta exposici\u00f3n reivindica, visibiliza y da voz al trabajo de todas esas mujeres que contribuyeron al mundo del dise\u00f1o desde principios del modernismo hasta la actualidad, pero que fueron borradas de la historia.\u00a0<\/span><\/p>\n<p><span style=\"font-weight: 400;\">El mismo 5 de octubre tambi\u00e9n se inaugurar\u00e1 la muestra \u00abEl Millor Disseny de l&#8217;Any\u00bb, una recopilaci\u00f3n de las m\u00e1s de 400 obras ganadoras o finalistas de los Premios FAD Art, FAD Arquitectura y ADG Laus. Tambi\u00e9n estar\u00e1 disponible hasta el 7 de enero de 2024.<\/span><\/p>\n<p><span style=\"font-weight: 400;\">La programaci\u00f3n se completa con otras exhibiciones y pop ups: \u201cEls nous realistes. Arquitectura catalana i balear d&#8217;en\u00e7\u00e0 de la crisi del 2008&#8243;, \u00abVestir la cadira &#8216;Desnuda'\u00bb, \u201cPremis Catalunya d\u2019Ecodisseny\u201d, \u201c\u00d2h!pera\u201d y \u00abPastoral Traces\u00bb.\u00a0<\/span><\/p>\n<p><strong>Puedes consultar <a href=\"https:\/\/www.dissenyhub.barcelona\/ca\">aqu\u00ed<\/a> las fechas y los contenidos de todas las exposiciones.<\/strong><\/p>","protected":false},"excerpt":{"rendered":"<p>La programaci\u00f3n de oto\u00f1o de Disseny Hub Barcelona se estrena por todo lo alto con la primera Marat\u00f3 DHub, un&#8230; <a href=\"https:\/\/poblenouurbandistrict.com\/es\/disseny-hub-barcelona-estrena-la-temporada-de-tardor-amb-la-marato-dhub-2023\/\">M\u00e1s  \u2192<\/a><\/p>\n","protected":false},"author":5,"featured_media":41544,"comment_status":"closed","ping_status":"closed","sticky":false,"template":"","format":"standard","meta":{"_acf_changed":false,"footnotes":""},"categories":[3532],"tags":[],"class_list":["post-41527","post","type-post","status-publish","format-standard","has-post-thumbnail","hentry","category-disseny-hub-barcelona"],"acf":[],"yoast_head":"<!-- This site is optimized with the Yoast SEO plugin v27.5 - https:\/\/yoast.com\/product\/yoast-seo-wordpress\/ -->\n<title>Disseny Hub Barcelona estrena la programaci\u00f3n de oto\u00f1o con la Marat\u00f3 DHub 2023 &#8211; Poblenou Urban District<\/title>\n<meta name=\"robots\" content=\"index, follow, max-snippet:-1, max-image-preview:large, max-video-preview:-1\" \/>\n<link rel=\"canonical\" href=\"https:\/\/poblenouurbandistrict.com\/es\/disseny-hub-barcelona-estrena-la-temporada-de-tardor-amb-la-marato-dhub-2023\/\" \/>\n<meta property=\"og:locale\" content=\"es_ES\" \/>\n<meta property=\"og:type\" content=\"article\" \/>\n<meta property=\"og:title\" content=\"Disseny Hub Barcelona estrena la programaci\u00f3n de oto\u00f1o con la Marat\u00f3 DHub 2023 &#8211; Poblenou Urban District\" \/>\n<meta property=\"og:description\" content=\"La programaci\u00f3n de oto\u00f1o de Disseny Hub Barcelona se estrena por todo lo alto con la primera Marat\u00f3 DHub, un... M\u00e1s \u2192\" \/>\n<meta property=\"og:url\" content=\"https:\/\/poblenouurbandistrict.com\/es\/disseny-hub-barcelona-estrena-la-temporada-de-tardor-amb-la-marato-dhub-2023\/\" \/>\n<meta property=\"og:site_name\" content=\"Poblenou Urban District\" \/>\n<meta property=\"article:published_time\" content=\"2023-09-28T14:00:30+00:00\" \/>\n<meta property=\"article:modified_time\" content=\"2023-11-08T16:33:29+00:00\" \/>\n<meta property=\"og:image\" content=\"https:\/\/poblenouurbandistrict.com\/wp-content\/uploads\/2023\/09\/dsc9948-1-scaled-e1695909650785.jpg\" \/>\n\t<meta property=\"og:image:width\" content=\"1710\" \/>\n\t<meta property=\"og:image:height\" content=\"1348\" \/>\n\t<meta property=\"og:image:type\" content=\"image\/jpeg\" \/>\n<meta name=\"author\" content=\"pnud\" \/>\n<meta name=\"twitter:card\" content=\"summary_large_image\" \/>\n<meta name=\"twitter:label1\" content=\"Escrito por\" \/>\n\t<meta name=\"twitter:data1\" content=\"pnud\" \/>\n\t<meta name=\"twitter:label2\" content=\"Tiempo de lectura\" \/>\n\t<meta name=\"twitter:data2\" content=\"2 minutos\" \/>\n<script type=\"application\/ld+json\" class=\"yoast-schema-graph\">{\"@context\":\"https:\\\/\\\/schema.org\",\"@graph\":[{\"@type\":\"Article\",\"@id\":\"https:\\\/\\\/poblenouurbandistrict.com\\\/disseny-hub-barcelona-estrena-la-temporada-de-tardor-amb-la-marato-dhub-2023\\\/#article\",\"isPartOf\":{\"@id\":\"https:\\\/\\\/poblenouurbandistrict.com\\\/disseny-hub-barcelona-estrena-la-temporada-de-tardor-amb-la-marato-dhub-2023\\\/\"},\"author\":{\"name\":\"pnud\",\"@id\":\"https:\\\/\\\/poblenouurbandistrict.com\\\/#\\\/schema\\\/person\\\/980a2cf34b399d5218205730acd54a7e\"},\"headline\":\"Disseny Hub Barcelona estrena la programaci\u00f3n de oto\u00f1o con la Marat\u00f3 DHub 2023\",\"datePublished\":\"2023-09-28T14:00:30+00:00\",\"dateModified\":\"2023-11-08T16:33:29+00:00\",\"mainEntityOfPage\":{\"@id\":\"https:\\\/\\\/poblenouurbandistrict.com\\\/disseny-hub-barcelona-estrena-la-temporada-de-tardor-amb-la-marato-dhub-2023\\\/\"},\"wordCount\":678,\"image\":{\"@id\":\"https:\\\/\\\/poblenouurbandistrict.com\\\/disseny-hub-barcelona-estrena-la-temporada-de-tardor-amb-la-marato-dhub-2023\\\/#primaryimage\"},\"thumbnailUrl\":\"https:\\\/\\\/media.poblenouurbandistrict.com\\\/2023\\\/09\\\/25065152\\\/dsc9948-1-scaled-e1695909650785.jpg\",\"articleSection\":[\"Disseny Hub Barcelona\"],\"inLanguage\":\"es\"},{\"@type\":\"WebPage\",\"@id\":\"https:\\\/\\\/poblenouurbandistrict.com\\\/es\\\/disseny-hub-barcelona-estrena-la-temporada-de-tardor-amb-la-marato-dhub-2023\\\/\",\"url\":\"https:\\\/\\\/poblenouurbandistrict.com\\\/es\\\/disseny-hub-barcelona-estrena-la-temporada-de-tardor-amb-la-marato-dhub-2023\\\/\",\"name\":\"Disseny Hub Barcelona estrena la programaci\u00f3n de oto\u00f1o con la Marat\u00f3 DHub 2023 &#8211; Poblenou Urban District\",\"isPartOf\":{\"@id\":\"https:\\\/\\\/poblenouurbandistrict.com\\\/es\\\/#website\"},\"primaryImageOfPage\":{\"@id\":\"https:\\\/\\\/poblenouurbandistrict.com\\\/es\\\/disseny-hub-barcelona-estrena-la-temporada-de-tardor-amb-la-marato-dhub-2023\\\/#primaryimage\"},\"image\":{\"@id\":\"https:\\\/\\\/poblenouurbandistrict.com\\\/disseny-hub-barcelona-estrena-la-temporada-de-tardor-amb-la-marato-dhub-2023\\\/#primaryimage\"},\"thumbnailUrl\":\"https:\\\/\\\/media.poblenouurbandistrict.com\\\/2023\\\/09\\\/25065152\\\/dsc9948-1-scaled-e1695909650785.jpg\",\"datePublished\":\"2023-09-28T14:00:30+00:00\",\"dateModified\":\"2023-11-08T16:33:29+00:00\",\"author\":{\"@id\":\"https:\\\/\\\/poblenouurbandistrict.com\\\/#\\\/schema\\\/person\\\/980a2cf34b399d5218205730acd54a7e\"},\"breadcrumb\":{\"@id\":\"https:\\\/\\\/poblenouurbandistrict.com\\\/es\\\/disseny-hub-barcelona-estrena-la-temporada-de-tardor-amb-la-marato-dhub-2023\\\/#breadcrumb\"},\"inLanguage\":\"es\",\"potentialAction\":[{\"@type\":\"ReadAction\",\"target\":[[\"https:\\\/\\\/poblenouurbandistrict.com\\\/es\\\/disseny-hub-barcelona-estrena-la-temporada-de-tardor-amb-la-marato-dhub-2023\\\/\"]]}]},{\"@type\":\"ImageObject\",\"inLanguage\":\"es\",\"@id\":\"https:\\\/\\\/poblenouurbandistrict.com\\\/es\\\/disseny-hub-barcelona-estrena-la-temporada-de-tardor-amb-la-marato-dhub-2023\\\/#primaryimage\",\"url\":\"https:\\\/\\\/media.poblenouurbandistrict.com\\\/2023\\\/09\\\/25065152\\\/dsc9948-1-scaled-e1695909650785.jpg\",\"contentUrl\":\"https:\\\/\\\/media.poblenouurbandistrict.com\\\/2023\\\/09\\\/25065152\\\/dsc9948-1-scaled-e1695909650785.jpg\",\"width\":1710,\"height\":1348},{\"@type\":\"BreadcrumbList\",\"@id\":\"https:\\\/\\\/poblenouurbandistrict.com\\\/es\\\/disseny-hub-barcelona-estrena-la-temporada-de-tardor-amb-la-marato-dhub-2023\\\/#breadcrumb\",\"itemListElement\":[{\"@type\":\"ListItem\",\"position\":1,\"name\":\"Home\",\"item\":\"https:\\\/\\\/poblenouurbandistrict.com\\\/es\\\/\"},{\"@type\":\"ListItem\",\"position\":2,\"name\":\"El Disseny Hub Barcelona enceta la programaci\u00f3 de tardor amb la Marat\u00f3 DHub 2023\"}]},{\"@type\":\"WebSite\",\"@id\":\"https:\\\/\\\/poblenouurbandistrict.com\\\/es\\\/#website\",\"url\":\"https:\\\/\\\/poblenouurbandistrict.com\\\/es\\\/\",\"name\":\"Poblenou Urban District\",\"description\":\"Comunidad Creativa\",\"potentialAction\":[{\"@type\":\"SearchAction\",\"target\":{\"@type\":\"EntryPoint\",\"urlTemplate\":\"https:\\\/\\\/poblenouurbandistrict.com\\\/es\\\/?s={search_term_string}\"},\"query-input\":{\"@type\":\"PropertyValueSpecification\",\"valueRequired\":true,\"valueName\":\"search_term_string\"}}],\"inLanguage\":\"es\"},{\"@type\":\"Person\",\"@id\":\"https:\\\/\\\/poblenouurbandistrict.com\\\/#\\\/schema\\\/person\\\/980a2cf34b399d5218205730acd54a7e\",\"name\":\"pnud\",\"image\":{\"@type\":\"ImageObject\",\"inLanguage\":\"es\",\"@id\":\"https:\\\/\\\/secure.gravatar.com\\\/avatar\\\/67146597b405ee077a24e519f75c3e2031736596d6ce35af3a34c122c93d0d7b?s=96&d=retro&r=g\",\"url\":\"https:\\\/\\\/secure.gravatar.com\\\/avatar\\\/67146597b405ee077a24e519f75c3e2031736596d6ce35af3a34c122c93d0d7b?s=96&d=retro&r=g\",\"contentUrl\":\"https:\\\/\\\/secure.gravatar.com\\\/avatar\\\/67146597b405ee077a24e519f75c3e2031736596d6ce35af3a34c122c93d0d7b?s=96&d=retro&r=g\",\"caption\":\"pnud\"}}]}<\/script>\n<!-- \/ Yoast SEO plugin. -->","yoast_head_json":{"title":"Disseny Hub Barcelona estrena la programaci\u00f3n de oto\u00f1o con la Marat\u00f3 DHub 2023 &#8211; Poblenou Urban District","robots":{"index":"index","follow":"follow","max-snippet":"max-snippet:-1","max-image-preview":"max-image-preview:large","max-video-preview":"max-video-preview:-1"},"canonical":"https:\/\/poblenouurbandistrict.com\/es\/disseny-hub-barcelona-estrena-la-temporada-de-tardor-amb-la-marato-dhub-2023\/","og_locale":"es_ES","og_type":"article","og_title":"Disseny Hub Barcelona estrena la programaci\u00f3n de oto\u00f1o con la Marat\u00f3 DHub 2023 &#8211; Poblenou Urban District","og_description":"La programaci\u00f3n de oto\u00f1o de Disseny Hub Barcelona se estrena por todo lo alto con la primera Marat\u00f3 DHub, un... M\u00e1s \u2192","og_url":"https:\/\/poblenouurbandistrict.com\/es\/disseny-hub-barcelona-estrena-la-temporada-de-tardor-amb-la-marato-dhub-2023\/","og_site_name":"Poblenou Urban District","article_published_time":"2023-09-28T14:00:30+00:00","article_modified_time":"2023-11-08T16:33:29+00:00","og_image":[{"width":1710,"height":1348,"url":"https:\/\/poblenouurbandistrict.com\/wp-content\/uploads\/2023\/09\/dsc9948-1-scaled-e1695909650785.jpg","type":"image\/jpeg"}],"author":"pnud","twitter_card":"summary_large_image","twitter_misc":{"Escrito por":"pnud","Tiempo de lectura":"2 minutos"},"schema":{"@context":"https:\/\/schema.org","@graph":[{"@type":"Article","@id":"https:\/\/poblenouurbandistrict.com\/disseny-hub-barcelona-estrena-la-temporada-de-tardor-amb-la-marato-dhub-2023\/#article","isPartOf":{"@id":"https:\/\/poblenouurbandistrict.com\/disseny-hub-barcelona-estrena-la-temporada-de-tardor-amb-la-marato-dhub-2023\/"},"author":{"name":"pnud","@id":"https:\/\/poblenouurbandistrict.com\/#\/schema\/person\/980a2cf34b399d5218205730acd54a7e"},"headline":"Disseny Hub Barcelona estrena la programaci\u00f3n de oto\u00f1o con la Marat\u00f3 DHub 2023","datePublished":"2023-09-28T14:00:30+00:00","dateModified":"2023-11-08T16:33:29+00:00","mainEntityOfPage":{"@id":"https:\/\/poblenouurbandistrict.com\/disseny-hub-barcelona-estrena-la-temporada-de-tardor-amb-la-marato-dhub-2023\/"},"wordCount":678,"image":{"@id":"https:\/\/poblenouurbandistrict.com\/disseny-hub-barcelona-estrena-la-temporada-de-tardor-amb-la-marato-dhub-2023\/#primaryimage"},"thumbnailUrl":"https:\/\/media.poblenouurbandistrict.com\/2023\/09\/25065152\/dsc9948-1-scaled-e1695909650785.jpg","articleSection":["Disseny Hub Barcelona"],"inLanguage":"es"},{"@type":"WebPage","@id":"https:\/\/poblenouurbandistrict.com\/es\/disseny-hub-barcelona-estrena-la-temporada-de-tardor-amb-la-marato-dhub-2023\/","url":"https:\/\/poblenouurbandistrict.com\/es\/disseny-hub-barcelona-estrena-la-temporada-de-tardor-amb-la-marato-dhub-2023\/","name":"Disseny Hub Barcelona estrena la programaci\u00f3n de oto\u00f1o con la Marat\u00f3 DHub 2023 &#8211; Poblenou Urban District","isPartOf":{"@id":"https:\/\/poblenouurbandistrict.com\/es\/#website"},"primaryImageOfPage":{"@id":"https:\/\/poblenouurbandistrict.com\/es\/disseny-hub-barcelona-estrena-la-temporada-de-tardor-amb-la-marato-dhub-2023\/#primaryimage"},"image":{"@id":"https:\/\/poblenouurbandistrict.com\/disseny-hub-barcelona-estrena-la-temporada-de-tardor-amb-la-marato-dhub-2023\/#primaryimage"},"thumbnailUrl":"https:\/\/media.poblenouurbandistrict.com\/2023\/09\/25065152\/dsc9948-1-scaled-e1695909650785.jpg","datePublished":"2023-09-28T14:00:30+00:00","dateModified":"2023-11-08T16:33:29+00:00","author":{"@id":"https:\/\/poblenouurbandistrict.com\/#\/schema\/person\/980a2cf34b399d5218205730acd54a7e"},"breadcrumb":{"@id":"https:\/\/poblenouurbandistrict.com\/es\/disseny-hub-barcelona-estrena-la-temporada-de-tardor-amb-la-marato-dhub-2023\/#breadcrumb"},"inLanguage":"es","potentialAction":[{"@type":"ReadAction","target":[["https:\/\/poblenouurbandistrict.com\/es\/disseny-hub-barcelona-estrena-la-temporada-de-tardor-amb-la-marato-dhub-2023\/"]]}]},{"@type":"ImageObject","inLanguage":"es","@id":"https:\/\/poblenouurbandistrict.com\/es\/disseny-hub-barcelona-estrena-la-temporada-de-tardor-amb-la-marato-dhub-2023\/#primaryimage","url":"https:\/\/media.poblenouurbandistrict.com\/2023\/09\/25065152\/dsc9948-1-scaled-e1695909650785.jpg","contentUrl":"https:\/\/media.poblenouurbandistrict.com\/2023\/09\/25065152\/dsc9948-1-scaled-e1695909650785.jpg","width":1710,"height":1348},{"@type":"BreadcrumbList","@id":"https:\/\/poblenouurbandistrict.com\/es\/disseny-hub-barcelona-estrena-la-temporada-de-tardor-amb-la-marato-dhub-2023\/#breadcrumb","itemListElement":[{"@type":"ListItem","position":1,"name":"Home","item":"https:\/\/poblenouurbandistrict.com\/es\/"},{"@type":"ListItem","position":2,"name":"El Disseny Hub Barcelona enceta la programaci\u00f3 de tardor amb la Marat\u00f3 DHub 2023"}]},{"@type":"WebSite","@id":"https:\/\/poblenouurbandistrict.com\/es\/#website","url":"https:\/\/poblenouurbandistrict.com\/es\/","name":"Poblenou Urban District","description":"Comunidad Creativa","potentialAction":[{"@type":"SearchAction","target":{"@type":"EntryPoint","urlTemplate":"https:\/\/poblenouurbandistrict.com\/es\/?s={search_term_string}"},"query-input":{"@type":"PropertyValueSpecification","valueRequired":true,"valueName":"search_term_string"}}],"inLanguage":"es"},{"@type":"Person","@id":"https:\/\/poblenouurbandistrict.com\/#\/schema\/person\/980a2cf34b399d5218205730acd54a7e","name":"pnud","image":{"@type":"ImageObject","inLanguage":"es","@id":"https:\/\/secure.gravatar.com\/avatar\/67146597b405ee077a24e519f75c3e2031736596d6ce35af3a34c122c93d0d7b?s=96&d=retro&r=g","url":"https:\/\/secure.gravatar.com\/avatar\/67146597b405ee077a24e519f75c3e2031736596d6ce35af3a34c122c93d0d7b?s=96&d=retro&r=g","contentUrl":"https:\/\/secure.gravatar.com\/avatar\/67146597b405ee077a24e519f75c3e2031736596d6ce35af3a34c122c93d0d7b?s=96&d=retro&r=g","caption":"pnud"}}]}},"_links":{"self":[{"href":"https:\/\/poblenouurbandistrict.com\/es\/wp-json\/wp\/v2\/posts\/41527","targetHints":{"allow":["GET"]}}],"collection":[{"href":"https:\/\/poblenouurbandistrict.com\/es\/wp-json\/wp\/v2\/posts"}],"about":[{"href":"https:\/\/poblenouurbandistrict.com\/es\/wp-json\/wp\/v2\/types\/post"}],"author":[{"embeddable":true,"href":"https:\/\/poblenouurbandistrict.com\/es\/wp-json\/wp\/v2\/users\/5"}],"replies":[{"embeddable":true,"href":"https:\/\/poblenouurbandistrict.com\/es\/wp-json\/wp\/v2\/comments?post=41527"}],"version-history":[{"count":16,"href":"https:\/\/poblenouurbandistrict.com\/es\/wp-json\/wp\/v2\/posts\/41527\/revisions"}],"predecessor-version":[{"id":42420,"href":"https:\/\/poblenouurbandistrict.com\/es\/wp-json\/wp\/v2\/posts\/41527\/revisions\/42420"}],"wp:featuredmedia":[{"embeddable":true,"href":"https:\/\/poblenouurbandistrict.com\/es\/wp-json\/wp\/v2\/media\/41544"}],"wp:attachment":[{"href":"https:\/\/poblenouurbandistrict.com\/es\/wp-json\/wp\/v2\/media?parent=41527"}],"wp:term":[{"taxonomy":"category","embeddable":true,"href":"https:\/\/poblenouurbandistrict.com\/es\/wp-json\/wp\/v2\/categories?post=41527"},{"taxonomy":"post_tag","embeddable":true,"href":"https:\/\/poblenouurbandistrict.com\/es\/wp-json\/wp\/v2\/tags?post=41527"}],"curies":[{"name":"wp","href":"https:\/\/api.w.org\/{rel}","templated":true}]}}