{"id":41529,"date":"2023-09-28T15:54:42","date_gmt":"2023-09-28T13:54:42","guid":{"rendered":"https:\/\/poblenouurbandistrict.com\/?p=41529"},"modified":"2023-09-28T17:26:51","modified_gmt":"2023-09-28T15:26:51","slug":"descobreix-els-tallers-de-tardor-despai-granada","status":"publish","type":"post","link":"https:\/\/poblenouurbandistrict.com\/es\/descobreix-els-tallers-de-tardor-despai-granada\/","title":{"rendered":"Descubre los talleres de Espai Granada para este oto\u00f1o"},"content":{"rendered":"<p>Vuelve la programaci\u00f3n de talleres de <a href=\"https:\/\/www.espaigranada.com\/\">Espai Granada<\/a>. Cada mes, este espacio ofrece una amplia variedad de <a href=\"https:\/\/www.espaigranada.com\/cursos-y-talleres-gastronomicos\">actividades gastron\u00f3micas<\/a> para disfrutar con amigos y familia de la cocina local e internacional. Si te gusta probar nuevas gastronom\u00edas, no te pierdas la programaci\u00f3n para este oto\u00f1o.<\/p>\n<h3><a href=\"https:\/\/www.espaigranada.com\/informacion-del-evento\/taller-dumplings-4\">Taller de Dumplings<\/a> &#8211; 4 de octubre<\/h3>\n<p>Descubre todas las variedades de dumplings de la mano de la chef Mayela Armas. Aprender\u00e1s a elaborar los dumplings originales de la cultura china, rellenos de cerdo o verdura y panecillos al vapor cargados de marisco o pollo.<\/p>\n<h3><a href=\"https:\/\/www.espaigranada.com\/informacion-del-evento\/talleres-en-familia-con-peques\">Talleres en familia con los m\u00e1s peques<\/a> &#8211; 7 de octubre \/ 4 y 25 de noviembre<\/h3>\n<p>Vuelve a reconectar con tus hijos, sobrinos o nietos ahora que han vuelto a la escuela. Este taller est\u00e1 dise\u00f1ado para ni\u00f1os de 2 a 6 a\u00f1os. Tendr\u00e1n la oportunidad de sumergirse en el mundo de la cocina italiana elaborando \u00f1oquis de patata con salsa de tomate, aprender a hacer dumplings o explorar la cocina mexicana con burritos y quesadillas.<\/p>\n<h3><a href=\"https:\/\/www.espaigranada.com\/informacion-del-evento\/cocina-mexicana-2\">Cocina Mexicana<\/a>&#8211; 11 de octubre<\/h3>\n<p>Descubre los secretos de la cocina mexicana de la mano de la Chef Mayela, famosa por el uso atrevido de especias, sabores intensos, variedad de verduras y diversidad de colores y texturas. Algunos de los platos que aprender\u00e1s a elaborar ser\u00e1n las gringas de boniato con salsa agridulce o los tacos de bistec con salsa taquera.<\/p>\n<h3><a href=\"https:\/\/www.espaigranada.com\/informacion-del-evento\/taller-de-cocina-india-2\">Taller de cocina india<\/a> &#8211; 25 de octubre<\/h3>\n<p>Explora las especias, los colores vibrantes y el picante de la India con la chef Mayela, que ense\u00f1ar\u00e1 a elaborar las recetas m\u00e1s t\u00edpicas del pa\u00eds como la ensalada india de pepino o el Pulao.<\/p>\n<h3><a href=\"https:\/\/www.espaigranada.com\/informacion-del-evento\/taller-halloween-decoracion-galletas-en-familia\">Taller de galletas de Halloween<\/a>\u00a0&#8211; 29 de octubre<\/h3>\n<p>Sabemos que todav\u00eda quedan unas semanas por Halloween, pero Espai Granada ya ha preparado un taller de decoraci\u00f3n de galletas en forma de monstruos, fantasmas o brujas. 4 sesiones para aprender diferentes t\u00e9cnicas como el uso de fondant y rotuladores de tinta comestible.<\/p>\n<p><strong>Para m\u00e1s informaci\u00f3n, echa un vistazo a su <a href=\"https:\/\/www.espaigranada.com\/\">p\u00e1gina web<\/a>.<\/strong><\/p>","protected":false},"excerpt":{"rendered":"<p>Vuelve la programaci\u00f3n de talleres de Espai Granada. Cada mes, este espacio ofrece una amplia variedad de actividades gastron\u00f3micas para&#8230; <a href=\"https:\/\/poblenouurbandistrict.com\/es\/descobreix-els-tallers-de-tardor-despai-granada\/\">M\u00e1s  \u2192<\/a><\/p>\n","protected":false},"author":5,"featured_media":36596,"comment_status":"closed","ping_status":"closed","sticky":false,"template":"","format":"standard","meta":{"_acf_changed":false,"footnotes":""},"categories":[3596],"tags":[],"class_list":["post-41529","post","type-post","status-publish","format-standard","has-post-thumbnail","hentry","category-tallers"],"acf":[],"yoast_head":"<!-- This site is optimized with the Yoast SEO plugin v27.5 - https:\/\/yoast.com\/product\/yoast-seo-wordpress\/ -->\n<title>Descubre los talleres de Espai Granada para este oto\u00f1o &#8211; Poblenou Urban District<\/title>\n<meta name=\"robots\" content=\"index, follow, max-snippet:-1, max-image-preview:large, max-video-preview:-1\" \/>\n<link rel=\"canonical\" href=\"https:\/\/poblenouurbandistrict.com\/es\/descobreix-els-tallers-de-tardor-despai-granada\/\" \/>\n<meta property=\"og:locale\" content=\"es_ES\" \/>\n<meta property=\"og:type\" content=\"article\" \/>\n<meta property=\"og:title\" content=\"Descubre los talleres de Espai Granada para este oto\u00f1o &#8211; Poblenou Urban District\" \/>\n<meta property=\"og:description\" content=\"Vuelve la programaci\u00f3n de talleres de Espai Granada. Cada mes, este espacio ofrece una amplia variedad de actividades gastron\u00f3micas para... M\u00e1s \u2192\" \/>\n<meta property=\"og:url\" content=\"https:\/\/poblenouurbandistrict.com\/es\/descobreix-els-tallers-de-tardor-despai-granada\/\" \/>\n<meta property=\"og:site_name\" content=\"Poblenou Urban District\" \/>\n<meta property=\"article:published_time\" content=\"2023-09-28T13:54:42+00:00\" \/>\n<meta property=\"article:modified_time\" content=\"2023-09-28T15:26:51+00:00\" \/>\n<meta property=\"og:image\" content=\"https:\/\/poblenouurbandistrict.com\/wp-content\/uploads\/2023\/01\/espai-granada-3.jpeg\" \/>\n\t<meta property=\"og:image:width\" content=\"1080\" \/>\n\t<meta property=\"og:image:height\" content=\"720\" \/>\n\t<meta property=\"og:image:type\" content=\"image\/jpeg\" \/>\n<meta name=\"author\" content=\"pnud\" \/>\n<meta name=\"twitter:card\" content=\"summary_large_image\" \/>\n<meta name=\"twitter:label1\" content=\"Escrito por\" \/>\n\t<meta name=\"twitter:data1\" content=\"pnud\" \/>\n\t<meta name=\"twitter:label2\" content=\"Tiempo de lectura\" \/>\n\t<meta name=\"twitter:data2\" content=\"2 minutos\" \/>\n<script type=\"application\/ld+json\" class=\"yoast-schema-graph\">{\"@context\":\"https:\\\/\\\/schema.org\",\"@graph\":[{\"@type\":\"Article\",\"@id\":\"https:\\\/\\\/poblenouurbandistrict.com\\\/descobreix-els-tallers-de-tardor-despai-granada\\\/#article\",\"isPartOf\":{\"@id\":\"https:\\\/\\\/poblenouurbandistrict.com\\\/descobreix-els-tallers-de-tardor-despai-granada\\\/\"},\"author\":{\"name\":\"pnud\",\"@id\":\"https:\\\/\\\/poblenouurbandistrict.com\\\/#\\\/schema\\\/person\\\/980a2cf34b399d5218205730acd54a7e\"},\"headline\":\"Descubre los talleres de Espai Granada para este oto\u00f1o\",\"datePublished\":\"2023-09-28T13:54:42+00:00\",\"dateModified\":\"2023-09-28T15:26:51+00:00\",\"mainEntityOfPage\":{\"@id\":\"https:\\\/\\\/poblenouurbandistrict.com\\\/descobreix-els-tallers-de-tardor-despai-granada\\\/\"},\"wordCount\":706,\"image\":{\"@id\":\"https:\\\/\\\/poblenouurbandistrict.com\\\/descobreix-els-tallers-de-tardor-despai-granada\\\/#primaryimage\"},\"thumbnailUrl\":\"https:\\\/\\\/media.poblenouurbandistrict.com\\\/2023\\\/01\\\/25055801\\\/espai-granada-3.jpeg\",\"articleSection\":[\"Tallers\"],\"inLanguage\":\"es\"},{\"@type\":\"WebPage\",\"@id\":\"https:\\\/\\\/poblenouurbandistrict.com\\\/es\\\/descobreix-els-tallers-de-tardor-despai-granada\\\/\",\"url\":\"https:\\\/\\\/poblenouurbandistrict.com\\\/es\\\/descobreix-els-tallers-de-tardor-despai-granada\\\/\",\"name\":\"Descubre los talleres de Espai Granada para este oto\u00f1o &#8211; Poblenou Urban District\",\"isPartOf\":{\"@id\":\"https:\\\/\\\/poblenouurbandistrict.com\\\/es\\\/#website\"},\"primaryImageOfPage\":{\"@id\":\"https:\\\/\\\/poblenouurbandistrict.com\\\/es\\\/descobreix-els-tallers-de-tardor-despai-granada\\\/#primaryimage\"},\"image\":{\"@id\":\"https:\\\/\\\/poblenouurbandistrict.com\\\/descobreix-els-tallers-de-tardor-despai-granada\\\/#primaryimage\"},\"thumbnailUrl\":\"https:\\\/\\\/media.poblenouurbandistrict.com\\\/2023\\\/01\\\/25055801\\\/espai-granada-3.jpeg\",\"datePublished\":\"2023-09-28T13:54:42+00:00\",\"dateModified\":\"2023-09-28T15:26:51+00:00\",\"author\":{\"@id\":\"https:\\\/\\\/poblenouurbandistrict.com\\\/#\\\/schema\\\/person\\\/980a2cf34b399d5218205730acd54a7e\"},\"breadcrumb\":{\"@id\":\"https:\\\/\\\/poblenouurbandistrict.com\\\/es\\\/descobreix-els-tallers-de-tardor-despai-granada\\\/#breadcrumb\"},\"inLanguage\":\"es\",\"potentialAction\":[{\"@type\":\"ReadAction\",\"target\":[[\"https:\\\/\\\/poblenouurbandistrict.com\\\/es\\\/descobreix-els-tallers-de-tardor-despai-granada\\\/\"]]}]},{\"@type\":\"ImageObject\",\"inLanguage\":\"es\",\"@id\":\"https:\\\/\\\/poblenouurbandistrict.com\\\/es\\\/descobreix-els-tallers-de-tardor-despai-granada\\\/#primaryimage\",\"url\":\"https:\\\/\\\/media.poblenouurbandistrict.com\\\/2023\\\/01\\\/25055801\\\/espai-granada-3.jpeg\",\"contentUrl\":\"https:\\\/\\\/media.poblenouurbandistrict.com\\\/2023\\\/01\\\/25055801\\\/espai-granada-3.jpeg\",\"width\":1080,\"height\":720},{\"@type\":\"BreadcrumbList\",\"@id\":\"https:\\\/\\\/poblenouurbandistrict.com\\\/es\\\/descobreix-els-tallers-de-tardor-despai-granada\\\/#breadcrumb\",\"itemListElement\":[{\"@type\":\"ListItem\",\"position\":1,\"name\":\"Home\",\"item\":\"https:\\\/\\\/poblenouurbandistrict.com\\\/es\\\/\"},{\"@type\":\"ListItem\",\"position\":2,\"name\":\"Descobreix els tallers d&#8217;Espai Granada per aquesta tardor\"}]},{\"@type\":\"WebSite\",\"@id\":\"https:\\\/\\\/poblenouurbandistrict.com\\\/es\\\/#website\",\"url\":\"https:\\\/\\\/poblenouurbandistrict.com\\\/es\\\/\",\"name\":\"Poblenou Urban District\",\"description\":\"Comunidad Creativa\",\"potentialAction\":[{\"@type\":\"SearchAction\",\"target\":{\"@type\":\"EntryPoint\",\"urlTemplate\":\"https:\\\/\\\/poblenouurbandistrict.com\\\/es\\\/?s={search_term_string}\"},\"query-input\":{\"@type\":\"PropertyValueSpecification\",\"valueRequired\":true,\"valueName\":\"search_term_string\"}}],\"inLanguage\":\"es\"},{\"@type\":\"Person\",\"@id\":\"https:\\\/\\\/poblenouurbandistrict.com\\\/#\\\/schema\\\/person\\\/980a2cf34b399d5218205730acd54a7e\",\"name\":\"pnud\",\"image\":{\"@type\":\"ImageObject\",\"inLanguage\":\"es\",\"@id\":\"https:\\\/\\\/secure.gravatar.com\\\/avatar\\\/67146597b405ee077a24e519f75c3e2031736596d6ce35af3a34c122c93d0d7b?s=96&d=retro&r=g\",\"url\":\"https:\\\/\\\/secure.gravatar.com\\\/avatar\\\/67146597b405ee077a24e519f75c3e2031736596d6ce35af3a34c122c93d0d7b?s=96&d=retro&r=g\",\"contentUrl\":\"https:\\\/\\\/secure.gravatar.com\\\/avatar\\\/67146597b405ee077a24e519f75c3e2031736596d6ce35af3a34c122c93d0d7b?s=96&d=retro&r=g\",\"caption\":\"pnud\"}}]}<\/script>\n<!-- \/ Yoast SEO plugin. -->","yoast_head_json":{"title":"Descubre los talleres de Espai Granada para este oto\u00f1o &#8211; Poblenou Urban District","robots":{"index":"index","follow":"follow","max-snippet":"max-snippet:-1","max-image-preview":"max-image-preview:large","max-video-preview":"max-video-preview:-1"},"canonical":"https:\/\/poblenouurbandistrict.com\/es\/descobreix-els-tallers-de-tardor-despai-granada\/","og_locale":"es_ES","og_type":"article","og_title":"Descubre los talleres de Espai Granada para este oto\u00f1o &#8211; Poblenou Urban District","og_description":"Vuelve la programaci\u00f3n de talleres de Espai Granada. Cada mes, este espacio ofrece una amplia variedad de actividades gastron\u00f3micas para... M\u00e1s \u2192","og_url":"https:\/\/poblenouurbandistrict.com\/es\/descobreix-els-tallers-de-tardor-despai-granada\/","og_site_name":"Poblenou Urban District","article_published_time":"2023-09-28T13:54:42+00:00","article_modified_time":"2023-09-28T15:26:51+00:00","og_image":[{"width":1080,"height":720,"url":"https:\/\/poblenouurbandistrict.com\/wp-content\/uploads\/2023\/01\/espai-granada-3.jpeg","type":"image\/jpeg"}],"author":"pnud","twitter_card":"summary_large_image","twitter_misc":{"Escrito por":"pnud","Tiempo de lectura":"2 minutos"},"schema":{"@context":"https:\/\/schema.org","@graph":[{"@type":"Article","@id":"https:\/\/poblenouurbandistrict.com\/descobreix-els-tallers-de-tardor-despai-granada\/#article","isPartOf":{"@id":"https:\/\/poblenouurbandistrict.com\/descobreix-els-tallers-de-tardor-despai-granada\/"},"author":{"name":"pnud","@id":"https:\/\/poblenouurbandistrict.com\/#\/schema\/person\/980a2cf34b399d5218205730acd54a7e"},"headline":"Descubre los talleres de Espai Granada para este oto\u00f1o","datePublished":"2023-09-28T13:54:42+00:00","dateModified":"2023-09-28T15:26:51+00:00","mainEntityOfPage":{"@id":"https:\/\/poblenouurbandistrict.com\/descobreix-els-tallers-de-tardor-despai-granada\/"},"wordCount":706,"image":{"@id":"https:\/\/poblenouurbandistrict.com\/descobreix-els-tallers-de-tardor-despai-granada\/#primaryimage"},"thumbnailUrl":"https:\/\/media.poblenouurbandistrict.com\/2023\/01\/25055801\/espai-granada-3.jpeg","articleSection":["Tallers"],"inLanguage":"es"},{"@type":"WebPage","@id":"https:\/\/poblenouurbandistrict.com\/es\/descobreix-els-tallers-de-tardor-despai-granada\/","url":"https:\/\/poblenouurbandistrict.com\/es\/descobreix-els-tallers-de-tardor-despai-granada\/","name":"Descubre los talleres de Espai Granada para este oto\u00f1o &#8211; Poblenou Urban District","isPartOf":{"@id":"https:\/\/poblenouurbandistrict.com\/es\/#website"},"primaryImageOfPage":{"@id":"https:\/\/poblenouurbandistrict.com\/es\/descobreix-els-tallers-de-tardor-despai-granada\/#primaryimage"},"image":{"@id":"https:\/\/poblenouurbandistrict.com\/descobreix-els-tallers-de-tardor-despai-granada\/#primaryimage"},"thumbnailUrl":"https:\/\/media.poblenouurbandistrict.com\/2023\/01\/25055801\/espai-granada-3.jpeg","datePublished":"2023-09-28T13:54:42+00:00","dateModified":"2023-09-28T15:26:51+00:00","author":{"@id":"https:\/\/poblenouurbandistrict.com\/#\/schema\/person\/980a2cf34b399d5218205730acd54a7e"},"breadcrumb":{"@id":"https:\/\/poblenouurbandistrict.com\/es\/descobreix-els-tallers-de-tardor-despai-granada\/#breadcrumb"},"inLanguage":"es","potentialAction":[{"@type":"ReadAction","target":[["https:\/\/poblenouurbandistrict.com\/es\/descobreix-els-tallers-de-tardor-despai-granada\/"]]}]},{"@type":"ImageObject","inLanguage":"es","@id":"https:\/\/poblenouurbandistrict.com\/es\/descobreix-els-tallers-de-tardor-despai-granada\/#primaryimage","url":"https:\/\/media.poblenouurbandistrict.com\/2023\/01\/25055801\/espai-granada-3.jpeg","contentUrl":"https:\/\/media.poblenouurbandistrict.com\/2023\/01\/25055801\/espai-granada-3.jpeg","width":1080,"height":720},{"@type":"BreadcrumbList","@id":"https:\/\/poblenouurbandistrict.com\/es\/descobreix-els-tallers-de-tardor-despai-granada\/#breadcrumb","itemListElement":[{"@type":"ListItem","position":1,"name":"Home","item":"https:\/\/poblenouurbandistrict.com\/es\/"},{"@type":"ListItem","position":2,"name":"Descobreix els tallers d&#8217;Espai Granada per aquesta tardor"}]},{"@type":"WebSite","@id":"https:\/\/poblenouurbandistrict.com\/es\/#website","url":"https:\/\/poblenouurbandistrict.com\/es\/","name":"Poblenou Urban District","description":"Comunidad Creativa","potentialAction":[{"@type":"SearchAction","target":{"@type":"EntryPoint","urlTemplate":"https:\/\/poblenouurbandistrict.com\/es\/?s={search_term_string}"},"query-input":{"@type":"PropertyValueSpecification","valueRequired":true,"valueName":"search_term_string"}}],"inLanguage":"es"},{"@type":"Person","@id":"https:\/\/poblenouurbandistrict.com\/#\/schema\/person\/980a2cf34b399d5218205730acd54a7e","name":"pnud","image":{"@type":"ImageObject","inLanguage":"es","@id":"https:\/\/secure.gravatar.com\/avatar\/67146597b405ee077a24e519f75c3e2031736596d6ce35af3a34c122c93d0d7b?s=96&d=retro&r=g","url":"https:\/\/secure.gravatar.com\/avatar\/67146597b405ee077a24e519f75c3e2031736596d6ce35af3a34c122c93d0d7b?s=96&d=retro&r=g","contentUrl":"https:\/\/secure.gravatar.com\/avatar\/67146597b405ee077a24e519f75c3e2031736596d6ce35af3a34c122c93d0d7b?s=96&d=retro&r=g","caption":"pnud"}}]}},"_links":{"self":[{"href":"https:\/\/poblenouurbandistrict.com\/es\/wp-json\/wp\/v2\/posts\/41529","targetHints":{"allow":["GET"]}}],"collection":[{"href":"https:\/\/poblenouurbandistrict.com\/es\/wp-json\/wp\/v2\/posts"}],"about":[{"href":"https:\/\/poblenouurbandistrict.com\/es\/wp-json\/wp\/v2\/types\/post"}],"author":[{"embeddable":true,"href":"https:\/\/poblenouurbandistrict.com\/es\/wp-json\/wp\/v2\/users\/5"}],"replies":[{"embeddable":true,"href":"https:\/\/poblenouurbandistrict.com\/es\/wp-json\/wp\/v2\/comments?post=41529"}],"version-history":[{"count":7,"href":"https:\/\/poblenouurbandistrict.com\/es\/wp-json\/wp\/v2\/posts\/41529\/revisions"}],"predecessor-version":[{"id":41593,"href":"https:\/\/poblenouurbandistrict.com\/es\/wp-json\/wp\/v2\/posts\/41529\/revisions\/41593"}],"wp:featuredmedia":[{"embeddable":true,"href":"https:\/\/poblenouurbandistrict.com\/es\/wp-json\/wp\/v2\/media\/36596"}],"wp:attachment":[{"href":"https:\/\/poblenouurbandistrict.com\/es\/wp-json\/wp\/v2\/media?parent=41529"}],"wp:term":[{"taxonomy":"category","embeddable":true,"href":"https:\/\/poblenouurbandistrict.com\/es\/wp-json\/wp\/v2\/categories?post=41529"},{"taxonomy":"post_tag","embeddable":true,"href":"https:\/\/poblenouurbandistrict.com\/es\/wp-json\/wp\/v2\/tags?post=41529"}],"curies":[{"name":"wp","href":"https:\/\/api.w.org\/{rel}","templated":true}]}}