{"id":42026,"date":"2023-10-18T12:58:34","date_gmt":"2023-10-18T10:58:34","guid":{"rendered":"https:\/\/poblenouurbandistrict.com\/?p=42026"},"modified":"2023-10-19T22:21:59","modified_gmt":"2023-10-19T20:21:59","slug":"talk-1-art-i-processos-creatius-en-temps-del-turisme-permanent","status":"publish","type":"post","link":"https:\/\/poblenouurbandistrict.com\/es\/talk-1-art-i-processos-creatius-en-temps-del-turisme-permanent\/","title":{"rendered":"TALK #1: \u00abArte y procesos creativos en tiempos del turismo permanente\u00bb"},"content":{"rendered":"<p>Enmarcados en el consumo desaforado impuesto por la posmodernidad y afectados por los s\u00edntomas de la llamada \u201chipercultura\u201d, todos somos en cierta manera \u201cturistas\u201d permanentes. Incapaces de recordar y analizar, navegamos por contextos y disciplinas creativas bajo la exigencia de la multidisciplinariedad. Y el territorio, cada vez m\u00e1s inh\u00f3spito, nos va expulsando progresivamente.<\/p>\n<p>En esta mesa redonda conversaremos con <a href=\"https:\/\/www.stefanieherr.com\/\">Stefanie Herr<\/a>; <span style=\"font-weight: 400;\">Jana Trave y Pablo Ciccarelli (<\/span><a href=\"https:\/\/www.instagram.com\/p3vitrina\/\">P3 Vitrina<\/a>) y\u00a0<a href=\"https:\/\/elpumarejo.org\/\">El Pumarejo: Alex Wellburn<\/a>\u00a0sobre las intenciones del artista de hoy y de qu\u00e9 formas se puede recuperar el contacto con el terreno, la realidad, el lugar y la comunidad para no caer en la patol\u00f3gica reproducci\u00f3n del autorretrato.<\/p>\n<p>El artista y\/o creativo de hoy vive constantemente \u201cout of context\u201d en un espacio virtual donde imperan el individualismo y el cortoplacismo. Entonces, \u00bfse ha convertido el arte contempor\u00e1neo en algo que s\u00f3lo es capaz de hablar de s\u00ed mismo y de sus dolencias? En la era del ensimismamiento y la sordera colectiva, \u00bfqu\u00e9 define el \u201cesp\u00edritu\u201d del artista? \u00bfEs posible describir un mundo que realmente no para de acelerar sin tenernos en cuenta?<\/p>\n<hr \/>\n<p><span style=\"color: #808080;\"><b>INFORMACI\u00d3N ADICIONAL<\/b><\/span><\/p>\n<ul>\n<li><span style=\"color: #808080;\"><b>D\u00eda:\u00a0<\/b>19 de octubre de 2023<\/span><\/li>\n<li><span style=\"color: #808080;\"><b>Horario:\u00a0<\/b>17h-20h<\/span><\/li>\n<li><span style=\"color: #808080;\"><b>Lugar:<\/b>\u00a0Disseny Hub Barcelona (Auditorio) y en\u00a0<a style=\"color: #808080;\" href=\"https:\/\/www.instagram.com\/poblenouud\/\">Instagram<\/a> \/ <a style=\"color: #808080;\" href=\"https:\/\/www.youtube.com\/channel\/UCyVb54OCWKmehErJQbsO7Gw\">Youtube<\/a><\/span><\/li>\n<li><span style=\"color: #808080;\"><b>Transporte:<\/b>\u00a0Metro:\u00a0Gl\u00f2ries (L\u00ednea 1) \/ Clot (L\u00ednea 2) \/ Monumental (L\u00ednea 2) | Tram: Gl\u00f2ries (L\u00edneas T4, T5 y T6 ) | Bus: \u200b\u200b H12, 92, 192<\/span><\/li>\n<li><span style=\"color: #808080;\"><b>Direcci\u00f3n:<\/b>\u00a0Irena Sendler, 1. 08018, Barcelona<\/span><\/li>\n<li><span style=\"color: #808080;\"><b>Entrada:<\/b>\u00a0Gratuita<\/span><\/li>\n<li><span style=\"color: #808080;\"><b>Idiomas:<\/b>\u00a0Castellano<\/span><\/li>\n<\/ul>\n<p><\/p>","protected":false},"excerpt":{"rendered":"<p>Enmarcados en el consumo desaforado impuesto por la posmodernidad y afectados por los s\u00edntomas de la llamada \u201chipercultura\u201d, todos somos&#8230; <a href=\"https:\/\/poblenouurbandistrict.com\/es\/talk-1-art-i-processos-creatius-en-temps-del-turisme-permanent\/\">M\u00e1s  \u2192<\/a><\/p>\n","protected":false},"author":5,"featured_media":41994,"comment_status":"closed","ping_status":"closed","sticky":false,"template":"","format":"standard","meta":{"_acf_changed":false,"footnotes":""},"categories":[3429],"tags":[],"class_list":["post-42026","post","type-post","status-publish","format-standard","has-post-thumbnail","hentry","category-urban-talks"],"acf":[],"yoast_head":"<!-- This site is optimized with the Yoast SEO plugin v27.4 - https:\/\/yoast.com\/product\/yoast-seo-wordpress\/ -->\n<title>TALK #1: &quot;Arte y procesos creativos en tiempos del turismo permanente&quot; &#8211; Poblenou Urban District<\/title>\n<meta name=\"robots\" content=\"index, follow, max-snippet:-1, max-image-preview:large, max-video-preview:-1\" \/>\n<link rel=\"canonical\" href=\"https:\/\/poblenouurbandistrict.com\/es\/talk-1-art-i-processos-creatius-en-temps-del-turisme-permanent\/\" \/>\n<meta property=\"og:locale\" content=\"es_ES\" \/>\n<meta property=\"og:type\" content=\"article\" \/>\n<meta property=\"og:title\" content=\"TALK #1: &quot;Arte y procesos creativos en tiempos del turismo permanente&quot; &#8211; Poblenou Urban District\" \/>\n<meta property=\"og:description\" content=\"Enmarcados en el consumo desaforado impuesto por la posmodernidad y afectados por los s\u00edntomas de la llamada \u201chipercultura\u201d, todos somos... M\u00e1s \u2192\" \/>\n<meta property=\"og:url\" content=\"https:\/\/poblenouurbandistrict.com\/es\/talk-1-art-i-processos-creatius-en-temps-del-turisme-permanent\/\" \/>\n<meta property=\"og:site_name\" content=\"Poblenou Urban District\" \/>\n<meta property=\"article:published_time\" content=\"2023-10-18T10:58:34+00:00\" \/>\n<meta property=\"article:modified_time\" content=\"2023-10-19T20:21:59+00:00\" \/>\n<meta property=\"og:image\" content=\"https:\/\/poblenouurbandistrict.com\/wp-content\/uploads\/2023\/10\/urban-talks-web-talk-01-690x430-1.jpg\" \/>\n\t<meta property=\"og:image:width\" content=\"1438\" \/>\n\t<meta property=\"og:image:height\" content=\"896\" \/>\n\t<meta property=\"og:image:type\" content=\"image\/jpeg\" \/>\n<meta name=\"author\" content=\"pnud\" \/>\n<meta name=\"twitter:card\" content=\"summary_large_image\" \/>\n<meta name=\"twitter:label1\" content=\"Escrito por\" \/>\n\t<meta name=\"twitter:data1\" content=\"pnud\" \/>\n\t<meta name=\"twitter:label2\" content=\"Tiempo de lectura\" \/>\n\t<meta name=\"twitter:data2\" content=\"2 minutos\" \/>\n<script type=\"application\/ld+json\" class=\"yoast-schema-graph\">{\"@context\":\"https:\\\/\\\/schema.org\",\"@graph\":[{\"@type\":\"Article\",\"@id\":\"https:\\\/\\\/poblenouurbandistrict.com\\\/talk-1-art-i-processos-creatius-en-temps-del-turisme-permanent\\\/#article\",\"isPartOf\":{\"@id\":\"https:\\\/\\\/poblenouurbandistrict.com\\\/talk-1-art-i-processos-creatius-en-temps-del-turisme-permanent\\\/\"},\"author\":{\"name\":\"pnud\",\"@id\":\"https:\\\/\\\/poblenouurbandistrict.com\\\/#\\\/schema\\\/person\\\/980a2cf34b399d5218205730acd54a7e\"},\"headline\":\"TALK #1: \u00abArte y procesos creativos en tiempos del turismo permanente\u00bb\",\"datePublished\":\"2023-10-18T10:58:34+00:00\",\"dateModified\":\"2023-10-19T20:21:59+00:00\",\"mainEntityOfPage\":{\"@id\":\"https:\\\/\\\/poblenouurbandistrict.com\\\/talk-1-art-i-processos-creatius-en-temps-del-turisme-permanent\\\/\"},\"wordCount\":514,\"image\":{\"@id\":\"https:\\\/\\\/poblenouurbandistrict.com\\\/talk-1-art-i-processos-creatius-en-temps-del-turisme-permanent\\\/#primaryimage\"},\"thumbnailUrl\":\"https:\\\/\\\/media.poblenouurbandistrict.com\\\/2023\\\/10\\\/25065508\\\/urban-talks-web-talk-01-690x430-1.jpg\",\"articleSection\":[\"Urban Talks\"],\"inLanguage\":\"es\"},{\"@type\":\"WebPage\",\"@id\":\"https:\\\/\\\/poblenouurbandistrict.com\\\/es\\\/talk-1-art-i-processos-creatius-en-temps-del-turisme-permanent\\\/\",\"url\":\"https:\\\/\\\/poblenouurbandistrict.com\\\/es\\\/talk-1-art-i-processos-creatius-en-temps-del-turisme-permanent\\\/\",\"name\":\"TALK #1: \\\"Arte y procesos creativos en tiempos del turismo permanente\\\" &#8211; Poblenou Urban District\",\"isPartOf\":{\"@id\":\"https:\\\/\\\/poblenouurbandistrict.com\\\/es\\\/#website\"},\"primaryImageOfPage\":{\"@id\":\"https:\\\/\\\/poblenouurbandistrict.com\\\/es\\\/talk-1-art-i-processos-creatius-en-temps-del-turisme-permanent\\\/#primaryimage\"},\"image\":{\"@id\":\"https:\\\/\\\/poblenouurbandistrict.com\\\/talk-1-art-i-processos-creatius-en-temps-del-turisme-permanent\\\/#primaryimage\"},\"thumbnailUrl\":\"https:\\\/\\\/media.poblenouurbandistrict.com\\\/2023\\\/10\\\/25065508\\\/urban-talks-web-talk-01-690x430-1.jpg\",\"datePublished\":\"2023-10-18T10:58:34+00:00\",\"dateModified\":\"2023-10-19T20:21:59+00:00\",\"author\":{\"@id\":\"https:\\\/\\\/poblenouurbandistrict.com\\\/#\\\/schema\\\/person\\\/980a2cf34b399d5218205730acd54a7e\"},\"breadcrumb\":{\"@id\":\"https:\\\/\\\/poblenouurbandistrict.com\\\/es\\\/talk-1-art-i-processos-creatius-en-temps-del-turisme-permanent\\\/#breadcrumb\"},\"inLanguage\":\"es\",\"potentialAction\":[{\"@type\":\"ReadAction\",\"target\":[[\"https:\\\/\\\/poblenouurbandistrict.com\\\/es\\\/talk-1-art-i-processos-creatius-en-temps-del-turisme-permanent\\\/\"]]}]},{\"@type\":\"ImageObject\",\"inLanguage\":\"es\",\"@id\":\"https:\\\/\\\/poblenouurbandistrict.com\\\/es\\\/talk-1-art-i-processos-creatius-en-temps-del-turisme-permanent\\\/#primaryimage\",\"url\":\"https:\\\/\\\/media.poblenouurbandistrict.com\\\/2023\\\/10\\\/25065508\\\/urban-talks-web-talk-01-690x430-1.jpg\",\"contentUrl\":\"https:\\\/\\\/media.poblenouurbandistrict.com\\\/2023\\\/10\\\/25065508\\\/urban-talks-web-talk-01-690x430-1.jpg\",\"width\":1438,\"height\":896},{\"@type\":\"BreadcrumbList\",\"@id\":\"https:\\\/\\\/poblenouurbandistrict.com\\\/es\\\/talk-1-art-i-processos-creatius-en-temps-del-turisme-permanent\\\/#breadcrumb\",\"itemListElement\":[{\"@type\":\"ListItem\",\"position\":1,\"name\":\"Home\",\"item\":\"https:\\\/\\\/poblenouurbandistrict.com\\\/es\\\/\"},{\"@type\":\"ListItem\",\"position\":2,\"name\":\"TALK #1: &#8220;Art i processos creatius en temps del turisme permanent&#8221;\"}]},{\"@type\":\"WebSite\",\"@id\":\"https:\\\/\\\/poblenouurbandistrict.com\\\/es\\\/#website\",\"url\":\"https:\\\/\\\/poblenouurbandistrict.com\\\/es\\\/\",\"name\":\"Poblenou Urban District\",\"description\":\"Comunidad Creativa\",\"potentialAction\":[{\"@type\":\"SearchAction\",\"target\":{\"@type\":\"EntryPoint\",\"urlTemplate\":\"https:\\\/\\\/poblenouurbandistrict.com\\\/es\\\/?s={search_term_string}\"},\"query-input\":{\"@type\":\"PropertyValueSpecification\",\"valueRequired\":true,\"valueName\":\"search_term_string\"}}],\"inLanguage\":\"es\"},{\"@type\":\"Person\",\"@id\":\"https:\\\/\\\/poblenouurbandistrict.com\\\/#\\\/schema\\\/person\\\/980a2cf34b399d5218205730acd54a7e\",\"name\":\"pnud\",\"image\":{\"@type\":\"ImageObject\",\"inLanguage\":\"es\",\"@id\":\"https:\\\/\\\/secure.gravatar.com\\\/avatar\\\/67146597b405ee077a24e519f75c3e2031736596d6ce35af3a34c122c93d0d7b?s=96&d=retro&r=g\",\"url\":\"https:\\\/\\\/secure.gravatar.com\\\/avatar\\\/67146597b405ee077a24e519f75c3e2031736596d6ce35af3a34c122c93d0d7b?s=96&d=retro&r=g\",\"contentUrl\":\"https:\\\/\\\/secure.gravatar.com\\\/avatar\\\/67146597b405ee077a24e519f75c3e2031736596d6ce35af3a34c122c93d0d7b?s=96&d=retro&r=g\",\"caption\":\"pnud\"}}]}<\/script>\n<!-- \/ Yoast SEO plugin. -->","yoast_head_json":{"title":"TALK #1: \"Arte y procesos creativos en tiempos del turismo permanente\" &#8211; Poblenou Urban District","robots":{"index":"index","follow":"follow","max-snippet":"max-snippet:-1","max-image-preview":"max-image-preview:large","max-video-preview":"max-video-preview:-1"},"canonical":"https:\/\/poblenouurbandistrict.com\/es\/talk-1-art-i-processos-creatius-en-temps-del-turisme-permanent\/","og_locale":"es_ES","og_type":"article","og_title":"TALK #1: \"Arte y procesos creativos en tiempos del turismo permanente\" &#8211; Poblenou Urban District","og_description":"Enmarcados en el consumo desaforado impuesto por la posmodernidad y afectados por los s\u00edntomas de la llamada \u201chipercultura\u201d, todos somos... M\u00e1s \u2192","og_url":"https:\/\/poblenouurbandistrict.com\/es\/talk-1-art-i-processos-creatius-en-temps-del-turisme-permanent\/","og_site_name":"Poblenou Urban District","article_published_time":"2023-10-18T10:58:34+00:00","article_modified_time":"2023-10-19T20:21:59+00:00","og_image":[{"width":1438,"height":896,"url":"https:\/\/poblenouurbandistrict.com\/wp-content\/uploads\/2023\/10\/urban-talks-web-talk-01-690x430-1.jpg","type":"image\/jpeg"}],"author":"pnud","twitter_card":"summary_large_image","twitter_misc":{"Escrito por":"pnud","Tiempo de lectura":"2 minutos"},"schema":{"@context":"https:\/\/schema.org","@graph":[{"@type":"Article","@id":"https:\/\/poblenouurbandistrict.com\/talk-1-art-i-processos-creatius-en-temps-del-turisme-permanent\/#article","isPartOf":{"@id":"https:\/\/poblenouurbandistrict.com\/talk-1-art-i-processos-creatius-en-temps-del-turisme-permanent\/"},"author":{"name":"pnud","@id":"https:\/\/poblenouurbandistrict.com\/#\/schema\/person\/980a2cf34b399d5218205730acd54a7e"},"headline":"TALK #1: \u00abArte y procesos creativos en tiempos del turismo permanente\u00bb","datePublished":"2023-10-18T10:58:34+00:00","dateModified":"2023-10-19T20:21:59+00:00","mainEntityOfPage":{"@id":"https:\/\/poblenouurbandistrict.com\/talk-1-art-i-processos-creatius-en-temps-del-turisme-permanent\/"},"wordCount":514,"image":{"@id":"https:\/\/poblenouurbandistrict.com\/talk-1-art-i-processos-creatius-en-temps-del-turisme-permanent\/#primaryimage"},"thumbnailUrl":"https:\/\/media.poblenouurbandistrict.com\/2023\/10\/25065508\/urban-talks-web-talk-01-690x430-1.jpg","articleSection":["Urban Talks"],"inLanguage":"es"},{"@type":"WebPage","@id":"https:\/\/poblenouurbandistrict.com\/es\/talk-1-art-i-processos-creatius-en-temps-del-turisme-permanent\/","url":"https:\/\/poblenouurbandistrict.com\/es\/talk-1-art-i-processos-creatius-en-temps-del-turisme-permanent\/","name":"TALK #1: \"Arte y procesos creativos en tiempos del turismo permanente\" &#8211; Poblenou Urban District","isPartOf":{"@id":"https:\/\/poblenouurbandistrict.com\/es\/#website"},"primaryImageOfPage":{"@id":"https:\/\/poblenouurbandistrict.com\/es\/talk-1-art-i-processos-creatius-en-temps-del-turisme-permanent\/#primaryimage"},"image":{"@id":"https:\/\/poblenouurbandistrict.com\/talk-1-art-i-processos-creatius-en-temps-del-turisme-permanent\/#primaryimage"},"thumbnailUrl":"https:\/\/media.poblenouurbandistrict.com\/2023\/10\/25065508\/urban-talks-web-talk-01-690x430-1.jpg","datePublished":"2023-10-18T10:58:34+00:00","dateModified":"2023-10-19T20:21:59+00:00","author":{"@id":"https:\/\/poblenouurbandistrict.com\/#\/schema\/person\/980a2cf34b399d5218205730acd54a7e"},"breadcrumb":{"@id":"https:\/\/poblenouurbandistrict.com\/es\/talk-1-art-i-processos-creatius-en-temps-del-turisme-permanent\/#breadcrumb"},"inLanguage":"es","potentialAction":[{"@type":"ReadAction","target":[["https:\/\/poblenouurbandistrict.com\/es\/talk-1-art-i-processos-creatius-en-temps-del-turisme-permanent\/"]]}]},{"@type":"ImageObject","inLanguage":"es","@id":"https:\/\/poblenouurbandistrict.com\/es\/talk-1-art-i-processos-creatius-en-temps-del-turisme-permanent\/#primaryimage","url":"https:\/\/media.poblenouurbandistrict.com\/2023\/10\/25065508\/urban-talks-web-talk-01-690x430-1.jpg","contentUrl":"https:\/\/media.poblenouurbandistrict.com\/2023\/10\/25065508\/urban-talks-web-talk-01-690x430-1.jpg","width":1438,"height":896},{"@type":"BreadcrumbList","@id":"https:\/\/poblenouurbandistrict.com\/es\/talk-1-art-i-processos-creatius-en-temps-del-turisme-permanent\/#breadcrumb","itemListElement":[{"@type":"ListItem","position":1,"name":"Home","item":"https:\/\/poblenouurbandistrict.com\/es\/"},{"@type":"ListItem","position":2,"name":"TALK #1: &#8220;Art i processos creatius en temps del turisme permanent&#8221;"}]},{"@type":"WebSite","@id":"https:\/\/poblenouurbandistrict.com\/es\/#website","url":"https:\/\/poblenouurbandistrict.com\/es\/","name":"Poblenou Urban District","description":"Comunidad Creativa","potentialAction":[{"@type":"SearchAction","target":{"@type":"EntryPoint","urlTemplate":"https:\/\/poblenouurbandistrict.com\/es\/?s={search_term_string}"},"query-input":{"@type":"PropertyValueSpecification","valueRequired":true,"valueName":"search_term_string"}}],"inLanguage":"es"},{"@type":"Person","@id":"https:\/\/poblenouurbandistrict.com\/#\/schema\/person\/980a2cf34b399d5218205730acd54a7e","name":"pnud","image":{"@type":"ImageObject","inLanguage":"es","@id":"https:\/\/secure.gravatar.com\/avatar\/67146597b405ee077a24e519f75c3e2031736596d6ce35af3a34c122c93d0d7b?s=96&d=retro&r=g","url":"https:\/\/secure.gravatar.com\/avatar\/67146597b405ee077a24e519f75c3e2031736596d6ce35af3a34c122c93d0d7b?s=96&d=retro&r=g","contentUrl":"https:\/\/secure.gravatar.com\/avatar\/67146597b405ee077a24e519f75c3e2031736596d6ce35af3a34c122c93d0d7b?s=96&d=retro&r=g","caption":"pnud"}}]}},"_links":{"self":[{"href":"https:\/\/poblenouurbandistrict.com\/es\/wp-json\/wp\/v2\/posts\/42026","targetHints":{"allow":["GET"]}}],"collection":[{"href":"https:\/\/poblenouurbandistrict.com\/es\/wp-json\/wp\/v2\/posts"}],"about":[{"href":"https:\/\/poblenouurbandistrict.com\/es\/wp-json\/wp\/v2\/types\/post"}],"author":[{"embeddable":true,"href":"https:\/\/poblenouurbandistrict.com\/es\/wp-json\/wp\/v2\/users\/5"}],"replies":[{"embeddable":true,"href":"https:\/\/poblenouurbandistrict.com\/es\/wp-json\/wp\/v2\/comments?post=42026"}],"version-history":[{"count":4,"href":"https:\/\/poblenouurbandistrict.com\/es\/wp-json\/wp\/v2\/posts\/42026\/revisions"}],"predecessor-version":[{"id":42102,"href":"https:\/\/poblenouurbandistrict.com\/es\/wp-json\/wp\/v2\/posts\/42026\/revisions\/42102"}],"wp:featuredmedia":[{"embeddable":true,"href":"https:\/\/poblenouurbandistrict.com\/es\/wp-json\/wp\/v2\/media\/41994"}],"wp:attachment":[{"href":"https:\/\/poblenouurbandistrict.com\/es\/wp-json\/wp\/v2\/media?parent=42026"}],"wp:term":[{"taxonomy":"category","embeddable":true,"href":"https:\/\/poblenouurbandistrict.com\/es\/wp-json\/wp\/v2\/categories?post=42026"},{"taxonomy":"post_tag","embeddable":true,"href":"https:\/\/poblenouurbandistrict.com\/es\/wp-json\/wp\/v2\/tags?post=42026"}],"curies":[{"name":"wp","href":"https:\/\/api.w.org\/{rel}","templated":true}]}}