{"id":42042,"date":"2023-10-19T12:34:08","date_gmt":"2023-10-19T10:34:08","guid":{"rendered":"https:\/\/poblenouurbandistrict.com\/?p=42042"},"modified":"2023-10-20T12:41:56","modified_gmt":"2023-10-20T10:41:56","slug":"the-social-hub-poblenou-seu-collaboradora-de-la-barcelona-design-week-2023","status":"publish","type":"post","link":"https:\/\/poblenouurbandistrict.com\/es\/the-social-hub-poblenou-seu-collaboradora-de-la-barcelona-design-week-2023\/","title":{"rendered":"The Social Hub, sede colaboradora de la Barcelona Design Week 2023"},"content":{"rendered":"<p><a href=\"https:\/\/www.thesocialhub.co\/es\/barcelona-poblenou\/\">The Social Hub<\/a> participa en la Barcelona Design Week acogiendo varias actividades entorno al arte y dise\u00f1o: desde exposiciones y conferencias hasta experiencias inmersivas. Te detallamos las m\u00e1s destacadas.<\/p>\n<p>El 23 de octubre, a las 17h, tendr\u00e1 lugar <a href=\"https:\/\/barcelonadesignweek.com\/es\/actividades\/explorant-la-creativitat-amb-intelligencia-artificial\/\">\u201cExplorando la creatividad con Inteligencia Artificial\u201d<\/a>. Una presentaci\u00f3n y debate de NTT DATA donde se explicar\u00e1n los resultados de su investigaci\u00f3n sobre la adopci\u00f3n de las IAs. Durante la sesi\u00f3n Jorge M\u00e1rquez, Head of Experience Design &amp; Creativity Europe en NTT DATA, conversar\u00e1 con Jeanette Altherr, de Altherr Desil\u00e9 Park; Anna Muni, de Batllegroup; Juan Aritzi, de Domestic Data Streamers; y Kiko Girb\u00e9s, de NTT DATA. Inscr\u00edbete <a href=\"https:\/\/www.eventbrite.es\/e\/entradas-explorant-la-creativitat-amb-intelligencia-artificial-presentacio-i-debat-728199914547?\">aqu\u00ed<\/a>.<\/p>\n<p>Unos d\u00edas m\u00e1s tarde, el 28 de octubre, de 12h a 20h, se celebrar\u00e1 un <a href=\"https:\/\/barcelonadesignweek.com\/es\/actividades\/hey-girl-pop-up\/\">pop up de Hey Girl<\/a>, una plataforma que defiende el dise\u00f1o local en Barcelona. Esta actividad pretende ser una experiencia inmersiva donde conocer colecciones interesantes de dise\u00f1o, establecer contactos con otros amantes de la moda y conocer a los creadores.<\/p>\n<p>Asimismo, hasta el 28 de octubre podr\u00e1s disfrutar en la \u201cbreak out area\u201d de TSH de la exposici\u00f3n Pure Plants, una familia de esculturas en forma de plantas impresas en 3D capaces de purificar el aire. Esta exposici\u00f3n es el resultado de la investigaci\u00f3n del arquitecto Carmelo Zapulla y la colaboraci\u00f3n de <a href=\"https:\/\/www.simonelectric.com\/showroom\">Simon<\/a> con el objetivo de aportar, a trav\u00e9s del dise\u00f1o y la tecnolog\u00eda, una soluci\u00f3n creativa a la lucha contra el cambio clim\u00e1tico y ayudar a conservar el planeta que tenemos.<\/p>\n<p>Finalmente, The Social Hub, como socio colaborador de Poblenou Urban District, ha organizado el 20 de octubre, de 18h a 20h, una visita guiada por diferentes galer\u00edas, museos y showrooms que participan en la 5a edici\u00f3n de <a href=\"https:\/\/poblenouurbandistrict.com\/es\/ar-de\/\">AR- DE<\/a>, el circuito de Arte y Dise\u00f1o de Poblenou.<\/p>","protected":false},"excerpt":{"rendered":"<p>The Social Hub participa en la Barcelona Design Week acogiendo varias actividades entorno al arte y dise\u00f1o: desde exposiciones y&#8230; <a href=\"https:\/\/poblenouurbandistrict.com\/es\/the-social-hub-poblenou-seu-collaboradora-de-la-barcelona-design-week-2023\/\">M\u00e1s  \u2192<\/a><\/p>\n","protected":false},"author":5,"featured_media":42057,"comment_status":"closed","ping_status":"closed","sticky":false,"template":"","format":"standard","meta":{"_acf_changed":false,"footnotes":""},"categories":[3538,3501],"tags":[],"class_list":["post-42042","post","type-post","status-publish","format-standard","has-post-thumbnail","hentry","category-ar-de","category-disseny"],"acf":[],"yoast_head":"<!-- This site is optimized with the Yoast SEO plugin v27.5 - https:\/\/yoast.com\/product\/yoast-seo-wordpress\/ -->\n<title>The Social Hub, sede colaboradora de la Barcelona Design Week 2023 &#8211; Poblenou Urban District<\/title>\n<meta name=\"robots\" content=\"index, follow, max-snippet:-1, max-image-preview:large, max-video-preview:-1\" \/>\n<link rel=\"canonical\" href=\"https:\/\/poblenouurbandistrict.com\/es\/the-social-hub-poblenou-seu-collaboradora-de-la-barcelona-design-week-2023\/\" \/>\n<meta property=\"og:locale\" content=\"es_ES\" \/>\n<meta property=\"og:type\" content=\"article\" \/>\n<meta property=\"og:title\" content=\"The Social Hub, sede colaboradora de la Barcelona Design Week 2023 &#8211; Poblenou Urban District\" \/>\n<meta property=\"og:description\" content=\"The Social Hub participa en la Barcelona Design Week acogiendo varias actividades entorno al arte y dise\u00f1o: desde exposiciones y... M\u00e1s \u2192\" \/>\n<meta property=\"og:url\" content=\"https:\/\/poblenouurbandistrict.com\/es\/the-social-hub-poblenou-seu-collaboradora-de-la-barcelona-design-week-2023\/\" \/>\n<meta property=\"og:site_name\" content=\"Poblenou Urban District\" \/>\n<meta property=\"article:published_time\" content=\"2023-10-19T10:34:08+00:00\" \/>\n<meta property=\"article:modified_time\" content=\"2023-10-20T10:41:56+00:00\" \/>\n<meta property=\"og:image\" content=\"https:\/\/poblenouurbandistrict.com\/wp-content\/uploads\/2023\/10\/thesocialhub-barcelona-details-theatre-1-scaled.jpg\" \/>\n\t<meta property=\"og:image:width\" content=\"2560\" \/>\n\t<meta property=\"og:image:height\" content=\"1707\" \/>\n\t<meta property=\"og:image:type\" content=\"image\/jpeg\" \/>\n<meta name=\"author\" content=\"pnud\" \/>\n<meta name=\"twitter:card\" content=\"summary_large_image\" \/>\n<meta name=\"twitter:label1\" content=\"Escrito por\" \/>\n\t<meta name=\"twitter:data1\" content=\"pnud\" \/>\n\t<meta name=\"twitter:label2\" content=\"Tiempo de lectura\" \/>\n\t<meta name=\"twitter:data2\" content=\"2 minutos\" \/>\n<script type=\"application\/ld+json\" class=\"yoast-schema-graph\">{\"@context\":\"https:\\\/\\\/schema.org\",\"@graph\":[{\"@type\":\"Article\",\"@id\":\"https:\\\/\\\/poblenouurbandistrict.com\\\/the-social-hub-poblenou-seu-collaboradora-de-la-barcelona-design-week-2023\\\/#article\",\"isPartOf\":{\"@id\":\"https:\\\/\\\/poblenouurbandistrict.com\\\/the-social-hub-poblenou-seu-collaboradora-de-la-barcelona-design-week-2023\\\/\"},\"author\":{\"name\":\"pnud\",\"@id\":\"https:\\\/\\\/poblenouurbandistrict.com\\\/#\\\/schema\\\/person\\\/980a2cf34b399d5218205730acd54a7e\"},\"headline\":\"The Social Hub, sede colaboradora de la Barcelona Design Week 2023\",\"datePublished\":\"2023-10-19T10:34:08+00:00\",\"dateModified\":\"2023-10-20T10:41:56+00:00\",\"mainEntityOfPage\":{\"@id\":\"https:\\\/\\\/poblenouurbandistrict.com\\\/the-social-hub-poblenou-seu-collaboradora-de-la-barcelona-design-week-2023\\\/\"},\"wordCount\":647,\"image\":{\"@id\":\"https:\\\/\\\/poblenouurbandistrict.com\\\/the-social-hub-poblenou-seu-collaboradora-de-la-barcelona-design-week-2023\\\/#primaryimage\"},\"thumbnailUrl\":\"https:\\\/\\\/media.poblenouurbandistrict.com\\\/2023\\\/10\\\/25065555\\\/thesocialhub-barcelona-details-theatre-1-scaled.jpg\",\"articleSection\":[\"AR-DE\",\"Disseny\"],\"inLanguage\":\"es\"},{\"@type\":\"WebPage\",\"@id\":\"https:\\\/\\\/poblenouurbandistrict.com\\\/es\\\/the-social-hub-poblenou-seu-collaboradora-de-la-barcelona-design-week-2023\\\/\",\"url\":\"https:\\\/\\\/poblenouurbandistrict.com\\\/es\\\/the-social-hub-poblenou-seu-collaboradora-de-la-barcelona-design-week-2023\\\/\",\"name\":\"The Social Hub, sede colaboradora de la Barcelona Design Week 2023 &#8211; Poblenou Urban District\",\"isPartOf\":{\"@id\":\"https:\\\/\\\/poblenouurbandistrict.com\\\/es\\\/#website\"},\"primaryImageOfPage\":{\"@id\":\"https:\\\/\\\/poblenouurbandistrict.com\\\/es\\\/the-social-hub-poblenou-seu-collaboradora-de-la-barcelona-design-week-2023\\\/#primaryimage\"},\"image\":{\"@id\":\"https:\\\/\\\/poblenouurbandistrict.com\\\/the-social-hub-poblenou-seu-collaboradora-de-la-barcelona-design-week-2023\\\/#primaryimage\"},\"thumbnailUrl\":\"https:\\\/\\\/media.poblenouurbandistrict.com\\\/2023\\\/10\\\/25065555\\\/thesocialhub-barcelona-details-theatre-1-scaled.jpg\",\"datePublished\":\"2023-10-19T10:34:08+00:00\",\"dateModified\":\"2023-10-20T10:41:56+00:00\",\"author\":{\"@id\":\"https:\\\/\\\/poblenouurbandistrict.com\\\/#\\\/schema\\\/person\\\/980a2cf34b399d5218205730acd54a7e\"},\"breadcrumb\":{\"@id\":\"https:\\\/\\\/poblenouurbandistrict.com\\\/es\\\/the-social-hub-poblenou-seu-collaboradora-de-la-barcelona-design-week-2023\\\/#breadcrumb\"},\"inLanguage\":\"es\",\"potentialAction\":[{\"@type\":\"ReadAction\",\"target\":[[\"https:\\\/\\\/poblenouurbandistrict.com\\\/es\\\/the-social-hub-poblenou-seu-collaboradora-de-la-barcelona-design-week-2023\\\/\"]]}]},{\"@type\":\"ImageObject\",\"inLanguage\":\"es\",\"@id\":\"https:\\\/\\\/poblenouurbandistrict.com\\\/es\\\/the-social-hub-poblenou-seu-collaboradora-de-la-barcelona-design-week-2023\\\/#primaryimage\",\"url\":\"https:\\\/\\\/media.poblenouurbandistrict.com\\\/2023\\\/10\\\/25065555\\\/thesocialhub-barcelona-details-theatre-1-scaled.jpg\",\"contentUrl\":\"https:\\\/\\\/media.poblenouurbandistrict.com\\\/2023\\\/10\\\/25065555\\\/thesocialhub-barcelona-details-theatre-1-scaled.jpg\",\"width\":2560,\"height\":1707},{\"@type\":\"BreadcrumbList\",\"@id\":\"https:\\\/\\\/poblenouurbandistrict.com\\\/es\\\/the-social-hub-poblenou-seu-collaboradora-de-la-barcelona-design-week-2023\\\/#breadcrumb\",\"itemListElement\":[{\"@type\":\"ListItem\",\"position\":1,\"name\":\"Home\",\"item\":\"https:\\\/\\\/poblenouurbandistrict.com\\\/es\\\/\"},{\"@type\":\"ListItem\",\"position\":2,\"name\":\"The Social Hub, seu col\u00b7laboradora de la Barcelona Design Week 2023\"}]},{\"@type\":\"WebSite\",\"@id\":\"https:\\\/\\\/poblenouurbandistrict.com\\\/es\\\/#website\",\"url\":\"https:\\\/\\\/poblenouurbandistrict.com\\\/es\\\/\",\"name\":\"Poblenou Urban District\",\"description\":\"Comunidad Creativa\",\"potentialAction\":[{\"@type\":\"SearchAction\",\"target\":{\"@type\":\"EntryPoint\",\"urlTemplate\":\"https:\\\/\\\/poblenouurbandistrict.com\\\/es\\\/?s={search_term_string}\"},\"query-input\":{\"@type\":\"PropertyValueSpecification\",\"valueRequired\":true,\"valueName\":\"search_term_string\"}}],\"inLanguage\":\"es\"},{\"@type\":\"Person\",\"@id\":\"https:\\\/\\\/poblenouurbandistrict.com\\\/#\\\/schema\\\/person\\\/980a2cf34b399d5218205730acd54a7e\",\"name\":\"pnud\",\"image\":{\"@type\":\"ImageObject\",\"inLanguage\":\"es\",\"@id\":\"https:\\\/\\\/secure.gravatar.com\\\/avatar\\\/67146597b405ee077a24e519f75c3e2031736596d6ce35af3a34c122c93d0d7b?s=96&d=retro&r=g\",\"url\":\"https:\\\/\\\/secure.gravatar.com\\\/avatar\\\/67146597b405ee077a24e519f75c3e2031736596d6ce35af3a34c122c93d0d7b?s=96&d=retro&r=g\",\"contentUrl\":\"https:\\\/\\\/secure.gravatar.com\\\/avatar\\\/67146597b405ee077a24e519f75c3e2031736596d6ce35af3a34c122c93d0d7b?s=96&d=retro&r=g\",\"caption\":\"pnud\"}}]}<\/script>\n<!-- \/ Yoast SEO plugin. -->","yoast_head_json":{"title":"The Social Hub, sede colaboradora de la Barcelona Design Week 2023 &#8211; Poblenou Urban District","robots":{"index":"index","follow":"follow","max-snippet":"max-snippet:-1","max-image-preview":"max-image-preview:large","max-video-preview":"max-video-preview:-1"},"canonical":"https:\/\/poblenouurbandistrict.com\/es\/the-social-hub-poblenou-seu-collaboradora-de-la-barcelona-design-week-2023\/","og_locale":"es_ES","og_type":"article","og_title":"The Social Hub, sede colaboradora de la Barcelona Design Week 2023 &#8211; Poblenou Urban District","og_description":"The Social Hub participa en la Barcelona Design Week acogiendo varias actividades entorno al arte y dise\u00f1o: desde exposiciones y... M\u00e1s \u2192","og_url":"https:\/\/poblenouurbandistrict.com\/es\/the-social-hub-poblenou-seu-collaboradora-de-la-barcelona-design-week-2023\/","og_site_name":"Poblenou Urban District","article_published_time":"2023-10-19T10:34:08+00:00","article_modified_time":"2023-10-20T10:41:56+00:00","og_image":[{"width":2560,"height":1707,"url":"https:\/\/poblenouurbandistrict.com\/wp-content\/uploads\/2023\/10\/thesocialhub-barcelona-details-theatre-1-scaled.jpg","type":"image\/jpeg"}],"author":"pnud","twitter_card":"summary_large_image","twitter_misc":{"Escrito por":"pnud","Tiempo de lectura":"2 minutos"},"schema":{"@context":"https:\/\/schema.org","@graph":[{"@type":"Article","@id":"https:\/\/poblenouurbandistrict.com\/the-social-hub-poblenou-seu-collaboradora-de-la-barcelona-design-week-2023\/#article","isPartOf":{"@id":"https:\/\/poblenouurbandistrict.com\/the-social-hub-poblenou-seu-collaboradora-de-la-barcelona-design-week-2023\/"},"author":{"name":"pnud","@id":"https:\/\/poblenouurbandistrict.com\/#\/schema\/person\/980a2cf34b399d5218205730acd54a7e"},"headline":"The Social Hub, sede colaboradora de la Barcelona Design Week 2023","datePublished":"2023-10-19T10:34:08+00:00","dateModified":"2023-10-20T10:41:56+00:00","mainEntityOfPage":{"@id":"https:\/\/poblenouurbandistrict.com\/the-social-hub-poblenou-seu-collaboradora-de-la-barcelona-design-week-2023\/"},"wordCount":647,"image":{"@id":"https:\/\/poblenouurbandistrict.com\/the-social-hub-poblenou-seu-collaboradora-de-la-barcelona-design-week-2023\/#primaryimage"},"thumbnailUrl":"https:\/\/media.poblenouurbandistrict.com\/2023\/10\/25065555\/thesocialhub-barcelona-details-theatre-1-scaled.jpg","articleSection":["AR-DE","Disseny"],"inLanguage":"es"},{"@type":"WebPage","@id":"https:\/\/poblenouurbandistrict.com\/es\/the-social-hub-poblenou-seu-collaboradora-de-la-barcelona-design-week-2023\/","url":"https:\/\/poblenouurbandistrict.com\/es\/the-social-hub-poblenou-seu-collaboradora-de-la-barcelona-design-week-2023\/","name":"The Social Hub, sede colaboradora de la Barcelona Design Week 2023 &#8211; Poblenou Urban District","isPartOf":{"@id":"https:\/\/poblenouurbandistrict.com\/es\/#website"},"primaryImageOfPage":{"@id":"https:\/\/poblenouurbandistrict.com\/es\/the-social-hub-poblenou-seu-collaboradora-de-la-barcelona-design-week-2023\/#primaryimage"},"image":{"@id":"https:\/\/poblenouurbandistrict.com\/the-social-hub-poblenou-seu-collaboradora-de-la-barcelona-design-week-2023\/#primaryimage"},"thumbnailUrl":"https:\/\/media.poblenouurbandistrict.com\/2023\/10\/25065555\/thesocialhub-barcelona-details-theatre-1-scaled.jpg","datePublished":"2023-10-19T10:34:08+00:00","dateModified":"2023-10-20T10:41:56+00:00","author":{"@id":"https:\/\/poblenouurbandistrict.com\/#\/schema\/person\/980a2cf34b399d5218205730acd54a7e"},"breadcrumb":{"@id":"https:\/\/poblenouurbandistrict.com\/es\/the-social-hub-poblenou-seu-collaboradora-de-la-barcelona-design-week-2023\/#breadcrumb"},"inLanguage":"es","potentialAction":[{"@type":"ReadAction","target":[["https:\/\/poblenouurbandistrict.com\/es\/the-social-hub-poblenou-seu-collaboradora-de-la-barcelona-design-week-2023\/"]]}]},{"@type":"ImageObject","inLanguage":"es","@id":"https:\/\/poblenouurbandistrict.com\/es\/the-social-hub-poblenou-seu-collaboradora-de-la-barcelona-design-week-2023\/#primaryimage","url":"https:\/\/media.poblenouurbandistrict.com\/2023\/10\/25065555\/thesocialhub-barcelona-details-theatre-1-scaled.jpg","contentUrl":"https:\/\/media.poblenouurbandistrict.com\/2023\/10\/25065555\/thesocialhub-barcelona-details-theatre-1-scaled.jpg","width":2560,"height":1707},{"@type":"BreadcrumbList","@id":"https:\/\/poblenouurbandistrict.com\/es\/the-social-hub-poblenou-seu-collaboradora-de-la-barcelona-design-week-2023\/#breadcrumb","itemListElement":[{"@type":"ListItem","position":1,"name":"Home","item":"https:\/\/poblenouurbandistrict.com\/es\/"},{"@type":"ListItem","position":2,"name":"The Social Hub, seu col\u00b7laboradora de la Barcelona Design Week 2023"}]},{"@type":"WebSite","@id":"https:\/\/poblenouurbandistrict.com\/es\/#website","url":"https:\/\/poblenouurbandistrict.com\/es\/","name":"Poblenou Urban District","description":"Comunidad Creativa","potentialAction":[{"@type":"SearchAction","target":{"@type":"EntryPoint","urlTemplate":"https:\/\/poblenouurbandistrict.com\/es\/?s={search_term_string}"},"query-input":{"@type":"PropertyValueSpecification","valueRequired":true,"valueName":"search_term_string"}}],"inLanguage":"es"},{"@type":"Person","@id":"https:\/\/poblenouurbandistrict.com\/#\/schema\/person\/980a2cf34b399d5218205730acd54a7e","name":"pnud","image":{"@type":"ImageObject","inLanguage":"es","@id":"https:\/\/secure.gravatar.com\/avatar\/67146597b405ee077a24e519f75c3e2031736596d6ce35af3a34c122c93d0d7b?s=96&d=retro&r=g","url":"https:\/\/secure.gravatar.com\/avatar\/67146597b405ee077a24e519f75c3e2031736596d6ce35af3a34c122c93d0d7b?s=96&d=retro&r=g","contentUrl":"https:\/\/secure.gravatar.com\/avatar\/67146597b405ee077a24e519f75c3e2031736596d6ce35af3a34c122c93d0d7b?s=96&d=retro&r=g","caption":"pnud"}}]}},"_links":{"self":[{"href":"https:\/\/poblenouurbandistrict.com\/es\/wp-json\/wp\/v2\/posts\/42042","targetHints":{"allow":["GET"]}}],"collection":[{"href":"https:\/\/poblenouurbandistrict.com\/es\/wp-json\/wp\/v2\/posts"}],"about":[{"href":"https:\/\/poblenouurbandistrict.com\/es\/wp-json\/wp\/v2\/types\/post"}],"author":[{"embeddable":true,"href":"https:\/\/poblenouurbandistrict.com\/es\/wp-json\/wp\/v2\/users\/5"}],"replies":[{"embeddable":true,"href":"https:\/\/poblenouurbandistrict.com\/es\/wp-json\/wp\/v2\/comments?post=42042"}],"version-history":[{"count":10,"href":"https:\/\/poblenouurbandistrict.com\/es\/wp-json\/wp\/v2\/posts\/42042\/revisions"}],"predecessor-version":[{"id":42116,"href":"https:\/\/poblenouurbandistrict.com\/es\/wp-json\/wp\/v2\/posts\/42042\/revisions\/42116"}],"wp:featuredmedia":[{"embeddable":true,"href":"https:\/\/poblenouurbandistrict.com\/es\/wp-json\/wp\/v2\/media\/42057"}],"wp:attachment":[{"href":"https:\/\/poblenouurbandistrict.com\/es\/wp-json\/wp\/v2\/media?parent=42042"}],"wp:term":[{"taxonomy":"category","embeddable":true,"href":"https:\/\/poblenouurbandistrict.com\/es\/wp-json\/wp\/v2\/categories?post=42042"},{"taxonomy":"post_tag","embeddable":true,"href":"https:\/\/poblenouurbandistrict.com\/es\/wp-json\/wp\/v2\/tags?post=42042"}],"curies":[{"name":"wp","href":"https:\/\/api.w.org\/{rel}","templated":true}]}}