{"id":42222,"date":"2023-10-26T17:16:57","date_gmt":"2023-10-26T15:16:57","guid":{"rendered":"https:\/\/poblenouurbandistrict.com\/?p=42222"},"modified":"2023-10-27T09:29:09","modified_gmt":"2023-10-27T07:29:09","slug":"oberta-la-convocatoria-de-la-5a-edicio-de-loff-llum-bcn-per-a-artistes-multidisciplinaris-que-experimenten-amb-la-llum","status":"publish","type":"post","link":"https:\/\/poblenouurbandistrict.com\/es\/oberta-la-convocatoria-de-la-5a-edicio-de-loff-llum-bcn-per-a-artistes-multidisciplinaris-que-experimenten-amb-la-llum\/","title":{"rendered":"Abierta la convocatoria de la 5\u00aa edici\u00f3n del Off Llum Bcn para artistas multidisciplinares que experimentan con la luz"},"content":{"rendered":"<p>\u00bfTe gusta el dise\u00f1o de iluminaci\u00f3n? Abrimos una convocatoria dirigida a diferentes artistas multidisciplinares que experimentan con la luz, para participar en la quinta edici\u00f3n del Off Llum Bcn, que se celebrar\u00e1 en el marco del Festival Llum Bcn, del 2 al 4 de febrero de 2024.<\/p>\n<p>El Off Llum Bcn es el circuito alternativo del Festival Llum Bcn, ideado y producido por Poblenou Urban District, que presenta instalaciones lum\u00ednicas de diferentes formatos y centradas en arte, dise\u00f1o e innovaci\u00f3n.<\/p>\n<p>El objetivo de este circuito nocturno, adem\u00e1s de poner el foco en el arte lum\u00ednico, es que los visitantes descubran los espacios de creaci\u00f3n que forman parte de la comunidad creativa de Poblenou Urban District como por ejemplo, Indissoluble, The Hoxton Poblenou, IAAC, BAU, Westfield Gl\u00f2ries, FX Barcelona Film School o Chez Xefo que han acogido proyectos lum\u00ednicos en las \u00faltimas ediciones.<\/p>\n<p>Desde Poblenou Urban District, animamos a todos l@s artistas a dar a conocer su trabajo en una de las fechas m\u00e1s importantes para las artes lum\u00ednicas en Barcelona. Los requisitos para participar son cumplimentar el siguiente <a href=\"https:\/\/docs.google.com\/forms\/d\/e\/1FAIpQLScGbkZKnEQmPTcmQB23ZcPzTgsrGZwtGxGw8ztevmPoLQoDng\/viewform?usp=sf_link\">formulario<\/a>, ser mayor de edad y presentar una propuesta. Encuentra m\u00e1s informaci\u00f3n en el siguiente <a href=\"https:\/\/poblenouurbandistrict.com\/wp-content\/uploads\/2023\/10\/convocatoria_cat_es_eng.pdf\">enlace<\/a>.<\/p>\n<p>La fecha l\u00edmite para inscribirse es el 19 de noviembre a las 23.59h. No se aceptar\u00e1 ninguna propuesta fuera de ese l\u00edmite.<\/p>\n<h3 style=\"text-align: center;\"><a href=\"https:\/\/docs.google.com\/forms\/d\/e\/1FAIpQLScGbkZKnEQmPTcmQB23ZcPzTgsrGZwtGxGw8ztevmPoLQoDng\/viewform?usp=sf_link\">Formulario de inscripci\u00f3n<\/a><\/h3>\n<p><\/p>","protected":false},"excerpt":{"rendered":"<p>\u00bfTe gusta el dise\u00f1o de iluminaci\u00f3n? Abrimos una convocatoria dirigida a diferentes artistas multidisciplinares que experimentan con la luz, para&#8230; <a href=\"https:\/\/poblenouurbandistrict.com\/es\/oberta-la-convocatoria-de-la-5a-edicio-de-loff-llum-bcn-per-a-artistes-multidisciplinaris-que-experimenten-amb-la-llum\/\">M\u00e1s  \u2192<\/a><\/p>\n","protected":false},"author":5,"featured_media":42223,"comment_status":"closed","ping_status":"closed","sticky":false,"template":"","format":"standard","meta":{"_acf_changed":false,"footnotes":""},"categories":[3548],"tags":[],"class_list":["post-42222","post","type-post","status-publish","format-standard","has-post-thumbnail","hentry","category-off-llum-bcn"],"acf":[],"yoast_head":"<!-- This site is optimized with the Yoast SEO plugin v27.5 - https:\/\/yoast.com\/product\/yoast-seo-wordpress\/ -->\n<title>Abierta la convocatoria de la 5\u00aa edici\u00f3n del Off Llum Bcn para artistas multidisciplinares que experimentan con la luz &#8211; Poblenou Urban District<\/title>\n<meta name=\"robots\" content=\"index, follow, max-snippet:-1, max-image-preview:large, max-video-preview:-1\" \/>\n<link rel=\"canonical\" href=\"https:\/\/poblenouurbandistrict.com\/es\/oberta-la-convocatoria-de-la-5a-edicio-de-loff-llum-bcn-per-a-artistes-multidisciplinaris-que-experimenten-amb-la-llum\/\" \/>\n<meta property=\"og:locale\" content=\"es_ES\" \/>\n<meta property=\"og:type\" content=\"article\" \/>\n<meta property=\"og:title\" content=\"Abierta la convocatoria de la 5\u00aa edici\u00f3n del Off Llum Bcn para artistas multidisciplinares que experimentan con la luz &#8211; Poblenou Urban District\" \/>\n<meta property=\"og:description\" content=\"\u00bfTe gusta el dise\u00f1o de iluminaci\u00f3n? Abrimos una convocatoria dirigida a diferentes artistas multidisciplinares que experimentan con la luz, para... M\u00e1s \u2192\" \/>\n<meta property=\"og:url\" content=\"https:\/\/poblenouurbandistrict.com\/es\/oberta-la-convocatoria-de-la-5a-edicio-de-loff-llum-bcn-per-a-artistes-multidisciplinaris-que-experimenten-amb-la-llum\/\" \/>\n<meta property=\"og:site_name\" content=\"Poblenou Urban District\" \/>\n<meta property=\"article:published_time\" content=\"2023-10-26T15:16:57+00:00\" \/>\n<meta property=\"article:modified_time\" content=\"2023-10-27T07:29:09+00:00\" \/>\n<meta property=\"og:image\" content=\"https:\/\/poblenouurbandistrict.com\/wp-content\/uploads\/2023\/10\/off-llum23-scaled.jpg\" \/>\n\t<meta property=\"og:image:width\" content=\"2560\" \/>\n\t<meta property=\"og:image:height\" content=\"1600\" \/>\n\t<meta property=\"og:image:type\" content=\"image\/jpeg\" \/>\n<meta name=\"author\" content=\"pnud\" \/>\n<meta name=\"twitter:card\" content=\"summary_large_image\" \/>\n<meta name=\"twitter:label1\" content=\"Escrito por\" \/>\n\t<meta name=\"twitter:data1\" content=\"pnud\" \/>\n\t<meta name=\"twitter:label2\" content=\"Tiempo de lectura\" \/>\n\t<meta name=\"twitter:data2\" content=\"2 minutos\" \/>\n<script type=\"application\/ld+json\" class=\"yoast-schema-graph\">{\"@context\":\"https:\\\/\\\/schema.org\",\"@graph\":[{\"@type\":\"Article\",\"@id\":\"https:\\\/\\\/poblenouurbandistrict.com\\\/oberta-la-convocatoria-de-la-5a-edicio-de-loff-llum-bcn-per-a-artistes-multidisciplinaris-que-experimenten-amb-la-llum\\\/#article\",\"isPartOf\":{\"@id\":\"https:\\\/\\\/poblenouurbandistrict.com\\\/oberta-la-convocatoria-de-la-5a-edicio-de-loff-llum-bcn-per-a-artistes-multidisciplinaris-que-experimenten-amb-la-llum\\\/\"},\"author\":{\"name\":\"pnud\",\"@id\":\"https:\\\/\\\/poblenouurbandistrict.com\\\/#\\\/schema\\\/person\\\/980a2cf34b399d5218205730acd54a7e\"},\"headline\":\"Abierta la convocatoria de la 5\u00aa edici\u00f3n del Off Llum Bcn para artistas multidisciplinares que experimentan con la luz\",\"datePublished\":\"2023-10-26T15:16:57+00:00\",\"dateModified\":\"2023-10-27T07:29:09+00:00\",\"mainEntityOfPage\":{\"@id\":\"https:\\\/\\\/poblenouurbandistrict.com\\\/oberta-la-convocatoria-de-la-5a-edicio-de-loff-llum-bcn-per-a-artistes-multidisciplinaris-que-experimenten-amb-la-llum\\\/\"},\"wordCount\":522,\"image\":{\"@id\":\"https:\\\/\\\/poblenouurbandistrict.com\\\/oberta-la-convocatoria-de-la-5a-edicio-de-loff-llum-bcn-per-a-artistes-multidisciplinaris-que-experimenten-amb-la-llum\\\/#primaryimage\"},\"thumbnailUrl\":\"https:\\\/\\\/media.poblenouurbandistrict.com\\\/2023\\\/10\\\/25065702\\\/off-llum23-scaled.jpg\",\"articleSection\":[\"Off Llum BCN\"],\"inLanguage\":\"es\"},{\"@type\":\"WebPage\",\"@id\":\"https:\\\/\\\/poblenouurbandistrict.com\\\/es\\\/oberta-la-convocatoria-de-la-5a-edicio-de-loff-llum-bcn-per-a-artistes-multidisciplinaris-que-experimenten-amb-la-llum\\\/\",\"url\":\"https:\\\/\\\/poblenouurbandistrict.com\\\/es\\\/oberta-la-convocatoria-de-la-5a-edicio-de-loff-llum-bcn-per-a-artistes-multidisciplinaris-que-experimenten-amb-la-llum\\\/\",\"name\":\"Abierta la convocatoria de la 5\u00aa edici\u00f3n del Off Llum Bcn para artistas multidisciplinares que experimentan con la luz &#8211; Poblenou Urban District\",\"isPartOf\":{\"@id\":\"https:\\\/\\\/poblenouurbandistrict.com\\\/es\\\/#website\"},\"primaryImageOfPage\":{\"@id\":\"https:\\\/\\\/poblenouurbandistrict.com\\\/es\\\/oberta-la-convocatoria-de-la-5a-edicio-de-loff-llum-bcn-per-a-artistes-multidisciplinaris-que-experimenten-amb-la-llum\\\/#primaryimage\"},\"image\":{\"@id\":\"https:\\\/\\\/poblenouurbandistrict.com\\\/oberta-la-convocatoria-de-la-5a-edicio-de-loff-llum-bcn-per-a-artistes-multidisciplinaris-que-experimenten-amb-la-llum\\\/#primaryimage\"},\"thumbnailUrl\":\"https:\\\/\\\/media.poblenouurbandistrict.com\\\/2023\\\/10\\\/25065702\\\/off-llum23-scaled.jpg\",\"datePublished\":\"2023-10-26T15:16:57+00:00\",\"dateModified\":\"2023-10-27T07:29:09+00:00\",\"author\":{\"@id\":\"https:\\\/\\\/poblenouurbandistrict.com\\\/#\\\/schema\\\/person\\\/980a2cf34b399d5218205730acd54a7e\"},\"breadcrumb\":{\"@id\":\"https:\\\/\\\/poblenouurbandistrict.com\\\/es\\\/oberta-la-convocatoria-de-la-5a-edicio-de-loff-llum-bcn-per-a-artistes-multidisciplinaris-que-experimenten-amb-la-llum\\\/#breadcrumb\"},\"inLanguage\":\"es\",\"potentialAction\":[{\"@type\":\"ReadAction\",\"target\":[[\"https:\\\/\\\/poblenouurbandistrict.com\\\/es\\\/oberta-la-convocatoria-de-la-5a-edicio-de-loff-llum-bcn-per-a-artistes-multidisciplinaris-que-experimenten-amb-la-llum\\\/\"]]}]},{\"@type\":\"ImageObject\",\"inLanguage\":\"es\",\"@id\":\"https:\\\/\\\/poblenouurbandistrict.com\\\/es\\\/oberta-la-convocatoria-de-la-5a-edicio-de-loff-llum-bcn-per-a-artistes-multidisciplinaris-que-experimenten-amb-la-llum\\\/#primaryimage\",\"url\":\"https:\\\/\\\/media.poblenouurbandistrict.com\\\/2023\\\/10\\\/25065702\\\/off-llum23-scaled.jpg\",\"contentUrl\":\"https:\\\/\\\/media.poblenouurbandistrict.com\\\/2023\\\/10\\\/25065702\\\/off-llum23-scaled.jpg\",\"width\":2560,\"height\":1600},{\"@type\":\"BreadcrumbList\",\"@id\":\"https:\\\/\\\/poblenouurbandistrict.com\\\/es\\\/oberta-la-convocatoria-de-la-5a-edicio-de-loff-llum-bcn-per-a-artistes-multidisciplinaris-que-experimenten-amb-la-llum\\\/#breadcrumb\",\"itemListElement\":[{\"@type\":\"ListItem\",\"position\":1,\"name\":\"Home\",\"item\":\"https:\\\/\\\/poblenouurbandistrict.com\\\/es\\\/\"},{\"@type\":\"ListItem\",\"position\":2,\"name\":\"Oberta la convocat\u00f2ria de la 5a edici\u00f3 de l&#8217;Off Llum Bcn per a artistes multidisciplinaris que experimenten amb la llum\"}]},{\"@type\":\"WebSite\",\"@id\":\"https:\\\/\\\/poblenouurbandistrict.com\\\/es\\\/#website\",\"url\":\"https:\\\/\\\/poblenouurbandistrict.com\\\/es\\\/\",\"name\":\"Poblenou Urban District\",\"description\":\"Comunidad Creativa\",\"potentialAction\":[{\"@type\":\"SearchAction\",\"target\":{\"@type\":\"EntryPoint\",\"urlTemplate\":\"https:\\\/\\\/poblenouurbandistrict.com\\\/es\\\/?s={search_term_string}\"},\"query-input\":{\"@type\":\"PropertyValueSpecification\",\"valueRequired\":true,\"valueName\":\"search_term_string\"}}],\"inLanguage\":\"es\"},{\"@type\":\"Person\",\"@id\":\"https:\\\/\\\/poblenouurbandistrict.com\\\/#\\\/schema\\\/person\\\/980a2cf34b399d5218205730acd54a7e\",\"name\":\"pnud\",\"image\":{\"@type\":\"ImageObject\",\"inLanguage\":\"es\",\"@id\":\"https:\\\/\\\/secure.gravatar.com\\\/avatar\\\/67146597b405ee077a24e519f75c3e2031736596d6ce35af3a34c122c93d0d7b?s=96&d=retro&r=g\",\"url\":\"https:\\\/\\\/secure.gravatar.com\\\/avatar\\\/67146597b405ee077a24e519f75c3e2031736596d6ce35af3a34c122c93d0d7b?s=96&d=retro&r=g\",\"contentUrl\":\"https:\\\/\\\/secure.gravatar.com\\\/avatar\\\/67146597b405ee077a24e519f75c3e2031736596d6ce35af3a34c122c93d0d7b?s=96&d=retro&r=g\",\"caption\":\"pnud\"}}]}<\/script>\n<!-- \/ Yoast SEO plugin. -->","yoast_head_json":{"title":"Abierta la convocatoria de la 5\u00aa edici\u00f3n del Off Llum Bcn para artistas multidisciplinares que experimentan con la luz &#8211; Poblenou Urban District","robots":{"index":"index","follow":"follow","max-snippet":"max-snippet:-1","max-image-preview":"max-image-preview:large","max-video-preview":"max-video-preview:-1"},"canonical":"https:\/\/poblenouurbandistrict.com\/es\/oberta-la-convocatoria-de-la-5a-edicio-de-loff-llum-bcn-per-a-artistes-multidisciplinaris-que-experimenten-amb-la-llum\/","og_locale":"es_ES","og_type":"article","og_title":"Abierta la convocatoria de la 5\u00aa edici\u00f3n del Off Llum Bcn para artistas multidisciplinares que experimentan con la luz &#8211; Poblenou Urban District","og_description":"\u00bfTe gusta el dise\u00f1o de iluminaci\u00f3n? Abrimos una convocatoria dirigida a diferentes artistas multidisciplinares que experimentan con la luz, para... M\u00e1s \u2192","og_url":"https:\/\/poblenouurbandistrict.com\/es\/oberta-la-convocatoria-de-la-5a-edicio-de-loff-llum-bcn-per-a-artistes-multidisciplinaris-que-experimenten-amb-la-llum\/","og_site_name":"Poblenou Urban District","article_published_time":"2023-10-26T15:16:57+00:00","article_modified_time":"2023-10-27T07:29:09+00:00","og_image":[{"width":2560,"height":1600,"url":"https:\/\/poblenouurbandistrict.com\/wp-content\/uploads\/2023\/10\/off-llum23-scaled.jpg","type":"image\/jpeg"}],"author":"pnud","twitter_card":"summary_large_image","twitter_misc":{"Escrito por":"pnud","Tiempo de lectura":"2 minutos"},"schema":{"@context":"https:\/\/schema.org","@graph":[{"@type":"Article","@id":"https:\/\/poblenouurbandistrict.com\/oberta-la-convocatoria-de-la-5a-edicio-de-loff-llum-bcn-per-a-artistes-multidisciplinaris-que-experimenten-amb-la-llum\/#article","isPartOf":{"@id":"https:\/\/poblenouurbandistrict.com\/oberta-la-convocatoria-de-la-5a-edicio-de-loff-llum-bcn-per-a-artistes-multidisciplinaris-que-experimenten-amb-la-llum\/"},"author":{"name":"pnud","@id":"https:\/\/poblenouurbandistrict.com\/#\/schema\/person\/980a2cf34b399d5218205730acd54a7e"},"headline":"Abierta la convocatoria de la 5\u00aa edici\u00f3n del Off Llum Bcn para artistas multidisciplinares que experimentan con la luz","datePublished":"2023-10-26T15:16:57+00:00","dateModified":"2023-10-27T07:29:09+00:00","mainEntityOfPage":{"@id":"https:\/\/poblenouurbandistrict.com\/oberta-la-convocatoria-de-la-5a-edicio-de-loff-llum-bcn-per-a-artistes-multidisciplinaris-que-experimenten-amb-la-llum\/"},"wordCount":522,"image":{"@id":"https:\/\/poblenouurbandistrict.com\/oberta-la-convocatoria-de-la-5a-edicio-de-loff-llum-bcn-per-a-artistes-multidisciplinaris-que-experimenten-amb-la-llum\/#primaryimage"},"thumbnailUrl":"https:\/\/media.poblenouurbandistrict.com\/2023\/10\/25065702\/off-llum23-scaled.jpg","articleSection":["Off Llum BCN"],"inLanguage":"es"},{"@type":"WebPage","@id":"https:\/\/poblenouurbandistrict.com\/es\/oberta-la-convocatoria-de-la-5a-edicio-de-loff-llum-bcn-per-a-artistes-multidisciplinaris-que-experimenten-amb-la-llum\/","url":"https:\/\/poblenouurbandistrict.com\/es\/oberta-la-convocatoria-de-la-5a-edicio-de-loff-llum-bcn-per-a-artistes-multidisciplinaris-que-experimenten-amb-la-llum\/","name":"Abierta la convocatoria de la 5\u00aa edici\u00f3n del Off Llum Bcn para artistas multidisciplinares que experimentan con la luz &#8211; Poblenou Urban District","isPartOf":{"@id":"https:\/\/poblenouurbandistrict.com\/es\/#website"},"primaryImageOfPage":{"@id":"https:\/\/poblenouurbandistrict.com\/es\/oberta-la-convocatoria-de-la-5a-edicio-de-loff-llum-bcn-per-a-artistes-multidisciplinaris-que-experimenten-amb-la-llum\/#primaryimage"},"image":{"@id":"https:\/\/poblenouurbandistrict.com\/oberta-la-convocatoria-de-la-5a-edicio-de-loff-llum-bcn-per-a-artistes-multidisciplinaris-que-experimenten-amb-la-llum\/#primaryimage"},"thumbnailUrl":"https:\/\/media.poblenouurbandistrict.com\/2023\/10\/25065702\/off-llum23-scaled.jpg","datePublished":"2023-10-26T15:16:57+00:00","dateModified":"2023-10-27T07:29:09+00:00","author":{"@id":"https:\/\/poblenouurbandistrict.com\/#\/schema\/person\/980a2cf34b399d5218205730acd54a7e"},"breadcrumb":{"@id":"https:\/\/poblenouurbandistrict.com\/es\/oberta-la-convocatoria-de-la-5a-edicio-de-loff-llum-bcn-per-a-artistes-multidisciplinaris-que-experimenten-amb-la-llum\/#breadcrumb"},"inLanguage":"es","potentialAction":[{"@type":"ReadAction","target":[["https:\/\/poblenouurbandistrict.com\/es\/oberta-la-convocatoria-de-la-5a-edicio-de-loff-llum-bcn-per-a-artistes-multidisciplinaris-que-experimenten-amb-la-llum\/"]]}]},{"@type":"ImageObject","inLanguage":"es","@id":"https:\/\/poblenouurbandistrict.com\/es\/oberta-la-convocatoria-de-la-5a-edicio-de-loff-llum-bcn-per-a-artistes-multidisciplinaris-que-experimenten-amb-la-llum\/#primaryimage","url":"https:\/\/media.poblenouurbandistrict.com\/2023\/10\/25065702\/off-llum23-scaled.jpg","contentUrl":"https:\/\/media.poblenouurbandistrict.com\/2023\/10\/25065702\/off-llum23-scaled.jpg","width":2560,"height":1600},{"@type":"BreadcrumbList","@id":"https:\/\/poblenouurbandistrict.com\/es\/oberta-la-convocatoria-de-la-5a-edicio-de-loff-llum-bcn-per-a-artistes-multidisciplinaris-que-experimenten-amb-la-llum\/#breadcrumb","itemListElement":[{"@type":"ListItem","position":1,"name":"Home","item":"https:\/\/poblenouurbandistrict.com\/es\/"},{"@type":"ListItem","position":2,"name":"Oberta la convocat\u00f2ria de la 5a edici\u00f3 de l&#8217;Off Llum Bcn per a artistes multidisciplinaris que experimenten amb la llum"}]},{"@type":"WebSite","@id":"https:\/\/poblenouurbandistrict.com\/es\/#website","url":"https:\/\/poblenouurbandistrict.com\/es\/","name":"Poblenou Urban District","description":"Comunidad Creativa","potentialAction":[{"@type":"SearchAction","target":{"@type":"EntryPoint","urlTemplate":"https:\/\/poblenouurbandistrict.com\/es\/?s={search_term_string}"},"query-input":{"@type":"PropertyValueSpecification","valueRequired":true,"valueName":"search_term_string"}}],"inLanguage":"es"},{"@type":"Person","@id":"https:\/\/poblenouurbandistrict.com\/#\/schema\/person\/980a2cf34b399d5218205730acd54a7e","name":"pnud","image":{"@type":"ImageObject","inLanguage":"es","@id":"https:\/\/secure.gravatar.com\/avatar\/67146597b405ee077a24e519f75c3e2031736596d6ce35af3a34c122c93d0d7b?s=96&d=retro&r=g","url":"https:\/\/secure.gravatar.com\/avatar\/67146597b405ee077a24e519f75c3e2031736596d6ce35af3a34c122c93d0d7b?s=96&d=retro&r=g","contentUrl":"https:\/\/secure.gravatar.com\/avatar\/67146597b405ee077a24e519f75c3e2031736596d6ce35af3a34c122c93d0d7b?s=96&d=retro&r=g","caption":"pnud"}}]}},"_links":{"self":[{"href":"https:\/\/poblenouurbandistrict.com\/es\/wp-json\/wp\/v2\/posts\/42222","targetHints":{"allow":["GET"]}}],"collection":[{"href":"https:\/\/poblenouurbandistrict.com\/es\/wp-json\/wp\/v2\/posts"}],"about":[{"href":"https:\/\/poblenouurbandistrict.com\/es\/wp-json\/wp\/v2\/types\/post"}],"author":[{"embeddable":true,"href":"https:\/\/poblenouurbandistrict.com\/es\/wp-json\/wp\/v2\/users\/5"}],"replies":[{"embeddable":true,"href":"https:\/\/poblenouurbandistrict.com\/es\/wp-json\/wp\/v2\/comments?post=42222"}],"version-history":[{"count":13,"href":"https:\/\/poblenouurbandistrict.com\/es\/wp-json\/wp\/v2\/posts\/42222\/revisions"}],"predecessor-version":[{"id":42277,"href":"https:\/\/poblenouurbandistrict.com\/es\/wp-json\/wp\/v2\/posts\/42222\/revisions\/42277"}],"wp:featuredmedia":[{"embeddable":true,"href":"https:\/\/poblenouurbandistrict.com\/es\/wp-json\/wp\/v2\/media\/42223"}],"wp:attachment":[{"href":"https:\/\/poblenouurbandistrict.com\/es\/wp-json\/wp\/v2\/media?parent=42222"}],"wp:term":[{"taxonomy":"category","embeddable":true,"href":"https:\/\/poblenouurbandistrict.com\/es\/wp-json\/wp\/v2\/categories?post=42222"},{"taxonomy":"post_tag","embeddable":true,"href":"https:\/\/poblenouurbandistrict.com\/es\/wp-json\/wp\/v2\/tags?post=42222"}],"curies":[{"name":"wp","href":"https:\/\/api.w.org\/{rel}","templated":true}]}}