{"id":42429,"date":"2023-11-09T13:34:25","date_gmt":"2023-11-09T12:34:25","guid":{"rendered":"https:\/\/poblenouurbandistrict.com\/?p=42429"},"modified":"2023-11-09T23:36:30","modified_gmt":"2023-11-09T22:36:30","slug":"torna-all-those-food-market-amb-noves-propostes-gastronomiques-al-teatre-nacional-de-catalunya","status":"publish","type":"post","link":"https:\/\/poblenouurbandistrict.com\/es\/torna-all-those-food-market-amb-noves-propostes-gastronomiques-al-teatre-nacional-de-catalunya\/","title":{"rendered":"Vuelve All Those Food Market con nuevas propuestas gastron\u00f3micas en el Teatre Nacional de Catalunya"},"content":{"rendered":"<p>Vuelve una nueva edici\u00f3n de uno de los eventos gastron\u00f3micos m\u00e1s esperados del a\u00f1o, el festival <a href=\"https:\/\/www.allthose.org\/\">All Those Food Market<\/a>. Nuevos negocios, nuevos sabores por degustar, nuevos talentos, nuevos rincones de Barcelona. \u00bfQu\u00e9 m\u00e1s se puede pedir?<\/p>\n<p>Este fin de semana (11 y 12 de noviembre) el <a href=\"https:\/\/www.tnc.cat\/\">Teatre Nacional de Catalunya<\/a> se convierte en un gran mercado gastron\u00f3mico con talleres, propuestas culinarias y las \u00faltimas tendencias de artesan\u00eda. Tres socios de Poblenou Urban District participar\u00e1n en este evento presentando sus mejores platos: <a href=\"https:\/\/www.warikeproject.com\/\">Warike Project<\/a>, <a href=\"https:\/\/www.corpenbarcelona.com\/\">Copen Gin<\/a> y <a href=\"https:\/\/www.zanahpasteles.com\/\">Zanah Pasteles<\/a>.<\/p>\n<p>Si te gusta lo ex\u00f3tico y quieres algo un poco diferente, te recomendamos que pruebes la <em>streetfood<\/em> peruana que te ofrecen en Warike Project. Combinaciones inimaginables, explosiones de sabores y comida tradicional peruana que no te dejar\u00e1 indiferente. \u00bfTe atreves?<\/p>\n<p>Por otro lado, si prefieres algo dulce para acompa\u00f1arlo con tu caf\u00e9, tu <em>go to<\/em> deber\u00eda de ser Zanah Pasteles. Su Carrot Cake, su Red Velvet o su pastel de chocolate con dulce de leche son algunas de las opciones que encontrar\u00e1s y que seguro que no te dejar\u00e1n indiferente.<\/p>\n<p>Por \u00faltimo, si por la tarde despu\u00e9s de comer te apetece una copa, ac\u00e9rcate al stand de Corpen Gin, no te decepcionar\u00e1.<\/p>\n<p>Celebra la gastronom\u00eda y apoya a los emprendedores emergentes en un lugar id\u00edlico de la mano de los locales m\u00e1s innovadores de Barcelona. Si quieres m\u00e1s informaci\u00f3n, compra tus entradas o reserva alg\u00fan taller en el siguiente <a href=\"https:\/\/tienda.allthose.org\/\">enlace<\/a>.<\/p>","protected":false},"excerpt":{"rendered":"<p>Vuelve una nueva edici\u00f3n de uno de los eventos gastron\u00f3micos m\u00e1s esperados del a\u00f1o, el festival All Those Food Market&#8230;. <a href=\"https:\/\/poblenouurbandistrict.com\/es\/torna-all-those-food-market-amb-noves-propostes-gastronomiques-al-teatre-nacional-de-catalunya\/\">M\u00e1s  \u2192<\/a><\/p>\n","protected":false},"author":5,"featured_media":42455,"comment_status":"closed","ping_status":"closed","sticky":false,"template":"","format":"standard","meta":{"_acf_changed":false,"footnotes":""},"categories":[3353],"tags":[],"class_list":["post-42429","post","type-post","status-publish","format-standard","has-post-thumbnail","hentry","category-gastronomia"],"acf":[],"yoast_head":"<!-- This site is optimized with the Yoast SEO plugin v27.4 - https:\/\/yoast.com\/product\/yoast-seo-wordpress\/ -->\n<title>Vuelve All Those Food Market con nuevas propuestas gastron\u00f3micas en el Teatre Nacional de Catalunya &#8211; Poblenou Urban District<\/title>\n<meta name=\"robots\" content=\"index, follow, max-snippet:-1, max-image-preview:large, max-video-preview:-1\" \/>\n<link rel=\"canonical\" href=\"https:\/\/poblenouurbandistrict.com\/es\/torna-all-those-food-market-amb-noves-propostes-gastronomiques-al-teatre-nacional-de-catalunya\/\" \/>\n<meta property=\"og:locale\" content=\"es_ES\" \/>\n<meta property=\"og:type\" content=\"article\" \/>\n<meta property=\"og:title\" content=\"Vuelve All Those Food Market con nuevas propuestas gastron\u00f3micas en el Teatre Nacional de Catalunya &#8211; Poblenou Urban District\" \/>\n<meta property=\"og:description\" content=\"Vuelve una nueva edici\u00f3n de uno de los eventos gastron\u00f3micos m\u00e1s esperados del a\u00f1o, el festival All Those Food Market.... M\u00e1s \u2192\" \/>\n<meta property=\"og:url\" content=\"https:\/\/poblenouurbandistrict.com\/es\/torna-all-those-food-market-amb-noves-propostes-gastronomiques-al-teatre-nacional-de-catalunya\/\" \/>\n<meta property=\"og:site_name\" content=\"Poblenou Urban District\" \/>\n<meta property=\"article:published_time\" content=\"2023-11-09T12:34:25+00:00\" \/>\n<meta property=\"article:modified_time\" content=\"2023-11-09T22:36:30+00:00\" \/>\n<meta property=\"og:image\" content=\"https:\/\/poblenouurbandistrict.com\/wp-content\/uploads\/2023\/11\/001-alejandraperello-scaled.jpg\" \/>\n\t<meta property=\"og:image:width\" content=\"2560\" \/>\n\t<meta property=\"og:image:height\" content=\"1709\" \/>\n\t<meta property=\"og:image:type\" content=\"image\/jpeg\" \/>\n<meta name=\"author\" content=\"pnud\" \/>\n<meta name=\"twitter:card\" content=\"summary_large_image\" \/>\n<meta name=\"twitter:label1\" content=\"Escrito por\" \/>\n\t<meta name=\"twitter:data1\" content=\"pnud\" \/>\n\t<meta name=\"twitter:label2\" content=\"Tiempo de lectura\" \/>\n\t<meta name=\"twitter:data2\" content=\"2 minutos\" \/>\n<script type=\"application\/ld+json\" class=\"yoast-schema-graph\">{\"@context\":\"https:\\\/\\\/schema.org\",\"@graph\":[{\"@type\":\"Article\",\"@id\":\"https:\\\/\\\/poblenouurbandistrict.com\\\/torna-all-those-food-market-amb-noves-propostes-gastronomiques-al-teatre-nacional-de-catalunya\\\/#article\",\"isPartOf\":{\"@id\":\"https:\\\/\\\/poblenouurbandistrict.com\\\/torna-all-those-food-market-amb-noves-propostes-gastronomiques-al-teatre-nacional-de-catalunya\\\/\"},\"author\":{\"name\":\"pnud\",\"@id\":\"https:\\\/\\\/poblenouurbandistrict.com\\\/#\\\/schema\\\/person\\\/980a2cf34b399d5218205730acd54a7e\"},\"headline\":\"Vuelve All Those Food Market con nuevas propuestas gastron\u00f3micas en el Teatre Nacional de Catalunya\",\"datePublished\":\"2023-11-09T12:34:25+00:00\",\"dateModified\":\"2023-11-09T22:36:30+00:00\",\"mainEntityOfPage\":{\"@id\":\"https:\\\/\\\/poblenouurbandistrict.com\\\/torna-all-those-food-market-amb-noves-propostes-gastronomiques-al-teatre-nacional-de-catalunya\\\/\"},\"wordCount\":556,\"image\":{\"@id\":\"https:\\\/\\\/poblenouurbandistrict.com\\\/torna-all-those-food-market-amb-noves-propostes-gastronomiques-al-teatre-nacional-de-catalunya\\\/#primaryimage\"},\"thumbnailUrl\":\"https:\\\/\\\/media.poblenouurbandistrict.com\\\/2023\\\/11\\\/25065819\\\/001-alejandraperello-scaled.jpg\",\"articleSection\":[\"Gastronom\u00eda\"],\"inLanguage\":\"es\"},{\"@type\":\"WebPage\",\"@id\":\"https:\\\/\\\/poblenouurbandistrict.com\\\/es\\\/torna-all-those-food-market-amb-noves-propostes-gastronomiques-al-teatre-nacional-de-catalunya\\\/\",\"url\":\"https:\\\/\\\/poblenouurbandistrict.com\\\/es\\\/torna-all-those-food-market-amb-noves-propostes-gastronomiques-al-teatre-nacional-de-catalunya\\\/\",\"name\":\"Vuelve All Those Food Market con nuevas propuestas gastron\u00f3micas en el Teatre Nacional de Catalunya &#8211; Poblenou Urban District\",\"isPartOf\":{\"@id\":\"https:\\\/\\\/poblenouurbandistrict.com\\\/es\\\/#website\"},\"primaryImageOfPage\":{\"@id\":\"https:\\\/\\\/poblenouurbandistrict.com\\\/es\\\/torna-all-those-food-market-amb-noves-propostes-gastronomiques-al-teatre-nacional-de-catalunya\\\/#primaryimage\"},\"image\":{\"@id\":\"https:\\\/\\\/poblenouurbandistrict.com\\\/torna-all-those-food-market-amb-noves-propostes-gastronomiques-al-teatre-nacional-de-catalunya\\\/#primaryimage\"},\"thumbnailUrl\":\"https:\\\/\\\/media.poblenouurbandistrict.com\\\/2023\\\/11\\\/25065819\\\/001-alejandraperello-scaled.jpg\",\"datePublished\":\"2023-11-09T12:34:25+00:00\",\"dateModified\":\"2023-11-09T22:36:30+00:00\",\"author\":{\"@id\":\"https:\\\/\\\/poblenouurbandistrict.com\\\/#\\\/schema\\\/person\\\/980a2cf34b399d5218205730acd54a7e\"},\"breadcrumb\":{\"@id\":\"https:\\\/\\\/poblenouurbandistrict.com\\\/es\\\/torna-all-those-food-market-amb-noves-propostes-gastronomiques-al-teatre-nacional-de-catalunya\\\/#breadcrumb\"},\"inLanguage\":\"es\",\"potentialAction\":[{\"@type\":\"ReadAction\",\"target\":[[\"https:\\\/\\\/poblenouurbandistrict.com\\\/es\\\/torna-all-those-food-market-amb-noves-propostes-gastronomiques-al-teatre-nacional-de-catalunya\\\/\"]]}]},{\"@type\":\"ImageObject\",\"inLanguage\":\"es\",\"@id\":\"https:\\\/\\\/poblenouurbandistrict.com\\\/es\\\/torna-all-those-food-market-amb-noves-propostes-gastronomiques-al-teatre-nacional-de-catalunya\\\/#primaryimage\",\"url\":\"https:\\\/\\\/media.poblenouurbandistrict.com\\\/2023\\\/11\\\/25065819\\\/001-alejandraperello-scaled.jpg\",\"contentUrl\":\"https:\\\/\\\/media.poblenouurbandistrict.com\\\/2023\\\/11\\\/25065819\\\/001-alejandraperello-scaled.jpg\",\"width\":2560,\"height\":1709},{\"@type\":\"BreadcrumbList\",\"@id\":\"https:\\\/\\\/poblenouurbandistrict.com\\\/es\\\/torna-all-those-food-market-amb-noves-propostes-gastronomiques-al-teatre-nacional-de-catalunya\\\/#breadcrumb\",\"itemListElement\":[{\"@type\":\"ListItem\",\"position\":1,\"name\":\"Home\",\"item\":\"https:\\\/\\\/poblenouurbandistrict.com\\\/es\\\/\"},{\"@type\":\"ListItem\",\"position\":2,\"name\":\"Torna All Those Food Market amb noves propostes gastron\u00f2miques al Teatre Nacional de Catalunya\"}]},{\"@type\":\"WebSite\",\"@id\":\"https:\\\/\\\/poblenouurbandistrict.com\\\/es\\\/#website\",\"url\":\"https:\\\/\\\/poblenouurbandistrict.com\\\/es\\\/\",\"name\":\"Poblenou Urban District\",\"description\":\"Comunidad Creativa\",\"potentialAction\":[{\"@type\":\"SearchAction\",\"target\":{\"@type\":\"EntryPoint\",\"urlTemplate\":\"https:\\\/\\\/poblenouurbandistrict.com\\\/es\\\/?s={search_term_string}\"},\"query-input\":{\"@type\":\"PropertyValueSpecification\",\"valueRequired\":true,\"valueName\":\"search_term_string\"}}],\"inLanguage\":\"es\"},{\"@type\":\"Person\",\"@id\":\"https:\\\/\\\/poblenouurbandistrict.com\\\/#\\\/schema\\\/person\\\/980a2cf34b399d5218205730acd54a7e\",\"name\":\"pnud\",\"image\":{\"@type\":\"ImageObject\",\"inLanguage\":\"es\",\"@id\":\"https:\\\/\\\/secure.gravatar.com\\\/avatar\\\/67146597b405ee077a24e519f75c3e2031736596d6ce35af3a34c122c93d0d7b?s=96&d=retro&r=g\",\"url\":\"https:\\\/\\\/secure.gravatar.com\\\/avatar\\\/67146597b405ee077a24e519f75c3e2031736596d6ce35af3a34c122c93d0d7b?s=96&d=retro&r=g\",\"contentUrl\":\"https:\\\/\\\/secure.gravatar.com\\\/avatar\\\/67146597b405ee077a24e519f75c3e2031736596d6ce35af3a34c122c93d0d7b?s=96&d=retro&r=g\",\"caption\":\"pnud\"}}]}<\/script>\n<!-- \/ Yoast SEO plugin. -->","yoast_head_json":{"title":"Vuelve All Those Food Market con nuevas propuestas gastron\u00f3micas en el Teatre Nacional de Catalunya &#8211; Poblenou Urban District","robots":{"index":"index","follow":"follow","max-snippet":"max-snippet:-1","max-image-preview":"max-image-preview:large","max-video-preview":"max-video-preview:-1"},"canonical":"https:\/\/poblenouurbandistrict.com\/es\/torna-all-those-food-market-amb-noves-propostes-gastronomiques-al-teatre-nacional-de-catalunya\/","og_locale":"es_ES","og_type":"article","og_title":"Vuelve All Those Food Market con nuevas propuestas gastron\u00f3micas en el Teatre Nacional de Catalunya &#8211; Poblenou Urban District","og_description":"Vuelve una nueva edici\u00f3n de uno de los eventos gastron\u00f3micos m\u00e1s esperados del a\u00f1o, el festival All Those Food Market.... M\u00e1s \u2192","og_url":"https:\/\/poblenouurbandistrict.com\/es\/torna-all-those-food-market-amb-noves-propostes-gastronomiques-al-teatre-nacional-de-catalunya\/","og_site_name":"Poblenou Urban District","article_published_time":"2023-11-09T12:34:25+00:00","article_modified_time":"2023-11-09T22:36:30+00:00","og_image":[{"width":2560,"height":1709,"url":"https:\/\/poblenouurbandistrict.com\/wp-content\/uploads\/2023\/11\/001-alejandraperello-scaled.jpg","type":"image\/jpeg"}],"author":"pnud","twitter_card":"summary_large_image","twitter_misc":{"Escrito por":"pnud","Tiempo de lectura":"2 minutos"},"schema":{"@context":"https:\/\/schema.org","@graph":[{"@type":"Article","@id":"https:\/\/poblenouurbandistrict.com\/torna-all-those-food-market-amb-noves-propostes-gastronomiques-al-teatre-nacional-de-catalunya\/#article","isPartOf":{"@id":"https:\/\/poblenouurbandistrict.com\/torna-all-those-food-market-amb-noves-propostes-gastronomiques-al-teatre-nacional-de-catalunya\/"},"author":{"name":"pnud","@id":"https:\/\/poblenouurbandistrict.com\/#\/schema\/person\/980a2cf34b399d5218205730acd54a7e"},"headline":"Vuelve All Those Food Market con nuevas propuestas gastron\u00f3micas en el Teatre Nacional de Catalunya","datePublished":"2023-11-09T12:34:25+00:00","dateModified":"2023-11-09T22:36:30+00:00","mainEntityOfPage":{"@id":"https:\/\/poblenouurbandistrict.com\/torna-all-those-food-market-amb-noves-propostes-gastronomiques-al-teatre-nacional-de-catalunya\/"},"wordCount":556,"image":{"@id":"https:\/\/poblenouurbandistrict.com\/torna-all-those-food-market-amb-noves-propostes-gastronomiques-al-teatre-nacional-de-catalunya\/#primaryimage"},"thumbnailUrl":"https:\/\/media.poblenouurbandistrict.com\/2023\/11\/25065819\/001-alejandraperello-scaled.jpg","articleSection":["Gastronom\u00eda"],"inLanguage":"es"},{"@type":"WebPage","@id":"https:\/\/poblenouurbandistrict.com\/es\/torna-all-those-food-market-amb-noves-propostes-gastronomiques-al-teatre-nacional-de-catalunya\/","url":"https:\/\/poblenouurbandistrict.com\/es\/torna-all-those-food-market-amb-noves-propostes-gastronomiques-al-teatre-nacional-de-catalunya\/","name":"Vuelve All Those Food Market con nuevas propuestas gastron\u00f3micas en el Teatre Nacional de Catalunya &#8211; Poblenou Urban District","isPartOf":{"@id":"https:\/\/poblenouurbandistrict.com\/es\/#website"},"primaryImageOfPage":{"@id":"https:\/\/poblenouurbandistrict.com\/es\/torna-all-those-food-market-amb-noves-propostes-gastronomiques-al-teatre-nacional-de-catalunya\/#primaryimage"},"image":{"@id":"https:\/\/poblenouurbandistrict.com\/torna-all-those-food-market-amb-noves-propostes-gastronomiques-al-teatre-nacional-de-catalunya\/#primaryimage"},"thumbnailUrl":"https:\/\/media.poblenouurbandistrict.com\/2023\/11\/25065819\/001-alejandraperello-scaled.jpg","datePublished":"2023-11-09T12:34:25+00:00","dateModified":"2023-11-09T22:36:30+00:00","author":{"@id":"https:\/\/poblenouurbandistrict.com\/#\/schema\/person\/980a2cf34b399d5218205730acd54a7e"},"breadcrumb":{"@id":"https:\/\/poblenouurbandistrict.com\/es\/torna-all-those-food-market-amb-noves-propostes-gastronomiques-al-teatre-nacional-de-catalunya\/#breadcrumb"},"inLanguage":"es","potentialAction":[{"@type":"ReadAction","target":[["https:\/\/poblenouurbandistrict.com\/es\/torna-all-those-food-market-amb-noves-propostes-gastronomiques-al-teatre-nacional-de-catalunya\/"]]}]},{"@type":"ImageObject","inLanguage":"es","@id":"https:\/\/poblenouurbandistrict.com\/es\/torna-all-those-food-market-amb-noves-propostes-gastronomiques-al-teatre-nacional-de-catalunya\/#primaryimage","url":"https:\/\/media.poblenouurbandistrict.com\/2023\/11\/25065819\/001-alejandraperello-scaled.jpg","contentUrl":"https:\/\/media.poblenouurbandistrict.com\/2023\/11\/25065819\/001-alejandraperello-scaled.jpg","width":2560,"height":1709},{"@type":"BreadcrumbList","@id":"https:\/\/poblenouurbandistrict.com\/es\/torna-all-those-food-market-amb-noves-propostes-gastronomiques-al-teatre-nacional-de-catalunya\/#breadcrumb","itemListElement":[{"@type":"ListItem","position":1,"name":"Home","item":"https:\/\/poblenouurbandistrict.com\/es\/"},{"@type":"ListItem","position":2,"name":"Torna All Those Food Market amb noves propostes gastron\u00f2miques al Teatre Nacional de Catalunya"}]},{"@type":"WebSite","@id":"https:\/\/poblenouurbandistrict.com\/es\/#website","url":"https:\/\/poblenouurbandistrict.com\/es\/","name":"Poblenou Urban District","description":"Comunidad Creativa","potentialAction":[{"@type":"SearchAction","target":{"@type":"EntryPoint","urlTemplate":"https:\/\/poblenouurbandistrict.com\/es\/?s={search_term_string}"},"query-input":{"@type":"PropertyValueSpecification","valueRequired":true,"valueName":"search_term_string"}}],"inLanguage":"es"},{"@type":"Person","@id":"https:\/\/poblenouurbandistrict.com\/#\/schema\/person\/980a2cf34b399d5218205730acd54a7e","name":"pnud","image":{"@type":"ImageObject","inLanguage":"es","@id":"https:\/\/secure.gravatar.com\/avatar\/67146597b405ee077a24e519f75c3e2031736596d6ce35af3a34c122c93d0d7b?s=96&d=retro&r=g","url":"https:\/\/secure.gravatar.com\/avatar\/67146597b405ee077a24e519f75c3e2031736596d6ce35af3a34c122c93d0d7b?s=96&d=retro&r=g","contentUrl":"https:\/\/secure.gravatar.com\/avatar\/67146597b405ee077a24e519f75c3e2031736596d6ce35af3a34c122c93d0d7b?s=96&d=retro&r=g","caption":"pnud"}}]}},"_links":{"self":[{"href":"https:\/\/poblenouurbandistrict.com\/es\/wp-json\/wp\/v2\/posts\/42429","targetHints":{"allow":["GET"]}}],"collection":[{"href":"https:\/\/poblenouurbandistrict.com\/es\/wp-json\/wp\/v2\/posts"}],"about":[{"href":"https:\/\/poblenouurbandistrict.com\/es\/wp-json\/wp\/v2\/types\/post"}],"author":[{"embeddable":true,"href":"https:\/\/poblenouurbandistrict.com\/es\/wp-json\/wp\/v2\/users\/5"}],"replies":[{"embeddable":true,"href":"https:\/\/poblenouurbandistrict.com\/es\/wp-json\/wp\/v2\/comments?post=42429"}],"version-history":[{"count":7,"href":"https:\/\/poblenouurbandistrict.com\/es\/wp-json\/wp\/v2\/posts\/42429\/revisions"}],"predecessor-version":[{"id":42647,"href":"https:\/\/poblenouurbandistrict.com\/es\/wp-json\/wp\/v2\/posts\/42429\/revisions\/42647"}],"wp:featuredmedia":[{"embeddable":true,"href":"https:\/\/poblenouurbandistrict.com\/es\/wp-json\/wp\/v2\/media\/42455"}],"wp:attachment":[{"href":"https:\/\/poblenouurbandistrict.com\/es\/wp-json\/wp\/v2\/media?parent=42429"}],"wp:term":[{"taxonomy":"category","embeddable":true,"href":"https:\/\/poblenouurbandistrict.com\/es\/wp-json\/wp\/v2\/categories?post=42429"},{"taxonomy":"post_tag","embeddable":true,"href":"https:\/\/poblenouurbandistrict.com\/es\/wp-json\/wp\/v2\/tags?post=42429"}],"curies":[{"name":"wp","href":"https:\/\/api.w.org\/{rel}","templated":true}]}}