{"id":42440,"date":"2023-11-20T18:12:15","date_gmt":"2023-11-20T17:12:15","guid":{"rendered":"https:\/\/poblenouurbandistrict.com\/?p=42440"},"modified":"2023-11-24T18:00:38","modified_gmt":"2023-11-24T17:00:38","slug":"espectacles-i-activitats-especials-dels-centres-de-formacio-per-al-poblenou-open-night","status":"publish","type":"post","link":"https:\/\/poblenouurbandistrict.com\/es\/espectacles-i-activitats-especials-dels-centres-de-formacio-per-al-poblenou-open-night\/","title":{"rendered":"Espect\u00e1culos y actividades especiales de los centros de formaci\u00f3n para el Poblenou Open Night"},"content":{"rendered":"<p>El viernes 24 de noviembre vuelve el Poblenou Open Night y varios centros de formaci\u00f3n asociados a Poblenou Urban District ofrecen actividades y espect\u00e1culos para pasarlo en grande. Sigue la lista de m\u00e1s abajo y no te pierdas nada, \u00a1te esperamos!<\/p>\n<h3><a href=\"https:\/\/barcelonaschoolofcreativity.com\/\">Barcelona School of Creativity<\/a><\/h3>\n<p>\u00bfAlguna vez te has detenido a observar cu\u00e1l es el impacto de tus gestos y estructuras internas en tu expresi\u00f3n creativa? Prep\u00e1rate para explorar tu potencial de creaci\u00f3n a trav\u00e9s del cuerpo en movimiento en el workshop, \u00abGeometr\u00edas del cuerpo creativo\u00bb.<\/p>\n<p>Es imprescindible apuntarse <a href=\"https:\/\/www.eventbrite.es\/e\/entradas-geometrias-del-cuerpo-creativo-workshop-de-creatividad-inside-out-751550897967?aff=oddtdtcreator\">aqu\u00ed<\/a>.<\/p>\n<h4 style=\"text-align: center;\">19h &#8211; 21.30h<\/h4>\n<h4 style=\"text-align: center;\">Pallars, 65, interior, local 4<\/h4>\n<hr \/>\n<h3><a href=\"https:\/\/www.baued.es\/?_gl=1*eahfjb*_up*MQ..&amp;gclid=Cj0KCQjw4NujBhC5ARIsAF4Iv6fXHEj-jkEZay9xKMyg5BzbIw1Az8M4JZycu7sPh1Mtwi77U9w1rr4aAn_iEALw_wcB\">BAU<\/a><\/h3>\n<p>Toast\/Salud\/Brindis! es una celebraci\u00f3n del arte y sus ecosistemas. El Poblenou Open Night coincide con la apertura de HAUS, Espacio de Arte y Pr\u00e1cticas Contempor\u00e1neas, con la colaboraci\u00f3n de BAR project, iniciativa curatorial local que ha llevado a la ciudad a m\u00e1s de 150 agentes del sector cultural internacional estableciendo un di\u00e1logo din\u00e1mico y horizontal con el contexto.<\/p>\n<p>El evento cuenta con acompa\u00f1amiento musical y diferentes contribuciones de artistas y comisarias locales e internacionales que han trabajado con BAR project. En la celebraci\u00f3n participan L\u00faa Coderch, jefe de estudios del Grado en Bellas Artes de BAU, las directoras funadoras de BAR Project, Andrea Rodriguez Novoa y Veronica Valentini, entre muchos otros.<\/p>\n<h4 style=\"text-align: center;\"><strong style=\"text-align: center;\">20h &#8211; 23h<\/strong><\/h4>\n<h4 style=\"text-align: center;\">Ciutat de Granada, 34 &#8211; 36<\/h4>\n<hr \/>\n<h3><a href=\"https:\/\/fxanimation.es\/\"><b>FX Barcelona Film School<\/b><\/a><\/h3>\n<p><span style=\"font-weight: 400;\">FX Barcelona Film School abre su terraza durante toda la tarde con barbacoa y actividades abiertas al p\u00fablico relacionadas con el mundo del cine, el 3D, el concept art, la animaci\u00f3n y los videojuegos. A partir de las 19.30h, encontrar\u00e1s:<\/span><\/p>\n<p>Pase de cortometrajes:<span style=\"font-weight: 400;\"> Una exquisita selecci\u00f3n de los mejores cortos del FX Film Fest 2023. Adem\u00e1s en preestreno, se proyectar\u00e1 \u00ab<\/span><span style=\"font-weight: 400;\">Hay un fuego verde\u00bb<\/span><span style=\"font-weight: 400;\"> de Cristina Diez-Madro\u00f1ero.\u00a0<\/span><\/p>\n<p>Exposici\u00f3n de Concept Art: <span style=\"font-weight: 400;\">Te apasiona el dibujo, el arte conceptual y el desarrollo visual de las producciones audiovisuales? Ven a visitar la Exposici\u00f3n de trabajos de los alumnos y profesores del \u00e1rea de Concept art de FX Barcelona Film School.<\/span><\/p>\n<p>Zona de videojuegos: <span style=\"font-weight: 400;\">Gamer, esta zona es para t\u00ed! te invitamos a probar con amigos, algunos de los videojuegos creados por los alumnos de FX Barcelona Film School. Ready?<\/span><\/p>\n<p>Y a partir de las 21.30h y hasta las 00h, b<span style=\"font-weight: 400;\">aila y disfruta de unos c\u00f3cteles de Slow Barcelona y m\u00fasica de DJ S\u00f6ren Manzoni.<\/span><\/p>\n<p>Inscr\u00edbete <a href=\"https:\/\/www.eventbrite.es\/e\/entradas-open-night-poblenou-fx-barcelona-film-school-761222024567?aff=oddtdtcreator\">aqu\u00ed<\/a>.<\/p>\n<h4 style=\"text-align: center;\">19.30h &#8211; 00h<\/h4>\n<h4 style=\"text-align: center;\">Pujades, 112<\/h4>\n<hr \/>\n<h3><a href=\"https:\/\/iaac.net\/\">IAAC<\/a> &amp; <a href=\"https:\/\/fablabbcn.org\/\">Fab Lab Barcelona<\/a><\/h3>\n<p>El Instituto de Arquitectura Avanzada de Catalu\u00f1a mostrar\u00e1 una serie de proyectos de los programas educativos en colaboraci\u00f3n con el Fab Lab Barcelona. Asimismo, se exhibir\u00e1n m\u00e1quinas creadas por estudiantes actuales del M\u00e1ster en Dise\u00f1o para Futuros Emergentes, as\u00ed como proyectos de a\u00f1os anteriores, incluidos trabajos textiles de Fabricademy, proyectos grupales de Future Technologies for Sustainable Fashion y una variedad de proyectos de Fab Academy.<\/p>\n<p>Paralelamente tambi\u00e9n se podr\u00e1 ver &#8216;Living Exhibition Barcelona&#8217;, una exposici\u00f3n que muestra innovaciones ecol\u00f3gicas que contribuyen a los objetivos del Pacto Verde de la UE al presentar prototipos desarrollados por estudiantes-empresarios de IAAC, junto con otros proyectos en curso tanto en investigaci\u00f3n como en industria.<\/p>\n<h4 style=\"text-align: center;\"><strong>19h &#8211; 22h<\/strong><\/h4>\n<h4 style=\"text-align: center;\">Pujades, 102<\/h4>\n<hr \/>\n<h3><a href=\"https:\/\/www.lidembarcelona.com\/\"><b>L\u2019Idem Barcelona<\/b><\/a><\/h3>\n<p><span style=\"font-weight: 400;\">\u00bfQuieres probar el nuevo videojuego RV desarrollado por los alumnos de L&#8217;Idem? Tienes la oportunidad de probarlo en primera persona. Adem\u00e1s habr\u00e1 pase de cortometrajes, concierto en directo del grupo LA CENTRAL y talleres.<\/span><\/p>\n<h4 style=\"text-align: center;\"><strong>19h &#8211; 24h<\/strong><\/h4>\n<h4 style=\"text-align: center;\">Ciutat de Granada, 53, 57<\/h4>\n<hr \/>\n<h3><a href=\"https:\/\/manuvision.es\/\"><b>Manuvision<\/b><\/a><\/h3>\n<p><span style=\"font-weight: 400;\">Cata de manos: Date un respiro y conoce la terapia corporal en camilla de Manuvision. Te esperan con un tratamiento breve para que conozcas las manos de los mejores terapeutas de Poblenou.\u00a0<\/span><\/p>\n<h4 style=\"text-align: center;\"><strong>19h &#8211; 23h<\/strong><\/h4>\n<h4 style=\"text-align: center;\">Taulat, 77<\/h4>\n<hr \/>\n<h3><a href=\"https:\/\/sou-livre.com\/\"><b>SouLivre<\/b><\/a><\/h3>\n<p><span style=\"font-weight: 400;\">\u00bfHas o\u00eddo hablar de la danza vertical? Es una modalidad de la danza a\u00e9rea donde la pared se convierte en el escenario y se baila colgado de una cuerda. Danza vertical, Bungee Up, Pilates Cl\u00e1sico y A\u00e9reo, Funcional, Jumping y FitDance son todas las actividades que realizan y el 24 de noviembre te har\u00e1n una demostraci\u00f3n <\/span><span style=\"font-weight: 400;\">con alumnos y profesores para que puedas descubrir el arte de estos movimientos. Inscr\u00edbete <a href=\"https:\/\/sou-livre.com\/horarios-y-reservas\/\">aqu\u00ed<\/a>.\u00a0<\/span><\/p>\n<p>A continuaci\u00f3n, puedes consultar el pase de funciones:<\/p>\n<div>\n<ul>\n<li>19.15h &#8211; Bungee Dance \u00abCravin\u00bb<\/li>\n<li>19.25h &#8211; Bungee Intermedio \u00abMission impossible\u00bb<\/li>\n<li>19.40h &#8211; Bungee Dance \u00abBeliever\u00bb<\/li>\n<li>19.50h &#8211; M\u00e1quinas del Jumping<\/li>\n<li>20h &#8211; Pilates A\u00e9reo<\/li>\n<li>20.10h &#8211; Pilates a\u00f1os 80<\/li>\n<li>20.20h &#8211; FitDance<\/li>\n<li>20.30h &#8211; Danza Vertical &#8211; Tango<\/li>\n<li>20.40h &#8211; Danza Vertical &#8211; Profes<\/li>\n<li>20.50 &#8211; Bungee Profes \u00abGran finale\u00bb<\/li>\n<\/ul>\n<\/div>\n<h4 style=\"text-align: center;\">Llull, 68<\/h4>\n<hr \/>\n<h3><a href=\"https:\/\/onairbarcelona.com\/\">Onair Barcelona<\/a><\/h3>\n<p><span style=\"font-weight: 400;\">Los misterios m\u00e1s profundos del alma se revelan, liberando sus secretos en una danza que mezcla lo terrenal con lo celestial <\/span><span style=\"font-weight: 400;\">\u00bfQuieres disfrutar de un espect\u00e1culo de danza a\u00e9rea que te dejar\u00e1 con la boca abierta? ONAIR vuelve con un nuevo espect\u00e1culo GLORY, enmarcado en La Catedral del Cel.\u00a0<\/span><\/p>\n<ul>\n<li><span style=\"font-weight: 400;\">Duraci\u00f3n del espect\u00e1culo: 30min<\/span><\/li>\n<li><span style=\"font-weight: 400;\">No recomendado para menores de 14 a\u00f1os<\/span><\/li>\n<li style=\"text-align: left;\">Entradas a la venta en <a href=\"https:\/\/www.eventbrite.es\/e\/entradas-onair-la-catedral-del-cel-glory-754745071827?utm-campaign=social&amp;utm-content=attendeeshare&amp;utm-medium=discovery&amp;utm-term=listing&amp;utm-source=cp&amp;aff=ebdsshcopyurl\">eventbrite<\/a> para la funci\u00f3n de las <strong>21h<\/strong><\/li>\n<li style=\"text-align: left;\">Entradas a la venta en <a href=\"https:\/\/www.eventbrite.es\/e\/entradas-onair-la-catedral-del-cel-glory-754778652267?utm-campaign=social&amp;utm-content=attendeeshare&amp;utm-medium=discovery&amp;utm-term=listing&amp;utm-source=cp&amp;aff=ebdsshcopyurl\">eventbrite<\/a> para la funci\u00f3n de las <strong>22.30h<\/strong><\/li>\n<\/ul>\n<h4 style=\"text-align: center;\">Pere IV, 99<\/h4>\n<p><\/p>","protected":false},"excerpt":{"rendered":"<p>El viernes 24 de noviembre vuelve el Poblenou Open Night y varios centros de formaci\u00f3n asociados a Poblenou Urban District&#8230; <a href=\"https:\/\/poblenouurbandistrict.com\/es\/espectacles-i-activitats-especials-dels-centres-de-formacio-per-al-poblenou-open-night\/\">M\u00e1s  \u2192<\/a><\/p>\n","protected":false},"author":5,"featured_media":42626,"comment_status":"closed","ping_status":"closed","sticky":false,"template":"","format":"standard","meta":{"_acf_changed":false,"footnotes":""},"categories":[3526,3345],"tags":[],"class_list":["post-42440","post","type-post","status-publish","format-standard","has-post-thumbnail","hentry","category-open-night","category-formacion"],"acf":[],"yoast_head":"<!-- This site is optimized with the Yoast SEO plugin v27.4 - https:\/\/yoast.com\/product\/yoast-seo-wordpress\/ -->\n<title>Espect\u00e1culos y actividades especiales de los centros de formaci\u00f3n para el Poblenou Open Night &#8211; Poblenou Urban District<\/title>\n<meta name=\"robots\" content=\"index, follow, max-snippet:-1, max-image-preview:large, max-video-preview:-1\" \/>\n<link rel=\"canonical\" href=\"https:\/\/poblenouurbandistrict.com\/es\/espectacles-i-activitats-especials-dels-centres-de-formacio-per-al-poblenou-open-night\/\" \/>\n<meta property=\"og:locale\" content=\"es_ES\" \/>\n<meta property=\"og:type\" content=\"article\" \/>\n<meta property=\"og:title\" content=\"Espect\u00e1culos y actividades especiales de los centros de formaci\u00f3n para el Poblenou Open Night &#8211; Poblenou Urban District\" \/>\n<meta property=\"og:description\" content=\"El viernes 24 de noviembre vuelve el Poblenou Open Night y varios centros de formaci\u00f3n asociados a Poblenou Urban District... M\u00e1s \u2192\" \/>\n<meta property=\"og:url\" content=\"https:\/\/poblenouurbandistrict.com\/es\/espectacles-i-activitats-especials-dels-centres-de-formacio-per-al-poblenou-open-night\/\" \/>\n<meta property=\"og:site_name\" content=\"Poblenou Urban District\" \/>\n<meta property=\"article:published_time\" content=\"2023-11-20T17:12:15+00:00\" \/>\n<meta property=\"article:modified_time\" content=\"2023-11-24T17:00:38+00:00\" \/>\n<meta property=\"og:image\" content=\"https:\/\/poblenouurbandistrict.com\/wp-content\/uploads\/2023\/11\/iaac-fab-lab-bcn-1-640x427.jpg\" \/>\n\t<meta property=\"og:image:width\" content=\"640\" \/>\n\t<meta property=\"og:image:height\" content=\"427\" \/>\n\t<meta property=\"og:image:type\" content=\"image\/jpeg\" \/>\n<meta name=\"author\" content=\"pnud\" \/>\n<meta name=\"twitter:card\" content=\"summary_large_image\" \/>\n<meta name=\"twitter:label1\" content=\"Escrito por\" \/>\n\t<meta name=\"twitter:data1\" content=\"pnud\" \/>\n<script type=\"application\/ld+json\" class=\"yoast-schema-graph\">{\"@context\":\"https:\\\/\\\/schema.org\",\"@graph\":[{\"@type\":\"Article\",\"@id\":\"https:\\\/\\\/poblenouurbandistrict.com\\\/espectacles-i-activitats-especials-dels-centres-de-formacio-per-al-poblenou-open-night\\\/#article\",\"isPartOf\":{\"@id\":\"https:\\\/\\\/poblenouurbandistrict.com\\\/espectacles-i-activitats-especials-dels-centres-de-formacio-per-al-poblenou-open-night\\\/\"},\"author\":{\"name\":\"pnud\",\"@id\":\"https:\\\/\\\/poblenouurbandistrict.com\\\/#\\\/schema\\\/person\\\/980a2cf34b399d5218205730acd54a7e\"},\"headline\":\"Espect\u00e1culos y actividades especiales de los centros de formaci\u00f3n para el Poblenou Open Night\",\"datePublished\":\"2023-11-20T17:12:15+00:00\",\"dateModified\":\"2023-11-24T17:00:38+00:00\",\"mainEntityOfPage\":{\"@id\":\"https:\\\/\\\/poblenouurbandistrict.com\\\/espectacles-i-activitats-especials-dels-centres-de-formacio-per-al-poblenou-open-night\\\/\"},\"wordCount\":1726,\"image\":{\"@id\":\"https:\\\/\\\/poblenouurbandistrict.com\\\/espectacles-i-activitats-especials-dels-centres-de-formacio-per-al-poblenou-open-night\\\/#primaryimage\"},\"thumbnailUrl\":\"https:\\\/\\\/media.poblenouurbandistrict.com\\\/2023\\\/11\\\/25070050\\\/iaac-fab-lab-bcn-1.jpg\",\"articleSection\":[\"Open Night\",\"Formaci\u00f3n\"],\"inLanguage\":\"es\"},{\"@type\":\"WebPage\",\"@id\":\"https:\\\/\\\/poblenouurbandistrict.com\\\/es\\\/espectacles-i-activitats-especials-dels-centres-de-formacio-per-al-poblenou-open-night\\\/\",\"url\":\"https:\\\/\\\/poblenouurbandistrict.com\\\/es\\\/espectacles-i-activitats-especials-dels-centres-de-formacio-per-al-poblenou-open-night\\\/\",\"name\":\"Espect\u00e1culos y actividades especiales de los centros de formaci\u00f3n para el Poblenou Open Night &#8211; Poblenou Urban District\",\"isPartOf\":{\"@id\":\"https:\\\/\\\/poblenouurbandistrict.com\\\/es\\\/#website\"},\"primaryImageOfPage\":{\"@id\":\"https:\\\/\\\/poblenouurbandistrict.com\\\/es\\\/espectacles-i-activitats-especials-dels-centres-de-formacio-per-al-poblenou-open-night\\\/#primaryimage\"},\"image\":{\"@id\":\"https:\\\/\\\/poblenouurbandistrict.com\\\/espectacles-i-activitats-especials-dels-centres-de-formacio-per-al-poblenou-open-night\\\/#primaryimage\"},\"thumbnailUrl\":\"https:\\\/\\\/media.poblenouurbandistrict.com\\\/2023\\\/11\\\/25070050\\\/iaac-fab-lab-bcn-1.jpg\",\"datePublished\":\"2023-11-20T17:12:15+00:00\",\"dateModified\":\"2023-11-24T17:00:38+00:00\",\"author\":{\"@id\":\"https:\\\/\\\/poblenouurbandistrict.com\\\/#\\\/schema\\\/person\\\/980a2cf34b399d5218205730acd54a7e\"},\"breadcrumb\":{\"@id\":\"https:\\\/\\\/poblenouurbandistrict.com\\\/es\\\/espectacles-i-activitats-especials-dels-centres-de-formacio-per-al-poblenou-open-night\\\/#breadcrumb\"},\"inLanguage\":\"es\",\"potentialAction\":[{\"@type\":\"ReadAction\",\"target\":[[\"https:\\\/\\\/poblenouurbandistrict.com\\\/es\\\/espectacles-i-activitats-especials-dels-centres-de-formacio-per-al-poblenou-open-night\\\/\"]]}]},{\"@type\":\"ImageObject\",\"inLanguage\":\"es\",\"@id\":\"https:\\\/\\\/poblenouurbandistrict.com\\\/es\\\/espectacles-i-activitats-especials-dels-centres-de-formacio-per-al-poblenou-open-night\\\/#primaryimage\",\"url\":\"https:\\\/\\\/media.poblenouurbandistrict.com\\\/2023\\\/11\\\/25070050\\\/iaac-fab-lab-bcn-1.jpg\",\"contentUrl\":\"https:\\\/\\\/media.poblenouurbandistrict.com\\\/2023\\\/11\\\/25070050\\\/iaac-fab-lab-bcn-1.jpg\",\"width\":2000,\"height\":1333},{\"@type\":\"BreadcrumbList\",\"@id\":\"https:\\\/\\\/poblenouurbandistrict.com\\\/es\\\/espectacles-i-activitats-especials-dels-centres-de-formacio-per-al-poblenou-open-night\\\/#breadcrumb\",\"itemListElement\":[{\"@type\":\"ListItem\",\"position\":1,\"name\":\"Home\",\"item\":\"https:\\\/\\\/poblenouurbandistrict.com\\\/es\\\/\"},{\"@type\":\"ListItem\",\"position\":2,\"name\":\"Espectacles i activitats especials dels centres de formaci\u00f3 per al Poblenou Open Night\"}]},{\"@type\":\"WebSite\",\"@id\":\"https:\\\/\\\/poblenouurbandistrict.com\\\/es\\\/#website\",\"url\":\"https:\\\/\\\/poblenouurbandistrict.com\\\/es\\\/\",\"name\":\"Poblenou Urban District\",\"description\":\"Comunidad Creativa\",\"potentialAction\":[{\"@type\":\"SearchAction\",\"target\":{\"@type\":\"EntryPoint\",\"urlTemplate\":\"https:\\\/\\\/poblenouurbandistrict.com\\\/es\\\/?s={search_term_string}\"},\"query-input\":{\"@type\":\"PropertyValueSpecification\",\"valueRequired\":true,\"valueName\":\"search_term_string\"}}],\"inLanguage\":\"es\"},{\"@type\":\"Person\",\"@id\":\"https:\\\/\\\/poblenouurbandistrict.com\\\/#\\\/schema\\\/person\\\/980a2cf34b399d5218205730acd54a7e\",\"name\":\"pnud\",\"image\":{\"@type\":\"ImageObject\",\"inLanguage\":\"es\",\"@id\":\"https:\\\/\\\/secure.gravatar.com\\\/avatar\\\/67146597b405ee077a24e519f75c3e2031736596d6ce35af3a34c122c93d0d7b?s=96&d=retro&r=g\",\"url\":\"https:\\\/\\\/secure.gravatar.com\\\/avatar\\\/67146597b405ee077a24e519f75c3e2031736596d6ce35af3a34c122c93d0d7b?s=96&d=retro&r=g\",\"contentUrl\":\"https:\\\/\\\/secure.gravatar.com\\\/avatar\\\/67146597b405ee077a24e519f75c3e2031736596d6ce35af3a34c122c93d0d7b?s=96&d=retro&r=g\",\"caption\":\"pnud\"}}]}<\/script>\n<!-- \/ Yoast SEO plugin. -->","yoast_head_json":{"title":"Espect\u00e1culos y actividades especiales de los centros de formaci\u00f3n para el Poblenou Open Night &#8211; Poblenou Urban District","robots":{"index":"index","follow":"follow","max-snippet":"max-snippet:-1","max-image-preview":"max-image-preview:large","max-video-preview":"max-video-preview:-1"},"canonical":"https:\/\/poblenouurbandistrict.com\/es\/espectacles-i-activitats-especials-dels-centres-de-formacio-per-al-poblenou-open-night\/","og_locale":"es_ES","og_type":"article","og_title":"Espect\u00e1culos y actividades especiales de los centros de formaci\u00f3n para el Poblenou Open Night &#8211; Poblenou Urban District","og_description":"El viernes 24 de noviembre vuelve el Poblenou Open Night y varios centros de formaci\u00f3n asociados a Poblenou Urban District... M\u00e1s \u2192","og_url":"https:\/\/poblenouurbandistrict.com\/es\/espectacles-i-activitats-especials-dels-centres-de-formacio-per-al-poblenou-open-night\/","og_site_name":"Poblenou Urban District","article_published_time":"2023-11-20T17:12:15+00:00","article_modified_time":"2023-11-24T17:00:38+00:00","og_image":[{"width":640,"height":427,"url":"https:\/\/poblenouurbandistrict.com\/wp-content\/uploads\/2023\/11\/iaac-fab-lab-bcn-1-640x427.jpg","type":"image\/jpeg"}],"author":"pnud","twitter_card":"summary_large_image","twitter_misc":{"Escrito por":"pnud"},"schema":{"@context":"https:\/\/schema.org","@graph":[{"@type":"Article","@id":"https:\/\/poblenouurbandistrict.com\/espectacles-i-activitats-especials-dels-centres-de-formacio-per-al-poblenou-open-night\/#article","isPartOf":{"@id":"https:\/\/poblenouurbandistrict.com\/espectacles-i-activitats-especials-dels-centres-de-formacio-per-al-poblenou-open-night\/"},"author":{"name":"pnud","@id":"https:\/\/poblenouurbandistrict.com\/#\/schema\/person\/980a2cf34b399d5218205730acd54a7e"},"headline":"Espect\u00e1culos y actividades especiales de los centros de formaci\u00f3n para el Poblenou Open Night","datePublished":"2023-11-20T17:12:15+00:00","dateModified":"2023-11-24T17:00:38+00:00","mainEntityOfPage":{"@id":"https:\/\/poblenouurbandistrict.com\/espectacles-i-activitats-especials-dels-centres-de-formacio-per-al-poblenou-open-night\/"},"wordCount":1726,"image":{"@id":"https:\/\/poblenouurbandistrict.com\/espectacles-i-activitats-especials-dels-centres-de-formacio-per-al-poblenou-open-night\/#primaryimage"},"thumbnailUrl":"https:\/\/media.poblenouurbandistrict.com\/2023\/11\/25070050\/iaac-fab-lab-bcn-1.jpg","articleSection":["Open Night","Formaci\u00f3n"],"inLanguage":"es"},{"@type":"WebPage","@id":"https:\/\/poblenouurbandistrict.com\/es\/espectacles-i-activitats-especials-dels-centres-de-formacio-per-al-poblenou-open-night\/","url":"https:\/\/poblenouurbandistrict.com\/es\/espectacles-i-activitats-especials-dels-centres-de-formacio-per-al-poblenou-open-night\/","name":"Espect\u00e1culos y actividades especiales de los centros de formaci\u00f3n para el Poblenou Open Night &#8211; Poblenou Urban District","isPartOf":{"@id":"https:\/\/poblenouurbandistrict.com\/es\/#website"},"primaryImageOfPage":{"@id":"https:\/\/poblenouurbandistrict.com\/es\/espectacles-i-activitats-especials-dels-centres-de-formacio-per-al-poblenou-open-night\/#primaryimage"},"image":{"@id":"https:\/\/poblenouurbandistrict.com\/espectacles-i-activitats-especials-dels-centres-de-formacio-per-al-poblenou-open-night\/#primaryimage"},"thumbnailUrl":"https:\/\/media.poblenouurbandistrict.com\/2023\/11\/25070050\/iaac-fab-lab-bcn-1.jpg","datePublished":"2023-11-20T17:12:15+00:00","dateModified":"2023-11-24T17:00:38+00:00","author":{"@id":"https:\/\/poblenouurbandistrict.com\/#\/schema\/person\/980a2cf34b399d5218205730acd54a7e"},"breadcrumb":{"@id":"https:\/\/poblenouurbandistrict.com\/es\/espectacles-i-activitats-especials-dels-centres-de-formacio-per-al-poblenou-open-night\/#breadcrumb"},"inLanguage":"es","potentialAction":[{"@type":"ReadAction","target":[["https:\/\/poblenouurbandistrict.com\/es\/espectacles-i-activitats-especials-dels-centres-de-formacio-per-al-poblenou-open-night\/"]]}]},{"@type":"ImageObject","inLanguage":"es","@id":"https:\/\/poblenouurbandistrict.com\/es\/espectacles-i-activitats-especials-dels-centres-de-formacio-per-al-poblenou-open-night\/#primaryimage","url":"https:\/\/media.poblenouurbandistrict.com\/2023\/11\/25070050\/iaac-fab-lab-bcn-1.jpg","contentUrl":"https:\/\/media.poblenouurbandistrict.com\/2023\/11\/25070050\/iaac-fab-lab-bcn-1.jpg","width":2000,"height":1333},{"@type":"BreadcrumbList","@id":"https:\/\/poblenouurbandistrict.com\/es\/espectacles-i-activitats-especials-dels-centres-de-formacio-per-al-poblenou-open-night\/#breadcrumb","itemListElement":[{"@type":"ListItem","position":1,"name":"Home","item":"https:\/\/poblenouurbandistrict.com\/es\/"},{"@type":"ListItem","position":2,"name":"Espectacles i activitats especials dels centres de formaci\u00f3 per al Poblenou Open Night"}]},{"@type":"WebSite","@id":"https:\/\/poblenouurbandistrict.com\/es\/#website","url":"https:\/\/poblenouurbandistrict.com\/es\/","name":"Poblenou Urban District","description":"Comunidad Creativa","potentialAction":[{"@type":"SearchAction","target":{"@type":"EntryPoint","urlTemplate":"https:\/\/poblenouurbandistrict.com\/es\/?s={search_term_string}"},"query-input":{"@type":"PropertyValueSpecification","valueRequired":true,"valueName":"search_term_string"}}],"inLanguage":"es"},{"@type":"Person","@id":"https:\/\/poblenouurbandistrict.com\/#\/schema\/person\/980a2cf34b399d5218205730acd54a7e","name":"pnud","image":{"@type":"ImageObject","inLanguage":"es","@id":"https:\/\/secure.gravatar.com\/avatar\/67146597b405ee077a24e519f75c3e2031736596d6ce35af3a34c122c93d0d7b?s=96&d=retro&r=g","url":"https:\/\/secure.gravatar.com\/avatar\/67146597b405ee077a24e519f75c3e2031736596d6ce35af3a34c122c93d0d7b?s=96&d=retro&r=g","contentUrl":"https:\/\/secure.gravatar.com\/avatar\/67146597b405ee077a24e519f75c3e2031736596d6ce35af3a34c122c93d0d7b?s=96&d=retro&r=g","caption":"pnud"}}]}},"_links":{"self":[{"href":"https:\/\/poblenouurbandistrict.com\/es\/wp-json\/wp\/v2\/posts\/42440","targetHints":{"allow":["GET"]}}],"collection":[{"href":"https:\/\/poblenouurbandistrict.com\/es\/wp-json\/wp\/v2\/posts"}],"about":[{"href":"https:\/\/poblenouurbandistrict.com\/es\/wp-json\/wp\/v2\/types\/post"}],"author":[{"embeddable":true,"href":"https:\/\/poblenouurbandistrict.com\/es\/wp-json\/wp\/v2\/users\/5"}],"replies":[{"embeddable":true,"href":"https:\/\/poblenouurbandistrict.com\/es\/wp-json\/wp\/v2\/comments?post=42440"}],"version-history":[{"count":49,"href":"https:\/\/poblenouurbandistrict.com\/es\/wp-json\/wp\/v2\/posts\/42440\/revisions"}],"predecessor-version":[{"id":43097,"href":"https:\/\/poblenouurbandistrict.com\/es\/wp-json\/wp\/v2\/posts\/42440\/revisions\/43097"}],"wp:featuredmedia":[{"embeddable":true,"href":"https:\/\/poblenouurbandistrict.com\/es\/wp-json\/wp\/v2\/media\/42626"}],"wp:attachment":[{"href":"https:\/\/poblenouurbandistrict.com\/es\/wp-json\/wp\/v2\/media?parent=42440"}],"wp:term":[{"taxonomy":"category","embeddable":true,"href":"https:\/\/poblenouurbandistrict.com\/es\/wp-json\/wp\/v2\/categories?post=42440"},{"taxonomy":"post_tag","embeddable":true,"href":"https:\/\/poblenouurbandistrict.com\/es\/wp-json\/wp\/v2\/tags?post=42440"}],"curies":[{"name":"wp","href":"https:\/\/api.w.org\/{rel}","templated":true}]}}