{"id":42907,"date":"2023-11-20T18:15:25","date_gmt":"2023-11-20T17:15:25","guid":{"rendered":"https:\/\/poblenouurbandistrict.com\/?p=42907"},"modified":"2023-11-23T18:46:46","modified_gmt":"2023-11-23T17:46:46","slug":"gaudeix-de-la-programacio-dels-hotels-per-aquest-poblenou-open-night","status":"publish","type":"post","link":"https:\/\/poblenouurbandistrict.com\/es\/gaudeix-de-la-programacio-dels-hotels-per-aquest-poblenou-open-night\/","title":{"rendered":"Disfruta de las actividades de los hoteles para el Poblenou Open Night"},"content":{"rendered":"<p>Algunos hoteles asociados a Poblenou Urban District tambi\u00e9n se suman al Poblenou Open Night con actividades para todos los p\u00fablicos y gustos: m\u00fasica, talleres, gastronom\u00eda y arte. Puedes consultar la lista a continuaci\u00f3n:<\/p>\n<h3><a href=\"https:\/\/apartostudent.com\/es\/ubicaciones\/barcelona\/pallars\">Aparto Pallars Barcelona<\/a><\/h3>\n<p><span style=\"font-weight: 400;\">En colaboraci\u00f3n con la Clandestina de Poblenou, Aparto Pallars Barcelona impartir\u00e1 un taller gratuito de acuarela con un snack para mantener la energ\u00eda de los participantes. <\/span><\/p>\n<p><span style=\"font-weight: 400;\">Puedes reservar tu plaza enviando un mail a pallars@apartostudent.com. El aforo m\u00e1ximo es de 16 personas.<\/span><\/p>\n<h4 style=\"text-align: center;\"><strong>19h<\/strong><\/h4>\n<h4 style=\"text-align: center;\">Pallars, 433<\/h4>\n<hr \/>\n<h3><a href=\"https:\/\/www.hotelbarcelonaprincess.com\/ca\/dagmarestaurant\/\"><b>Hotel Barcelona Princess<\/b><\/a><\/h3>\n<p><span style=\"font-weight: 400;\">Disfruta de una actuaci\u00f3n en vivo que te transportar\u00e1 a la era dorada del ritmo y el blues, as\u00ed como al fascinante mundo del boogie woogie. Wax &amp; Boogie te har\u00e1n mover los pies con su estilo inconfundible y su energ\u00eda contagiosa.<\/span><\/p>\n<p><span style=\"font-weight: 400;\">Pero la m\u00fasica no es lo \u00fanico que deleitar\u00e1 tus sentidos, tambi\u00e9n podr\u00e1s degustar exquisitos platos de la Terraza Dagma a un precio especial, 20% de descuento solo de 20.30h a 22h.<\/span><\/p>\n<h4 style=\"text-align: center;\"><strong>20.30h &#8211; 23h<\/strong><\/h4>\n<h4 style=\"text-align: center;\"><strong>Avinguda Diagonal, 1<\/strong><\/h4>\n<hr \/>\n<h3><a href=\"https:\/\/thehoxton.com\/es\/poblenou\/\">The Hoxton Poblenou<\/a><\/h3>\n<p>The Hoxton celebra \u2018The Hoxton Street Party\u2019 que, bajo el lema \u00abfight for your right to party\u00bb, aprovechan la idiosincrasia de una noche como la del Poblenou Open Night para recrear las m\u00edticas block parties que se llevaban a cabo en Nueva York m\u00e1s underground de los 80s.<\/p>\n<p>El lineup cuenta con DJs que pinchan en vinilo (<a href=\"https:\/\/www.instagram.com\/lidiuska\/\" target=\"_blank\" rel=\"noopener\" data-saferedirecturl=\"https:\/\/www.google.com\/url?q=https:\/\/www.instagram.com\/lidiuska\/&amp;source=gmail&amp;ust=1700567079772000&amp;usg=AOvVaw0b0ZpJ0RNUCnglcvyfPmbk\">Lidisuka<\/a>,<a href=\"https:\/\/www.instagram.com\/senyor.monk\/\" target=\"_blank\" rel=\"noopener\" data-saferedirecturl=\"https:\/\/www.google.com\/url?q=https:\/\/www.instagram.com\/senyor.monk\/&amp;source=gmail&amp;ust=1700567079772000&amp;usg=AOvVaw3jD8npkKSiWRGc8nTknj_h\">\u00a0Sr. Monk<\/a>\u00a0y\u00a0<a href=\"https:\/\/www.instagram.com\/visionvintageoriginal\/\" target=\"_blank\" rel=\"noopener\" data-saferedirecturl=\"https:\/\/www.google.com\/url?q=https:\/\/www.instagram.com\/visionvintageoriginal\/&amp;source=gmail&amp;ust=1700567079772000&amp;usg=AOvVaw0KuR-CHIPWKlYsFYXjMPhM\">Doc Slump<\/a>), el MC\u00a0<a href=\"https:\/\/www.instagram.com\/drakoamgod\" target=\"_blank\" rel=\"noopener\" data-saferedirecturl=\"https:\/\/www.google.com\/url?q=https:\/\/www.instagram.com\/drakoamgod&amp;source=gmail&amp;ust=1700567079772000&amp;usg=AOvVaw1cVXc1yV6h62XsYgTVEHmB\">Draco<\/a>, Bboys que bailar\u00e1n a medio camino entre la exhibici\u00f3n y la competici\u00f3n, la crew\u00a0<a href=\"https:\/\/www.instagram.com\/chusick\/\" target=\"_blank\" rel=\"noopener\" data-saferedirecturl=\"https:\/\/www.google.com\/url?q=https:\/\/www.instagram.com\/chusick\/&amp;source=gmail&amp;ust=1700567079772000&amp;usg=AOvVaw1ETfH91PYn08aAzB41x0io\">R4M<\/a>\u00a0y live graffiti cortes\u00eda de\u00a0<a href=\"https:\/\/www.instagram.com\/montana_colors\/\" target=\"_blank\" rel=\"noopener\" data-saferedirecturl=\"https:\/\/www.google.com\/url?q=https:\/\/www.instagram.com\/montana_colors\/&amp;source=gmail&amp;ust=1700567079772000&amp;usg=AOvVaw32X6BDGu6Y4V9EFIyQMf4G\">Montana Colors<\/a>.<\/p>\n<p>Asimismo, en el lobby habr\u00e1 tambi\u00e9n un colectivo de DJ\u2019s, Breathedeep, destinado a un p\u00fablico m\u00e1s joven.<\/p>\n<h4 style=\"text-align: center;\"><strong>19h &#8211; 23h<\/strong><\/h4>\n<h4 style=\"text-align: center;\"><strong>Avinguda Diagonal, 205<\/strong><\/h4>\n<hr \/>\n<h3><a href=\"https:\/\/www.thesocialhub.co\/es\/barcelona-poblenou\/\">The Social Hub Barcelona<\/a><\/h3>\n<p>The Social Hub Barcelona organiza un taller de Food Design de 19h a 20.30h, una disciplina que fusiona gastronom\u00eda y dise\u00f1o. Las creaciones art\u00edsticas realizadas con alimentos se exhibir\u00e1n como un buffet, proporcionando una oportunidad para realizar networking.<\/p>\n<p>Asimismo, despu\u00e9s habr\u00e1 m\u00fasica en vivo de la mano de los artistas seleccionados de la 3a edici\u00f3n del Music Urban Circuit.<\/p>\n<ul>\n<li>21h \u2013 22h: Jan Bonet\u00a0(<a href=\"https:\/\/www.instagram.com\/bonetjan\/\">@bonetjan)<\/a><\/li>\n<li>22h \u2013 23h: Not on Earth (<a href=\"https:\/\/www.instagram.com\/notonearth\">@notonearth<\/a>)<\/li>\n<li>23h \u2013 00h: Fillide (<a href=\"https:\/\/www.instagram.com\/fillidemusic\">@fillidemusic<\/a>)<\/li>\n<\/ul>\n<h4 style=\"text-align: center;\">19h &#8211; 00h<\/h4>\n<h4 style=\"text-align: center;\">Crist\u00f3bal de Moura, 49<\/h4>\n<p><\/p>","protected":false},"excerpt":{"rendered":"<p>Algunos hoteles asociados a Poblenou Urban District tambi\u00e9n se suman al Poblenou Open Night con actividades para todos los p\u00fablicos&#8230; <a href=\"https:\/\/poblenouurbandistrict.com\/es\/gaudeix-de-la-programacio-dels-hotels-per-aquest-poblenou-open-night\/\">M\u00e1s  \u2192<\/a><\/p>\n","protected":false},"author":5,"featured_media":37155,"comment_status":"closed","ping_status":"closed","sticky":false,"template":"","format":"standard","meta":{"_acf_changed":false,"footnotes":""},"categories":[3595,3526],"tags":[],"class_list":["post-42907","post","type-post","status-publish","format-standard","has-post-thumbnail","hentry","category-hotels","category-open-night"],"acf":[],"yoast_head":"<!-- This site is optimized with the Yoast SEO plugin v27.4 - https:\/\/yoast.com\/product\/yoast-seo-wordpress\/ -->\n<title>Disfruta de las actividades de los hoteles para el Poblenou Open Night &#8211; Poblenou Urban District<\/title>\n<meta name=\"robots\" content=\"index, follow, max-snippet:-1, max-image-preview:large, max-video-preview:-1\" \/>\n<link rel=\"canonical\" href=\"https:\/\/poblenouurbandistrict.com\/es\/gaudeix-de-la-programacio-dels-hotels-per-aquest-poblenou-open-night\/\" \/>\n<meta property=\"og:locale\" content=\"es_ES\" \/>\n<meta property=\"og:type\" content=\"article\" \/>\n<meta property=\"og:title\" content=\"Disfruta de las actividades de los hoteles para el Poblenou Open Night &#8211; Poblenou Urban District\" \/>\n<meta property=\"og:description\" content=\"Algunos hoteles asociados a Poblenou Urban District tambi\u00e9n se suman al Poblenou Open Night con actividades para todos los p\u00fablicos... M\u00e1s \u2192\" \/>\n<meta property=\"og:url\" content=\"https:\/\/poblenouurbandistrict.com\/es\/gaudeix-de-la-programacio-dels-hotels-per-aquest-poblenou-open-night\/\" \/>\n<meta property=\"og:site_name\" content=\"Poblenou Urban District\" \/>\n<meta property=\"article:published_time\" content=\"2023-11-20T17:15:25+00:00\" \/>\n<meta property=\"article:modified_time\" content=\"2023-11-23T17:46:46+00:00\" \/>\n<meta property=\"og:image\" content=\"https:\/\/poblenouurbandistrict.com\/wp-content\/uploads\/2023\/03\/the-social-hub-barcelona-poblenou-epigrafe-coworking-scaled.jpg\" \/>\n\t<meta property=\"og:image:width\" content=\"2560\" \/>\n\t<meta property=\"og:image:height\" content=\"1707\" \/>\n\t<meta property=\"og:image:type\" content=\"image\/jpeg\" \/>\n<meta name=\"author\" content=\"pnud\" \/>\n<meta name=\"twitter:card\" content=\"summary_large_image\" \/>\n<meta name=\"twitter:label1\" content=\"Escrito por\" \/>\n\t<meta name=\"twitter:data1\" content=\"pnud\" \/>\n\t<meta name=\"twitter:label2\" content=\"Tiempo de lectura\" \/>\n\t<meta name=\"twitter:data2\" content=\"2 minutos\" \/>\n<script type=\"application\/ld+json\" class=\"yoast-schema-graph\">{\"@context\":\"https:\\\/\\\/schema.org\",\"@graph\":[{\"@type\":\"Article\",\"@id\":\"https:\\\/\\\/poblenouurbandistrict.com\\\/gaudeix-de-la-programacio-dels-hotels-per-aquest-poblenou-open-night\\\/#article\",\"isPartOf\":{\"@id\":\"https:\\\/\\\/poblenouurbandistrict.com\\\/gaudeix-de-la-programacio-dels-hotels-per-aquest-poblenou-open-night\\\/\"},\"author\":{\"name\":\"pnud\",\"@id\":\"https:\\\/\\\/poblenouurbandistrict.com\\\/#\\\/schema\\\/person\\\/980a2cf34b399d5218205730acd54a7e\"},\"headline\":\"Disfruta de las actividades de los hoteles para el Poblenou Open Night\",\"datePublished\":\"2023-11-20T17:15:25+00:00\",\"dateModified\":\"2023-11-23T17:46:46+00:00\",\"mainEntityOfPage\":{\"@id\":\"https:\\\/\\\/poblenouurbandistrict.com\\\/gaudeix-de-la-programacio-dels-hotels-per-aquest-poblenou-open-night\\\/\"},\"wordCount\":814,\"image\":{\"@id\":\"https:\\\/\\\/poblenouurbandistrict.com\\\/gaudeix-de-la-programacio-dels-hotels-per-aquest-poblenou-open-night\\\/#primaryimage\"},\"thumbnailUrl\":\"https:\\\/\\\/poblenouurbandistrict.com\\\/wp-content\\\/uploads\\\/2023\\\/03\\\/the-social-hub-barcelona-poblenou-epigrafe-coworking-scaled.jpg\",\"articleSection\":[\"Hotels\",\"Open Night\"],\"inLanguage\":\"es\"},{\"@type\":\"WebPage\",\"@id\":\"https:\\\/\\\/poblenouurbandistrict.com\\\/es\\\/gaudeix-de-la-programacio-dels-hotels-per-aquest-poblenou-open-night\\\/\",\"url\":\"https:\\\/\\\/poblenouurbandistrict.com\\\/es\\\/gaudeix-de-la-programacio-dels-hotels-per-aquest-poblenou-open-night\\\/\",\"name\":\"Disfruta de las actividades de los hoteles para el Poblenou Open Night &#8211; Poblenou Urban District\",\"isPartOf\":{\"@id\":\"https:\\\/\\\/poblenouurbandistrict.com\\\/es\\\/#website\"},\"primaryImageOfPage\":{\"@id\":\"https:\\\/\\\/poblenouurbandistrict.com\\\/es\\\/gaudeix-de-la-programacio-dels-hotels-per-aquest-poblenou-open-night\\\/#primaryimage\"},\"image\":{\"@id\":\"https:\\\/\\\/poblenouurbandistrict.com\\\/gaudeix-de-la-programacio-dels-hotels-per-aquest-poblenou-open-night\\\/#primaryimage\"},\"thumbnailUrl\":\"https:\\\/\\\/poblenouurbandistrict.com\\\/wp-content\\\/uploads\\\/2023\\\/03\\\/the-social-hub-barcelona-poblenou-epigrafe-coworking-scaled.jpg\",\"datePublished\":\"2023-11-20T17:15:25+00:00\",\"dateModified\":\"2023-11-23T17:46:46+00:00\",\"author\":{\"@id\":\"https:\\\/\\\/poblenouurbandistrict.com\\\/#\\\/schema\\\/person\\\/980a2cf34b399d5218205730acd54a7e\"},\"breadcrumb\":{\"@id\":\"https:\\\/\\\/poblenouurbandistrict.com\\\/es\\\/gaudeix-de-la-programacio-dels-hotels-per-aquest-poblenou-open-night\\\/#breadcrumb\"},\"inLanguage\":\"es\",\"potentialAction\":[{\"@type\":\"ReadAction\",\"target\":[[\"https:\\\/\\\/poblenouurbandistrict.com\\\/es\\\/gaudeix-de-la-programacio-dels-hotels-per-aquest-poblenou-open-night\\\/\"]]}]},{\"@type\":\"ImageObject\",\"inLanguage\":\"es\",\"@id\":\"https:\\\/\\\/poblenouurbandistrict.com\\\/es\\\/gaudeix-de-la-programacio-dels-hotels-per-aquest-poblenou-open-night\\\/#primaryimage\",\"url\":\"https:\\\/\\\/poblenouurbandistrict.com\\\/wp-content\\\/uploads\\\/2023\\\/03\\\/the-social-hub-barcelona-poblenou-epigrafe-coworking-scaled.jpg\",\"contentUrl\":\"https:\\\/\\\/poblenouurbandistrict.com\\\/wp-content\\\/uploads\\\/2023\\\/03\\\/the-social-hub-barcelona-poblenou-epigrafe-coworking-scaled.jpg\",\"width\":2560,\"height\":1707},{\"@type\":\"BreadcrumbList\",\"@id\":\"https:\\\/\\\/poblenouurbandistrict.com\\\/es\\\/gaudeix-de-la-programacio-dels-hotels-per-aquest-poblenou-open-night\\\/#breadcrumb\",\"itemListElement\":[{\"@type\":\"ListItem\",\"position\":1,\"name\":\"Home\",\"item\":\"https:\\\/\\\/poblenouurbandistrict.com\\\/es\\\/\"},{\"@type\":\"ListItem\",\"position\":2,\"name\":\"Gaudeix de la programaci\u00f3 dels hotels per aquest Poblenou Open Night\"}]},{\"@type\":\"WebSite\",\"@id\":\"https:\\\/\\\/poblenouurbandistrict.com\\\/es\\\/#website\",\"url\":\"https:\\\/\\\/poblenouurbandistrict.com\\\/es\\\/\",\"name\":\"Poblenou Urban District\",\"description\":\"Comunidad Creativa\",\"potentialAction\":[{\"@type\":\"SearchAction\",\"target\":{\"@type\":\"EntryPoint\",\"urlTemplate\":\"https:\\\/\\\/poblenouurbandistrict.com\\\/es\\\/?s={search_term_string}\"},\"query-input\":{\"@type\":\"PropertyValueSpecification\",\"valueRequired\":true,\"valueName\":\"search_term_string\"}}],\"inLanguage\":\"es\"},{\"@type\":\"Person\",\"@id\":\"https:\\\/\\\/poblenouurbandistrict.com\\\/#\\\/schema\\\/person\\\/980a2cf34b399d5218205730acd54a7e\",\"name\":\"pnud\",\"image\":{\"@type\":\"ImageObject\",\"inLanguage\":\"es\",\"@id\":\"https:\\\/\\\/secure.gravatar.com\\\/avatar\\\/67146597b405ee077a24e519f75c3e2031736596d6ce35af3a34c122c93d0d7b?s=96&d=retro&r=g\",\"url\":\"https:\\\/\\\/secure.gravatar.com\\\/avatar\\\/67146597b405ee077a24e519f75c3e2031736596d6ce35af3a34c122c93d0d7b?s=96&d=retro&r=g\",\"contentUrl\":\"https:\\\/\\\/secure.gravatar.com\\\/avatar\\\/67146597b405ee077a24e519f75c3e2031736596d6ce35af3a34c122c93d0d7b?s=96&d=retro&r=g\",\"caption\":\"pnud\"}}]}<\/script>\n<!-- \/ Yoast SEO plugin. -->","yoast_head_json":{"title":"Disfruta de las actividades de los hoteles para el Poblenou Open Night &#8211; Poblenou Urban District","robots":{"index":"index","follow":"follow","max-snippet":"max-snippet:-1","max-image-preview":"max-image-preview:large","max-video-preview":"max-video-preview:-1"},"canonical":"https:\/\/poblenouurbandistrict.com\/es\/gaudeix-de-la-programacio-dels-hotels-per-aquest-poblenou-open-night\/","og_locale":"es_ES","og_type":"article","og_title":"Disfruta de las actividades de los hoteles para el Poblenou Open Night &#8211; Poblenou Urban District","og_description":"Algunos hoteles asociados a Poblenou Urban District tambi\u00e9n se suman al Poblenou Open Night con actividades para todos los p\u00fablicos... M\u00e1s \u2192","og_url":"https:\/\/poblenouurbandistrict.com\/es\/gaudeix-de-la-programacio-dels-hotels-per-aquest-poblenou-open-night\/","og_site_name":"Poblenou Urban District","article_published_time":"2023-11-20T17:15:25+00:00","article_modified_time":"2023-11-23T17:46:46+00:00","og_image":[{"width":2560,"height":1707,"url":"https:\/\/poblenouurbandistrict.com\/wp-content\/uploads\/2023\/03\/the-social-hub-barcelona-poblenou-epigrafe-coworking-scaled.jpg","type":"image\/jpeg"}],"author":"pnud","twitter_card":"summary_large_image","twitter_misc":{"Escrito por":"pnud","Tiempo de lectura":"2 minutos"},"schema":{"@context":"https:\/\/schema.org","@graph":[{"@type":"Article","@id":"https:\/\/poblenouurbandistrict.com\/gaudeix-de-la-programacio-dels-hotels-per-aquest-poblenou-open-night\/#article","isPartOf":{"@id":"https:\/\/poblenouurbandistrict.com\/gaudeix-de-la-programacio-dels-hotels-per-aquest-poblenou-open-night\/"},"author":{"name":"pnud","@id":"https:\/\/poblenouurbandistrict.com\/#\/schema\/person\/980a2cf34b399d5218205730acd54a7e"},"headline":"Disfruta de las actividades de los hoteles para el Poblenou Open Night","datePublished":"2023-11-20T17:15:25+00:00","dateModified":"2023-11-23T17:46:46+00:00","mainEntityOfPage":{"@id":"https:\/\/poblenouurbandistrict.com\/gaudeix-de-la-programacio-dels-hotels-per-aquest-poblenou-open-night\/"},"wordCount":814,"image":{"@id":"https:\/\/poblenouurbandistrict.com\/gaudeix-de-la-programacio-dels-hotels-per-aquest-poblenou-open-night\/#primaryimage"},"thumbnailUrl":"https:\/\/poblenouurbandistrict.com\/wp-content\/uploads\/2023\/03\/the-social-hub-barcelona-poblenou-epigrafe-coworking-scaled.jpg","articleSection":["Hotels","Open Night"],"inLanguage":"es"},{"@type":"WebPage","@id":"https:\/\/poblenouurbandistrict.com\/es\/gaudeix-de-la-programacio-dels-hotels-per-aquest-poblenou-open-night\/","url":"https:\/\/poblenouurbandistrict.com\/es\/gaudeix-de-la-programacio-dels-hotels-per-aquest-poblenou-open-night\/","name":"Disfruta de las actividades de los hoteles para el Poblenou Open Night &#8211; Poblenou Urban District","isPartOf":{"@id":"https:\/\/poblenouurbandistrict.com\/es\/#website"},"primaryImageOfPage":{"@id":"https:\/\/poblenouurbandistrict.com\/es\/gaudeix-de-la-programacio-dels-hotels-per-aquest-poblenou-open-night\/#primaryimage"},"image":{"@id":"https:\/\/poblenouurbandistrict.com\/gaudeix-de-la-programacio-dels-hotels-per-aquest-poblenou-open-night\/#primaryimage"},"thumbnailUrl":"https:\/\/poblenouurbandistrict.com\/wp-content\/uploads\/2023\/03\/the-social-hub-barcelona-poblenou-epigrafe-coworking-scaled.jpg","datePublished":"2023-11-20T17:15:25+00:00","dateModified":"2023-11-23T17:46:46+00:00","author":{"@id":"https:\/\/poblenouurbandistrict.com\/#\/schema\/person\/980a2cf34b399d5218205730acd54a7e"},"breadcrumb":{"@id":"https:\/\/poblenouurbandistrict.com\/es\/gaudeix-de-la-programacio-dels-hotels-per-aquest-poblenou-open-night\/#breadcrumb"},"inLanguage":"es","potentialAction":[{"@type":"ReadAction","target":[["https:\/\/poblenouurbandistrict.com\/es\/gaudeix-de-la-programacio-dels-hotels-per-aquest-poblenou-open-night\/"]]}]},{"@type":"ImageObject","inLanguage":"es","@id":"https:\/\/poblenouurbandistrict.com\/es\/gaudeix-de-la-programacio-dels-hotels-per-aquest-poblenou-open-night\/#primaryimage","url":"https:\/\/poblenouurbandistrict.com\/wp-content\/uploads\/2023\/03\/the-social-hub-barcelona-poblenou-epigrafe-coworking-scaled.jpg","contentUrl":"https:\/\/poblenouurbandistrict.com\/wp-content\/uploads\/2023\/03\/the-social-hub-barcelona-poblenou-epigrafe-coworking-scaled.jpg","width":2560,"height":1707},{"@type":"BreadcrumbList","@id":"https:\/\/poblenouurbandistrict.com\/es\/gaudeix-de-la-programacio-dels-hotels-per-aquest-poblenou-open-night\/#breadcrumb","itemListElement":[{"@type":"ListItem","position":1,"name":"Home","item":"https:\/\/poblenouurbandistrict.com\/es\/"},{"@type":"ListItem","position":2,"name":"Gaudeix de la programaci\u00f3 dels hotels per aquest Poblenou Open Night"}]},{"@type":"WebSite","@id":"https:\/\/poblenouurbandistrict.com\/es\/#website","url":"https:\/\/poblenouurbandistrict.com\/es\/","name":"Poblenou Urban District","description":"Comunidad Creativa","potentialAction":[{"@type":"SearchAction","target":{"@type":"EntryPoint","urlTemplate":"https:\/\/poblenouurbandistrict.com\/es\/?s={search_term_string}"},"query-input":{"@type":"PropertyValueSpecification","valueRequired":true,"valueName":"search_term_string"}}],"inLanguage":"es"},{"@type":"Person","@id":"https:\/\/poblenouurbandistrict.com\/#\/schema\/person\/980a2cf34b399d5218205730acd54a7e","name":"pnud","image":{"@type":"ImageObject","inLanguage":"es","@id":"https:\/\/secure.gravatar.com\/avatar\/67146597b405ee077a24e519f75c3e2031736596d6ce35af3a34c122c93d0d7b?s=96&d=retro&r=g","url":"https:\/\/secure.gravatar.com\/avatar\/67146597b405ee077a24e519f75c3e2031736596d6ce35af3a34c122c93d0d7b?s=96&d=retro&r=g","contentUrl":"https:\/\/secure.gravatar.com\/avatar\/67146597b405ee077a24e519f75c3e2031736596d6ce35af3a34c122c93d0d7b?s=96&d=retro&r=g","caption":"pnud"}}]}},"_links":{"self":[{"href":"https:\/\/poblenouurbandistrict.com\/es\/wp-json\/wp\/v2\/posts\/42907","targetHints":{"allow":["GET"]}}],"collection":[{"href":"https:\/\/poblenouurbandistrict.com\/es\/wp-json\/wp\/v2\/posts"}],"about":[{"href":"https:\/\/poblenouurbandistrict.com\/es\/wp-json\/wp\/v2\/types\/post"}],"author":[{"embeddable":true,"href":"https:\/\/poblenouurbandistrict.com\/es\/wp-json\/wp\/v2\/users\/5"}],"replies":[{"embeddable":true,"href":"https:\/\/poblenouurbandistrict.com\/es\/wp-json\/wp\/v2\/comments?post=42907"}],"version-history":[{"count":15,"href":"https:\/\/poblenouurbandistrict.com\/es\/wp-json\/wp\/v2\/posts\/42907\/revisions"}],"predecessor-version":[{"id":43078,"href":"https:\/\/poblenouurbandistrict.com\/es\/wp-json\/wp\/v2\/posts\/42907\/revisions\/43078"}],"wp:featuredmedia":[{"embeddable":true,"href":"https:\/\/poblenouurbandistrict.com\/es\/wp-json\/wp\/v2\/media\/37155"}],"wp:attachment":[{"href":"https:\/\/poblenouurbandistrict.com\/es\/wp-json\/wp\/v2\/media?parent=42907"}],"wp:term":[{"taxonomy":"category","embeddable":true,"href":"https:\/\/poblenouurbandistrict.com\/es\/wp-json\/wp\/v2\/categories?post=42907"},{"taxonomy":"post_tag","embeddable":true,"href":"https:\/\/poblenouurbandistrict.com\/es\/wp-json\/wp\/v2\/tags?post=42907"}],"curies":[{"name":"wp","href":"https:\/\/api.w.org\/{rel}","templated":true}]}}