{"id":43379,"date":"2023-12-14T14:08:15","date_gmt":"2023-12-14T13:08:15","guid":{"rendered":"https:\/\/poblenouurbandistrict.com\/?p=43379"},"modified":"2023-12-14T18:11:53","modified_gmt":"2023-12-14T17:11:53","slug":"the-hoxton-poblenou-organitza-el-seu-primer-mercat-nadalenc-amb-art-moda-i-gastronomia","status":"publish","type":"post","link":"https:\/\/poblenouurbandistrict.com\/es\/the-hoxton-poblenou-organitza-el-seu-primer-mercat-nadalenc-amb-art-moda-i-gastronomia\/","title":{"rendered":"The Hoxton Poblenou organiza su primer mercado navide\u00f1o con arte, moda y gastronom\u00eda"},"content":{"rendered":"<p><span style=\"font-weight: 400;\">El esp\u00edritu navide\u00f1o ha invadido <a href=\"https:\/\/thehoxton.com\/es\/poblenou\/\">The Hoxton Poblenou<\/a>. Del 14 al 17 de diciembre, celebran un mercado con productos de marcas locales que promueven la sostenibilidad y el comercio justo, un mural de grandes dimensiones y propuestas gastron\u00f3micas diversas.<\/span><\/p>\n<h3>Moda<\/h3>\n<p><span style=\"font-weight: 400;\">En el patio central del hotel, encontrar\u00e1s productos, ropa y otros objetos de firmas de autor como <a href=\"https:\/\/www.instagram.com\/cristinajunquerojewellery\/\">Cristina Junquero Jewellery<\/a>, joyas hechas a mano con detalles florales y corazones; <a href=\"https:\/\/www.instagram.com\/la.maja__\/\">LA MAJA<\/a>, una marca de ropa sostenible que utiliza materiales reciclados y <a href=\"https:\/\/www.instagram.com\/canadacanadagoods\/\">Canada Goods<\/a> con su nueva colecci\u00f3n en colaboraci\u00f3n con la artista <a href=\"https:\/\/www.instagram.com\/hamburgervampire\/\">Zebadiah Keneally<\/a> y una selecci\u00f3n de libros de <a href=\"https:\/\/www.instagram.com\/ritapuigserra\/\">Rita Puig-Serra Costa<\/a> y <a href=\"https:\/\/www.instagram.com\/danipujalte\/\">Dani Pujalte.<\/a><\/span><\/p>\n<h3>Arte<\/h3>\n<p><span style=\"font-weight: 400;\"><a href=\"https:\/\/www.instagram.com\/asispercales\/\">Asis Percales<\/a> y <a href=\"https:\/\/www.instagram.com\/geco.gec0\/\">Geco<\/a> reinterpretan el concepto de Navidad a trav\u00e9s de un mural de 3&#215;1.5m en el Hox Gallery, justo delante del ascensor. Adem\u00e1s, los artistas tambi\u00e9n han intervenido un ti\u00f3, una de las tradiciones navide\u00f1as catalanas por excelencia.<\/span><\/p>\n<h3>Gastronom\u00eda<\/h3>\n<p><span style=\"font-weight: 400;\">Los asistentes podr\u00e1n degustar diferentes propuestas gastron\u00f3micas: caf\u00e9 de especialidad de <a href=\"https:\/\/threemarkscoffee.com\/\">Three Marks Coffee<\/a>; chorip\u00e1n de <a href=\"https:\/\/latavernicola.com\/\">La Tavern\u00edcola<\/a>; c\u00f3cteles de <a href=\"https:\/\/www.instagram.com\/almaloca_poblenou\/?hl=es\">Alma Loca<\/a>; panettone, neulas y carqui\u00f1olis de <a href=\"https:\/\/www.brunells.barcelona\/\">Brunells<\/a>; delicatessen de <a href=\"https:\/\/funkybakers.com\/\">Funky Bakers<\/a> y pizzas al estilo Detroit de <a href=\"https:\/\/fourcorners.pizza\/es\/\">Four Corners<\/a>.\u00a0<\/span><\/p>\n<p><span style=\"font-weight: 400;\">La <\/span><i><span style=\"font-weight: 400;\">slice-shop <\/span><\/i><span style=\"font-weight: 400;\">ofrecer\u00e1 una edici\u00f3n especial de pizza &#8216;<\/span><i><span style=\"font-weight: 400;\">to-go<\/span><\/i><span style=\"font-weight: 400;\">\u2019 de <a href=\"https:\/\/pieldgallina.com\/\">Piel de Gallina<\/a>, disponible solo hasta el 24 de diciembre.<\/span><\/p>","protected":false},"excerpt":{"rendered":"<p>El esp\u00edritu navide\u00f1o ha invadido The Hoxton Poblenou. Del 14 al 17 de diciembre, celebran un mercado con productos de&#8230; <a href=\"https:\/\/poblenouurbandistrict.com\/es\/the-hoxton-poblenou-organitza-el-seu-primer-mercat-nadalenc-amb-art-moda-i-gastronomia\/\">M\u00e1s  \u2192<\/a><\/p>\n","protected":false},"author":5,"featured_media":43467,"comment_status":"closed","ping_status":"closed","sticky":false,"template":"","format":"standard","meta":{"_acf_changed":false,"footnotes":""},"categories":[3595,3342,3353],"tags":[],"class_list":["post-43379","post","type-post","status-publish","format-standard","has-post-thumbnail","hentry","category-hotels","category-art","category-gastronomia"],"acf":[],"yoast_head":"<!-- This site is optimized with the Yoast SEO plugin v27.4 - https:\/\/yoast.com\/product\/yoast-seo-wordpress\/ -->\n<title>The Hoxton Poblenou organiza su primer mercado navide\u00f1o con arte, moda y gastronom\u00eda &#8211; Poblenou Urban District<\/title>\n<meta name=\"robots\" content=\"index, follow, max-snippet:-1, max-image-preview:large, max-video-preview:-1\" \/>\n<link rel=\"canonical\" href=\"https:\/\/poblenouurbandistrict.com\/es\/the-hoxton-poblenou-organitza-el-seu-primer-mercat-nadalenc-amb-art-moda-i-gastronomia\/\" \/>\n<meta property=\"og:locale\" content=\"es_ES\" \/>\n<meta property=\"og:type\" content=\"article\" \/>\n<meta property=\"og:title\" content=\"The Hoxton Poblenou organiza su primer mercado navide\u00f1o con arte, moda y gastronom\u00eda &#8211; Poblenou Urban District\" \/>\n<meta property=\"og:description\" content=\"El esp\u00edritu navide\u00f1o ha invadido The Hoxton Poblenou. Del 14 al 17 de diciembre, celebran un mercado con productos de... M\u00e1s \u2192\" \/>\n<meta property=\"og:url\" content=\"https:\/\/poblenouurbandistrict.com\/es\/the-hoxton-poblenou-organitza-el-seu-primer-mercat-nadalenc-amb-art-moda-i-gastronomia\/\" \/>\n<meta property=\"og:site_name\" content=\"Poblenou Urban District\" \/>\n<meta property=\"article:published_time\" content=\"2023-12-14T13:08:15+00:00\" \/>\n<meta property=\"article:modified_time\" content=\"2023-12-14T17:11:53+00:00\" \/>\n<meta property=\"og:image\" content=\"https:\/\/poblenouurbandistrict.com\/wp-content\/uploads\/2023\/12\/flyer-market-1-e1702573908106.jpeg\" \/>\n\t<meta property=\"og:image:width\" content=\"960\" \/>\n\t<meta property=\"og:image:height\" content=\"728\" \/>\n\t<meta property=\"og:image:type\" content=\"image\/jpeg\" \/>\n<meta name=\"author\" content=\"pnud\" \/>\n<meta name=\"twitter:card\" content=\"summary_large_image\" \/>\n<meta name=\"twitter:label1\" content=\"Escrito por\" \/>\n\t<meta name=\"twitter:data1\" content=\"pnud\" \/>\n\t<meta name=\"twitter:label2\" content=\"Tiempo de lectura\" \/>\n\t<meta name=\"twitter:data2\" content=\"2 minutos\" \/>\n<script type=\"application\/ld+json\" class=\"yoast-schema-graph\">{\"@context\":\"https:\\\/\\\/schema.org\",\"@graph\":[{\"@type\":\"Article\",\"@id\":\"https:\\\/\\\/poblenouurbandistrict.com\\\/the-hoxton-poblenou-organitza-el-seu-primer-mercat-nadalenc-amb-art-moda-i-gastronomia\\\/#article\",\"isPartOf\":{\"@id\":\"https:\\\/\\\/poblenouurbandistrict.com\\\/the-hoxton-poblenou-organitza-el-seu-primer-mercat-nadalenc-amb-art-moda-i-gastronomia\\\/\"},\"author\":{\"name\":\"pnud\",\"@id\":\"https:\\\/\\\/poblenouurbandistrict.com\\\/#\\\/schema\\\/person\\\/980a2cf34b399d5218205730acd54a7e\"},\"headline\":\"The Hoxton Poblenou organiza su primer mercado navide\u00f1o con arte, moda y gastronom\u00eda\",\"datePublished\":\"2023-12-14T13:08:15+00:00\",\"dateModified\":\"2023-12-14T17:11:53+00:00\",\"mainEntityOfPage\":{\"@id\":\"https:\\\/\\\/poblenouurbandistrict.com\\\/the-hoxton-poblenou-organitza-el-seu-primer-mercat-nadalenc-amb-art-moda-i-gastronomia\\\/\"},\"wordCount\":481,\"image\":{\"@id\":\"https:\\\/\\\/poblenouurbandistrict.com\\\/the-hoxton-poblenou-organitza-el-seu-primer-mercat-nadalenc-amb-art-moda-i-gastronomia\\\/#primaryimage\"},\"thumbnailUrl\":\"https:\\\/\\\/media.poblenouurbandistrict.com\\\/2023\\\/12\\\/25070623\\\/flyer-market-1-e1702573908106.jpeg\",\"articleSection\":[\"Hotels\",\"Arte\",\"Gastronom\u00eda\"],\"inLanguage\":\"es\"},{\"@type\":\"WebPage\",\"@id\":\"https:\\\/\\\/poblenouurbandistrict.com\\\/es\\\/the-hoxton-poblenou-organitza-el-seu-primer-mercat-nadalenc-amb-art-moda-i-gastronomia\\\/\",\"url\":\"https:\\\/\\\/poblenouurbandistrict.com\\\/es\\\/the-hoxton-poblenou-organitza-el-seu-primer-mercat-nadalenc-amb-art-moda-i-gastronomia\\\/\",\"name\":\"The Hoxton Poblenou organiza su primer mercado navide\u00f1o con arte, moda y gastronom\u00eda &#8211; Poblenou Urban District\",\"isPartOf\":{\"@id\":\"https:\\\/\\\/poblenouurbandistrict.com\\\/es\\\/#website\"},\"primaryImageOfPage\":{\"@id\":\"https:\\\/\\\/poblenouurbandistrict.com\\\/es\\\/the-hoxton-poblenou-organitza-el-seu-primer-mercat-nadalenc-amb-art-moda-i-gastronomia\\\/#primaryimage\"},\"image\":{\"@id\":\"https:\\\/\\\/poblenouurbandistrict.com\\\/the-hoxton-poblenou-organitza-el-seu-primer-mercat-nadalenc-amb-art-moda-i-gastronomia\\\/#primaryimage\"},\"thumbnailUrl\":\"https:\\\/\\\/media.poblenouurbandistrict.com\\\/2023\\\/12\\\/25070623\\\/flyer-market-1-e1702573908106.jpeg\",\"datePublished\":\"2023-12-14T13:08:15+00:00\",\"dateModified\":\"2023-12-14T17:11:53+00:00\",\"author\":{\"@id\":\"https:\\\/\\\/poblenouurbandistrict.com\\\/#\\\/schema\\\/person\\\/980a2cf34b399d5218205730acd54a7e\"},\"breadcrumb\":{\"@id\":\"https:\\\/\\\/poblenouurbandistrict.com\\\/es\\\/the-hoxton-poblenou-organitza-el-seu-primer-mercat-nadalenc-amb-art-moda-i-gastronomia\\\/#breadcrumb\"},\"inLanguage\":\"es\",\"potentialAction\":[{\"@type\":\"ReadAction\",\"target\":[[\"https:\\\/\\\/poblenouurbandistrict.com\\\/es\\\/the-hoxton-poblenou-organitza-el-seu-primer-mercat-nadalenc-amb-art-moda-i-gastronomia\\\/\"]]}]},{\"@type\":\"ImageObject\",\"inLanguage\":\"es\",\"@id\":\"https:\\\/\\\/poblenouurbandistrict.com\\\/es\\\/the-hoxton-poblenou-organitza-el-seu-primer-mercat-nadalenc-amb-art-moda-i-gastronomia\\\/#primaryimage\",\"url\":\"https:\\\/\\\/media.poblenouurbandistrict.com\\\/2023\\\/12\\\/25070623\\\/flyer-market-1-e1702573908106.jpeg\",\"contentUrl\":\"https:\\\/\\\/media.poblenouurbandistrict.com\\\/2023\\\/12\\\/25070623\\\/flyer-market-1-e1702573908106.jpeg\",\"width\":960,\"height\":728},{\"@type\":\"BreadcrumbList\",\"@id\":\"https:\\\/\\\/poblenouurbandistrict.com\\\/es\\\/the-hoxton-poblenou-organitza-el-seu-primer-mercat-nadalenc-amb-art-moda-i-gastronomia\\\/#breadcrumb\",\"itemListElement\":[{\"@type\":\"ListItem\",\"position\":1,\"name\":\"Home\",\"item\":\"https:\\\/\\\/poblenouurbandistrict.com\\\/es\\\/\"},{\"@type\":\"ListItem\",\"position\":2,\"name\":\"The Hoxton Poblenou organitza el seu primer mercat nadalenc amb art, moda i gastronomia\"}]},{\"@type\":\"WebSite\",\"@id\":\"https:\\\/\\\/poblenouurbandistrict.com\\\/es\\\/#website\",\"url\":\"https:\\\/\\\/poblenouurbandistrict.com\\\/es\\\/\",\"name\":\"Poblenou Urban District\",\"description\":\"Comunidad Creativa\",\"potentialAction\":[{\"@type\":\"SearchAction\",\"target\":{\"@type\":\"EntryPoint\",\"urlTemplate\":\"https:\\\/\\\/poblenouurbandistrict.com\\\/es\\\/?s={search_term_string}\"},\"query-input\":{\"@type\":\"PropertyValueSpecification\",\"valueRequired\":true,\"valueName\":\"search_term_string\"}}],\"inLanguage\":\"es\"},{\"@type\":\"Person\",\"@id\":\"https:\\\/\\\/poblenouurbandistrict.com\\\/#\\\/schema\\\/person\\\/980a2cf34b399d5218205730acd54a7e\",\"name\":\"pnud\",\"image\":{\"@type\":\"ImageObject\",\"inLanguage\":\"es\",\"@id\":\"https:\\\/\\\/secure.gravatar.com\\\/avatar\\\/67146597b405ee077a24e519f75c3e2031736596d6ce35af3a34c122c93d0d7b?s=96&d=retro&r=g\",\"url\":\"https:\\\/\\\/secure.gravatar.com\\\/avatar\\\/67146597b405ee077a24e519f75c3e2031736596d6ce35af3a34c122c93d0d7b?s=96&d=retro&r=g\",\"contentUrl\":\"https:\\\/\\\/secure.gravatar.com\\\/avatar\\\/67146597b405ee077a24e519f75c3e2031736596d6ce35af3a34c122c93d0d7b?s=96&d=retro&r=g\",\"caption\":\"pnud\"}}]}<\/script>\n<!-- \/ Yoast SEO plugin. -->","yoast_head_json":{"title":"The Hoxton Poblenou organiza su primer mercado navide\u00f1o con arte, moda y gastronom\u00eda &#8211; Poblenou Urban District","robots":{"index":"index","follow":"follow","max-snippet":"max-snippet:-1","max-image-preview":"max-image-preview:large","max-video-preview":"max-video-preview:-1"},"canonical":"https:\/\/poblenouurbandistrict.com\/es\/the-hoxton-poblenou-organitza-el-seu-primer-mercat-nadalenc-amb-art-moda-i-gastronomia\/","og_locale":"es_ES","og_type":"article","og_title":"The Hoxton Poblenou organiza su primer mercado navide\u00f1o con arte, moda y gastronom\u00eda &#8211; Poblenou Urban District","og_description":"El esp\u00edritu navide\u00f1o ha invadido The Hoxton Poblenou. Del 14 al 17 de diciembre, celebran un mercado con productos de... M\u00e1s \u2192","og_url":"https:\/\/poblenouurbandistrict.com\/es\/the-hoxton-poblenou-organitza-el-seu-primer-mercat-nadalenc-amb-art-moda-i-gastronomia\/","og_site_name":"Poblenou Urban District","article_published_time":"2023-12-14T13:08:15+00:00","article_modified_time":"2023-12-14T17:11:53+00:00","og_image":[{"width":960,"height":728,"url":"https:\/\/poblenouurbandistrict.com\/wp-content\/uploads\/2023\/12\/flyer-market-1-e1702573908106.jpeg","type":"image\/jpeg"}],"author":"pnud","twitter_card":"summary_large_image","twitter_misc":{"Escrito por":"pnud","Tiempo de lectura":"2 minutos"},"schema":{"@context":"https:\/\/schema.org","@graph":[{"@type":"Article","@id":"https:\/\/poblenouurbandistrict.com\/the-hoxton-poblenou-organitza-el-seu-primer-mercat-nadalenc-amb-art-moda-i-gastronomia\/#article","isPartOf":{"@id":"https:\/\/poblenouurbandistrict.com\/the-hoxton-poblenou-organitza-el-seu-primer-mercat-nadalenc-amb-art-moda-i-gastronomia\/"},"author":{"name":"pnud","@id":"https:\/\/poblenouurbandistrict.com\/#\/schema\/person\/980a2cf34b399d5218205730acd54a7e"},"headline":"The Hoxton Poblenou organiza su primer mercado navide\u00f1o con arte, moda y gastronom\u00eda","datePublished":"2023-12-14T13:08:15+00:00","dateModified":"2023-12-14T17:11:53+00:00","mainEntityOfPage":{"@id":"https:\/\/poblenouurbandistrict.com\/the-hoxton-poblenou-organitza-el-seu-primer-mercat-nadalenc-amb-art-moda-i-gastronomia\/"},"wordCount":481,"image":{"@id":"https:\/\/poblenouurbandistrict.com\/the-hoxton-poblenou-organitza-el-seu-primer-mercat-nadalenc-amb-art-moda-i-gastronomia\/#primaryimage"},"thumbnailUrl":"https:\/\/media.poblenouurbandistrict.com\/2023\/12\/25070623\/flyer-market-1-e1702573908106.jpeg","articleSection":["Hotels","Arte","Gastronom\u00eda"],"inLanguage":"es"},{"@type":"WebPage","@id":"https:\/\/poblenouurbandistrict.com\/es\/the-hoxton-poblenou-organitza-el-seu-primer-mercat-nadalenc-amb-art-moda-i-gastronomia\/","url":"https:\/\/poblenouurbandistrict.com\/es\/the-hoxton-poblenou-organitza-el-seu-primer-mercat-nadalenc-amb-art-moda-i-gastronomia\/","name":"The Hoxton Poblenou organiza su primer mercado navide\u00f1o con arte, moda y gastronom\u00eda &#8211; Poblenou Urban District","isPartOf":{"@id":"https:\/\/poblenouurbandistrict.com\/es\/#website"},"primaryImageOfPage":{"@id":"https:\/\/poblenouurbandistrict.com\/es\/the-hoxton-poblenou-organitza-el-seu-primer-mercat-nadalenc-amb-art-moda-i-gastronomia\/#primaryimage"},"image":{"@id":"https:\/\/poblenouurbandistrict.com\/the-hoxton-poblenou-organitza-el-seu-primer-mercat-nadalenc-amb-art-moda-i-gastronomia\/#primaryimage"},"thumbnailUrl":"https:\/\/media.poblenouurbandistrict.com\/2023\/12\/25070623\/flyer-market-1-e1702573908106.jpeg","datePublished":"2023-12-14T13:08:15+00:00","dateModified":"2023-12-14T17:11:53+00:00","author":{"@id":"https:\/\/poblenouurbandistrict.com\/#\/schema\/person\/980a2cf34b399d5218205730acd54a7e"},"breadcrumb":{"@id":"https:\/\/poblenouurbandistrict.com\/es\/the-hoxton-poblenou-organitza-el-seu-primer-mercat-nadalenc-amb-art-moda-i-gastronomia\/#breadcrumb"},"inLanguage":"es","potentialAction":[{"@type":"ReadAction","target":[["https:\/\/poblenouurbandistrict.com\/es\/the-hoxton-poblenou-organitza-el-seu-primer-mercat-nadalenc-amb-art-moda-i-gastronomia\/"]]}]},{"@type":"ImageObject","inLanguage":"es","@id":"https:\/\/poblenouurbandistrict.com\/es\/the-hoxton-poblenou-organitza-el-seu-primer-mercat-nadalenc-amb-art-moda-i-gastronomia\/#primaryimage","url":"https:\/\/media.poblenouurbandistrict.com\/2023\/12\/25070623\/flyer-market-1-e1702573908106.jpeg","contentUrl":"https:\/\/media.poblenouurbandistrict.com\/2023\/12\/25070623\/flyer-market-1-e1702573908106.jpeg","width":960,"height":728},{"@type":"BreadcrumbList","@id":"https:\/\/poblenouurbandistrict.com\/es\/the-hoxton-poblenou-organitza-el-seu-primer-mercat-nadalenc-amb-art-moda-i-gastronomia\/#breadcrumb","itemListElement":[{"@type":"ListItem","position":1,"name":"Home","item":"https:\/\/poblenouurbandistrict.com\/es\/"},{"@type":"ListItem","position":2,"name":"The Hoxton Poblenou organitza el seu primer mercat nadalenc amb art, moda i gastronomia"}]},{"@type":"WebSite","@id":"https:\/\/poblenouurbandistrict.com\/es\/#website","url":"https:\/\/poblenouurbandistrict.com\/es\/","name":"Poblenou Urban District","description":"Comunidad Creativa","potentialAction":[{"@type":"SearchAction","target":{"@type":"EntryPoint","urlTemplate":"https:\/\/poblenouurbandistrict.com\/es\/?s={search_term_string}"},"query-input":{"@type":"PropertyValueSpecification","valueRequired":true,"valueName":"search_term_string"}}],"inLanguage":"es"},{"@type":"Person","@id":"https:\/\/poblenouurbandistrict.com\/#\/schema\/person\/980a2cf34b399d5218205730acd54a7e","name":"pnud","image":{"@type":"ImageObject","inLanguage":"es","@id":"https:\/\/secure.gravatar.com\/avatar\/67146597b405ee077a24e519f75c3e2031736596d6ce35af3a34c122c93d0d7b?s=96&d=retro&r=g","url":"https:\/\/secure.gravatar.com\/avatar\/67146597b405ee077a24e519f75c3e2031736596d6ce35af3a34c122c93d0d7b?s=96&d=retro&r=g","contentUrl":"https:\/\/secure.gravatar.com\/avatar\/67146597b405ee077a24e519f75c3e2031736596d6ce35af3a34c122c93d0d7b?s=96&d=retro&r=g","caption":"pnud"}}]}},"_links":{"self":[{"href":"https:\/\/poblenouurbandistrict.com\/es\/wp-json\/wp\/v2\/posts\/43379","targetHints":{"allow":["GET"]}}],"collection":[{"href":"https:\/\/poblenouurbandistrict.com\/es\/wp-json\/wp\/v2\/posts"}],"about":[{"href":"https:\/\/poblenouurbandistrict.com\/es\/wp-json\/wp\/v2\/types\/post"}],"author":[{"embeddable":true,"href":"https:\/\/poblenouurbandistrict.com\/es\/wp-json\/wp\/v2\/users\/5"}],"replies":[{"embeddable":true,"href":"https:\/\/poblenouurbandistrict.com\/es\/wp-json\/wp\/v2\/comments?post=43379"}],"version-history":[{"count":5,"href":"https:\/\/poblenouurbandistrict.com\/es\/wp-json\/wp\/v2\/posts\/43379\/revisions"}],"predecessor-version":[{"id":43463,"href":"https:\/\/poblenouurbandistrict.com\/es\/wp-json\/wp\/v2\/posts\/43379\/revisions\/43463"}],"wp:featuredmedia":[{"embeddable":true,"href":"https:\/\/poblenouurbandistrict.com\/es\/wp-json\/wp\/v2\/media\/43467"}],"wp:attachment":[{"href":"https:\/\/poblenouurbandistrict.com\/es\/wp-json\/wp\/v2\/media?parent=43379"}],"wp:term":[{"taxonomy":"category","embeddable":true,"href":"https:\/\/poblenouurbandistrict.com\/es\/wp-json\/wp\/v2\/categories?post=43379"},{"taxonomy":"post_tag","embeddable":true,"href":"https:\/\/poblenouurbandistrict.com\/es\/wp-json\/wp\/v2\/tags?post=43379"}],"curies":[{"name":"wp","href":"https:\/\/api.w.org\/{rel}","templated":true}]}}