{"id":43758,"date":"2024-01-11T18:40:53","date_gmt":"2024-01-11T17:40:53","guid":{"rendered":"https:\/\/poblenouurbandistrict.com\/?p=43758"},"modified":"2024-01-26T15:06:32","modified_gmt":"2024-01-26T14:06:32","slug":"torna-el-circuit-off-llum-bcn-del-2-al-4-de-febrer","status":"publish","type":"post","link":"https:\/\/poblenouurbandistrict.com\/es\/torna-el-circuit-off-llum-bcn-del-2-al-4-de-febrer\/","title":{"rendered":"Vuelve el circuito Off Llum Bcn del 2 al 4 de febrero"},"content":{"rendered":"<p>Del 2 al 4 de febrero, vuelve el <a href=\"https:\/\/poblenouurbandistrict.com\/ca\/off-llum-2024\/\">Off Llum Bcn<\/a>, el circuito alternativo del <a href=\"https:\/\/www.barcelona.cat\/llumbcn\/ca\">Llum BCN<\/a>, el festival de referencia de las Artes Lum\u00ednicas de Barcelona.<\/p>\n<p>La propuesta del Off Llum Bcn naci\u00f3 el 2015 a ra\u00edz de una instalaci\u00f3n lum\u00ednica, denominada \u201cEl Faro\u201d, que el Poblenou Urban District realiz\u00f3 para el Open Night en el edificio Casa Ant\u00f2nia Serra i Mas o mejor conocido como el Flatiron del Poblenou.<\/p>\n<p>Este a\u00f1o, que ya celebramos la quinta edici\u00f3n, presentamos 11 instalaciones lum\u00ednicas de artistas multidisciplinarios que experimentan con la luz y que han producido piezas que se mueven entre el arte, el dise\u00f1o y la innovaci\u00f3n.<\/p>\n<p>El objetivo es poner el foco en el arte lum\u00ednico y que los visitantes descubran los espacios de creaci\u00f3n e innovaci\u00f3n que forman parte de la comunidad creativa de Poblenou Urban District.<\/p>\n<p>A continuaci\u00f3n, te presentamos todas las instalaciones que podr\u00e1s encontrar a lo largo del recorrido.<\/p>\n<ol>\n<li>\u00abDigital Landscapes\u00bb de <a href=\"https:\/\/www.instagram.com\/dark.light.studio\/\">DarkLight Studio<\/a> e\u00a0<a href=\"https:\/\/www.instagram.com\/inzist_av\/\">Inzist<\/a>\u00a0en la fachada\u00a0de <a href=\"https:\/\/www.instagram.com\/razzmatazzclubs\/\">Razzmatazz<\/a>.\u00a0(Almog\u00e0vers, 122)<\/li>\n<li>\u00abMetamorphosis\u00bb de <a href=\"https:\/\/www.instagram.com\/dark.light.studio\/\">DarkLight Studio<\/a> e\u00a0<a href=\"https:\/\/www.instagram.com\/inzist_av\/\">Inzist<\/a>\u00a0en el pasaje de <a href=\"https:\/\/www.instagram.com\/razzmatazzclubs\/\">Razzmatazz<\/a>. (Pamplona, 88)<\/li>\n<li>\u00abEPICENTRO 48\u00bb de <a href=\"https:\/\/www.instagram.com\/cerebralwwaves\/\">Cerebralwwaves<\/a>\u00a0en\u00a0<a href=\"https:\/\/www.instagram.com\/bridge48studios\/\">Bridge 48<\/a>. (Llull, 48)<\/li>\n<li>\u00abDatos, Luz y Zumbidos\u00bb de <a href=\"https:\/\/www.instagram.com\/agustinable\/\">Agustina Palazzo<\/a> en\u00a0<a href=\"https:\/\/www.instagram.com\/fxbarcelonafilmschool\/\">FX Barcelona Film School<\/a>. (Pujades, 112)<\/li>\n<li>\u00abMother\u2019s Love\u00bb de <a href=\"https:\/\/www.instagram.com\/arrozavec\/\">Mario Garc\u00eda<\/a>\u00a0en <a href=\"https:\/\/www.instagram.com\/fxbarcelonafilmschool\/\">FX Barcelona Film School<\/a>. (Pujades, 112)<\/li>\n<li>\u00abOff Stories\u00bb de <a href=\"https:\/\/www.instagram.com\/margalef.co\/\">Margalef<\/a>\u00a0en\u00a0<a href=\"https:\/\/www.instagram.com\/indissoluble_\/\">Indissoluble<\/a>. (Pujades, 130)<\/li>\n<li>\u00abThe Puffertons\u00bb de <a href=\"https:\/\/www.instagram.com\/arengaboy\/\">Joaquin Ferronato<\/a>\u00a0y\u00a0<a href=\"https:\/\/www.instagram.com\/clemydemiranda\/\">Clementina de Miranda<\/a>\u00a0en el aparador de <a href=\"https:\/\/www.instagram.com\/indissoluble_\/\">Indissoluble.<\/a>\u00a0(Ciutat de Granada, 61)<\/li>\n<li>\u00abTomeduchi\u00bb de <a href=\"https:\/\/www.instagram.com\/gonazzzlo\">Gonzalo Cortez<\/a>, <a href=\"https:\/\/www.instagram.com\/a.t.a.h.u.a.l.p.a\">Fabricio Atahualpa<\/a>, <a href=\"https:\/\/www.instagram.com\/nicovasca\/\">Nicol\u00e1s V\u00e1squez<\/a> y <a href=\"https:\/\/www.instagram.com\/rubendeclot\/\">Rub\u00e9n S\u00e1nchez<\/a> en el Edificio Granada de <a href=\"https:\/\/www.instagram.com\/bau_bcn\/\">BAU<\/a>. (Ciutat de Granada, 34-36)<\/li>\n<li>\u00abc-58PK0 1:12\u00bb de <a href=\"https:\/\/www.instagram.com\/maxmilaserra\/\">Max Mil\u00e0 Serra<\/a> en\u00a0<a href=\"https:\/\/www.instagram.com\/tfclub\/\">The Folio Club<\/a>. (Roc Boronat, 37)<\/li>\n<li>\u00abQuadratic\u00bb de <a href=\"https:\/\/www.instagram.com\/beatmelab\/\">BeatMe Lab<\/a> en el parking de <a href=\"https:\/\/www.instagram.com\/thehoxtonhotel\/\">The Hoxton Hotel<\/a>. (Badajoz, 168)<\/li>\n<li>\u00abBaucis\u00bb de <a href=\"https:\/\/www.instagram.com\/juliarossinyol\/\">J\u00falia Rossinyol<\/a>, <a href=\"https:\/\/www.instagram.com\/kevinsake\/\">Kevin Sake<\/a>\u00a0y\u00a0<a href=\"https:\/\/www.instagram.com\/mer.ch3\/\">Merc\u00e8 Lled\u00f3s<\/a>\u00a0en <a href=\"https:\/\/www.instagram.com\/rauric.co\/\">Rauric<\/a>. (Bol\u00edvia, 144, local 5)<\/li>\n<\/ol>\n<p><span style=\"font-weight: 400;\">Agradecemos el apoyo del <a href=\"https:\/\/www.barcelona.cat\/llumbcn\/ca\">Ajuntament de Barcelona<\/a>, <a href=\"https:\/\/cervezaelaguila.es\">El \u00c1guila<\/a>, <a href=\"https:\/\/beteve.cat\">Betev\u00e9<\/a>, <a href=\"https:\/\/lluria.com\">Lluria<\/a>, <a href=\"https:\/\/www.linkedin.com\/in\/susanaalmonacid\/\">Susana Almonacid,<\/a>\u00a0<a href=\"https:\/\/www.fluge.es\/\">Fluge<\/a>,\u00a0<a href=\"https:\/\/www.luznegra.net\/\">Luz Negra<\/a>,\u00a0<a href=\"https:\/\/www.indissoluble.com\/es\/\">Indissoluble<\/a>, <a href=\"https:\/\/sugarsoundrental.com\/\">Sugar Sound Rental<\/a>, <a href=\"https:\/\/www.sono.es\/\">Sono<\/a>, <a href=\"https:\/\/www.carlight.cat\/\">Carlight<\/a>\u00a0y todos los colaboradores que hacen posible el Off Llum Bcn.<\/span><\/p>","protected":false},"excerpt":{"rendered":"<p>Del 2 al 4 de febrero, vuelve el Off Llum Bcn, el circuito alternativo del Llum BCN, el festival de&#8230; <a href=\"https:\/\/poblenouurbandistrict.com\/es\/torna-el-circuit-off-llum-bcn-del-2-al-4-de-febrer\/\">M\u00e1s  \u2192<\/a><\/p>\n","protected":false},"author":5,"featured_media":43731,"comment_status":"closed","ping_status":"closed","sticky":false,"template":"","format":"standard","meta":{"_acf_changed":false,"footnotes":""},"categories":[3548],"tags":[],"class_list":["post-43758","post","type-post","status-publish","format-standard","has-post-thumbnail","hentry","category-off-llum-bcn"],"acf":[],"yoast_head":"<!-- This site is optimized with the Yoast SEO plugin v27.5 - https:\/\/yoast.com\/product\/yoast-seo-wordpress\/ -->\n<title>Vuelve el circuito Off Llum Bcn del 2 al 4 de febrero &#8211; Poblenou Urban District<\/title>\n<meta name=\"robots\" content=\"index, follow, max-snippet:-1, max-image-preview:large, max-video-preview:-1\" \/>\n<link rel=\"canonical\" href=\"https:\/\/poblenouurbandistrict.com\/es\/torna-el-circuit-off-llum-bcn-del-2-al-4-de-febrer\/\" \/>\n<meta property=\"og:locale\" content=\"es_ES\" \/>\n<meta property=\"og:type\" content=\"article\" \/>\n<meta property=\"og:title\" content=\"Vuelve el circuito Off Llum Bcn del 2 al 4 de febrero &#8211; Poblenou Urban District\" \/>\n<meta property=\"og:description\" content=\"Del 2 al 4 de febrero, vuelve el Off Llum Bcn, el circuito alternativo del Llum BCN, el festival de... M\u00e1s \u2192\" \/>\n<meta property=\"og:url\" content=\"https:\/\/poblenouurbandistrict.com\/es\/torna-el-circuit-off-llum-bcn-del-2-al-4-de-febrer\/\" \/>\n<meta property=\"og:site_name\" content=\"Poblenou Urban District\" \/>\n<meta property=\"article:published_time\" content=\"2024-01-11T17:40:53+00:00\" \/>\n<meta property=\"article:modified_time\" content=\"2024-01-26T14:06:32+00:00\" \/>\n<meta property=\"og:image\" content=\"https:\/\/poblenouurbandistrict.com\/wp-content\/uploads\/2024\/01\/portada-off-llum-2023-page-0001-1.jpg\" \/>\n\t<meta property=\"og:image:width\" content=\"2481\" \/>\n\t<meta property=\"og:image:height\" content=\"1754\" \/>\n\t<meta property=\"og:image:type\" content=\"image\/jpeg\" \/>\n<meta name=\"author\" content=\"pnud\" \/>\n<meta name=\"twitter:card\" content=\"summary_large_image\" \/>\n<meta name=\"twitter:label1\" content=\"Escrito por\" \/>\n\t<meta name=\"twitter:data1\" content=\"pnud\" \/>\n\t<meta name=\"twitter:label2\" content=\"Tiempo de lectura\" \/>\n\t<meta name=\"twitter:data2\" content=\"2 minutos\" \/>\n<script type=\"application\/ld+json\" class=\"yoast-schema-graph\">{\"@context\":\"https:\\\/\\\/schema.org\",\"@graph\":[{\"@type\":\"Article\",\"@id\":\"https:\\\/\\\/poblenouurbandistrict.com\\\/torna-el-circuit-off-llum-bcn-del-2-al-4-de-febrer\\\/#article\",\"isPartOf\":{\"@id\":\"https:\\\/\\\/poblenouurbandistrict.com\\\/torna-el-circuit-off-llum-bcn-del-2-al-4-de-febrer\\\/\"},\"author\":{\"name\":\"pnud\",\"@id\":\"https:\\\/\\\/poblenouurbandistrict.com\\\/#\\\/schema\\\/person\\\/980a2cf34b399d5218205730acd54a7e\"},\"headline\":\"Vuelve el circuito Off Llum Bcn del 2 al 4 de febrero\",\"datePublished\":\"2024-01-11T17:40:53+00:00\",\"dateModified\":\"2024-01-26T14:06:32+00:00\",\"mainEntityOfPage\":{\"@id\":\"https:\\\/\\\/poblenouurbandistrict.com\\\/torna-el-circuit-off-llum-bcn-del-2-al-4-de-febrer\\\/\"},\"wordCount\":715,\"image\":{\"@id\":\"https:\\\/\\\/poblenouurbandistrict.com\\\/torna-el-circuit-off-llum-bcn-del-2-al-4-de-febrer\\\/#primaryimage\"},\"thumbnailUrl\":\"https:\\\/\\\/media.poblenouurbandistrict.com\\\/2024\\\/01\\\/25070903\\\/portada-off-llum-2023-page-0001-1.jpg\",\"articleSection\":[\"Off Llum BCN\"],\"inLanguage\":\"es\"},{\"@type\":\"WebPage\",\"@id\":\"https:\\\/\\\/poblenouurbandistrict.com\\\/es\\\/torna-el-circuit-off-llum-bcn-del-2-al-4-de-febrer\\\/\",\"url\":\"https:\\\/\\\/poblenouurbandistrict.com\\\/es\\\/torna-el-circuit-off-llum-bcn-del-2-al-4-de-febrer\\\/\",\"name\":\"Vuelve el circuito Off Llum Bcn del 2 al 4 de febrero &#8211; Poblenou Urban District\",\"isPartOf\":{\"@id\":\"https:\\\/\\\/poblenouurbandistrict.com\\\/es\\\/#website\"},\"primaryImageOfPage\":{\"@id\":\"https:\\\/\\\/poblenouurbandistrict.com\\\/es\\\/torna-el-circuit-off-llum-bcn-del-2-al-4-de-febrer\\\/#primaryimage\"},\"image\":{\"@id\":\"https:\\\/\\\/poblenouurbandistrict.com\\\/torna-el-circuit-off-llum-bcn-del-2-al-4-de-febrer\\\/#primaryimage\"},\"thumbnailUrl\":\"https:\\\/\\\/media.poblenouurbandistrict.com\\\/2024\\\/01\\\/25070903\\\/portada-off-llum-2023-page-0001-1.jpg\",\"datePublished\":\"2024-01-11T17:40:53+00:00\",\"dateModified\":\"2024-01-26T14:06:32+00:00\",\"author\":{\"@id\":\"https:\\\/\\\/poblenouurbandistrict.com\\\/#\\\/schema\\\/person\\\/980a2cf34b399d5218205730acd54a7e\"},\"breadcrumb\":{\"@id\":\"https:\\\/\\\/poblenouurbandistrict.com\\\/es\\\/torna-el-circuit-off-llum-bcn-del-2-al-4-de-febrer\\\/#breadcrumb\"},\"inLanguage\":\"es\",\"potentialAction\":[{\"@type\":\"ReadAction\",\"target\":[[\"https:\\\/\\\/poblenouurbandistrict.com\\\/es\\\/torna-el-circuit-off-llum-bcn-del-2-al-4-de-febrer\\\/\"]]}]},{\"@type\":\"ImageObject\",\"inLanguage\":\"es\",\"@id\":\"https:\\\/\\\/poblenouurbandistrict.com\\\/es\\\/torna-el-circuit-off-llum-bcn-del-2-al-4-de-febrer\\\/#primaryimage\",\"url\":\"https:\\\/\\\/media.poblenouurbandistrict.com\\\/2024\\\/01\\\/25070903\\\/portada-off-llum-2023-page-0001-1.jpg\",\"contentUrl\":\"https:\\\/\\\/media.poblenouurbandistrict.com\\\/2024\\\/01\\\/25070903\\\/portada-off-llum-2023-page-0001-1.jpg\",\"width\":2481,\"height\":1754},{\"@type\":\"BreadcrumbList\",\"@id\":\"https:\\\/\\\/poblenouurbandistrict.com\\\/es\\\/torna-el-circuit-off-llum-bcn-del-2-al-4-de-febrer\\\/#breadcrumb\",\"itemListElement\":[{\"@type\":\"ListItem\",\"position\":1,\"name\":\"Home\",\"item\":\"https:\\\/\\\/poblenouurbandistrict.com\\\/es\\\/\"},{\"@type\":\"ListItem\",\"position\":2,\"name\":\"Torna el circuit Off Llum Bcn del 2 al 4 de febrer\"}]},{\"@type\":\"WebSite\",\"@id\":\"https:\\\/\\\/poblenouurbandistrict.com\\\/es\\\/#website\",\"url\":\"https:\\\/\\\/poblenouurbandistrict.com\\\/es\\\/\",\"name\":\"Poblenou Urban District\",\"description\":\"Comunidad Creativa\",\"potentialAction\":[{\"@type\":\"SearchAction\",\"target\":{\"@type\":\"EntryPoint\",\"urlTemplate\":\"https:\\\/\\\/poblenouurbandistrict.com\\\/es\\\/?s={search_term_string}\"},\"query-input\":{\"@type\":\"PropertyValueSpecification\",\"valueRequired\":true,\"valueName\":\"search_term_string\"}}],\"inLanguage\":\"es\"},{\"@type\":\"Person\",\"@id\":\"https:\\\/\\\/poblenouurbandistrict.com\\\/#\\\/schema\\\/person\\\/980a2cf34b399d5218205730acd54a7e\",\"name\":\"pnud\",\"image\":{\"@type\":\"ImageObject\",\"inLanguage\":\"es\",\"@id\":\"https:\\\/\\\/secure.gravatar.com\\\/avatar\\\/67146597b405ee077a24e519f75c3e2031736596d6ce35af3a34c122c93d0d7b?s=96&d=retro&r=g\",\"url\":\"https:\\\/\\\/secure.gravatar.com\\\/avatar\\\/67146597b405ee077a24e519f75c3e2031736596d6ce35af3a34c122c93d0d7b?s=96&d=retro&r=g\",\"contentUrl\":\"https:\\\/\\\/secure.gravatar.com\\\/avatar\\\/67146597b405ee077a24e519f75c3e2031736596d6ce35af3a34c122c93d0d7b?s=96&d=retro&r=g\",\"caption\":\"pnud\"}}]}<\/script>\n<!-- \/ Yoast SEO plugin. -->","yoast_head_json":{"title":"Vuelve el circuito Off Llum Bcn del 2 al 4 de febrero &#8211; Poblenou Urban District","robots":{"index":"index","follow":"follow","max-snippet":"max-snippet:-1","max-image-preview":"max-image-preview:large","max-video-preview":"max-video-preview:-1"},"canonical":"https:\/\/poblenouurbandistrict.com\/es\/torna-el-circuit-off-llum-bcn-del-2-al-4-de-febrer\/","og_locale":"es_ES","og_type":"article","og_title":"Vuelve el circuito Off Llum Bcn del 2 al 4 de febrero &#8211; Poblenou Urban District","og_description":"Del 2 al 4 de febrero, vuelve el Off Llum Bcn, el circuito alternativo del Llum BCN, el festival de... M\u00e1s \u2192","og_url":"https:\/\/poblenouurbandistrict.com\/es\/torna-el-circuit-off-llum-bcn-del-2-al-4-de-febrer\/","og_site_name":"Poblenou Urban District","article_published_time":"2024-01-11T17:40:53+00:00","article_modified_time":"2024-01-26T14:06:32+00:00","og_image":[{"width":2481,"height":1754,"url":"https:\/\/poblenouurbandistrict.com\/wp-content\/uploads\/2024\/01\/portada-off-llum-2023-page-0001-1.jpg","type":"image\/jpeg"}],"author":"pnud","twitter_card":"summary_large_image","twitter_misc":{"Escrito por":"pnud","Tiempo de lectura":"2 minutos"},"schema":{"@context":"https:\/\/schema.org","@graph":[{"@type":"Article","@id":"https:\/\/poblenouurbandistrict.com\/torna-el-circuit-off-llum-bcn-del-2-al-4-de-febrer\/#article","isPartOf":{"@id":"https:\/\/poblenouurbandistrict.com\/torna-el-circuit-off-llum-bcn-del-2-al-4-de-febrer\/"},"author":{"name":"pnud","@id":"https:\/\/poblenouurbandistrict.com\/#\/schema\/person\/980a2cf34b399d5218205730acd54a7e"},"headline":"Vuelve el circuito Off Llum Bcn del 2 al 4 de febrero","datePublished":"2024-01-11T17:40:53+00:00","dateModified":"2024-01-26T14:06:32+00:00","mainEntityOfPage":{"@id":"https:\/\/poblenouurbandistrict.com\/torna-el-circuit-off-llum-bcn-del-2-al-4-de-febrer\/"},"wordCount":715,"image":{"@id":"https:\/\/poblenouurbandistrict.com\/torna-el-circuit-off-llum-bcn-del-2-al-4-de-febrer\/#primaryimage"},"thumbnailUrl":"https:\/\/media.poblenouurbandistrict.com\/2024\/01\/25070903\/portada-off-llum-2023-page-0001-1.jpg","articleSection":["Off Llum BCN"],"inLanguage":"es"},{"@type":"WebPage","@id":"https:\/\/poblenouurbandistrict.com\/es\/torna-el-circuit-off-llum-bcn-del-2-al-4-de-febrer\/","url":"https:\/\/poblenouurbandistrict.com\/es\/torna-el-circuit-off-llum-bcn-del-2-al-4-de-febrer\/","name":"Vuelve el circuito Off Llum Bcn del 2 al 4 de febrero &#8211; Poblenou Urban District","isPartOf":{"@id":"https:\/\/poblenouurbandistrict.com\/es\/#website"},"primaryImageOfPage":{"@id":"https:\/\/poblenouurbandistrict.com\/es\/torna-el-circuit-off-llum-bcn-del-2-al-4-de-febrer\/#primaryimage"},"image":{"@id":"https:\/\/poblenouurbandistrict.com\/torna-el-circuit-off-llum-bcn-del-2-al-4-de-febrer\/#primaryimage"},"thumbnailUrl":"https:\/\/media.poblenouurbandistrict.com\/2024\/01\/25070903\/portada-off-llum-2023-page-0001-1.jpg","datePublished":"2024-01-11T17:40:53+00:00","dateModified":"2024-01-26T14:06:32+00:00","author":{"@id":"https:\/\/poblenouurbandistrict.com\/#\/schema\/person\/980a2cf34b399d5218205730acd54a7e"},"breadcrumb":{"@id":"https:\/\/poblenouurbandistrict.com\/es\/torna-el-circuit-off-llum-bcn-del-2-al-4-de-febrer\/#breadcrumb"},"inLanguage":"es","potentialAction":[{"@type":"ReadAction","target":[["https:\/\/poblenouurbandistrict.com\/es\/torna-el-circuit-off-llum-bcn-del-2-al-4-de-febrer\/"]]}]},{"@type":"ImageObject","inLanguage":"es","@id":"https:\/\/poblenouurbandistrict.com\/es\/torna-el-circuit-off-llum-bcn-del-2-al-4-de-febrer\/#primaryimage","url":"https:\/\/media.poblenouurbandistrict.com\/2024\/01\/25070903\/portada-off-llum-2023-page-0001-1.jpg","contentUrl":"https:\/\/media.poblenouurbandistrict.com\/2024\/01\/25070903\/portada-off-llum-2023-page-0001-1.jpg","width":2481,"height":1754},{"@type":"BreadcrumbList","@id":"https:\/\/poblenouurbandistrict.com\/es\/torna-el-circuit-off-llum-bcn-del-2-al-4-de-febrer\/#breadcrumb","itemListElement":[{"@type":"ListItem","position":1,"name":"Home","item":"https:\/\/poblenouurbandistrict.com\/es\/"},{"@type":"ListItem","position":2,"name":"Torna el circuit Off Llum Bcn del 2 al 4 de febrer"}]},{"@type":"WebSite","@id":"https:\/\/poblenouurbandistrict.com\/es\/#website","url":"https:\/\/poblenouurbandistrict.com\/es\/","name":"Poblenou Urban District","description":"Comunidad Creativa","potentialAction":[{"@type":"SearchAction","target":{"@type":"EntryPoint","urlTemplate":"https:\/\/poblenouurbandistrict.com\/es\/?s={search_term_string}"},"query-input":{"@type":"PropertyValueSpecification","valueRequired":true,"valueName":"search_term_string"}}],"inLanguage":"es"},{"@type":"Person","@id":"https:\/\/poblenouurbandistrict.com\/#\/schema\/person\/980a2cf34b399d5218205730acd54a7e","name":"pnud","image":{"@type":"ImageObject","inLanguage":"es","@id":"https:\/\/secure.gravatar.com\/avatar\/67146597b405ee077a24e519f75c3e2031736596d6ce35af3a34c122c93d0d7b?s=96&d=retro&r=g","url":"https:\/\/secure.gravatar.com\/avatar\/67146597b405ee077a24e519f75c3e2031736596d6ce35af3a34c122c93d0d7b?s=96&d=retro&r=g","contentUrl":"https:\/\/secure.gravatar.com\/avatar\/67146597b405ee077a24e519f75c3e2031736596d6ce35af3a34c122c93d0d7b?s=96&d=retro&r=g","caption":"pnud"}}]}},"_links":{"self":[{"href":"https:\/\/poblenouurbandistrict.com\/es\/wp-json\/wp\/v2\/posts\/43758","targetHints":{"allow":["GET"]}}],"collection":[{"href":"https:\/\/poblenouurbandistrict.com\/es\/wp-json\/wp\/v2\/posts"}],"about":[{"href":"https:\/\/poblenouurbandistrict.com\/es\/wp-json\/wp\/v2\/types\/post"}],"author":[{"embeddable":true,"href":"https:\/\/poblenouurbandistrict.com\/es\/wp-json\/wp\/v2\/users\/5"}],"replies":[{"embeddable":true,"href":"https:\/\/poblenouurbandistrict.com\/es\/wp-json\/wp\/v2\/comments?post=43758"}],"version-history":[{"count":16,"href":"https:\/\/poblenouurbandistrict.com\/es\/wp-json\/wp\/v2\/posts\/43758\/revisions"}],"predecessor-version":[{"id":44159,"href":"https:\/\/poblenouurbandistrict.com\/es\/wp-json\/wp\/v2\/posts\/43758\/revisions\/44159"}],"wp:featuredmedia":[{"embeddable":true,"href":"https:\/\/poblenouurbandistrict.com\/es\/wp-json\/wp\/v2\/media\/43731"}],"wp:attachment":[{"href":"https:\/\/poblenouurbandistrict.com\/es\/wp-json\/wp\/v2\/media?parent=43758"}],"wp:term":[{"taxonomy":"category","embeddable":true,"href":"https:\/\/poblenouurbandistrict.com\/es\/wp-json\/wp\/v2\/categories?post=43758"},{"taxonomy":"post_tag","embeddable":true,"href":"https:\/\/poblenouurbandistrict.com\/es\/wp-json\/wp\/v2\/tags?post=43758"}],"curies":[{"name":"wp","href":"https:\/\/api.w.org\/{rel}","templated":true}]}}