{"id":44040,"date":"2024-01-26T12:50:45","date_gmt":"2024-01-26T11:50:45","guid":{"rendered":"https:\/\/poblenouurbandistrict.com\/?p=44040"},"modified":"2024-02-01T16:25:02","modified_gmt":"2024-02-01T15:25:02","slug":"bau-exhibeix-la-installacio-tomeduchi-inspirada-en-el-fons-mari","status":"publish","type":"post","link":"https:\/\/poblenouurbandistrict.com\/es\/bau-exhibeix-la-installacio-tomeduchi-inspirada-en-el-fons-mari\/","title":{"rendered":"BAU exhibe la instalaci\u00f3n \u00abTomeduchi\u00bb, inspirada en el fondo marino"},"content":{"rendered":"<p><span style=\"color: #000000;\"><span style=\"font-weight: 400;\">E<\/span><\/span>l <a href=\"https:\/\/www.baued.es\/ca\/bau\/campus-bau\">Edifici Granada de BAU<\/a> acoger\u00e1 <em>Tomeduchi, <\/em>la octava instalaci\u00f3n del <a href=\"https:\/\/poblenouurbandistrict.com\/ca\/off-llum-2024\/\">Off Llum Bcn 2024<\/a>,\u00a0producida por Gonzalo Cortez, Fabricio Atahualpa, Nicol\u00e1s V\u00e1squez y Rub\u00e9n S\u00e1nchez, que captura la metamorfosis de la quietud y serenidad del fondo marino, inspir\u00e1ndose en el dinamismo generado por el movimiento de las medusas.<\/p>\n<p>La instalaci\u00f3n est\u00e1 est\u00e9ticamente inspirada en videojuegos antiguos: y por este motivo el nombre de <em>Tomeduchi<\/em> responde a la fusi\u00f3n entre los tamagotchi, criaturas digitales que tienen expresiones propias, y las medusas. La idea se materializa a trav\u00e9s de una serie de pescados escult\u00f3ricos de diferentes tama\u00f1os y suspendidos al aire que se mueven en sincron\u00eda con luces LED, ofreciendo una experiencia inmersiva a los visitantes.<\/p>\n<p>Las medusas esculturales est\u00e1n construidas con una estructura de madera que las sostiene mediante cuerdas desde el techo que, al moverse, emulan el movimiento de las medusas en el mar. Otras fuentes de luz complementarias contribuyen a iluminar las esculturas, y al chocar con las diversas texturas de las telas, crean un efecto de agua en movimiento que se refleja en el espacio circundante.<\/p>\n<hr \/>\n<p><span style=\"color: #000000;\">Gonzalo C., Fabrizio A., Nicol\u00e1s V. y Rub\u00e9n S forman un grupo de artistas que trabajan la exploraci\u00f3n de la luz y la materia, a trav\u00e9s de la arquitectura, el dise\u00f1o audiovisual y la programaci\u00f3n, con el objetivo de preservar nuestros oc\u00e9anos.<\/span><\/p>\n<h4 style=\"text-align: center;\">Ciutat de Granada, 34 &#8211; 36<\/h4>\n<h4 style=\"text-align: center;\">18.30h &#8211; 23.30h<\/h4>\n<h4 style=\"text-align: center;\">Con la colaboraci\u00f3n de <a href=\"https:\/\/www.baued.es\/\">BAU<\/a><\/h4>\n<p><\/p>","protected":false},"excerpt":{"rendered":"<p>El Edifici Granada de BAU acoger\u00e1 Tomeduchi, la octava instalaci\u00f3n del Off Llum Bcn 2024,\u00a0producida por Gonzalo Cortez, Fabricio Atahualpa,&#8230; <a href=\"https:\/\/poblenouurbandistrict.com\/es\/bau-exhibeix-la-installacio-tomeduchi-inspirada-en-el-fons-mari\/\">M\u00e1s  \u2192<\/a><\/p>\n","protected":false},"author":5,"featured_media":44230,"comment_status":"closed","ping_status":"closed","sticky":false,"template":"","format":"standard","meta":{"_acf_changed":false,"footnotes":""},"categories":[3548],"tags":[],"class_list":["post-44040","post","type-post","status-publish","format-standard","has-post-thumbnail","hentry","category-off-llum-bcn"],"acf":[],"yoast_head":"<!-- This site is optimized with the Yoast SEO plugin v27.5 - https:\/\/yoast.com\/product\/yoast-seo-wordpress\/ -->\n<title>BAU exhibe la instalaci\u00f3n &quot;Tomeduchi&quot;, inspirada en el fondo marino &#8211; Poblenou Urban District<\/title>\n<meta name=\"robots\" content=\"index, follow, max-snippet:-1, max-image-preview:large, max-video-preview:-1\" \/>\n<link rel=\"canonical\" href=\"https:\/\/poblenouurbandistrict.com\/es\/bau-exhibeix-la-installacio-tomeduchi-inspirada-en-el-fons-mari\/\" \/>\n<meta property=\"og:locale\" content=\"es_ES\" \/>\n<meta property=\"og:type\" content=\"article\" \/>\n<meta property=\"og:title\" content=\"BAU exhibe la instalaci\u00f3n &quot;Tomeduchi&quot;, inspirada en el fondo marino &#8211; Poblenou Urban District\" \/>\n<meta property=\"og:description\" content=\"El Edifici Granada de BAU acoger\u00e1 Tomeduchi, la octava instalaci\u00f3n del Off Llum Bcn 2024,\u00a0producida por Gonzalo Cortez, Fabricio Atahualpa,... M\u00e1s \u2192\" \/>\n<meta property=\"og:url\" content=\"https:\/\/poblenouurbandistrict.com\/es\/bau-exhibeix-la-installacio-tomeduchi-inspirada-en-el-fons-mari\/\" \/>\n<meta property=\"og:site_name\" content=\"Poblenou Urban District\" \/>\n<meta property=\"article:published_time\" content=\"2024-01-26T11:50:45+00:00\" \/>\n<meta property=\"article:modified_time\" content=\"2024-02-01T15:25:02+00:00\" \/>\n<meta property=\"og:image\" content=\"https:\/\/poblenouurbandistrict.com\/wp-content\/uploads\/2024\/01\/img-8376-1-e1706801097515.jpg\" \/>\n\t<meta property=\"og:image:width\" content=\"1500\" \/>\n\t<meta property=\"og:image:height\" content=\"1040\" \/>\n\t<meta property=\"og:image:type\" content=\"image\/jpeg\" \/>\n<meta name=\"author\" content=\"pnud\" \/>\n<meta name=\"twitter:card\" content=\"summary_large_image\" \/>\n<meta name=\"twitter:label1\" content=\"Escrito por\" \/>\n\t<meta name=\"twitter:data1\" content=\"pnud\" \/>\n\t<meta name=\"twitter:label2\" content=\"Tiempo de lectura\" \/>\n\t<meta name=\"twitter:data2\" content=\"2 minutos\" \/>\n<script type=\"application\/ld+json\" class=\"yoast-schema-graph\">{\"@context\":\"https:\\\/\\\/schema.org\",\"@graph\":[{\"@type\":\"Article\",\"@id\":\"https:\\\/\\\/poblenouurbandistrict.com\\\/bau-exhibeix-la-installacio-tomeduchi-inspirada-en-el-fons-mari\\\/#article\",\"isPartOf\":{\"@id\":\"https:\\\/\\\/poblenouurbandistrict.com\\\/bau-exhibeix-la-installacio-tomeduchi-inspirada-en-el-fons-mari\\\/\"},\"author\":{\"name\":\"pnud\",\"@id\":\"https:\\\/\\\/poblenouurbandistrict.com\\\/#\\\/schema\\\/person\\\/980a2cf34b399d5218205730acd54a7e\"},\"headline\":\"BAU exhibe la instalaci\u00f3n \u00abTomeduchi\u00bb, inspirada en el fondo marino\",\"datePublished\":\"2024-01-26T11:50:45+00:00\",\"dateModified\":\"2024-02-01T15:25:02+00:00\",\"mainEntityOfPage\":{\"@id\":\"https:\\\/\\\/poblenouurbandistrict.com\\\/bau-exhibeix-la-installacio-tomeduchi-inspirada-en-el-fons-mari\\\/\"},\"wordCount\":538,\"image\":{\"@id\":\"https:\\\/\\\/poblenouurbandistrict.com\\\/bau-exhibeix-la-installacio-tomeduchi-inspirada-en-el-fons-mari\\\/#primaryimage\"},\"thumbnailUrl\":\"https:\\\/\\\/media.poblenouurbandistrict.com\\\/2024\\\/01\\\/25071213\\\/img-8376-1-e1706801097515.jpg\",\"articleSection\":[\"Off Llum BCN\"],\"inLanguage\":\"es\"},{\"@type\":\"WebPage\",\"@id\":\"https:\\\/\\\/poblenouurbandistrict.com\\\/es\\\/bau-exhibeix-la-installacio-tomeduchi-inspirada-en-el-fons-mari\\\/\",\"url\":\"https:\\\/\\\/poblenouurbandistrict.com\\\/es\\\/bau-exhibeix-la-installacio-tomeduchi-inspirada-en-el-fons-mari\\\/\",\"name\":\"BAU exhibe la instalaci\u00f3n \\\"Tomeduchi\\\", inspirada en el fondo marino &#8211; Poblenou Urban District\",\"isPartOf\":{\"@id\":\"https:\\\/\\\/poblenouurbandistrict.com\\\/es\\\/#website\"},\"primaryImageOfPage\":{\"@id\":\"https:\\\/\\\/poblenouurbandistrict.com\\\/es\\\/bau-exhibeix-la-installacio-tomeduchi-inspirada-en-el-fons-mari\\\/#primaryimage\"},\"image\":{\"@id\":\"https:\\\/\\\/poblenouurbandistrict.com\\\/bau-exhibeix-la-installacio-tomeduchi-inspirada-en-el-fons-mari\\\/#primaryimage\"},\"thumbnailUrl\":\"https:\\\/\\\/media.poblenouurbandistrict.com\\\/2024\\\/01\\\/25071213\\\/img-8376-1-e1706801097515.jpg\",\"datePublished\":\"2024-01-26T11:50:45+00:00\",\"dateModified\":\"2024-02-01T15:25:02+00:00\",\"author\":{\"@id\":\"https:\\\/\\\/poblenouurbandistrict.com\\\/#\\\/schema\\\/person\\\/980a2cf34b399d5218205730acd54a7e\"},\"breadcrumb\":{\"@id\":\"https:\\\/\\\/poblenouurbandistrict.com\\\/es\\\/bau-exhibeix-la-installacio-tomeduchi-inspirada-en-el-fons-mari\\\/#breadcrumb\"},\"inLanguage\":\"es\",\"potentialAction\":[{\"@type\":\"ReadAction\",\"target\":[[\"https:\\\/\\\/poblenouurbandistrict.com\\\/es\\\/bau-exhibeix-la-installacio-tomeduchi-inspirada-en-el-fons-mari\\\/\"]]}]},{\"@type\":\"ImageObject\",\"inLanguage\":\"es\",\"@id\":\"https:\\\/\\\/poblenouurbandistrict.com\\\/es\\\/bau-exhibeix-la-installacio-tomeduchi-inspirada-en-el-fons-mari\\\/#primaryimage\",\"url\":\"https:\\\/\\\/media.poblenouurbandistrict.com\\\/2024\\\/01\\\/25071213\\\/img-8376-1-e1706801097515.jpg\",\"contentUrl\":\"https:\\\/\\\/media.poblenouurbandistrict.com\\\/2024\\\/01\\\/25071213\\\/img-8376-1-e1706801097515.jpg\",\"width\":1500,\"height\":1040},{\"@type\":\"BreadcrumbList\",\"@id\":\"https:\\\/\\\/poblenouurbandistrict.com\\\/es\\\/bau-exhibeix-la-installacio-tomeduchi-inspirada-en-el-fons-mari\\\/#breadcrumb\",\"itemListElement\":[{\"@type\":\"ListItem\",\"position\":1,\"name\":\"Home\",\"item\":\"https:\\\/\\\/poblenouurbandistrict.com\\\/es\\\/\"},{\"@type\":\"ListItem\",\"position\":2,\"name\":\"BAU exhibeix la instal\u00b7laci\u00f3 &#8220;Tomeduchi&#8221;, inspirada en el fons mar\u00ed\"}]},{\"@type\":\"WebSite\",\"@id\":\"https:\\\/\\\/poblenouurbandistrict.com\\\/es\\\/#website\",\"url\":\"https:\\\/\\\/poblenouurbandistrict.com\\\/es\\\/\",\"name\":\"Poblenou Urban District\",\"description\":\"Comunidad Creativa\",\"potentialAction\":[{\"@type\":\"SearchAction\",\"target\":{\"@type\":\"EntryPoint\",\"urlTemplate\":\"https:\\\/\\\/poblenouurbandistrict.com\\\/es\\\/?s={search_term_string}\"},\"query-input\":{\"@type\":\"PropertyValueSpecification\",\"valueRequired\":true,\"valueName\":\"search_term_string\"}}],\"inLanguage\":\"es\"},{\"@type\":\"Person\",\"@id\":\"https:\\\/\\\/poblenouurbandistrict.com\\\/#\\\/schema\\\/person\\\/980a2cf34b399d5218205730acd54a7e\",\"name\":\"pnud\",\"image\":{\"@type\":\"ImageObject\",\"inLanguage\":\"es\",\"@id\":\"https:\\\/\\\/secure.gravatar.com\\\/avatar\\\/67146597b405ee077a24e519f75c3e2031736596d6ce35af3a34c122c93d0d7b?s=96&d=retro&r=g\",\"url\":\"https:\\\/\\\/secure.gravatar.com\\\/avatar\\\/67146597b405ee077a24e519f75c3e2031736596d6ce35af3a34c122c93d0d7b?s=96&d=retro&r=g\",\"contentUrl\":\"https:\\\/\\\/secure.gravatar.com\\\/avatar\\\/67146597b405ee077a24e519f75c3e2031736596d6ce35af3a34c122c93d0d7b?s=96&d=retro&r=g\",\"caption\":\"pnud\"}}]}<\/script>\n<!-- \/ Yoast SEO plugin. -->","yoast_head_json":{"title":"BAU exhibe la instalaci\u00f3n \"Tomeduchi\", inspirada en el fondo marino &#8211; Poblenou Urban District","robots":{"index":"index","follow":"follow","max-snippet":"max-snippet:-1","max-image-preview":"max-image-preview:large","max-video-preview":"max-video-preview:-1"},"canonical":"https:\/\/poblenouurbandistrict.com\/es\/bau-exhibeix-la-installacio-tomeduchi-inspirada-en-el-fons-mari\/","og_locale":"es_ES","og_type":"article","og_title":"BAU exhibe la instalaci\u00f3n \"Tomeduchi\", inspirada en el fondo marino &#8211; Poblenou Urban District","og_description":"El Edifici Granada de BAU acoger\u00e1 Tomeduchi, la octava instalaci\u00f3n del Off Llum Bcn 2024,\u00a0producida por Gonzalo Cortez, Fabricio Atahualpa,... M\u00e1s \u2192","og_url":"https:\/\/poblenouurbandistrict.com\/es\/bau-exhibeix-la-installacio-tomeduchi-inspirada-en-el-fons-mari\/","og_site_name":"Poblenou Urban District","article_published_time":"2024-01-26T11:50:45+00:00","article_modified_time":"2024-02-01T15:25:02+00:00","og_image":[{"width":1500,"height":1040,"url":"https:\/\/poblenouurbandistrict.com\/wp-content\/uploads\/2024\/01\/img-8376-1-e1706801097515.jpg","type":"image\/jpeg"}],"author":"pnud","twitter_card":"summary_large_image","twitter_misc":{"Escrito por":"pnud","Tiempo de lectura":"2 minutos"},"schema":{"@context":"https:\/\/schema.org","@graph":[{"@type":"Article","@id":"https:\/\/poblenouurbandistrict.com\/bau-exhibeix-la-installacio-tomeduchi-inspirada-en-el-fons-mari\/#article","isPartOf":{"@id":"https:\/\/poblenouurbandistrict.com\/bau-exhibeix-la-installacio-tomeduchi-inspirada-en-el-fons-mari\/"},"author":{"name":"pnud","@id":"https:\/\/poblenouurbandistrict.com\/#\/schema\/person\/980a2cf34b399d5218205730acd54a7e"},"headline":"BAU exhibe la instalaci\u00f3n \u00abTomeduchi\u00bb, inspirada en el fondo marino","datePublished":"2024-01-26T11:50:45+00:00","dateModified":"2024-02-01T15:25:02+00:00","mainEntityOfPage":{"@id":"https:\/\/poblenouurbandistrict.com\/bau-exhibeix-la-installacio-tomeduchi-inspirada-en-el-fons-mari\/"},"wordCount":538,"image":{"@id":"https:\/\/poblenouurbandistrict.com\/bau-exhibeix-la-installacio-tomeduchi-inspirada-en-el-fons-mari\/#primaryimage"},"thumbnailUrl":"https:\/\/media.poblenouurbandistrict.com\/2024\/01\/25071213\/img-8376-1-e1706801097515.jpg","articleSection":["Off Llum BCN"],"inLanguage":"es"},{"@type":"WebPage","@id":"https:\/\/poblenouurbandistrict.com\/es\/bau-exhibeix-la-installacio-tomeduchi-inspirada-en-el-fons-mari\/","url":"https:\/\/poblenouurbandistrict.com\/es\/bau-exhibeix-la-installacio-tomeduchi-inspirada-en-el-fons-mari\/","name":"BAU exhibe la instalaci\u00f3n \"Tomeduchi\", inspirada en el fondo marino &#8211; Poblenou Urban District","isPartOf":{"@id":"https:\/\/poblenouurbandistrict.com\/es\/#website"},"primaryImageOfPage":{"@id":"https:\/\/poblenouurbandistrict.com\/es\/bau-exhibeix-la-installacio-tomeduchi-inspirada-en-el-fons-mari\/#primaryimage"},"image":{"@id":"https:\/\/poblenouurbandistrict.com\/bau-exhibeix-la-installacio-tomeduchi-inspirada-en-el-fons-mari\/#primaryimage"},"thumbnailUrl":"https:\/\/media.poblenouurbandistrict.com\/2024\/01\/25071213\/img-8376-1-e1706801097515.jpg","datePublished":"2024-01-26T11:50:45+00:00","dateModified":"2024-02-01T15:25:02+00:00","author":{"@id":"https:\/\/poblenouurbandistrict.com\/#\/schema\/person\/980a2cf34b399d5218205730acd54a7e"},"breadcrumb":{"@id":"https:\/\/poblenouurbandistrict.com\/es\/bau-exhibeix-la-installacio-tomeduchi-inspirada-en-el-fons-mari\/#breadcrumb"},"inLanguage":"es","potentialAction":[{"@type":"ReadAction","target":[["https:\/\/poblenouurbandistrict.com\/es\/bau-exhibeix-la-installacio-tomeduchi-inspirada-en-el-fons-mari\/"]]}]},{"@type":"ImageObject","inLanguage":"es","@id":"https:\/\/poblenouurbandistrict.com\/es\/bau-exhibeix-la-installacio-tomeduchi-inspirada-en-el-fons-mari\/#primaryimage","url":"https:\/\/media.poblenouurbandistrict.com\/2024\/01\/25071213\/img-8376-1-e1706801097515.jpg","contentUrl":"https:\/\/media.poblenouurbandistrict.com\/2024\/01\/25071213\/img-8376-1-e1706801097515.jpg","width":1500,"height":1040},{"@type":"BreadcrumbList","@id":"https:\/\/poblenouurbandistrict.com\/es\/bau-exhibeix-la-installacio-tomeduchi-inspirada-en-el-fons-mari\/#breadcrumb","itemListElement":[{"@type":"ListItem","position":1,"name":"Home","item":"https:\/\/poblenouurbandistrict.com\/es\/"},{"@type":"ListItem","position":2,"name":"BAU exhibeix la instal\u00b7laci\u00f3 &#8220;Tomeduchi&#8221;, inspirada en el fons mar\u00ed"}]},{"@type":"WebSite","@id":"https:\/\/poblenouurbandistrict.com\/es\/#website","url":"https:\/\/poblenouurbandistrict.com\/es\/","name":"Poblenou Urban District","description":"Comunidad Creativa","potentialAction":[{"@type":"SearchAction","target":{"@type":"EntryPoint","urlTemplate":"https:\/\/poblenouurbandistrict.com\/es\/?s={search_term_string}"},"query-input":{"@type":"PropertyValueSpecification","valueRequired":true,"valueName":"search_term_string"}}],"inLanguage":"es"},{"@type":"Person","@id":"https:\/\/poblenouurbandistrict.com\/#\/schema\/person\/980a2cf34b399d5218205730acd54a7e","name":"pnud","image":{"@type":"ImageObject","inLanguage":"es","@id":"https:\/\/secure.gravatar.com\/avatar\/67146597b405ee077a24e519f75c3e2031736596d6ce35af3a34c122c93d0d7b?s=96&d=retro&r=g","url":"https:\/\/secure.gravatar.com\/avatar\/67146597b405ee077a24e519f75c3e2031736596d6ce35af3a34c122c93d0d7b?s=96&d=retro&r=g","contentUrl":"https:\/\/secure.gravatar.com\/avatar\/67146597b405ee077a24e519f75c3e2031736596d6ce35af3a34c122c93d0d7b?s=96&d=retro&r=g","caption":"pnud"}}]}},"_links":{"self":[{"href":"https:\/\/poblenouurbandistrict.com\/es\/wp-json\/wp\/v2\/posts\/44040","targetHints":{"allow":["GET"]}}],"collection":[{"href":"https:\/\/poblenouurbandistrict.com\/es\/wp-json\/wp\/v2\/posts"}],"about":[{"href":"https:\/\/poblenouurbandistrict.com\/es\/wp-json\/wp\/v2\/types\/post"}],"author":[{"embeddable":true,"href":"https:\/\/poblenouurbandistrict.com\/es\/wp-json\/wp\/v2\/users\/5"}],"replies":[{"embeddable":true,"href":"https:\/\/poblenouurbandistrict.com\/es\/wp-json\/wp\/v2\/comments?post=44040"}],"version-history":[{"count":9,"href":"https:\/\/poblenouurbandistrict.com\/es\/wp-json\/wp\/v2\/posts\/44040\/revisions"}],"predecessor-version":[{"id":44308,"href":"https:\/\/poblenouurbandistrict.com\/es\/wp-json\/wp\/v2\/posts\/44040\/revisions\/44308"}],"wp:featuredmedia":[{"embeddable":true,"href":"https:\/\/poblenouurbandistrict.com\/es\/wp-json\/wp\/v2\/media\/44230"}],"wp:attachment":[{"href":"https:\/\/poblenouurbandistrict.com\/es\/wp-json\/wp\/v2\/media?parent=44040"}],"wp:term":[{"taxonomy":"category","embeddable":true,"href":"https:\/\/poblenouurbandistrict.com\/es\/wp-json\/wp\/v2\/categories?post=44040"},{"taxonomy":"post_tag","embeddable":true,"href":"https:\/\/poblenouurbandistrict.com\/es\/wp-json\/wp\/v2\/tags?post=44040"}],"curies":[{"name":"wp","href":"https:\/\/api.w.org\/{rel}","templated":true}]}}