{"id":44188,"date":"2024-02-01T12:56:40","date_gmt":"2024-02-01T11:56:40","guid":{"rendered":"https:\/\/poblenouurbandistrict.com\/?p=44188"},"modified":"2024-02-03T16:41:19","modified_gmt":"2024-02-03T15:41:19","slug":"la-ruta-gastronomica-de-loff-llum-bcn-2024","status":"publish","type":"post","link":"https:\/\/poblenouurbandistrict.com\/es\/la-ruta-gastronomica-de-loff-llum-bcn-2024\/","title":{"rendered":"La ruta gastron\u00f3mica del Off Llum Bcn 2024"},"content":{"rendered":"<p>Este fin de semana se celebra el <a href=\"https:\/\/poblenouurbandistrict.com\/ca\/off-llum-2024\/\">Off Llum Bcn<\/a> con 11 instalaciones que iluminar\u00e1n el Distrito Creativo de Barcelona. Desde Poblenou Urban District os proponemos varios espacios asociados dedicados a la gastronom\u00eda para cenar, beber o picar algo durante el recorrido por el <a href=\"https:\/\/www.barcelona.cat\/llumbcn\/\">Llum BCN<\/a>\u00a0y el <a href=\"https:\/\/poblenouurbandistrict.com\/ca\/off-llum-2024\/\">Off Llum BCN<\/a>.<\/p>\n<hr \/>\n<h3><strong>Cocina de mercado en Bodega Marieta<\/strong><\/h3>\n<p><a href=\"https:\/\/labodegamarieta.eatbu.com\">Bodega Marieta<\/a> ofrece una cocina de mercado, recuperando sabores tradicionales con toques personales y productos de primera calidad con los mejores vinos Alaparra.<\/p>\n<h4 style=\"text-align: center;\">Badajoz, 36<\/h4>\n<h4 style=\"text-align: center;\">18h &#8211; 22.30h (domingo de 12h a 2oh)<\/h4>\n<hr \/>\n<h3><b>Los mejores c\u00f3cteles en Botanicus<\/b><\/h3>\n<p><a href=\"https:\/\/www.instagram.com\/botanicus.barcelona\/\">Botanicus<\/a> es la nueva cocteler\u00eda evolutiva de Poblenou que destaca para crear sabores innovadores mediante fermentados y preparados caseros, \u00a1una revoluci\u00f3n para el paladar! Disfruta de sus c\u00f3cteles de autor con un modelo artesanal orientado a la bot\u00e1nica con hierbas y productos de temporada: Eucalyptus Martini, Dry Martini, Negroni, Pi\u00f1a Colada, Mojito&#8230; Adem\u00e1s, durante el fin de semana tendr\u00e1n una proyecci\u00f3n de estrellas en el techo.<\/p>\n<h4 style=\"text-align: center;\"><strong>Pujades, 177<\/strong><\/h4>\n<h4 style=\"text-align: center;\"><strong>18h &#8211; 3h (domingo hasta las 2h)<\/strong><\/h4>\n<hr \/>\n<h3><b>Comida casera en CACHO<\/b><\/h3>\n<p>El restaurante <strong><a href=\"https:\/\/wearecacho.com\/\" target=\"_blank\" rel=\"noopener\">CACHO<\/a><\/strong> abre las puertas todo el d\u00eda. Podr\u00e1s encontrar comida y bebida caseras, c\u00f3cteles, brunch, platos saludables, y mucho m\u00e1s en su espacio con una amplia terraza.<\/p>\n<h4 style=\"text-align: center;\"><strong>Llull, 27<\/strong><\/h4>\n<h4 style=\"text-align: center;\"><strong>12h &#8211; 00h (domingo\u00a0hasta las 23h)<\/strong><\/h4>\n<hr \/>\n<h3><b>Pastramis y pasteles de queso en Carrot Caf\u00e9<\/b><\/h3>\n<p>Si quieres hacer una pausa antes de empezar el recorrido o hacer un descanso por merienda, el <strong><a href=\"https:\/\/www.carrotcafe.es\/\" target=\"_blank\" rel=\"noopener\">Carrot Caf\u00e9<\/a><\/strong> es tu lugar ideal. Encontrar\u00e1s un emblem\u00e1tico caf\u00e9 con sus s\u00e1ndwiches \u00fanicos, elaborados con m\u00e1s de catorce variedades de panes artesanales, hamburguesas gourmet o el famoso Pastrami y como no, sus variedades de cheesecakes al estilo Nueva York.<\/p>\n<h4 style=\"text-align: center;\"><strong>T\u00e0nger, 22<\/strong><\/h4>\n<h4 style=\"text-align: center;\"><strong> 12h &#8211; 00h (domingo cerrado)<\/strong><\/h4>\n<hr \/>\n<h3><b>Las mejores croquetas en Catacroquet<\/b><\/h3>\n<p>Una vez m\u00e1s, <strong><a href=\"https:\/\/catacroquet.es\/\" target=\"_blank\" rel=\"noopener\">Catacroquet<\/a><\/strong> mantendr\u00e1 su cocina abierta todo el d\u00eda para que puedas disfrutar de las m\u00edticas croquetas, y tambi\u00e9n de las cervezas y tapas deliciosas. Si todav\u00eda no has probado su oferta amplia de croquetas, aprovecha la ocasi\u00f3n para hacerlo.<\/p>\n<h4 style=\"text-align: center;\"><strong>Almog\u00e0vers, 211<\/strong><\/h4>\n<h4 style=\"text-align: center;\"><strong>12.30h &#8211; 00h (domingo hasta las 17h)<\/strong><\/h4>\n<hr \/>\n<h3><b>La fusi\u00f3n japonesa y cocina asi\u00e1tica en Desoriente<\/b><\/h3>\n<p><a href=\"https:\/\/desoriente.com\">Desoriente<\/a> es una cocina de fusi\u00f3n japonesa y cocina asi\u00e1tica 100% plant-based. No te quedes sin probar sus Korean bravas con kimchi, cilantro y alioli o las Wasabi Croquettes, croquetas rellenas de patatas, edamame y tamarindo con mayonesa vegana de wasabi.<\/p>\n<h4 style=\"text-align: center;\"><strong>Ramon Turr\u00f3, 209<\/strong><\/h4>\n<h4 style=\"text-align: center;\"><strong>13h &#8211; 00h<\/strong><\/h4>\n<hr \/>\n<h3><b>Tapas y copas en D9<\/b><\/h3>\n<p>Si lo que te mueve es salir a disfrutar con amigos, el D9 es el lugar indicado. Su oferta gastron\u00f3mica es un sue\u00f1o para los amantes del buen tapeo. <strong><a href=\"https:\/\/denou.bar\/\" target=\"_blank\" rel=\"noopener\">D9<\/a><\/strong> mantendr\u00e1 las puertas abiertas este Off Llum Bcn hasta las 3h de la madrugada para aquellos que quieran continuar festejando hasta tarde.<\/p>\n<h4 style=\"text-align: center;\"><strong>Pallars, 122<\/strong><\/h4>\n<h4 style=\"text-align: center;\"><strong>18h a 3h<\/strong><\/h4>\n<hr \/>\n<h3><strong>Four Corners (Restaurante The Hoxton Poblenou)<\/strong><\/h3>\n<p>Una vez hayas visitado la instalaci\u00f3n lum\u00ednica <a href=\"https:\/\/poblenouurbandistrict.com\/ca\/quadratic-una-experiencia-immersiva-360o-al-parquing-de-lhotel-the-hoxton-poblenou\/\">\u00abQuadratic\u00bb<\/a> en el parking del Hotel The Hoxton Poblenou de la mano de BeatMe Lab, no te puedes perder el restaurante situado en su terraza, <a href=\"https:\/\/thehoxton.com\/es\/poblenou\/four-corners-restaurant\/\">Four Corners<\/a>. Disfruta de una pizzer\u00eda detroit-style.<\/p>\n<h4 style=\"text-align: center;\"><strong>Avinguda Diagonal, 205<\/strong><\/h4>\n<h4 style=\"text-align: center;\"><strong>7.30h &#8211; 23.30h (domingo hasta las 23h)<\/strong><\/h4>\n<hr \/>\n<h3><b>Cervezas en el Garage Beer Co<\/b><\/h3>\n<p><strong><a href=\"https:\/\/garagebeer.co\/\" target=\"_blank\" rel=\"noopener\">Garage Beer Co Poblenou<\/a><\/strong> es una cervecer\u00eda informal y de las m\u00e1s cool que te puedes encontrar en el barrio donde podr\u00e1s disfrutar de una gran variedad de cervezas artesanales locales, producidas y fabricadas con una calidad sorprendente.<\/p>\n<h4 style=\"text-align: center;\"><strong>Passeig de Calvell, 45<\/strong><\/h4>\n<h4 style=\"text-align: center;\"><strong>13h &#8211; 1h (domingo hasta las 00h)<\/strong><\/h4>\n<hr \/>\n<h3><b>Cocktails y hamburguesas en <\/b><b>Henry\u2019s<\/b><\/h3>\n<p><a href=\"https:\/\/www.instagram.com\/henrys.cocktailbar\/\">Henry&#8217;s<\/a>\u00a0es un retro dive bar con cocktails, frozen, vinos naturales y hamburguesas. Disfruta de un espacio que mezcla la est\u00e9tica americana de los a\u00f1os 50 y la iluminaci\u00f3n de ne\u00f3n de los a\u00f1os 80.<\/p>\n<h4 style=\"text-align: center;\"><strong>Llacuna, 92<\/strong><\/h4>\n<h4 style=\"text-align: center;\"><strong>22.30h &#8211; 1.30h<\/strong><\/h4>\n<hr \/>\n<h3><strong>Cerveza artesanal en Hoppiness<\/strong><\/h3>\n<p>Si te gusta la cerveza artesanal, <a href=\"https:\/\/www.instagram.com\/hoppinessbcn\/\">Hoppiness<\/a> es tu lugar. Tienen hasta 16 tiradores rotativos, as\u00ed que sea cual sea tu bebida preferida, siempre podr\u00e1s acompa\u00f1arla con el picoteo perfecto: olivas, croquetas, tablas de quesos, huevos con jam\u00f3n y queso Monterrey&#8230;<\/p>\n<h4 style=\"text-align: center;\"><strong>Ramon Turr\u00f3, 180<\/strong><\/h4>\n<h4 style=\"text-align: center;\"><strong>17h &#8211; 00.30h<\/strong><\/h4>\n<hr \/>\n<h3><b>Comida japonesa en KIBUKA<\/b><\/h3>\n<p>Sushi Bar &amp; Izakaya, la taberna japonesa <strong><a href=\"http:\/\/www.kibuka.com\/llull\/\" target=\"_blank\" rel=\"noopener\">KIBUKA<\/a><\/strong> nos ofrece makis y una selecta variedad de platos calientes: Ramen, Okonomiyaki, Robata, Yakimeshis servidos a la Piedra; con servicio de <em>take away <\/em>y<em> delivery.<\/em><\/p>\n<h4 style=\"text-align: center;\"><strong>Llull, 155<\/strong><\/h4>\n<h4 style=\"text-align: center;\"><strong>12.30h &#8211; 23.30h<\/strong><\/h4>\n<hr \/>\n<h3><b>KOH, los reyes de la gastronom\u00eda asi\u00e1tica<\/b><\/h3>\n<p>Si te apetece m\u00e1s gastronom\u00eda asi\u00e1tica, <a href=\"https:\/\/poblenouurbandistrict.com\/membres\/koh-barcelona\/\" target=\"_blank\" rel=\"noopener noreferrer\">KOH<\/a>\u00a0te dejar\u00e1 sin palabras: desde las\u00a0gyozas hasta el\u00a0ramen, pasando por los\u00a0rollitos con salsa de\u00a0kimchi\u00a0y curry, todo est\u00e1 delicioso.<\/p>\n<h4 style=\"text-align: center;\"><strong>Pujades, 133<\/strong><\/h4>\n<h4 style=\"text-align: center;\"><strong>13h &#8211; 15.30h \/\/ 20.30h &#8211; 22.30h (domingo cerrado)<\/strong><\/h4>\n<hr \/>\n<h3><b>La Bacanal presenta \u00abLlom BCN\u00bb<\/b><\/h3>\n<p>La Bacanal 121 es una fiesta gastron\u00f3mica, organizada por <a href=\"https:\/\/vanvanfood.com\">Van Van Food<\/a>,\u00a0que en esta 3.\u00aa edici\u00f3n incorpora proyecciones digitales con DJ\u2019s y m\u00fasica. El Llom BCN ser\u00e1 una fiesta con una explosi\u00f3n de m\u00fasica electr\u00f3nica y visuales dedicada tanto a la luz como al lomo, la suculenta pieza de carne de cerdo. La hamburgueser\u00eda familiar y de barrio <a href=\"https:\/\/www.instagram.com\/laporcabcn\">La Porca<\/a> ser\u00e1 la encargada de preparar el men\u00fa especial que incluye la famosa Lomo Smash Burger y otras delicias porcinas. Tambi\u00e9n hay una opci\u00f3n Off Llom (veggie).<\/p>\n<p>Encuentra <a href=\"https:\/\/poblenouurbandistrict.com\/ca\/la-bacanal-121-celebra-la-seva-tercera-edicio-amb-el-llom-bcn\/\">m\u00e1s informaci\u00f3n aqu\u00ed<\/a>.<\/p>\n<h4 style=\"text-align: center;\"><strong>Llull, 121<\/strong><\/h4>\n<h4 style=\"text-align: center;\"><strong>18.30h &#8211; 00h (domingo cerrado)<\/strong><\/h4>\n<hr \/>\n<h3><b>Gusto mexicano en La Taqueria<\/b><\/h3>\n<p>Para los amantes de la comida mexicana,\u00a0no te puedes perder <strong><a href=\"https:\/\/www.instagram.com\/lataqueriabcn\/?hl=es\" target=\"_blank\" rel=\"noopener\">La Taqueria de Poblenou<\/a><\/strong>. Un proyecto que nace para dar a conocer y reivindicar la \u201cgastronom\u00eda de calle mexicana\u201d y as\u00ed, por fin, tener un aut\u00e9ntico cachito de M\u00e9xico en Barcelona.<\/p>\n<h4 style=\"text-align: center;\"><strong>Pujades, 172<\/strong><\/h4>\n<h4 style=\"text-align: center;\"><strong>13h &#8211; 00h<\/strong><\/h4>\n<hr \/>\n<h3><strong>Argentina est\u00e1 presente en La Tavern\u00edcola<\/strong><\/h3>\n<p>En la calle de Roc Boronat, encontrar\u00e1s <a href=\"https:\/\/www.instagram.com\/latavernicola\">La Tavern\u00edcola<\/a>, el restaurante de los amantes de la carne de proximidad y de producci\u00f3n ecol\u00f3gica, donde tambi\u00e9n podr\u00e1s probar su pasta y deliciosos postres caseros.<\/p>\n<h4 style=\"text-align: center;\"><strong>Roc Boronat, 70<\/strong><\/h4>\n<h4 style=\"text-align: center;\"><strong>12.30h &#8211; 00h (domingo solo de 12.30h a 16h)<\/strong><\/h4>\n<hr \/>\n<h3><b>La Otra Barestaurant, ambiente kitsch e informal<\/b><\/h3>\n<p><a href=\"https:\/\/www.instagram.com\/laotra_poblenou\/\">La Otra<\/a> es el nuevo bar restaurante de moda de Poblenou que abri\u00f3 sus puertas el pasado verano bajo el lema \u201cNadie te quiere como La Otra\u201d. Tienen una carta que viaja por los sabores de diferentes pa\u00edses del mundo: Boeuf Bourguignon, un cl\u00e1sico de la cocina francesa; Pastela, una delicia marroqu\u00ed casera con relleno de pollo canela y almendras&#8230;<\/p>\n<h4 style=\"text-align: center;\"><strong>Fluvi\u00e0, 26<\/strong><\/h4>\n<h4 style=\"text-align: center;\"><strong>10.30h &#8211; 00h (domingo hasta las 18h)<\/strong><\/h4>\n<hr \/>\n<h3>M\u00fasica y tapas en Local 225<\/h3>\n<p>En\u00a0<strong><a href=\"https:\/\/www.instagram.com\/local225bcn\/?hl=es\" target=\"_blank\" rel=\"noopener\">Local 225<\/a><\/strong> podr\u00e1s disfrutar de un vermut y tapas de calidad. Adem\u00e1s, encontrar\u00e1s la tortilla perfecta para ti: tienen desde la tradicional tortilla de patatas hasta algunas opciones m\u00e1s ex\u00f3ticas como la negra con calamarcitos en su tinta. El s\u00e1bado, 3 de febrero, habr\u00e1 DJ Set de BKMD + C.MO y hasta el domingo, proyecciones a cargo de Luisa Madrid.<\/p>\n<h4 style=\"text-align: center;\"><strong>Doctor Trueta, 225<\/strong><\/h4>\n<h4 style=\"text-align: center;\"><strong>13h &#8211; 23h<\/strong><\/h4>\n<hr \/>\n<h3><b>Comida tailandesa en el Petit Bangkok<\/b><\/h3>\n<p><a href=\"https:\/\/www.petitbangkok.com\/\" target=\"_blank\" rel=\"noopener\"><strong>Petit Bangkok<\/strong><\/a>, aut\u00e9ntica comida tailandesa, nos ofrece una variedad de comidas para deleitarnos durante las jornadas del Off Llum Bcn 2024.<\/p>\n<h4 style=\"text-align: center;\"><strong>\u00c0vila, 87<\/strong><\/h4>\n<h4 style=\"text-align: center;\"><strong>13h &#8211; 16h \/\/ 20h &#8211; 23h<\/strong><\/h4>\n<hr \/>\n<h3><b>Sopa, el restaurante vegetariano<\/b><\/h3>\n<p><a href=\"https:\/\/www.instagram.com\/sopabarcelona\/\">Sopa<\/a> es el restaurante vegetariano con opciones veganas y 100% saludables. Podr\u00e1s probar hummus, quiche de verduras, frankfurt vegano, burrito&#8230; en su carta especial que han preparado para el Off Llum Bcn.<\/p>\n<div>\n<h4 style=\"text-align: center;\"><strong>Roc Boronat, 114<\/strong><\/h4>\n<h4 style=\"text-align: center;\"><strong>10h &#8211; 23h (domingo de 20h a 22h)<\/strong><\/h4>\n<hr \/>\n<\/div>\n<h3><b>Thai Noodles<\/b><\/h3>\n<p>De l0s creadores del Petit Bangkok.\u00a0<a href=\"https:\/\/www.petitbangkok.com\/reservas\/reservas-thai-noodles\/\">Thai Noodles<\/a> es un restaurante especializado en street food, sopas y fideos. Un encantador y peque\u00f1o local para disfrutar de una buena comida asi\u00e1tica.<\/p>\n<h4 style=\"text-align: center;\"><strong>Pere IV, 93<\/strong><\/h4>\n<h4 style=\"text-align: center;\"><strong>20h &#8211; 23h<\/strong><\/h4>\n<hr \/>\n<h3><b>Comida urbana en Trash Talk<\/b><\/h3>\n<p>Disfruta de m\u00fasica urbana de los 90 en <strong><a href=\"https:\/\/www.instagram.com\/trashtalkbcn\/\" target=\"_blank\" rel=\"noopener\">Trash Talk<\/a> <\/strong>mientras pruebas los platos estrella del bar: hamburguesas y bocadillos.<\/p>\n<h4 style=\"text-align: center;\"><strong>Pere IV, 244<\/strong><\/h4>\n<h4 style=\"text-align: center;\"><strong>17.30h &#8211; 2.30h (domingo hasta las 21h)<\/strong><\/h4>\n<hr \/>\n<h3><b>Bikinis, s\u00e1ndwiches y mucho m\u00e1s en Trikini<\/b><\/h3>\n<p>Los mejores bikinis de Poblenou est\u00e1n en <strong><a href=\"https:\/\/www.bartrikini.com\">Trikini<\/a><\/strong>. P\u00e1sate por su \u201cPicina\u201d para celebrar el Off Llum Bcn y disfruta de tres conciertos gratuitos: viernes y s\u00e1bado, a partir de las 22h, Winterman y Dj Lozio y el domingo, Entonados Live, a las 19h.<\/p>\n<h4 style=\"text-align: center;\">Pujades, 226<\/h4>\n<h4 style=\"text-align: center;\"><strong>18h &#8211; 3h (domingo hasta la 1h)<\/strong><\/h4>\n<hr \/>\n<h3><b>Vita Student: descubre<\/b><b> Coffee Hackers<\/b><\/h3>\n<p style=\"font-weight: 400;\"><a href=\"https:\/\/www.vitastudent.com\">Vita Student<\/a> y Coffee Hackers, adem\u00e1s de su variada carta de caf\u00e9s de todo el mundo y deliciosos pasteles, mufins y tostadas de yuca, ofrecer\u00e1n una carta exclusiva con motivo del Off Llum Bcn. Tambi\u00e9n tendr\u00e1n una decoraci\u00f3n ef\u00edmera inspirada en las artes lum\u00ednicas. Prep\u00e1rate para disfrutar de los m\u00f3cteles que fusionan la destreza de la mixolog\u00eda con la exquisitez del mejor caf\u00e9 para crear combinaciones irresistibles.<\/p>\n<h4 style=\"text-align: center;\">Sancho de \u00c1vila, 2-10<\/h4>\n<h4 style=\"text-align: center;\"><b>16h &#8211; 00h (domingo cerrado)<\/b><\/h4>\n<hr \/>\n<h3><b>Comida peruana\u00a0en Warike Project<\/b><\/h3>\n<p>Por \u00faltimo, <strong><a href=\"https:\/\/www.warikeproject.com\/\" target=\"_blank\" rel=\"noopener\">Warike Project<\/a> <\/strong>nos invita a degustar sus c\u00f3cteles, puesto que tendr\u00e1n durante los tres d\u00edas 2&#215;1 y platos especiales de la selva del Per\u00fa. Adem\u00e1s, el s\u00e1bado, de 21h a 23h, podr\u00e1s disfrutar de un DJ Set al estilo <em>afrobeat<\/em>.<\/p>\n<h4 style=\"text-align: center;\"><strong>Bilbao, 24<\/strong><\/h4>\n<h4 style=\"text-align: center;\"><strong>12h &#8211; 21h (domingo hasta las 18h)<\/strong><\/h4>\n<hr \/>\n<h4><a href=\"https:\/\/poblenouurbandistrict.com\/es\/off-llum-bcn-2024\/\"><strong>Consulta aqu\u00ed la programaci\u00f3n lum\u00ednica completa del Off Llum Bcn 2024<\/strong><\/a><\/h4>\n<p><\/p>","protected":false},"excerpt":{"rendered":"<p>Este fin de semana se celebra el Off Llum Bcn con 11 instalaciones que iluminar\u00e1n el Distrito Creativo de Barcelona&#8230;. <a href=\"https:\/\/poblenouurbandistrict.com\/es\/la-ruta-gastronomica-de-loff-llum-bcn-2024\/\">M\u00e1s  \u2192<\/a><\/p>\n","protected":false},"author":5,"featured_media":44283,"comment_status":"closed","ping_status":"closed","sticky":false,"template":"","format":"standard","meta":{"_acf_changed":false,"footnotes":""},"categories":[3548],"tags":[],"class_list":["post-44188","post","type-post","status-publish","format-standard","has-post-thumbnail","hentry","category-off-llum-bcn"],"acf":[],"yoast_head":"<!-- This site is optimized with the Yoast SEO plugin v27.4 - https:\/\/yoast.com\/product\/yoast-seo-wordpress\/ -->\n<title>La ruta gastron\u00f3mica del Off Llum Bcn 2024 &#8211; Poblenou Urban District<\/title>\n<meta name=\"robots\" content=\"index, follow, max-snippet:-1, max-image-preview:large, max-video-preview:-1\" \/>\n<link rel=\"canonical\" href=\"https:\/\/poblenouurbandistrict.com\/es\/la-ruta-gastronomica-de-loff-llum-bcn-2024\/\" \/>\n<meta property=\"og:locale\" content=\"es_ES\" \/>\n<meta property=\"og:type\" content=\"article\" \/>\n<meta property=\"og:title\" content=\"La ruta gastron\u00f3mica del Off Llum Bcn 2024 &#8211; Poblenou Urban District\" \/>\n<meta property=\"og:description\" content=\"Este fin de semana se celebra el Off Llum Bcn con 11 instalaciones que iluminar\u00e1n el Distrito Creativo de Barcelona.... M\u00e1s \u2192\" \/>\n<meta property=\"og:url\" content=\"https:\/\/poblenouurbandistrict.com\/es\/la-ruta-gastronomica-de-loff-llum-bcn-2024\/\" \/>\n<meta property=\"og:site_name\" content=\"Poblenou Urban District\" \/>\n<meta property=\"article:published_time\" content=\"2024-02-01T11:56:40+00:00\" \/>\n<meta property=\"article:modified_time\" content=\"2024-02-03T15:41:19+00:00\" \/>\n<meta property=\"og:image\" content=\"https:\/\/poblenouurbandistrict.com\/wp-content\/uploads\/2024\/02\/ec10630d-baa1-42a7-8ac6-60154a7a64eb.jpg\" \/>\n\t<meta property=\"og:image:width\" content=\"1170\" \/>\n\t<meta property=\"og:image:height\" content=\"786\" \/>\n\t<meta property=\"og:image:type\" content=\"image\/jpeg\" \/>\n<meta name=\"author\" content=\"pnud\" \/>\n<meta name=\"twitter:card\" content=\"summary_large_image\" \/>\n<meta name=\"twitter:label1\" content=\"Escrito por\" \/>\n\t<meta name=\"twitter:data1\" content=\"pnud\" \/>\n\t<meta name=\"twitter:label2\" content=\"Tiempo de lectura\" \/>\n\t<meta name=\"twitter:data2\" content=\"8 minutos\" \/>\n<script type=\"application\/ld+json\" class=\"yoast-schema-graph\">{\"@context\":\"https:\\\/\\\/schema.org\",\"@graph\":[{\"@type\":\"Article\",\"@id\":\"https:\\\/\\\/poblenouurbandistrict.com\\\/la-ruta-gastronomica-de-loff-llum-bcn-2024\\\/#article\",\"isPartOf\":{\"@id\":\"https:\\\/\\\/poblenouurbandistrict.com\\\/la-ruta-gastronomica-de-loff-llum-bcn-2024\\\/\"},\"author\":{\"name\":\"pnud\",\"@id\":\"https:\\\/\\\/poblenouurbandistrict.com\\\/#\\\/schema\\\/person\\\/980a2cf34b399d5218205730acd54a7e\"},\"headline\":\"La ruta gastron\u00f3mica del Off Llum Bcn 2024\",\"datePublished\":\"2024-02-01T11:56:40+00:00\",\"dateModified\":\"2024-02-03T15:41:19+00:00\",\"mainEntityOfPage\":{\"@id\":\"https:\\\/\\\/poblenouurbandistrict.com\\\/la-ruta-gastronomica-de-loff-llum-bcn-2024\\\/\"},\"wordCount\":3106,\"image\":{\"@id\":\"https:\\\/\\\/poblenouurbandistrict.com\\\/la-ruta-gastronomica-de-loff-llum-bcn-2024\\\/#primaryimage\"},\"thumbnailUrl\":\"https:\\\/\\\/media.poblenouurbandistrict.com\\\/2024\\\/02\\\/25071250\\\/ec10630d-baa1-42a7-8ac6-60154a7a64eb.jpg\",\"articleSection\":[\"Off Llum BCN\"],\"inLanguage\":\"es\"},{\"@type\":\"WebPage\",\"@id\":\"https:\\\/\\\/poblenouurbandistrict.com\\\/es\\\/la-ruta-gastronomica-de-loff-llum-bcn-2024\\\/\",\"url\":\"https:\\\/\\\/poblenouurbandistrict.com\\\/es\\\/la-ruta-gastronomica-de-loff-llum-bcn-2024\\\/\",\"name\":\"La ruta gastron\u00f3mica del Off Llum Bcn 2024 &#8211; Poblenou Urban District\",\"isPartOf\":{\"@id\":\"https:\\\/\\\/poblenouurbandistrict.com\\\/es\\\/#website\"},\"primaryImageOfPage\":{\"@id\":\"https:\\\/\\\/poblenouurbandistrict.com\\\/es\\\/la-ruta-gastronomica-de-loff-llum-bcn-2024\\\/#primaryimage\"},\"image\":{\"@id\":\"https:\\\/\\\/poblenouurbandistrict.com\\\/la-ruta-gastronomica-de-loff-llum-bcn-2024\\\/#primaryimage\"},\"thumbnailUrl\":\"https:\\\/\\\/media.poblenouurbandistrict.com\\\/2024\\\/02\\\/25071250\\\/ec10630d-baa1-42a7-8ac6-60154a7a64eb.jpg\",\"datePublished\":\"2024-02-01T11:56:40+00:00\",\"dateModified\":\"2024-02-03T15:41:19+00:00\",\"author\":{\"@id\":\"https:\\\/\\\/poblenouurbandistrict.com\\\/#\\\/schema\\\/person\\\/980a2cf34b399d5218205730acd54a7e\"},\"breadcrumb\":{\"@id\":\"https:\\\/\\\/poblenouurbandistrict.com\\\/es\\\/la-ruta-gastronomica-de-loff-llum-bcn-2024\\\/#breadcrumb\"},\"inLanguage\":\"es\",\"potentialAction\":[{\"@type\":\"ReadAction\",\"target\":[[\"https:\\\/\\\/poblenouurbandistrict.com\\\/es\\\/la-ruta-gastronomica-de-loff-llum-bcn-2024\\\/\"]]}]},{\"@type\":\"ImageObject\",\"inLanguage\":\"es\",\"@id\":\"https:\\\/\\\/poblenouurbandistrict.com\\\/es\\\/la-ruta-gastronomica-de-loff-llum-bcn-2024\\\/#primaryimage\",\"url\":\"https:\\\/\\\/media.poblenouurbandistrict.com\\\/2024\\\/02\\\/25071250\\\/ec10630d-baa1-42a7-8ac6-60154a7a64eb.jpg\",\"contentUrl\":\"https:\\\/\\\/media.poblenouurbandistrict.com\\\/2024\\\/02\\\/25071250\\\/ec10630d-baa1-42a7-8ac6-60154a7a64eb.jpg\",\"width\":1170,\"height\":786},{\"@type\":\"BreadcrumbList\",\"@id\":\"https:\\\/\\\/poblenouurbandistrict.com\\\/es\\\/la-ruta-gastronomica-de-loff-llum-bcn-2024\\\/#breadcrumb\",\"itemListElement\":[{\"@type\":\"ListItem\",\"position\":1,\"name\":\"Home\",\"item\":\"https:\\\/\\\/poblenouurbandistrict.com\\\/es\\\/\"},{\"@type\":\"ListItem\",\"position\":2,\"name\":\"La ruta gastron\u00f2mica de l&#8217;Off Llum Bcn 2024\"}]},{\"@type\":\"WebSite\",\"@id\":\"https:\\\/\\\/poblenouurbandistrict.com\\\/es\\\/#website\",\"url\":\"https:\\\/\\\/poblenouurbandistrict.com\\\/es\\\/\",\"name\":\"Poblenou Urban District\",\"description\":\"Comunidad Creativa\",\"potentialAction\":[{\"@type\":\"SearchAction\",\"target\":{\"@type\":\"EntryPoint\",\"urlTemplate\":\"https:\\\/\\\/poblenouurbandistrict.com\\\/es\\\/?s={search_term_string}\"},\"query-input\":{\"@type\":\"PropertyValueSpecification\",\"valueRequired\":true,\"valueName\":\"search_term_string\"}}],\"inLanguage\":\"es\"},{\"@type\":\"Person\",\"@id\":\"https:\\\/\\\/poblenouurbandistrict.com\\\/#\\\/schema\\\/person\\\/980a2cf34b399d5218205730acd54a7e\",\"name\":\"pnud\",\"image\":{\"@type\":\"ImageObject\",\"inLanguage\":\"es\",\"@id\":\"https:\\\/\\\/secure.gravatar.com\\\/avatar\\\/67146597b405ee077a24e519f75c3e2031736596d6ce35af3a34c122c93d0d7b?s=96&d=retro&r=g\",\"url\":\"https:\\\/\\\/secure.gravatar.com\\\/avatar\\\/67146597b405ee077a24e519f75c3e2031736596d6ce35af3a34c122c93d0d7b?s=96&d=retro&r=g\",\"contentUrl\":\"https:\\\/\\\/secure.gravatar.com\\\/avatar\\\/67146597b405ee077a24e519f75c3e2031736596d6ce35af3a34c122c93d0d7b?s=96&d=retro&r=g\",\"caption\":\"pnud\"}}]}<\/script>\n<!-- \/ Yoast SEO plugin. -->","yoast_head_json":{"title":"La ruta gastron\u00f3mica del Off Llum Bcn 2024 &#8211; Poblenou Urban District","robots":{"index":"index","follow":"follow","max-snippet":"max-snippet:-1","max-image-preview":"max-image-preview:large","max-video-preview":"max-video-preview:-1"},"canonical":"https:\/\/poblenouurbandistrict.com\/es\/la-ruta-gastronomica-de-loff-llum-bcn-2024\/","og_locale":"es_ES","og_type":"article","og_title":"La ruta gastron\u00f3mica del Off Llum Bcn 2024 &#8211; Poblenou Urban District","og_description":"Este fin de semana se celebra el Off Llum Bcn con 11 instalaciones que iluminar\u00e1n el Distrito Creativo de Barcelona.... M\u00e1s \u2192","og_url":"https:\/\/poblenouurbandistrict.com\/es\/la-ruta-gastronomica-de-loff-llum-bcn-2024\/","og_site_name":"Poblenou Urban District","article_published_time":"2024-02-01T11:56:40+00:00","article_modified_time":"2024-02-03T15:41:19+00:00","og_image":[{"width":1170,"height":786,"url":"https:\/\/poblenouurbandistrict.com\/wp-content\/uploads\/2024\/02\/ec10630d-baa1-42a7-8ac6-60154a7a64eb.jpg","type":"image\/jpeg"}],"author":"pnud","twitter_card":"summary_large_image","twitter_misc":{"Escrito por":"pnud","Tiempo de lectura":"8 minutos"},"schema":{"@context":"https:\/\/schema.org","@graph":[{"@type":"Article","@id":"https:\/\/poblenouurbandistrict.com\/la-ruta-gastronomica-de-loff-llum-bcn-2024\/#article","isPartOf":{"@id":"https:\/\/poblenouurbandistrict.com\/la-ruta-gastronomica-de-loff-llum-bcn-2024\/"},"author":{"name":"pnud","@id":"https:\/\/poblenouurbandistrict.com\/#\/schema\/person\/980a2cf34b399d5218205730acd54a7e"},"headline":"La ruta gastron\u00f3mica del Off Llum Bcn 2024","datePublished":"2024-02-01T11:56:40+00:00","dateModified":"2024-02-03T15:41:19+00:00","mainEntityOfPage":{"@id":"https:\/\/poblenouurbandistrict.com\/la-ruta-gastronomica-de-loff-llum-bcn-2024\/"},"wordCount":3106,"image":{"@id":"https:\/\/poblenouurbandistrict.com\/la-ruta-gastronomica-de-loff-llum-bcn-2024\/#primaryimage"},"thumbnailUrl":"https:\/\/media.poblenouurbandistrict.com\/2024\/02\/25071250\/ec10630d-baa1-42a7-8ac6-60154a7a64eb.jpg","articleSection":["Off Llum BCN"],"inLanguage":"es"},{"@type":"WebPage","@id":"https:\/\/poblenouurbandistrict.com\/es\/la-ruta-gastronomica-de-loff-llum-bcn-2024\/","url":"https:\/\/poblenouurbandistrict.com\/es\/la-ruta-gastronomica-de-loff-llum-bcn-2024\/","name":"La ruta gastron\u00f3mica del Off Llum Bcn 2024 &#8211; Poblenou Urban District","isPartOf":{"@id":"https:\/\/poblenouurbandistrict.com\/es\/#website"},"primaryImageOfPage":{"@id":"https:\/\/poblenouurbandistrict.com\/es\/la-ruta-gastronomica-de-loff-llum-bcn-2024\/#primaryimage"},"image":{"@id":"https:\/\/poblenouurbandistrict.com\/la-ruta-gastronomica-de-loff-llum-bcn-2024\/#primaryimage"},"thumbnailUrl":"https:\/\/media.poblenouurbandistrict.com\/2024\/02\/25071250\/ec10630d-baa1-42a7-8ac6-60154a7a64eb.jpg","datePublished":"2024-02-01T11:56:40+00:00","dateModified":"2024-02-03T15:41:19+00:00","author":{"@id":"https:\/\/poblenouurbandistrict.com\/#\/schema\/person\/980a2cf34b399d5218205730acd54a7e"},"breadcrumb":{"@id":"https:\/\/poblenouurbandistrict.com\/es\/la-ruta-gastronomica-de-loff-llum-bcn-2024\/#breadcrumb"},"inLanguage":"es","potentialAction":[{"@type":"ReadAction","target":[["https:\/\/poblenouurbandistrict.com\/es\/la-ruta-gastronomica-de-loff-llum-bcn-2024\/"]]}]},{"@type":"ImageObject","inLanguage":"es","@id":"https:\/\/poblenouurbandistrict.com\/es\/la-ruta-gastronomica-de-loff-llum-bcn-2024\/#primaryimage","url":"https:\/\/media.poblenouurbandistrict.com\/2024\/02\/25071250\/ec10630d-baa1-42a7-8ac6-60154a7a64eb.jpg","contentUrl":"https:\/\/media.poblenouurbandistrict.com\/2024\/02\/25071250\/ec10630d-baa1-42a7-8ac6-60154a7a64eb.jpg","width":1170,"height":786},{"@type":"BreadcrumbList","@id":"https:\/\/poblenouurbandistrict.com\/es\/la-ruta-gastronomica-de-loff-llum-bcn-2024\/#breadcrumb","itemListElement":[{"@type":"ListItem","position":1,"name":"Home","item":"https:\/\/poblenouurbandistrict.com\/es\/"},{"@type":"ListItem","position":2,"name":"La ruta gastron\u00f2mica de l&#8217;Off Llum Bcn 2024"}]},{"@type":"WebSite","@id":"https:\/\/poblenouurbandistrict.com\/es\/#website","url":"https:\/\/poblenouurbandistrict.com\/es\/","name":"Poblenou Urban District","description":"Comunidad Creativa","potentialAction":[{"@type":"SearchAction","target":{"@type":"EntryPoint","urlTemplate":"https:\/\/poblenouurbandistrict.com\/es\/?s={search_term_string}"},"query-input":{"@type":"PropertyValueSpecification","valueRequired":true,"valueName":"search_term_string"}}],"inLanguage":"es"},{"@type":"Person","@id":"https:\/\/poblenouurbandistrict.com\/#\/schema\/person\/980a2cf34b399d5218205730acd54a7e","name":"pnud","image":{"@type":"ImageObject","inLanguage":"es","@id":"https:\/\/secure.gravatar.com\/avatar\/67146597b405ee077a24e519f75c3e2031736596d6ce35af3a34c122c93d0d7b?s=96&d=retro&r=g","url":"https:\/\/secure.gravatar.com\/avatar\/67146597b405ee077a24e519f75c3e2031736596d6ce35af3a34c122c93d0d7b?s=96&d=retro&r=g","contentUrl":"https:\/\/secure.gravatar.com\/avatar\/67146597b405ee077a24e519f75c3e2031736596d6ce35af3a34c122c93d0d7b?s=96&d=retro&r=g","caption":"pnud"}}]}},"_links":{"self":[{"href":"https:\/\/poblenouurbandistrict.com\/es\/wp-json\/wp\/v2\/posts\/44188","targetHints":{"allow":["GET"]}}],"collection":[{"href":"https:\/\/poblenouurbandistrict.com\/es\/wp-json\/wp\/v2\/posts"}],"about":[{"href":"https:\/\/poblenouurbandistrict.com\/es\/wp-json\/wp\/v2\/types\/post"}],"author":[{"embeddable":true,"href":"https:\/\/poblenouurbandistrict.com\/es\/wp-json\/wp\/v2\/users\/5"}],"replies":[{"embeddable":true,"href":"https:\/\/poblenouurbandistrict.com\/es\/wp-json\/wp\/v2\/comments?post=44188"}],"version-history":[{"count":55,"href":"https:\/\/poblenouurbandistrict.com\/es\/wp-json\/wp\/v2\/posts\/44188\/revisions"}],"predecessor-version":[{"id":44370,"href":"https:\/\/poblenouurbandistrict.com\/es\/wp-json\/wp\/v2\/posts\/44188\/revisions\/44370"}],"wp:featuredmedia":[{"embeddable":true,"href":"https:\/\/poblenouurbandistrict.com\/es\/wp-json\/wp\/v2\/media\/44283"}],"wp:attachment":[{"href":"https:\/\/poblenouurbandistrict.com\/es\/wp-json\/wp\/v2\/media?parent=44188"}],"wp:term":[{"taxonomy":"category","embeddable":true,"href":"https:\/\/poblenouurbandistrict.com\/es\/wp-json\/wp\/v2\/categories?post=44188"},{"taxonomy":"post_tag","embeddable":true,"href":"https:\/\/poblenouurbandistrict.com\/es\/wp-json\/wp\/v2\/tags?post=44188"}],"curies":[{"name":"wp","href":"https:\/\/api.w.org\/{rel}","templated":true}]}}