{"id":44260,"date":"2024-02-01T15:35:11","date_gmt":"2024-02-01T14:35:11","guid":{"rendered":"https:\/\/poblenouurbandistrict.com\/?p=44260"},"modified":"2024-02-03T16:38:39","modified_gmt":"2024-02-03T15:38:39","slug":"les-installacions-de-loff-llum-bcn-brillen-amb-el-suport-dels-seus-collaboradors","status":"publish","type":"post","link":"https:\/\/poblenouurbandistrict.com\/es\/les-installacions-de-loff-llum-bcn-brillen-amb-el-suport-dels-seus-collaboradors\/","title":{"rendered":"Las instalaciones del Off Llum Bcn brillan con el apoyo de sus colaboradores"},"content":{"rendered":"<p>Los colaboradores tienen un papel fundamental en el \u00e9xito del <a href=\"https:\/\/poblenouurbandistrict.com\/ca\/off-llum-bcn-2024\/\">Off Llum Bcn<\/a>, contribuyendo a la magia de un circuito que promociona las artes lum\u00ednicas en un territorio reconocido por su creatividad, Poblenou.<\/p>\n<p>Su participaci\u00f3n y apoyo activo en la creaci\u00f3n de las instalaciones lum\u00ednicas no solo enriquece la propuesta art\u00edstica, sino que tambi\u00e9n ayuda a los artistas a materializar sus ideas. Estamos especialmente agradecidos a las nueve empresas que han contribuido a hacer brillar algo m\u00e1s el barrio de Poblenou.<\/p>\n<hr \/>\n<h3><a href=\"https:\/\/www.instagram.com\/bridge48studios\/?hl=es\"><b>Bridge 48<\/b><\/a><\/h3>\n<p><span style=\"font-weight: 400;\">Se definen como \u2018The House of Advanced Music\u2019, un proyecto creado por y para productores musicales y artistas. Cuenta con instalaciones de estudios de producci\u00f3n, <em>coworking<\/em>, servicios profesionales de mezcla y mastering, seminarios, workshops, <em>masterclass<\/em> y formaci\u00f3n especializada.<\/span><\/p>\n<p><strong>Colabora con \u00abMother&#8217;s Love\u00bb.<\/strong><\/p>\n<hr \/>\n<h3><a href=\"https:\/\/www.carlight.cat\/\"><b>Carlight<\/b><\/a><\/h3>\n<p>Empresa de servicios del espect\u00e1culo y del audiovisual, con m\u00e1s de 25 a\u00f1os de experiencia, especializados en todo tipo de acontecimientos y de producciones esc\u00e9nicas y audiovisuales. Carlight ha llevado siempre una doble trayectoria: teatro, danza y acontecimientos, por un lado, y TV y cine, de otra. La combinaci\u00f3n de estos dos mundos los ha enriquecido profesionalmente en los \u00e1mbitos tecnol\u00f3gicos, creativos y de organizaci\u00f3n.<\/p>\n<p><strong>Colabora con \u00abBaucis\u00bb.<\/strong><\/p>\n<hr \/>\n<h3><a href=\"https:\/\/www.fluge.es\/\"><b>Fluge<\/b><\/a><\/h3>\n<p><span style=\"font-weight: 400;\">Fluge es una de las principales empresas audiovisuales de Europa que nace en 1990 con la principal actividad de sonorizar actuaciones en directo. En pocos a\u00f1os, se ha establecido como un referente en el sector, enfoc\u00e1ndose en las necesidades de sus clientes, en la innovaci\u00f3n de los procedimientos de producci\u00f3n y en la adquisici\u00f3n de la \u00faltima tecnolog\u00eda audiovisual.<\/span><\/p>\n<p><strong>Colabora con \u00abEPICENTRO 48\u00bb.<\/strong><\/p>\n<hr \/>\n<h3><a href=\"https:\/\/www.indissoluble.com\/es\/\"><b>Indissoluble<\/b><\/a><\/h3>\n<p><span style=\"font-weight: 400;\">Equipo multidisciplinar especializado en dise\u00f1o y fabricaci\u00f3n de espacios narrativos para marcas, exposiciones, eventos y museos. Desde 2004, sus principales servicios son la realizaci\u00f3n del montaje de exposiciones e instalaciones, el dise\u00f1o de showrooms con tecnolog\u00eda interactiva y materiales innovadores y stands para ferias y eventos.<\/span><\/p>\n<p><strong>Colabora con \u00abOff Stories\u00bb y \u00abThe Puffertons\u00bb.<\/strong><\/p>\n<hr \/>\n<h3><a href=\"https:\/\/lluria.com\/\"><b>Lluria<\/b><\/a><\/h3>\n<p><span style=\"font-weight: 400;\">Empresa con m\u00e1s de 38 a\u00f1os de experiencia en el sector de la iluminaci\u00f3n, con sede en Montmel\u00f3. Lluria est\u00e1 especializada en proyectos de iluminaci\u00f3n lineal LED DIGITAL y luminarias a medida y colabora con los mejores dise\u00f1adores de iluminaci\u00f3n, arquitectos, ingenieros y dise\u00f1adores de interiores, gui\u00e1ndolos desde el desarrollo de productos hasta la creaci\u00f3n de soluciones espec\u00edficas.\u00a0<\/span><\/p>\n<p><strong>Colabora con \u00abOff Stories\u00bb, \u00abc-58PK0 1:12\u00bb y \u00abBaucis\u00bb.<\/strong><\/p>\n<hr \/>\n<h3><a href=\"https:\/\/www.luznegra.net\/\"><b>Luz Negra<\/b><\/a><\/h3>\n<p><span style=\"font-weight: 400;\">Empresa consolidada con 36 a\u00f1os de trayectoria, especializada en iluminaci\u00f3n LED y lineal. Ubicada en Barcelona, con dos delegaciones en Madrid y Par\u00eds, Luz Negra tiene una presencia destacada en el mercado espa\u00f1ol e internacional, comprometida con la sostenibilidad y la innovaci\u00f3n.<\/span><\/p>\n<p><strong>Colabora con \u00abEPICENTRO 48\u00bb.<\/strong><\/p>\n<hr \/>\n<h3><a href=\"https:\/\/mappingworld-lab.com\/en\/\"><b>Mapping World Lab<\/b><\/a><\/h3>\n<p><span style=\"font-weight: 400;\">Fusionan la tecnolog\u00eda de vanguardia y el arte para crear experiencias audiovisuales \u00fanicas. Ofrecen experiencias de gran impacto al usuario, especializ\u00e1ndose en creaci\u00f3n de contenido visual y t\u00e9cnica para espect\u00e1culos audiovisuales y exclusivos que capturan la esencia de los eventos.<\/span><\/p>\n<p><strong>Colabora con \u00abQuadratic\u00bb.<\/strong><\/p>\n<hr \/>\n<h3><a href=\"https:\/\/www.sono.es\/\"><b>Sono<\/b><\/a><\/h3>\n<p><span style=\"font-weight: 400;\">Empresa de referencia en el \u00e1mbito de la ingenier\u00eda audiovisual. Dise\u00f1an y realizan montajes e instalaciones audiovisuales de espacios ef\u00edmeros, as\u00ed como el desarrollo integral de instalaciones para proyectos corporativos, culturales o museogr\u00e1ficos. Desde 1972, apuestan por la innovaci\u00f3n aplicando la creatividad y las tecnolog\u00edas audiovisuales.<\/span><\/p>\n<p><strong>Colabora con \u00abQuadratic\u00bb.<\/strong><\/p>\n<hr \/>\n<h3><a href=\"https:\/\/sugarsoundrental.com\/en\/\"><b>Sugar Sound Rental<\/b><\/a><\/h3>\n<p><span style=\"font-weight: 400;\">Empresa integral de servicios audiovisuales especializada en el alquiler de equipos de sonido e iluminaci\u00f3n para eventos. Cuenta con todo tipo de materiales, desde altavoces, subgraves, micr\u00f3fonos, equipos de DJ, as\u00ed como iluminaci\u00f3n y estructuras. Su equipo est\u00e1 formado por t\u00e9cnicos con m\u00e1s de diez a\u00f1os de experiencia en el sector, encargados tanto del montaje como de la asistencia t\u00e9cnica durante todo el evento.<\/span><\/p>\n<p><strong>Colabora con \u00abDatos, Luz y Zumbidos\u00bb, \u00abThe Puffertons\u00bb y \u00abBaucis\u00bb.<\/strong><\/p>\n<hr \/>\n<p>Tambi\u00e9n agradecemos el trabajo a Susana Almonacid, project manager de tres instalaciones del Off Llum Bcn.<\/p>\n<p>&nbsp;<\/p>","protected":false},"excerpt":{"rendered":"<p>Los colaboradores tienen un papel fundamental en el \u00e9xito del Off Llum Bcn, contribuyendo a la magia de un circuito&#8230; <a href=\"https:\/\/poblenouurbandistrict.com\/es\/les-installacions-de-loff-llum-bcn-brillen-amb-el-suport-dels-seus-collaboradors\/\">M\u00e1s  \u2192<\/a><\/p>\n","protected":false},"author":5,"featured_media":44062,"comment_status":"closed","ping_status":"closed","sticky":false,"template":"","format":"standard","meta":{"_acf_changed":false,"footnotes":""},"categories":[3548],"tags":[],"class_list":["post-44260","post","type-post","status-publish","format-standard","has-post-thumbnail","hentry","category-off-llum-bcn"],"acf":[],"yoast_head":"<!-- This site is optimized with the Yoast SEO plugin v27.4 - https:\/\/yoast.com\/product\/yoast-seo-wordpress\/ -->\n<title>Las instalaciones del Off Llum Bcn brillan con el apoyo de sus colaboradores &#8211; Poblenou Urban District<\/title>\n<meta name=\"robots\" content=\"index, follow, max-snippet:-1, max-image-preview:large, max-video-preview:-1\" \/>\n<link rel=\"canonical\" href=\"https:\/\/poblenouurbandistrict.com\/es\/les-installacions-de-loff-llum-bcn-brillen-amb-el-suport-dels-seus-collaboradors\/\" \/>\n<meta property=\"og:locale\" content=\"es_ES\" \/>\n<meta property=\"og:type\" content=\"article\" \/>\n<meta property=\"og:title\" content=\"Las instalaciones del Off Llum Bcn brillan con el apoyo de sus colaboradores &#8211; Poblenou Urban District\" \/>\n<meta property=\"og:description\" content=\"Los colaboradores tienen un papel fundamental en el \u00e9xito del Off Llum Bcn, contribuyendo a la magia de un circuito... M\u00e1s \u2192\" \/>\n<meta property=\"og:url\" content=\"https:\/\/poblenouurbandistrict.com\/es\/les-installacions-de-loff-llum-bcn-brillen-amb-el-suport-dels-seus-collaboradors\/\" \/>\n<meta property=\"og:site_name\" content=\"Poblenou Urban District\" \/>\n<meta property=\"article:published_time\" content=\"2024-02-01T14:35:11+00:00\" \/>\n<meta property=\"article:modified_time\" content=\"2024-02-03T15:38:39+00:00\" \/>\n<meta property=\"og:image\" content=\"https:\/\/poblenouurbandistrict.com\/wp-content\/uploads\/2024\/01\/mapa-off-llum24-03-4-1-scaled.jpg\" \/>\n\t<meta property=\"og:image:width\" content=\"2560\" \/>\n\t<meta property=\"og:image:height\" content=\"1707\" \/>\n\t<meta property=\"og:image:type\" content=\"image\/jpeg\" \/>\n<meta name=\"author\" content=\"pnud\" \/>\n<meta name=\"twitter:card\" content=\"summary_large_image\" \/>\n<meta name=\"twitter:label1\" content=\"Escrito por\" \/>\n\t<meta name=\"twitter:data1\" content=\"pnud\" \/>\n\t<meta name=\"twitter:label2\" content=\"Tiempo de lectura\" \/>\n\t<meta name=\"twitter:data2\" content=\"4 minutos\" \/>\n<script type=\"application\/ld+json\" class=\"yoast-schema-graph\">{\"@context\":\"https:\\\/\\\/schema.org\",\"@graph\":[{\"@type\":\"Article\",\"@id\":\"https:\\\/\\\/poblenouurbandistrict.com\\\/les-installacions-de-loff-llum-bcn-brillen-amb-el-suport-dels-seus-collaboradors\\\/#article\",\"isPartOf\":{\"@id\":\"https:\\\/\\\/poblenouurbandistrict.com\\\/les-installacions-de-loff-llum-bcn-brillen-amb-el-suport-dels-seus-collaboradors\\\/\"},\"author\":{\"name\":\"pnud\",\"@id\":\"https:\\\/\\\/poblenouurbandistrict.com\\\/#\\\/schema\\\/person\\\/980a2cf34b399d5218205730acd54a7e\"},\"headline\":\"Las instalaciones del Off Llum Bcn brillan con el apoyo de sus colaboradores\",\"datePublished\":\"2024-02-01T14:35:11+00:00\",\"dateModified\":\"2024-02-03T15:38:39+00:00\",\"mainEntityOfPage\":{\"@id\":\"https:\\\/\\\/poblenouurbandistrict.com\\\/les-installacions-de-loff-llum-bcn-brillen-amb-el-suport-dels-seus-collaboradors\\\/\"},\"wordCount\":1410,\"image\":{\"@id\":\"https:\\\/\\\/poblenouurbandistrict.com\\\/les-installacions-de-loff-llum-bcn-brillen-amb-el-suport-dels-seus-collaboradors\\\/#primaryimage\"},\"thumbnailUrl\":\"https:\\\/\\\/media.poblenouurbandistrict.com\\\/2024\\\/01\\\/25071154\\\/mapa-off-llum24-03-4-1-scaled.jpg\",\"articleSection\":[\"Off Llum BCN\"],\"inLanguage\":\"es\"},{\"@type\":\"WebPage\",\"@id\":\"https:\\\/\\\/poblenouurbandistrict.com\\\/es\\\/les-installacions-de-loff-llum-bcn-brillen-amb-el-suport-dels-seus-collaboradors\\\/\",\"url\":\"https:\\\/\\\/poblenouurbandistrict.com\\\/es\\\/les-installacions-de-loff-llum-bcn-brillen-amb-el-suport-dels-seus-collaboradors\\\/\",\"name\":\"Las instalaciones del Off Llum Bcn brillan con el apoyo de sus colaboradores &#8211; Poblenou Urban District\",\"isPartOf\":{\"@id\":\"https:\\\/\\\/poblenouurbandistrict.com\\\/es\\\/#website\"},\"primaryImageOfPage\":{\"@id\":\"https:\\\/\\\/poblenouurbandistrict.com\\\/es\\\/les-installacions-de-loff-llum-bcn-brillen-amb-el-suport-dels-seus-collaboradors\\\/#primaryimage\"},\"image\":{\"@id\":\"https:\\\/\\\/poblenouurbandistrict.com\\\/les-installacions-de-loff-llum-bcn-brillen-amb-el-suport-dels-seus-collaboradors\\\/#primaryimage\"},\"thumbnailUrl\":\"https:\\\/\\\/media.poblenouurbandistrict.com\\\/2024\\\/01\\\/25071154\\\/mapa-off-llum24-03-4-1-scaled.jpg\",\"datePublished\":\"2024-02-01T14:35:11+00:00\",\"dateModified\":\"2024-02-03T15:38:39+00:00\",\"author\":{\"@id\":\"https:\\\/\\\/poblenouurbandistrict.com\\\/#\\\/schema\\\/person\\\/980a2cf34b399d5218205730acd54a7e\"},\"breadcrumb\":{\"@id\":\"https:\\\/\\\/poblenouurbandistrict.com\\\/es\\\/les-installacions-de-loff-llum-bcn-brillen-amb-el-suport-dels-seus-collaboradors\\\/#breadcrumb\"},\"inLanguage\":\"es\",\"potentialAction\":[{\"@type\":\"ReadAction\",\"target\":[[\"https:\\\/\\\/poblenouurbandistrict.com\\\/es\\\/les-installacions-de-loff-llum-bcn-brillen-amb-el-suport-dels-seus-collaboradors\\\/\"]]}]},{\"@type\":\"ImageObject\",\"inLanguage\":\"es\",\"@id\":\"https:\\\/\\\/poblenouurbandistrict.com\\\/es\\\/les-installacions-de-loff-llum-bcn-brillen-amb-el-suport-dels-seus-collaboradors\\\/#primaryimage\",\"url\":\"https:\\\/\\\/media.poblenouurbandistrict.com\\\/2024\\\/01\\\/25071154\\\/mapa-off-llum24-03-4-1-scaled.jpg\",\"contentUrl\":\"https:\\\/\\\/media.poblenouurbandistrict.com\\\/2024\\\/01\\\/25071154\\\/mapa-off-llum24-03-4-1-scaled.jpg\",\"width\":2560,\"height\":1707},{\"@type\":\"BreadcrumbList\",\"@id\":\"https:\\\/\\\/poblenouurbandistrict.com\\\/es\\\/les-installacions-de-loff-llum-bcn-brillen-amb-el-suport-dels-seus-collaboradors\\\/#breadcrumb\",\"itemListElement\":[{\"@type\":\"ListItem\",\"position\":1,\"name\":\"Home\",\"item\":\"https:\\\/\\\/poblenouurbandistrict.com\\\/es\\\/\"},{\"@type\":\"ListItem\",\"position\":2,\"name\":\"Les instal\u00b7lacions de l&#8217;Off Llum Bcn brillen amb el suport dels seus col\u00b7laboradors\"}]},{\"@type\":\"WebSite\",\"@id\":\"https:\\\/\\\/poblenouurbandistrict.com\\\/es\\\/#website\",\"url\":\"https:\\\/\\\/poblenouurbandistrict.com\\\/es\\\/\",\"name\":\"Poblenou Urban District\",\"description\":\"Comunidad Creativa\",\"potentialAction\":[{\"@type\":\"SearchAction\",\"target\":{\"@type\":\"EntryPoint\",\"urlTemplate\":\"https:\\\/\\\/poblenouurbandistrict.com\\\/es\\\/?s={search_term_string}\"},\"query-input\":{\"@type\":\"PropertyValueSpecification\",\"valueRequired\":true,\"valueName\":\"search_term_string\"}}],\"inLanguage\":\"es\"},{\"@type\":\"Person\",\"@id\":\"https:\\\/\\\/poblenouurbandistrict.com\\\/#\\\/schema\\\/person\\\/980a2cf34b399d5218205730acd54a7e\",\"name\":\"pnud\",\"image\":{\"@type\":\"ImageObject\",\"inLanguage\":\"es\",\"@id\":\"https:\\\/\\\/secure.gravatar.com\\\/avatar\\\/67146597b405ee077a24e519f75c3e2031736596d6ce35af3a34c122c93d0d7b?s=96&d=retro&r=g\",\"url\":\"https:\\\/\\\/secure.gravatar.com\\\/avatar\\\/67146597b405ee077a24e519f75c3e2031736596d6ce35af3a34c122c93d0d7b?s=96&d=retro&r=g\",\"contentUrl\":\"https:\\\/\\\/secure.gravatar.com\\\/avatar\\\/67146597b405ee077a24e519f75c3e2031736596d6ce35af3a34c122c93d0d7b?s=96&d=retro&r=g\",\"caption\":\"pnud\"}}]}<\/script>\n<!-- \/ Yoast SEO plugin. -->","yoast_head_json":{"title":"Las instalaciones del Off Llum Bcn brillan con el apoyo de sus colaboradores &#8211; Poblenou Urban District","robots":{"index":"index","follow":"follow","max-snippet":"max-snippet:-1","max-image-preview":"max-image-preview:large","max-video-preview":"max-video-preview:-1"},"canonical":"https:\/\/poblenouurbandistrict.com\/es\/les-installacions-de-loff-llum-bcn-brillen-amb-el-suport-dels-seus-collaboradors\/","og_locale":"es_ES","og_type":"article","og_title":"Las instalaciones del Off Llum Bcn brillan con el apoyo de sus colaboradores &#8211; Poblenou Urban District","og_description":"Los colaboradores tienen un papel fundamental en el \u00e9xito del Off Llum Bcn, contribuyendo a la magia de un circuito... M\u00e1s \u2192","og_url":"https:\/\/poblenouurbandistrict.com\/es\/les-installacions-de-loff-llum-bcn-brillen-amb-el-suport-dels-seus-collaboradors\/","og_site_name":"Poblenou Urban District","article_published_time":"2024-02-01T14:35:11+00:00","article_modified_time":"2024-02-03T15:38:39+00:00","og_image":[{"width":2560,"height":1707,"url":"https:\/\/poblenouurbandistrict.com\/wp-content\/uploads\/2024\/01\/mapa-off-llum24-03-4-1-scaled.jpg","type":"image\/jpeg"}],"author":"pnud","twitter_card":"summary_large_image","twitter_misc":{"Escrito por":"pnud","Tiempo de lectura":"4 minutos"},"schema":{"@context":"https:\/\/schema.org","@graph":[{"@type":"Article","@id":"https:\/\/poblenouurbandistrict.com\/les-installacions-de-loff-llum-bcn-brillen-amb-el-suport-dels-seus-collaboradors\/#article","isPartOf":{"@id":"https:\/\/poblenouurbandistrict.com\/les-installacions-de-loff-llum-bcn-brillen-amb-el-suport-dels-seus-collaboradors\/"},"author":{"name":"pnud","@id":"https:\/\/poblenouurbandistrict.com\/#\/schema\/person\/980a2cf34b399d5218205730acd54a7e"},"headline":"Las instalaciones del Off Llum Bcn brillan con el apoyo de sus colaboradores","datePublished":"2024-02-01T14:35:11+00:00","dateModified":"2024-02-03T15:38:39+00:00","mainEntityOfPage":{"@id":"https:\/\/poblenouurbandistrict.com\/les-installacions-de-loff-llum-bcn-brillen-amb-el-suport-dels-seus-collaboradors\/"},"wordCount":1410,"image":{"@id":"https:\/\/poblenouurbandistrict.com\/les-installacions-de-loff-llum-bcn-brillen-amb-el-suport-dels-seus-collaboradors\/#primaryimage"},"thumbnailUrl":"https:\/\/media.poblenouurbandistrict.com\/2024\/01\/25071154\/mapa-off-llum24-03-4-1-scaled.jpg","articleSection":["Off Llum BCN"],"inLanguage":"es"},{"@type":"WebPage","@id":"https:\/\/poblenouurbandistrict.com\/es\/les-installacions-de-loff-llum-bcn-brillen-amb-el-suport-dels-seus-collaboradors\/","url":"https:\/\/poblenouurbandistrict.com\/es\/les-installacions-de-loff-llum-bcn-brillen-amb-el-suport-dels-seus-collaboradors\/","name":"Las instalaciones del Off Llum Bcn brillan con el apoyo de sus colaboradores &#8211; Poblenou Urban District","isPartOf":{"@id":"https:\/\/poblenouurbandistrict.com\/es\/#website"},"primaryImageOfPage":{"@id":"https:\/\/poblenouurbandistrict.com\/es\/les-installacions-de-loff-llum-bcn-brillen-amb-el-suport-dels-seus-collaboradors\/#primaryimage"},"image":{"@id":"https:\/\/poblenouurbandistrict.com\/les-installacions-de-loff-llum-bcn-brillen-amb-el-suport-dels-seus-collaboradors\/#primaryimage"},"thumbnailUrl":"https:\/\/media.poblenouurbandistrict.com\/2024\/01\/25071154\/mapa-off-llum24-03-4-1-scaled.jpg","datePublished":"2024-02-01T14:35:11+00:00","dateModified":"2024-02-03T15:38:39+00:00","author":{"@id":"https:\/\/poblenouurbandistrict.com\/#\/schema\/person\/980a2cf34b399d5218205730acd54a7e"},"breadcrumb":{"@id":"https:\/\/poblenouurbandistrict.com\/es\/les-installacions-de-loff-llum-bcn-brillen-amb-el-suport-dels-seus-collaboradors\/#breadcrumb"},"inLanguage":"es","potentialAction":[{"@type":"ReadAction","target":[["https:\/\/poblenouurbandistrict.com\/es\/les-installacions-de-loff-llum-bcn-brillen-amb-el-suport-dels-seus-collaboradors\/"]]}]},{"@type":"ImageObject","inLanguage":"es","@id":"https:\/\/poblenouurbandistrict.com\/es\/les-installacions-de-loff-llum-bcn-brillen-amb-el-suport-dels-seus-collaboradors\/#primaryimage","url":"https:\/\/media.poblenouurbandistrict.com\/2024\/01\/25071154\/mapa-off-llum24-03-4-1-scaled.jpg","contentUrl":"https:\/\/media.poblenouurbandistrict.com\/2024\/01\/25071154\/mapa-off-llum24-03-4-1-scaled.jpg","width":2560,"height":1707},{"@type":"BreadcrumbList","@id":"https:\/\/poblenouurbandistrict.com\/es\/les-installacions-de-loff-llum-bcn-brillen-amb-el-suport-dels-seus-collaboradors\/#breadcrumb","itemListElement":[{"@type":"ListItem","position":1,"name":"Home","item":"https:\/\/poblenouurbandistrict.com\/es\/"},{"@type":"ListItem","position":2,"name":"Les instal\u00b7lacions de l&#8217;Off Llum Bcn brillen amb el suport dels seus col\u00b7laboradors"}]},{"@type":"WebSite","@id":"https:\/\/poblenouurbandistrict.com\/es\/#website","url":"https:\/\/poblenouurbandistrict.com\/es\/","name":"Poblenou Urban District","description":"Comunidad Creativa","potentialAction":[{"@type":"SearchAction","target":{"@type":"EntryPoint","urlTemplate":"https:\/\/poblenouurbandistrict.com\/es\/?s={search_term_string}"},"query-input":{"@type":"PropertyValueSpecification","valueRequired":true,"valueName":"search_term_string"}}],"inLanguage":"es"},{"@type":"Person","@id":"https:\/\/poblenouurbandistrict.com\/#\/schema\/person\/980a2cf34b399d5218205730acd54a7e","name":"pnud","image":{"@type":"ImageObject","inLanguage":"es","@id":"https:\/\/secure.gravatar.com\/avatar\/67146597b405ee077a24e519f75c3e2031736596d6ce35af3a34c122c93d0d7b?s=96&d=retro&r=g","url":"https:\/\/secure.gravatar.com\/avatar\/67146597b405ee077a24e519f75c3e2031736596d6ce35af3a34c122c93d0d7b?s=96&d=retro&r=g","contentUrl":"https:\/\/secure.gravatar.com\/avatar\/67146597b405ee077a24e519f75c3e2031736596d6ce35af3a34c122c93d0d7b?s=96&d=retro&r=g","caption":"pnud"}}]}},"_links":{"self":[{"href":"https:\/\/poblenouurbandistrict.com\/es\/wp-json\/wp\/v2\/posts\/44260","targetHints":{"allow":["GET"]}}],"collection":[{"href":"https:\/\/poblenouurbandistrict.com\/es\/wp-json\/wp\/v2\/posts"}],"about":[{"href":"https:\/\/poblenouurbandistrict.com\/es\/wp-json\/wp\/v2\/types\/post"}],"author":[{"embeddable":true,"href":"https:\/\/poblenouurbandistrict.com\/es\/wp-json\/wp\/v2\/users\/5"}],"replies":[{"embeddable":true,"href":"https:\/\/poblenouurbandistrict.com\/es\/wp-json\/wp\/v2\/comments?post=44260"}],"version-history":[{"count":29,"href":"https:\/\/poblenouurbandistrict.com\/es\/wp-json\/wp\/v2\/posts\/44260\/revisions"}],"predecessor-version":[{"id":44368,"href":"https:\/\/poblenouurbandistrict.com\/es\/wp-json\/wp\/v2\/posts\/44260\/revisions\/44368"}],"wp:featuredmedia":[{"embeddable":true,"href":"https:\/\/poblenouurbandistrict.com\/es\/wp-json\/wp\/v2\/media\/44062"}],"wp:attachment":[{"href":"https:\/\/poblenouurbandistrict.com\/es\/wp-json\/wp\/v2\/media?parent=44260"}],"wp:term":[{"taxonomy":"category","embeddable":true,"href":"https:\/\/poblenouurbandistrict.com\/es\/wp-json\/wp\/v2\/categories?post=44260"},{"taxonomy":"post_tag","embeddable":true,"href":"https:\/\/poblenouurbandistrict.com\/es\/wp-json\/wp\/v2\/tags?post=44260"}],"curies":[{"name":"wp","href":"https:\/\/api.w.org\/{rel}","templated":true}]}}