{"id":44383,"date":"2024-02-08T18:33:30","date_gmt":"2024-02-08T17:33:30","guid":{"rendered":"https:\/\/poblenouurbandistrict.com\/?p=44383"},"modified":"2024-02-09T18:25:01","modified_gmt":"2024-02-09T17:25:01","slug":"poblenou-urban-district-celebra-la-5a-edicio-de-loff-llum-bcn","status":"publish","type":"post","link":"https:\/\/poblenouurbandistrict.com\/es\/poblenou-urban-district-celebra-la-5a-edicio-de-loff-llum-bcn\/","title":{"rendered":"Poblenou Urban District celebra con \u00e9xito la 5\u00aa edici\u00f3n del Off Llum Bcn"},"content":{"rendered":"<p><span style=\"font-weight: 400;\">El fin de semana del 2, 3 y 4 de febrero, el Llum BCN y el Off Llum Bcn transformaron Poblenou en un espect\u00e1culo lum\u00ednico con alrededor de 40 instalaciones producidas por artistas locales e internacionales.<\/span><\/p>\n<p><span style=\"font-weight: 400;\">El Off Llum Bcn es el circuito alternativo, ideado por Poblenou Urban District, que acompa\u00f1a al Festival Llum BCN. En esta edici\u00f3n, presentamos 11 instalaciones lum\u00ednicas singulares e innovadoras de mediano y gran formato.<\/span><\/p>\n<p><span style=\"font-weight: 400;\">El \u00e9xito del Off Llum Bcn es posible gracias a la participaci\u00f3n de numerosos artistas, colaboradores y espacios. Pero tambi\u00e9n es posible gracias a todos vosotros que durante tres d\u00edas recorr\u00e9is las calles de Poblenou visitando y descubriendo la programaci\u00f3n lum\u00ednica.<\/span><\/p>\n<p><span style=\"font-weight: 400;\">Queremos dar las gracias a todas las personas implicadas en el proyecto. Sin vosotros, nada de esto ser\u00eda posible.<\/span><\/p>\n<p><span style=\"font-weight: 400;\">La participaci\u00f3n de los ocho espacios que han abierto sus puertas para acoger las 11 instalaciones: Razzmatazz, Bridge 48, FX Barcelona Film School, Indissoluble, BAU, The Folio Club, The Hoxton Poblenou y Rauric.\u00a0<\/span><\/p>\n<p><span style=\"font-weight: 400;\">Las propuestas de los 17 artistas que han estado trabajando durante semanas: DarkLight Studio, Inzist, Cerebralwwaves, Agustina Palazzo, Mario Garc\u00eda, Margalef, Joaquin Ferronato, Clementina de Miranda, Gonzalo Cortez, Fabricio Atahualpa, Nicol\u00e1s V\u00e1squez, Rub\u00e9n S\u00e1nchez, Max Mil\u00e0 Serra, BeatMe Lab, J\u00falia Rossinyol, Kevin Sake y Merc\u00e8 Lled\u00f3s.\u00a0<\/span><\/p>\n<p><span style=\"font-weight: 400;\">La ayuda de las siete empresas colaboradoras que han contribuido a la materializaci\u00f3n de las instalaciones: Carlight, Fluge, Lluria, Luz Negra, Mapping World Lab, Sono y Sugar Sound Rental.<\/span><\/p>\n<p><span style=\"font-weight: 400;\">Y, por supuesto, gracias a El \u00c1guila por acompa\u00f1arnos en todos nuestros proyectos como patrocinador oficial y al Ayuntamiento de Barcelona por apoyarnos siempre. <\/span><\/p>\n<p><span style=\"font-weight: 400;\">En esta ocasi\u00f3n, agradecemos muy especialmente a todo el equipo del Llum BCN por dejarnos formar parte de este maravilloso proyecto que ya se ha convertido en un referente de las artes lum\u00ednicas en la ciudad.<\/span><\/p>\n<p><span style=\"font-weight: 400;\">\u00a1Nos vemos el pr\u00f3ximo a\u00f1o con m\u00e1s creatividad, m\u00e1s instalaciones y sobre todo, m\u00e1s luz!<\/span><\/p>","protected":false},"excerpt":{"rendered":"<p>El fin de semana del 2, 3 y 4 de febrero, el Llum BCN y el Off Llum Bcn transformaron&#8230; <a href=\"https:\/\/poblenouurbandistrict.com\/es\/poblenou-urban-district-celebra-la-5a-edicio-de-loff-llum-bcn\/\">M\u00e1s  \u2192<\/a><\/p>\n","protected":false},"author":5,"featured_media":44435,"comment_status":"closed","ping_status":"closed","sticky":false,"template":"","format":"standard","meta":{"_acf_changed":false,"footnotes":""},"categories":[3548],"tags":[],"class_list":["post-44383","post","type-post","status-publish","format-standard","has-post-thumbnail","hentry","category-off-llum-bcn"],"acf":[],"yoast_head":"<!-- This site is optimized with the Yoast SEO plugin v27.5 - https:\/\/yoast.com\/product\/yoast-seo-wordpress\/ -->\n<title>Poblenou Urban District celebra con \u00e9xito la 5\u00aa edici\u00f3n del Off Llum Bcn &#8211; Poblenou Urban District<\/title>\n<meta name=\"robots\" content=\"index, follow, max-snippet:-1, max-image-preview:large, max-video-preview:-1\" \/>\n<link rel=\"canonical\" href=\"https:\/\/poblenouurbandistrict.com\/es\/poblenou-urban-district-celebra-la-5a-edicio-de-loff-llum-bcn\/\" \/>\n<meta property=\"og:locale\" content=\"es_ES\" \/>\n<meta property=\"og:type\" content=\"article\" \/>\n<meta property=\"og:title\" content=\"Poblenou Urban District celebra con \u00e9xito la 5\u00aa edici\u00f3n del Off Llum Bcn &#8211; Poblenou Urban District\" \/>\n<meta property=\"og:description\" content=\"El fin de semana del 2, 3 y 4 de febrero, el Llum BCN y el Off Llum Bcn transformaron... M\u00e1s \u2192\" \/>\n<meta property=\"og:url\" content=\"https:\/\/poblenouurbandistrict.com\/es\/poblenou-urban-district-celebra-la-5a-edicio-de-loff-llum-bcn\/\" \/>\n<meta property=\"og:site_name\" content=\"Poblenou Urban District\" \/>\n<meta property=\"article:published_time\" content=\"2024-02-08T17:33:30+00:00\" \/>\n<meta property=\"article:modified_time\" content=\"2024-02-09T17:25:01+00:00\" \/>\n<meta property=\"og:image\" content=\"https:\/\/poblenouurbandistrict.com\/wp-content\/uploads\/2024\/02\/offllum-190-scaled.jpg\" \/>\n\t<meta property=\"og:image:width\" content=\"2560\" \/>\n\t<meta property=\"og:image:height\" content=\"1703\" \/>\n\t<meta property=\"og:image:type\" content=\"image\/jpeg\" \/>\n<meta name=\"author\" content=\"pnud\" \/>\n<meta name=\"twitter:card\" content=\"summary_large_image\" \/>\n<meta name=\"twitter:label1\" content=\"Escrito por\" \/>\n\t<meta name=\"twitter:data1\" content=\"pnud\" \/>\n\t<meta name=\"twitter:label2\" content=\"Tiempo de lectura\" \/>\n\t<meta name=\"twitter:data2\" content=\"2 minutos\" \/>\n<script type=\"application\/ld+json\" class=\"yoast-schema-graph\">{\"@context\":\"https:\\\/\\\/schema.org\",\"@graph\":[{\"@type\":\"Article\",\"@id\":\"https:\\\/\\\/poblenouurbandistrict.com\\\/poblenou-urban-district-celebra-la-5a-edicio-de-loff-llum-bcn\\\/#article\",\"isPartOf\":{\"@id\":\"https:\\\/\\\/poblenouurbandistrict.com\\\/poblenou-urban-district-celebra-la-5a-edicio-de-loff-llum-bcn\\\/\"},\"author\":{\"name\":\"pnud\",\"@id\":\"https:\\\/\\\/poblenouurbandistrict.com\\\/#\\\/schema\\\/person\\\/980a2cf34b399d5218205730acd54a7e\"},\"headline\":\"Poblenou Urban District celebra con \u00e9xito la 5\u00aa edici\u00f3n del Off Llum Bcn\",\"datePublished\":\"2024-02-08T17:33:30+00:00\",\"dateModified\":\"2024-02-09T17:25:01+00:00\",\"mainEntityOfPage\":{\"@id\":\"https:\\\/\\\/poblenouurbandistrict.com\\\/poblenou-urban-district-celebra-la-5a-edicio-de-loff-llum-bcn\\\/\"},\"wordCount\":699,\"image\":{\"@id\":\"https:\\\/\\\/poblenouurbandistrict.com\\\/poblenou-urban-district-celebra-la-5a-edicio-de-loff-llum-bcn\\\/#primaryimage\"},\"thumbnailUrl\":\"https:\\\/\\\/media.poblenouurbandistrict.com\\\/2024\\\/02\\\/25071418\\\/offllum-190-scaled.jpg\",\"articleSection\":[\"Off Llum BCN\"],\"inLanguage\":\"es\"},{\"@type\":\"WebPage\",\"@id\":\"https:\\\/\\\/poblenouurbandistrict.com\\\/es\\\/poblenou-urban-district-celebra-la-5a-edicio-de-loff-llum-bcn\\\/\",\"url\":\"https:\\\/\\\/poblenouurbandistrict.com\\\/es\\\/poblenou-urban-district-celebra-la-5a-edicio-de-loff-llum-bcn\\\/\",\"name\":\"Poblenou Urban District celebra con \u00e9xito la 5\u00aa edici\u00f3n del Off Llum Bcn &#8211; Poblenou Urban District\",\"isPartOf\":{\"@id\":\"https:\\\/\\\/poblenouurbandistrict.com\\\/es\\\/#website\"},\"primaryImageOfPage\":{\"@id\":\"https:\\\/\\\/poblenouurbandistrict.com\\\/es\\\/poblenou-urban-district-celebra-la-5a-edicio-de-loff-llum-bcn\\\/#primaryimage\"},\"image\":{\"@id\":\"https:\\\/\\\/poblenouurbandistrict.com\\\/poblenou-urban-district-celebra-la-5a-edicio-de-loff-llum-bcn\\\/#primaryimage\"},\"thumbnailUrl\":\"https:\\\/\\\/media.poblenouurbandistrict.com\\\/2024\\\/02\\\/25071418\\\/offllum-190-scaled.jpg\",\"datePublished\":\"2024-02-08T17:33:30+00:00\",\"dateModified\":\"2024-02-09T17:25:01+00:00\",\"author\":{\"@id\":\"https:\\\/\\\/poblenouurbandistrict.com\\\/#\\\/schema\\\/person\\\/980a2cf34b399d5218205730acd54a7e\"},\"breadcrumb\":{\"@id\":\"https:\\\/\\\/poblenouurbandistrict.com\\\/es\\\/poblenou-urban-district-celebra-la-5a-edicio-de-loff-llum-bcn\\\/#breadcrumb\"},\"inLanguage\":\"es\",\"potentialAction\":[{\"@type\":\"ReadAction\",\"target\":[[\"https:\\\/\\\/poblenouurbandistrict.com\\\/es\\\/poblenou-urban-district-celebra-la-5a-edicio-de-loff-llum-bcn\\\/\"]]}]},{\"@type\":\"ImageObject\",\"inLanguage\":\"es\",\"@id\":\"https:\\\/\\\/poblenouurbandistrict.com\\\/es\\\/poblenou-urban-district-celebra-la-5a-edicio-de-loff-llum-bcn\\\/#primaryimage\",\"url\":\"https:\\\/\\\/media.poblenouurbandistrict.com\\\/2024\\\/02\\\/25071418\\\/offllum-190-scaled.jpg\",\"contentUrl\":\"https:\\\/\\\/media.poblenouurbandistrict.com\\\/2024\\\/02\\\/25071418\\\/offllum-190-scaled.jpg\",\"width\":2560,\"height\":1703},{\"@type\":\"BreadcrumbList\",\"@id\":\"https:\\\/\\\/poblenouurbandistrict.com\\\/es\\\/poblenou-urban-district-celebra-la-5a-edicio-de-loff-llum-bcn\\\/#breadcrumb\",\"itemListElement\":[{\"@type\":\"ListItem\",\"position\":1,\"name\":\"Home\",\"item\":\"https:\\\/\\\/poblenouurbandistrict.com\\\/es\\\/\"},{\"@type\":\"ListItem\",\"position\":2,\"name\":\"Poblenou Urban District celebra amb \u00e8xit la 5a edici\u00f3 de l\u2019Off Llum Bcn\"}]},{\"@type\":\"WebSite\",\"@id\":\"https:\\\/\\\/poblenouurbandistrict.com\\\/es\\\/#website\",\"url\":\"https:\\\/\\\/poblenouurbandistrict.com\\\/es\\\/\",\"name\":\"Poblenou Urban District\",\"description\":\"Comunidad Creativa\",\"potentialAction\":[{\"@type\":\"SearchAction\",\"target\":{\"@type\":\"EntryPoint\",\"urlTemplate\":\"https:\\\/\\\/poblenouurbandistrict.com\\\/es\\\/?s={search_term_string}\"},\"query-input\":{\"@type\":\"PropertyValueSpecification\",\"valueRequired\":true,\"valueName\":\"search_term_string\"}}],\"inLanguage\":\"es\"},{\"@type\":\"Person\",\"@id\":\"https:\\\/\\\/poblenouurbandistrict.com\\\/#\\\/schema\\\/person\\\/980a2cf34b399d5218205730acd54a7e\",\"name\":\"pnud\",\"image\":{\"@type\":\"ImageObject\",\"inLanguage\":\"es\",\"@id\":\"https:\\\/\\\/secure.gravatar.com\\\/avatar\\\/67146597b405ee077a24e519f75c3e2031736596d6ce35af3a34c122c93d0d7b?s=96&d=retro&r=g\",\"url\":\"https:\\\/\\\/secure.gravatar.com\\\/avatar\\\/67146597b405ee077a24e519f75c3e2031736596d6ce35af3a34c122c93d0d7b?s=96&d=retro&r=g\",\"contentUrl\":\"https:\\\/\\\/secure.gravatar.com\\\/avatar\\\/67146597b405ee077a24e519f75c3e2031736596d6ce35af3a34c122c93d0d7b?s=96&d=retro&r=g\",\"caption\":\"pnud\"}}]}<\/script>\n<!-- \/ Yoast SEO plugin. -->","yoast_head_json":{"title":"Poblenou Urban District celebra con \u00e9xito la 5\u00aa edici\u00f3n del Off Llum Bcn &#8211; Poblenou Urban District","robots":{"index":"index","follow":"follow","max-snippet":"max-snippet:-1","max-image-preview":"max-image-preview:large","max-video-preview":"max-video-preview:-1"},"canonical":"https:\/\/poblenouurbandistrict.com\/es\/poblenou-urban-district-celebra-la-5a-edicio-de-loff-llum-bcn\/","og_locale":"es_ES","og_type":"article","og_title":"Poblenou Urban District celebra con \u00e9xito la 5\u00aa edici\u00f3n del Off Llum Bcn &#8211; Poblenou Urban District","og_description":"El fin de semana del 2, 3 y 4 de febrero, el Llum BCN y el Off Llum Bcn transformaron... M\u00e1s \u2192","og_url":"https:\/\/poblenouurbandistrict.com\/es\/poblenou-urban-district-celebra-la-5a-edicio-de-loff-llum-bcn\/","og_site_name":"Poblenou Urban District","article_published_time":"2024-02-08T17:33:30+00:00","article_modified_time":"2024-02-09T17:25:01+00:00","og_image":[{"width":2560,"height":1703,"url":"https:\/\/poblenouurbandistrict.com\/wp-content\/uploads\/2024\/02\/offllum-190-scaled.jpg","type":"image\/jpeg"}],"author":"pnud","twitter_card":"summary_large_image","twitter_misc":{"Escrito por":"pnud","Tiempo de lectura":"2 minutos"},"schema":{"@context":"https:\/\/schema.org","@graph":[{"@type":"Article","@id":"https:\/\/poblenouurbandistrict.com\/poblenou-urban-district-celebra-la-5a-edicio-de-loff-llum-bcn\/#article","isPartOf":{"@id":"https:\/\/poblenouurbandistrict.com\/poblenou-urban-district-celebra-la-5a-edicio-de-loff-llum-bcn\/"},"author":{"name":"pnud","@id":"https:\/\/poblenouurbandistrict.com\/#\/schema\/person\/980a2cf34b399d5218205730acd54a7e"},"headline":"Poblenou Urban District celebra con \u00e9xito la 5\u00aa edici\u00f3n del Off Llum Bcn","datePublished":"2024-02-08T17:33:30+00:00","dateModified":"2024-02-09T17:25:01+00:00","mainEntityOfPage":{"@id":"https:\/\/poblenouurbandistrict.com\/poblenou-urban-district-celebra-la-5a-edicio-de-loff-llum-bcn\/"},"wordCount":699,"image":{"@id":"https:\/\/poblenouurbandistrict.com\/poblenou-urban-district-celebra-la-5a-edicio-de-loff-llum-bcn\/#primaryimage"},"thumbnailUrl":"https:\/\/media.poblenouurbandistrict.com\/2024\/02\/25071418\/offllum-190-scaled.jpg","articleSection":["Off Llum BCN"],"inLanguage":"es"},{"@type":"WebPage","@id":"https:\/\/poblenouurbandistrict.com\/es\/poblenou-urban-district-celebra-la-5a-edicio-de-loff-llum-bcn\/","url":"https:\/\/poblenouurbandistrict.com\/es\/poblenou-urban-district-celebra-la-5a-edicio-de-loff-llum-bcn\/","name":"Poblenou Urban District celebra con \u00e9xito la 5\u00aa edici\u00f3n del Off Llum Bcn &#8211; Poblenou Urban District","isPartOf":{"@id":"https:\/\/poblenouurbandistrict.com\/es\/#website"},"primaryImageOfPage":{"@id":"https:\/\/poblenouurbandistrict.com\/es\/poblenou-urban-district-celebra-la-5a-edicio-de-loff-llum-bcn\/#primaryimage"},"image":{"@id":"https:\/\/poblenouurbandistrict.com\/poblenou-urban-district-celebra-la-5a-edicio-de-loff-llum-bcn\/#primaryimage"},"thumbnailUrl":"https:\/\/media.poblenouurbandistrict.com\/2024\/02\/25071418\/offllum-190-scaled.jpg","datePublished":"2024-02-08T17:33:30+00:00","dateModified":"2024-02-09T17:25:01+00:00","author":{"@id":"https:\/\/poblenouurbandistrict.com\/#\/schema\/person\/980a2cf34b399d5218205730acd54a7e"},"breadcrumb":{"@id":"https:\/\/poblenouurbandistrict.com\/es\/poblenou-urban-district-celebra-la-5a-edicio-de-loff-llum-bcn\/#breadcrumb"},"inLanguage":"es","potentialAction":[{"@type":"ReadAction","target":[["https:\/\/poblenouurbandistrict.com\/es\/poblenou-urban-district-celebra-la-5a-edicio-de-loff-llum-bcn\/"]]}]},{"@type":"ImageObject","inLanguage":"es","@id":"https:\/\/poblenouurbandistrict.com\/es\/poblenou-urban-district-celebra-la-5a-edicio-de-loff-llum-bcn\/#primaryimage","url":"https:\/\/media.poblenouurbandistrict.com\/2024\/02\/25071418\/offllum-190-scaled.jpg","contentUrl":"https:\/\/media.poblenouurbandistrict.com\/2024\/02\/25071418\/offllum-190-scaled.jpg","width":2560,"height":1703},{"@type":"BreadcrumbList","@id":"https:\/\/poblenouurbandistrict.com\/es\/poblenou-urban-district-celebra-la-5a-edicio-de-loff-llum-bcn\/#breadcrumb","itemListElement":[{"@type":"ListItem","position":1,"name":"Home","item":"https:\/\/poblenouurbandistrict.com\/es\/"},{"@type":"ListItem","position":2,"name":"Poblenou Urban District celebra amb \u00e8xit la 5a edici\u00f3 de l\u2019Off Llum Bcn"}]},{"@type":"WebSite","@id":"https:\/\/poblenouurbandistrict.com\/es\/#website","url":"https:\/\/poblenouurbandistrict.com\/es\/","name":"Poblenou Urban District","description":"Comunidad Creativa","potentialAction":[{"@type":"SearchAction","target":{"@type":"EntryPoint","urlTemplate":"https:\/\/poblenouurbandistrict.com\/es\/?s={search_term_string}"},"query-input":{"@type":"PropertyValueSpecification","valueRequired":true,"valueName":"search_term_string"}}],"inLanguage":"es"},{"@type":"Person","@id":"https:\/\/poblenouurbandistrict.com\/#\/schema\/person\/980a2cf34b399d5218205730acd54a7e","name":"pnud","image":{"@type":"ImageObject","inLanguage":"es","@id":"https:\/\/secure.gravatar.com\/avatar\/67146597b405ee077a24e519f75c3e2031736596d6ce35af3a34c122c93d0d7b?s=96&d=retro&r=g","url":"https:\/\/secure.gravatar.com\/avatar\/67146597b405ee077a24e519f75c3e2031736596d6ce35af3a34c122c93d0d7b?s=96&d=retro&r=g","contentUrl":"https:\/\/secure.gravatar.com\/avatar\/67146597b405ee077a24e519f75c3e2031736596d6ce35af3a34c122c93d0d7b?s=96&d=retro&r=g","caption":"pnud"}}]}},"_links":{"self":[{"href":"https:\/\/poblenouurbandistrict.com\/es\/wp-json\/wp\/v2\/posts\/44383","targetHints":{"allow":["GET"]}}],"collection":[{"href":"https:\/\/poblenouurbandistrict.com\/es\/wp-json\/wp\/v2\/posts"}],"about":[{"href":"https:\/\/poblenouurbandistrict.com\/es\/wp-json\/wp\/v2\/types\/post"}],"author":[{"embeddable":true,"href":"https:\/\/poblenouurbandistrict.com\/es\/wp-json\/wp\/v2\/users\/5"}],"replies":[{"embeddable":true,"href":"https:\/\/poblenouurbandistrict.com\/es\/wp-json\/wp\/v2\/comments?post=44383"}],"version-history":[{"count":19,"href":"https:\/\/poblenouurbandistrict.com\/es\/wp-json\/wp\/v2\/posts\/44383\/revisions"}],"predecessor-version":[{"id":44497,"href":"https:\/\/poblenouurbandistrict.com\/es\/wp-json\/wp\/v2\/posts\/44383\/revisions\/44497"}],"wp:featuredmedia":[{"embeddable":true,"href":"https:\/\/poblenouurbandistrict.com\/es\/wp-json\/wp\/v2\/media\/44435"}],"wp:attachment":[{"href":"https:\/\/poblenouurbandistrict.com\/es\/wp-json\/wp\/v2\/media?parent=44383"}],"wp:term":[{"taxonomy":"category","embeddable":true,"href":"https:\/\/poblenouurbandistrict.com\/es\/wp-json\/wp\/v2\/categories?post=44383"},{"taxonomy":"post_tag","embeddable":true,"href":"https:\/\/poblenouurbandistrict.com\/es\/wp-json\/wp\/v2\/tags?post=44383"}],"curies":[{"name":"wp","href":"https:\/\/api.w.org\/{rel}","templated":true}]}}