{"id":44541,"date":"2024-02-16T12:10:10","date_gmt":"2024-02-16T11:10:10","guid":{"rendered":"https:\/\/poblenouurbandistrict.com\/?p=44541"},"modified":"2024-02-16T13:32:47","modified_gmt":"2024-02-16T12:32:47","slug":"vita-student-celebra-el-seu-10e-aniversari-amb-la-iniciativa-beyond-ambition","status":"publish","type":"post","link":"https:\/\/poblenouurbandistrict.com\/es\/vita-student-celebra-el-seu-10e-aniversari-amb-la-iniciativa-beyond-ambition\/","title":{"rendered":"Vita Student celebra su 10\u00aa aniversario con la iniciativa \u201cBeyond Ambition\u201d"},"content":{"rendered":"<p><span style=\"font-weight: 400;\"><a href=\"https:\/\/www.vitastudent.com\/es\/\">Vita Student<\/a> es una residencia de estudiantes con sede en Pedralbes y Poblenou. Esta \u00faltima, ubicada en la zona de Marina, abri\u00f3 sus puertas el curso 2023-2024 con un edificio de 12.000 m\u00b2, <\/span><span style=\"font-weight: 400;\">de est\u00e9tica industrial y con dos imponentes torres de 12 plantas de ladrillo oscuro.<\/span><\/p>\n<p><span style=\"font-weight: 400;\"><a href=\"https:\/\/www.vitastudent.com\/es\/ciudades\/barcelona\/poblenou\/\">Vita Student Poblenou<\/a> organiza eventos y actividades casi todos los d\u00edas de la semana para que los estudiantes puedan crear comunidad con otras personas que est\u00e1n viviendo la misma experiencia. Una de las propuestas m\u00e1s interesantes de esta residencia es \u201cBegin Big\u201d, una serie de charlas y <em>workshops<\/em> mensuales sobre carreras, <\/span><i><span style=\"font-weight: 400;\">Iife skills<\/span><\/i><span style=\"font-weight: 400;\"> y orientaci\u00f3n profesional con el objetivo de acompa\u00f1ar a los estudiantes durante su trayectoria universitaria.\u00a0<\/span><\/p>\n<p><span style=\"font-weight: 400;\">Siguiendo la l\u00ednea de \u201cBegin Big\u201d y para conmemorar el d\u00e9cimo aniversario de la marca, Vita Student ha puesto en marcha \u201cBeyond Ambition\u201d, una iniciativa concebida para dar alas a los sue\u00f1os y metas de sus residentes.\u00a0<\/span><span style=\"font-weight: 400;\">Durante 10 meses, se dar\u00e1 la bienvenida a la 10\u00aa generaci\u00f3n de estudiantes con 10 sorteos y concursos que impulsar\u00e1n las carreras de sus estudiantes.<\/span><\/p>\n<p><span style=\"font-weight: 400;\">Para poder participar, es necesario tener una reserva para el curso 23\/24 en Vita Student, en el Reino Unido o en Espa\u00f1a. Sin embargo, la participaci\u00f3n tambi\u00e9n est\u00e1 abierta a los estudiantes que tengan una reserva para el curso 24\/25. Consulta las bases legales en <\/span><a href=\"https:\/\/www.vitastudent.com\/es\/beyond-ambition\/?utm_source=marketing&amp;utm_medium=affiliate&amp;utm_campaign=%5BVS+24%2F25%5D+POB+URBAN+NEWSLETTER\"><span style=\"font-weight: 400;\">este enlace<\/span><\/a><span style=\"font-weight: 400;\">.<\/span><\/p>\n<p><span style=\"font-weight: 400;\">Adem\u00e1s, si eres estudiante y buscas un lugar para vivir el curso que viene en Barcelona, reserva ya tu habitaci\u00f3n <\/span><a href=\"https:\/\/www.vitastudent.com\/es\/ciudades\/barcelona\/?utm_source=marketing&amp;utm_medium=affiliate&amp;utm_campaign=%5BVS+24%2F25%5D+POB+URBAN+NEWSLETTER\"><b>aqu\u00ed<\/b><\/a><span style=\"font-weight: 400;\">.<\/span><\/p>","protected":false},"excerpt":{"rendered":"<p>Vita Student es una residencia de estudiantes con sede en Pedralbes y Poblenou. Esta \u00faltima, ubicada en la zona de&#8230; <a href=\"https:\/\/poblenouurbandistrict.com\/es\/vita-student-celebra-el-seu-10e-aniversari-amb-la-iniciativa-beyond-ambition\/\">M\u00e1s  \u2192<\/a><\/p>\n","protected":false},"author":5,"featured_media":44552,"comment_status":"closed","ping_status":"closed","sticky":false,"template":"","format":"standard","meta":{"_acf_changed":false,"footnotes":""},"categories":[3601],"tags":[],"class_list":["post-44541","post","type-post","status-publish","format-standard","has-post-thumbnail","hentry","category-residencies"],"acf":[],"yoast_head":"<!-- This site is optimized with the Yoast SEO plugin v27.5 - https:\/\/yoast.com\/product\/yoast-seo-wordpress\/ -->\n<title>Vita Student celebra su 10\u00aa aniversario con la iniciativa \u201cBeyond Ambition\u201d &#8211; Poblenou Urban District<\/title>\n<meta name=\"robots\" content=\"index, follow, max-snippet:-1, max-image-preview:large, max-video-preview:-1\" \/>\n<link rel=\"canonical\" href=\"https:\/\/poblenouurbandistrict.com\/es\/vita-student-celebra-el-seu-10e-aniversari-amb-la-iniciativa-beyond-ambition\/\" \/>\n<meta property=\"og:locale\" content=\"es_ES\" \/>\n<meta property=\"og:type\" content=\"article\" \/>\n<meta property=\"og:title\" content=\"Vita Student celebra su 10\u00aa aniversario con la iniciativa \u201cBeyond Ambition\u201d &#8211; Poblenou Urban District\" \/>\n<meta property=\"og:description\" content=\"Vita Student es una residencia de estudiantes con sede en Pedralbes y Poblenou. Esta \u00faltima, ubicada en la zona de... M\u00e1s \u2192\" \/>\n<meta property=\"og:url\" content=\"https:\/\/poblenouurbandistrict.com\/es\/vita-student-celebra-el-seu-10e-aniversari-amb-la-iniciativa-beyond-ambition\/\" \/>\n<meta property=\"og:site_name\" content=\"Poblenou Urban District\" \/>\n<meta property=\"article:published_time\" content=\"2024-02-16T11:10:10+00:00\" \/>\n<meta property=\"article:modified_time\" content=\"2024-02-16T12:32:47+00:00\" \/>\n<meta property=\"og:image\" content=\"https:\/\/poblenouurbandistrict.com\/wp-content\/uploads\/2024\/02\/dsc1187-1-scaled.jpg\" \/>\n\t<meta property=\"og:image:width\" content=\"2560\" \/>\n\t<meta property=\"og:image:height\" content=\"1703\" \/>\n\t<meta property=\"og:image:type\" content=\"image\/jpeg\" \/>\n<meta name=\"author\" content=\"pnud\" \/>\n<meta name=\"twitter:card\" content=\"summary_large_image\" \/>\n<meta name=\"twitter:label1\" content=\"Escrito por\" \/>\n\t<meta name=\"twitter:data1\" content=\"pnud\" \/>\n\t<meta name=\"twitter:label2\" content=\"Tiempo de lectura\" \/>\n\t<meta name=\"twitter:data2\" content=\"2 minutos\" \/>\n<script type=\"application\/ld+json\" class=\"yoast-schema-graph\">{\"@context\":\"https:\\\/\\\/schema.org\",\"@graph\":[{\"@type\":\"Article\",\"@id\":\"https:\\\/\\\/poblenouurbandistrict.com\\\/vita-student-celebra-el-seu-10e-aniversari-amb-la-iniciativa-beyond-ambition\\\/#article\",\"isPartOf\":{\"@id\":\"https:\\\/\\\/poblenouurbandistrict.com\\\/vita-student-celebra-el-seu-10e-aniversari-amb-la-iniciativa-beyond-ambition\\\/\"},\"author\":{\"name\":\"pnud\",\"@id\":\"https:\\\/\\\/poblenouurbandistrict.com\\\/#\\\/schema\\\/person\\\/980a2cf34b399d5218205730acd54a7e\"},\"headline\":\"Vita Student celebra su 10\u00aa aniversario con la iniciativa \u201cBeyond Ambition\u201d\",\"datePublished\":\"2024-02-16T11:10:10+00:00\",\"dateModified\":\"2024-02-16T12:32:47+00:00\",\"mainEntityOfPage\":{\"@id\":\"https:\\\/\\\/poblenouurbandistrict.com\\\/vita-student-celebra-el-seu-10e-aniversari-amb-la-iniciativa-beyond-ambition\\\/\"},\"wordCount\":515,\"image\":{\"@id\":\"https:\\\/\\\/poblenouurbandistrict.com\\\/vita-student-celebra-el-seu-10e-aniversari-amb-la-iniciativa-beyond-ambition\\\/#primaryimage\"},\"thumbnailUrl\":\"https:\\\/\\\/media.poblenouurbandistrict.com\\\/2024\\\/02\\\/25071538\\\/dsc1187-1-scaled.jpg\",\"articleSection\":[\"Resid\u00e8ncies\"],\"inLanguage\":\"es\"},{\"@type\":\"WebPage\",\"@id\":\"https:\\\/\\\/poblenouurbandistrict.com\\\/es\\\/vita-student-celebra-el-seu-10e-aniversari-amb-la-iniciativa-beyond-ambition\\\/\",\"url\":\"https:\\\/\\\/poblenouurbandistrict.com\\\/es\\\/vita-student-celebra-el-seu-10e-aniversari-amb-la-iniciativa-beyond-ambition\\\/\",\"name\":\"Vita Student celebra su 10\u00aa aniversario con la iniciativa \u201cBeyond Ambition\u201d &#8211; Poblenou Urban District\",\"isPartOf\":{\"@id\":\"https:\\\/\\\/poblenouurbandistrict.com\\\/es\\\/#website\"},\"primaryImageOfPage\":{\"@id\":\"https:\\\/\\\/poblenouurbandistrict.com\\\/es\\\/vita-student-celebra-el-seu-10e-aniversari-amb-la-iniciativa-beyond-ambition\\\/#primaryimage\"},\"image\":{\"@id\":\"https:\\\/\\\/poblenouurbandistrict.com\\\/vita-student-celebra-el-seu-10e-aniversari-amb-la-iniciativa-beyond-ambition\\\/#primaryimage\"},\"thumbnailUrl\":\"https:\\\/\\\/media.poblenouurbandistrict.com\\\/2024\\\/02\\\/25071538\\\/dsc1187-1-scaled.jpg\",\"datePublished\":\"2024-02-16T11:10:10+00:00\",\"dateModified\":\"2024-02-16T12:32:47+00:00\",\"author\":{\"@id\":\"https:\\\/\\\/poblenouurbandistrict.com\\\/#\\\/schema\\\/person\\\/980a2cf34b399d5218205730acd54a7e\"},\"breadcrumb\":{\"@id\":\"https:\\\/\\\/poblenouurbandistrict.com\\\/es\\\/vita-student-celebra-el-seu-10e-aniversari-amb-la-iniciativa-beyond-ambition\\\/#breadcrumb\"},\"inLanguage\":\"es\",\"potentialAction\":[{\"@type\":\"ReadAction\",\"target\":[[\"https:\\\/\\\/poblenouurbandistrict.com\\\/es\\\/vita-student-celebra-el-seu-10e-aniversari-amb-la-iniciativa-beyond-ambition\\\/\"]]}]},{\"@type\":\"ImageObject\",\"inLanguage\":\"es\",\"@id\":\"https:\\\/\\\/poblenouurbandistrict.com\\\/es\\\/vita-student-celebra-el-seu-10e-aniversari-amb-la-iniciativa-beyond-ambition\\\/#primaryimage\",\"url\":\"https:\\\/\\\/media.poblenouurbandistrict.com\\\/2024\\\/02\\\/25071538\\\/dsc1187-1-scaled.jpg\",\"contentUrl\":\"https:\\\/\\\/media.poblenouurbandistrict.com\\\/2024\\\/02\\\/25071538\\\/dsc1187-1-scaled.jpg\",\"width\":2560,\"height\":1703},{\"@type\":\"BreadcrumbList\",\"@id\":\"https:\\\/\\\/poblenouurbandistrict.com\\\/es\\\/vita-student-celebra-el-seu-10e-aniversari-amb-la-iniciativa-beyond-ambition\\\/#breadcrumb\",\"itemListElement\":[{\"@type\":\"ListItem\",\"position\":1,\"name\":\"Home\",\"item\":\"https:\\\/\\\/poblenouurbandistrict.com\\\/es\\\/\"},{\"@type\":\"ListItem\",\"position\":2,\"name\":\"Vita Student celebra el seu 10\u00e8 aniversari amb la iniciativa \u201cBeyond Ambition\u201d\"}]},{\"@type\":\"WebSite\",\"@id\":\"https:\\\/\\\/poblenouurbandistrict.com\\\/es\\\/#website\",\"url\":\"https:\\\/\\\/poblenouurbandistrict.com\\\/es\\\/\",\"name\":\"Poblenou Urban District\",\"description\":\"Comunidad Creativa\",\"potentialAction\":[{\"@type\":\"SearchAction\",\"target\":{\"@type\":\"EntryPoint\",\"urlTemplate\":\"https:\\\/\\\/poblenouurbandistrict.com\\\/es\\\/?s={search_term_string}\"},\"query-input\":{\"@type\":\"PropertyValueSpecification\",\"valueRequired\":true,\"valueName\":\"search_term_string\"}}],\"inLanguage\":\"es\"},{\"@type\":\"Person\",\"@id\":\"https:\\\/\\\/poblenouurbandistrict.com\\\/#\\\/schema\\\/person\\\/980a2cf34b399d5218205730acd54a7e\",\"name\":\"pnud\",\"image\":{\"@type\":\"ImageObject\",\"inLanguage\":\"es\",\"@id\":\"https:\\\/\\\/secure.gravatar.com\\\/avatar\\\/67146597b405ee077a24e519f75c3e2031736596d6ce35af3a34c122c93d0d7b?s=96&d=retro&r=g\",\"url\":\"https:\\\/\\\/secure.gravatar.com\\\/avatar\\\/67146597b405ee077a24e519f75c3e2031736596d6ce35af3a34c122c93d0d7b?s=96&d=retro&r=g\",\"contentUrl\":\"https:\\\/\\\/secure.gravatar.com\\\/avatar\\\/67146597b405ee077a24e519f75c3e2031736596d6ce35af3a34c122c93d0d7b?s=96&d=retro&r=g\",\"caption\":\"pnud\"}}]}<\/script>\n<!-- \/ Yoast SEO plugin. -->","yoast_head_json":{"title":"Vita Student celebra su 10\u00aa aniversario con la iniciativa \u201cBeyond Ambition\u201d &#8211; Poblenou Urban District","robots":{"index":"index","follow":"follow","max-snippet":"max-snippet:-1","max-image-preview":"max-image-preview:large","max-video-preview":"max-video-preview:-1"},"canonical":"https:\/\/poblenouurbandistrict.com\/es\/vita-student-celebra-el-seu-10e-aniversari-amb-la-iniciativa-beyond-ambition\/","og_locale":"es_ES","og_type":"article","og_title":"Vita Student celebra su 10\u00aa aniversario con la iniciativa \u201cBeyond Ambition\u201d &#8211; Poblenou Urban District","og_description":"Vita Student es una residencia de estudiantes con sede en Pedralbes y Poblenou. Esta \u00faltima, ubicada en la zona de... M\u00e1s \u2192","og_url":"https:\/\/poblenouurbandistrict.com\/es\/vita-student-celebra-el-seu-10e-aniversari-amb-la-iniciativa-beyond-ambition\/","og_site_name":"Poblenou Urban District","article_published_time":"2024-02-16T11:10:10+00:00","article_modified_time":"2024-02-16T12:32:47+00:00","og_image":[{"width":2560,"height":1703,"url":"https:\/\/poblenouurbandistrict.com\/wp-content\/uploads\/2024\/02\/dsc1187-1-scaled.jpg","type":"image\/jpeg"}],"author":"pnud","twitter_card":"summary_large_image","twitter_misc":{"Escrito por":"pnud","Tiempo de lectura":"2 minutos"},"schema":{"@context":"https:\/\/schema.org","@graph":[{"@type":"Article","@id":"https:\/\/poblenouurbandistrict.com\/vita-student-celebra-el-seu-10e-aniversari-amb-la-iniciativa-beyond-ambition\/#article","isPartOf":{"@id":"https:\/\/poblenouurbandistrict.com\/vita-student-celebra-el-seu-10e-aniversari-amb-la-iniciativa-beyond-ambition\/"},"author":{"name":"pnud","@id":"https:\/\/poblenouurbandistrict.com\/#\/schema\/person\/980a2cf34b399d5218205730acd54a7e"},"headline":"Vita Student celebra su 10\u00aa aniversario con la iniciativa \u201cBeyond Ambition\u201d","datePublished":"2024-02-16T11:10:10+00:00","dateModified":"2024-02-16T12:32:47+00:00","mainEntityOfPage":{"@id":"https:\/\/poblenouurbandistrict.com\/vita-student-celebra-el-seu-10e-aniversari-amb-la-iniciativa-beyond-ambition\/"},"wordCount":515,"image":{"@id":"https:\/\/poblenouurbandistrict.com\/vita-student-celebra-el-seu-10e-aniversari-amb-la-iniciativa-beyond-ambition\/#primaryimage"},"thumbnailUrl":"https:\/\/media.poblenouurbandistrict.com\/2024\/02\/25071538\/dsc1187-1-scaled.jpg","articleSection":["Resid\u00e8ncies"],"inLanguage":"es"},{"@type":"WebPage","@id":"https:\/\/poblenouurbandistrict.com\/es\/vita-student-celebra-el-seu-10e-aniversari-amb-la-iniciativa-beyond-ambition\/","url":"https:\/\/poblenouurbandistrict.com\/es\/vita-student-celebra-el-seu-10e-aniversari-amb-la-iniciativa-beyond-ambition\/","name":"Vita Student celebra su 10\u00aa aniversario con la iniciativa \u201cBeyond Ambition\u201d &#8211; Poblenou Urban District","isPartOf":{"@id":"https:\/\/poblenouurbandistrict.com\/es\/#website"},"primaryImageOfPage":{"@id":"https:\/\/poblenouurbandistrict.com\/es\/vita-student-celebra-el-seu-10e-aniversari-amb-la-iniciativa-beyond-ambition\/#primaryimage"},"image":{"@id":"https:\/\/poblenouurbandistrict.com\/vita-student-celebra-el-seu-10e-aniversari-amb-la-iniciativa-beyond-ambition\/#primaryimage"},"thumbnailUrl":"https:\/\/media.poblenouurbandistrict.com\/2024\/02\/25071538\/dsc1187-1-scaled.jpg","datePublished":"2024-02-16T11:10:10+00:00","dateModified":"2024-02-16T12:32:47+00:00","author":{"@id":"https:\/\/poblenouurbandistrict.com\/#\/schema\/person\/980a2cf34b399d5218205730acd54a7e"},"breadcrumb":{"@id":"https:\/\/poblenouurbandistrict.com\/es\/vita-student-celebra-el-seu-10e-aniversari-amb-la-iniciativa-beyond-ambition\/#breadcrumb"},"inLanguage":"es","potentialAction":[{"@type":"ReadAction","target":[["https:\/\/poblenouurbandistrict.com\/es\/vita-student-celebra-el-seu-10e-aniversari-amb-la-iniciativa-beyond-ambition\/"]]}]},{"@type":"ImageObject","inLanguage":"es","@id":"https:\/\/poblenouurbandistrict.com\/es\/vita-student-celebra-el-seu-10e-aniversari-amb-la-iniciativa-beyond-ambition\/#primaryimage","url":"https:\/\/media.poblenouurbandistrict.com\/2024\/02\/25071538\/dsc1187-1-scaled.jpg","contentUrl":"https:\/\/media.poblenouurbandistrict.com\/2024\/02\/25071538\/dsc1187-1-scaled.jpg","width":2560,"height":1703},{"@type":"BreadcrumbList","@id":"https:\/\/poblenouurbandistrict.com\/es\/vita-student-celebra-el-seu-10e-aniversari-amb-la-iniciativa-beyond-ambition\/#breadcrumb","itemListElement":[{"@type":"ListItem","position":1,"name":"Home","item":"https:\/\/poblenouurbandistrict.com\/es\/"},{"@type":"ListItem","position":2,"name":"Vita Student celebra el seu 10\u00e8 aniversari amb la iniciativa \u201cBeyond Ambition\u201d"}]},{"@type":"WebSite","@id":"https:\/\/poblenouurbandistrict.com\/es\/#website","url":"https:\/\/poblenouurbandistrict.com\/es\/","name":"Poblenou Urban District","description":"Comunidad Creativa","potentialAction":[{"@type":"SearchAction","target":{"@type":"EntryPoint","urlTemplate":"https:\/\/poblenouurbandistrict.com\/es\/?s={search_term_string}"},"query-input":{"@type":"PropertyValueSpecification","valueRequired":true,"valueName":"search_term_string"}}],"inLanguage":"es"},{"@type":"Person","@id":"https:\/\/poblenouurbandistrict.com\/#\/schema\/person\/980a2cf34b399d5218205730acd54a7e","name":"pnud","image":{"@type":"ImageObject","inLanguage":"es","@id":"https:\/\/secure.gravatar.com\/avatar\/67146597b405ee077a24e519f75c3e2031736596d6ce35af3a34c122c93d0d7b?s=96&d=retro&r=g","url":"https:\/\/secure.gravatar.com\/avatar\/67146597b405ee077a24e519f75c3e2031736596d6ce35af3a34c122c93d0d7b?s=96&d=retro&r=g","contentUrl":"https:\/\/secure.gravatar.com\/avatar\/67146597b405ee077a24e519f75c3e2031736596d6ce35af3a34c122c93d0d7b?s=96&d=retro&r=g","caption":"pnud"}}]}},"_links":{"self":[{"href":"https:\/\/poblenouurbandistrict.com\/es\/wp-json\/wp\/v2\/posts\/44541","targetHints":{"allow":["GET"]}}],"collection":[{"href":"https:\/\/poblenouurbandistrict.com\/es\/wp-json\/wp\/v2\/posts"}],"about":[{"href":"https:\/\/poblenouurbandistrict.com\/es\/wp-json\/wp\/v2\/types\/post"}],"author":[{"embeddable":true,"href":"https:\/\/poblenouurbandistrict.com\/es\/wp-json\/wp\/v2\/users\/5"}],"replies":[{"embeddable":true,"href":"https:\/\/poblenouurbandistrict.com\/es\/wp-json\/wp\/v2\/comments?post=44541"}],"version-history":[{"count":3,"href":"https:\/\/poblenouurbandistrict.com\/es\/wp-json\/wp\/v2\/posts\/44541\/revisions"}],"predecessor-version":[{"id":44584,"href":"https:\/\/poblenouurbandistrict.com\/es\/wp-json\/wp\/v2\/posts\/44541\/revisions\/44584"}],"wp:featuredmedia":[{"embeddable":true,"href":"https:\/\/poblenouurbandistrict.com\/es\/wp-json\/wp\/v2\/media\/44552"}],"wp:attachment":[{"href":"https:\/\/poblenouurbandistrict.com\/es\/wp-json\/wp\/v2\/media?parent=44541"}],"wp:term":[{"taxonomy":"category","embeddable":true,"href":"https:\/\/poblenouurbandistrict.com\/es\/wp-json\/wp\/v2\/categories?post=44541"},{"taxonomy":"post_tag","embeddable":true,"href":"https:\/\/poblenouurbandistrict.com\/es\/wp-json\/wp\/v2\/tags?post=44541"}],"curies":[{"name":"wp","href":"https:\/\/api.w.org\/{rel}","templated":true}]}}