{"id":44874,"date":"2024-03-07T16:21:56","date_gmt":"2024-03-07T15:21:56","guid":{"rendered":"https:\/\/poblenouurbandistrict.com\/?p=44874"},"modified":"2024-03-21T18:17:23","modified_gmt":"2024-03-21T17:17:23","slug":"participa-en-la-9a-edicio-del-windows-art-circuit-oberta-la-convocatoria","status":"publish","type":"post","link":"https:\/\/poblenouurbandistrict.com\/es\/participa-en-la-9a-edicio-del-windows-art-circuit-oberta-la-convocatoria\/","title":{"rendered":"Participa en la 9\u00aa edici\u00f3n del Windows Art Circuit | \u00a1Abierta la convocatoria!"},"content":{"rendered":"<p><span style=\"font-weight: 400;\">Se abre la convocatoria de la octava edici\u00f3n del <strong><a href=\"https:\/\/poblenouurbandistrict.com\/ca\/windows-art-circuit\/\">Windows Art Circuit<\/a>\u00a0\/ WAC<\/strong>\u00a0que se celebrar\u00e1 el pr\u00f3ximo mes de mayo. Si eres artista, muralista, pintor\/a, fot\u00f3grafo\/a, escultor\/a o ilustrador\/a\u00a0esta es tu oportunidad de presentar un proyecto en la convocatoria del WAC, un circuito que ofrece la oportunidad a artistas de impulsar y reivindicar su trabajo. Proyectos murales, interve<\/span>nciones en vitrinas, exposiciones colectivas y la recuperaci\u00f3n de espacios en desuso son la esencia de este circuito.<\/p>\n<p dir=\"ltr\">El WAC ser\u00e1 un circuito que se desarrollar\u00e1 en una selecci\u00f3n de espacios en Poblenou donde artistas podr\u00e1n exponer y\/o intervenir en directo. La organizaci\u00f3n facilitar\u00e1 las condiciones t\u00e9cnicas necesarias para llevar a cabo las exposiciones e intervenciones en los espacios participantes.<\/p>\n<p><span style=\"font-weight: 400;\">El objetivo es dar a conocer el trabajo de artistas emergentes que trabajan en distintos medios y as\u00ed acercar el proceso creativo al p\u00fablico. Las propuestas seleccionadas se exhibir\u00e1n en el Open Day, una jornada para descubrir la oferta cultural del Distrito Creativo, que este a\u00f1o se celebra el 4 de mayo.<\/span><\/p>\n<p><span style=\"font-weight: 400;\"><strong>La fecha l\u00edmite para presentar las candidaturas finaliza el 30 de marzo a las 23:59h.<\/strong> <\/span> Pod\u00e9is inscribiros en <a href=\"https:\/\/forms.gle\/XKsqcZRBxMuYBrbk6\">este formulario<\/a> y descubrir m\u00e1s\u00a0<a href=\"https:\/\/poblenouurbandistrict.com\/wp-content\/uploads\/2024\/03\/CONVOCATORIA-WAC-2024.pdf\">informaci\u00f3n en las bases legales<\/a>.<\/p>","protected":false},"excerpt":{"rendered":"<p>Se abre la convocatoria de la octava edici\u00f3n del Windows Art Circuit\u00a0\/ WAC\u00a0que se celebrar\u00e1 el pr\u00f3ximo mes de mayo&#8230;. <a href=\"https:\/\/poblenouurbandistrict.com\/es\/participa-en-la-9a-edicio-del-windows-art-circuit-oberta-la-convocatoria\/\">M\u00e1s  \u2192<\/a><\/p>\n","protected":false},"author":5,"featured_media":37527,"comment_status":"closed","ping_status":"closed","sticky":false,"template":"","format":"standard","meta":{"_acf_changed":false,"footnotes":""},"categories":[3558],"tags":[],"class_list":["post-44874","post","type-post","status-publish","format-standard","has-post-thumbnail","hentry","category-wac"],"acf":[],"yoast_head":"<!-- This site is optimized with the Yoast SEO plugin v27.4 - https:\/\/yoast.com\/product\/yoast-seo-wordpress\/ -->\n<title>Participa en la 9\u00aa edici\u00f3n del Windows Art Circuit | \u00a1Abierta la convocatoria! &#8211; Poblenou Urban District<\/title>\n<meta name=\"robots\" content=\"index, follow, max-snippet:-1, max-image-preview:large, max-video-preview:-1\" \/>\n<link rel=\"canonical\" href=\"https:\/\/poblenouurbandistrict.com\/es\/participa-en-la-9a-edicio-del-windows-art-circuit-oberta-la-convocatoria\/\" \/>\n<meta property=\"og:locale\" content=\"es_ES\" \/>\n<meta property=\"og:type\" content=\"article\" \/>\n<meta property=\"og:title\" content=\"Participa en la 9\u00aa edici\u00f3n del Windows Art Circuit | \u00a1Abierta la convocatoria! &#8211; Poblenou Urban District\" \/>\n<meta property=\"og:description\" content=\"Se abre la convocatoria de la octava edici\u00f3n del Windows Art Circuit\u00a0\/ WAC\u00a0que se celebrar\u00e1 el pr\u00f3ximo mes de mayo.... M\u00e1s \u2192\" \/>\n<meta property=\"og:url\" content=\"https:\/\/poblenouurbandistrict.com\/es\/participa-en-la-9a-edicio-del-windows-art-circuit-oberta-la-convocatoria\/\" \/>\n<meta property=\"og:site_name\" content=\"Poblenou Urban District\" \/>\n<meta property=\"article:published_time\" content=\"2024-03-07T15:21:56+00:00\" \/>\n<meta property=\"article:modified_time\" content=\"2024-03-21T17:17:23+00:00\" \/>\n<meta property=\"og:image\" content=\"https:\/\/poblenouurbandistrict.com\/wp-content\/uploads\/2023\/03\/wac-1500x1000-01-scaled.jpg\" \/>\n\t<meta property=\"og:image:width\" content=\"2560\" \/>\n\t<meta property=\"og:image:height\" content=\"1707\" \/>\n\t<meta property=\"og:image:type\" content=\"image\/jpeg\" \/>\n<meta name=\"author\" content=\"pnud\" \/>\n<meta name=\"twitter:card\" content=\"summary_large_image\" \/>\n<meta name=\"twitter:label1\" content=\"Escrito por\" \/>\n\t<meta name=\"twitter:data1\" content=\"pnud\" \/>\n\t<meta name=\"twitter:label2\" content=\"Tiempo de lectura\" \/>\n\t<meta name=\"twitter:data2\" content=\"2 minutos\" \/>\n<script type=\"application\/ld+json\" class=\"yoast-schema-graph\">{\"@context\":\"https:\\\/\\\/schema.org\",\"@graph\":[{\"@type\":\"Article\",\"@id\":\"https:\\\/\\\/poblenouurbandistrict.com\\\/participa-en-la-9a-edicio-del-windows-art-circuit-oberta-la-convocatoria\\\/#article\",\"isPartOf\":{\"@id\":\"https:\\\/\\\/poblenouurbandistrict.com\\\/participa-en-la-9a-edicio-del-windows-art-circuit-oberta-la-convocatoria\\\/\"},\"author\":{\"name\":\"pnud\",\"@id\":\"https:\\\/\\\/poblenouurbandistrict.com\\\/#\\\/schema\\\/person\\\/980a2cf34b399d5218205730acd54a7e\"},\"headline\":\"Participa en la 9\u00aa edici\u00f3n del Windows Art Circuit | \u00a1Abierta la convocatoria!\",\"datePublished\":\"2024-03-07T15:21:56+00:00\",\"dateModified\":\"2024-03-21T17:17:23+00:00\",\"mainEntityOfPage\":{\"@id\":\"https:\\\/\\\/poblenouurbandistrict.com\\\/participa-en-la-9a-edicio-del-windows-art-circuit-oberta-la-convocatoria\\\/\"},\"wordCount\":441,\"image\":{\"@id\":\"https:\\\/\\\/poblenouurbandistrict.com\\\/participa-en-la-9a-edicio-del-windows-art-circuit-oberta-la-convocatoria\\\/#primaryimage\"},\"thumbnailUrl\":\"https:\\\/\\\/media.poblenouurbandistrict.com\\\/2023\\\/03\\\/25060859\\\/wac-1500x1000-01-scaled.jpg\",\"articleSection\":[\"WAC\"],\"inLanguage\":\"es\"},{\"@type\":\"WebPage\",\"@id\":\"https:\\\/\\\/poblenouurbandistrict.com\\\/es\\\/participa-en-la-9a-edicio-del-windows-art-circuit-oberta-la-convocatoria\\\/\",\"url\":\"https:\\\/\\\/poblenouurbandistrict.com\\\/es\\\/participa-en-la-9a-edicio-del-windows-art-circuit-oberta-la-convocatoria\\\/\",\"name\":\"Participa en la 9\u00aa edici\u00f3n del Windows Art Circuit | \u00a1Abierta la convocatoria! &#8211; Poblenou Urban District\",\"isPartOf\":{\"@id\":\"https:\\\/\\\/poblenouurbandistrict.com\\\/es\\\/#website\"},\"primaryImageOfPage\":{\"@id\":\"https:\\\/\\\/poblenouurbandistrict.com\\\/es\\\/participa-en-la-9a-edicio-del-windows-art-circuit-oberta-la-convocatoria\\\/#primaryimage\"},\"image\":{\"@id\":\"https:\\\/\\\/poblenouurbandistrict.com\\\/participa-en-la-9a-edicio-del-windows-art-circuit-oberta-la-convocatoria\\\/#primaryimage\"},\"thumbnailUrl\":\"https:\\\/\\\/media.poblenouurbandistrict.com\\\/2023\\\/03\\\/25060859\\\/wac-1500x1000-01-scaled.jpg\",\"datePublished\":\"2024-03-07T15:21:56+00:00\",\"dateModified\":\"2024-03-21T17:17:23+00:00\",\"author\":{\"@id\":\"https:\\\/\\\/poblenouurbandistrict.com\\\/#\\\/schema\\\/person\\\/980a2cf34b399d5218205730acd54a7e\"},\"breadcrumb\":{\"@id\":\"https:\\\/\\\/poblenouurbandistrict.com\\\/es\\\/participa-en-la-9a-edicio-del-windows-art-circuit-oberta-la-convocatoria\\\/#breadcrumb\"},\"inLanguage\":\"es\",\"potentialAction\":[{\"@type\":\"ReadAction\",\"target\":[[\"https:\\\/\\\/poblenouurbandistrict.com\\\/es\\\/participa-en-la-9a-edicio-del-windows-art-circuit-oberta-la-convocatoria\\\/\"]]}]},{\"@type\":\"ImageObject\",\"inLanguage\":\"es\",\"@id\":\"https:\\\/\\\/poblenouurbandistrict.com\\\/es\\\/participa-en-la-9a-edicio-del-windows-art-circuit-oberta-la-convocatoria\\\/#primaryimage\",\"url\":\"https:\\\/\\\/media.poblenouurbandistrict.com\\\/2023\\\/03\\\/25060859\\\/wac-1500x1000-01-scaled.jpg\",\"contentUrl\":\"https:\\\/\\\/media.poblenouurbandistrict.com\\\/2023\\\/03\\\/25060859\\\/wac-1500x1000-01-scaled.jpg\",\"width\":2560,\"height\":1707},{\"@type\":\"BreadcrumbList\",\"@id\":\"https:\\\/\\\/poblenouurbandistrict.com\\\/es\\\/participa-en-la-9a-edicio-del-windows-art-circuit-oberta-la-convocatoria\\\/#breadcrumb\",\"itemListElement\":[{\"@type\":\"ListItem\",\"position\":1,\"name\":\"Home\",\"item\":\"https:\\\/\\\/poblenouurbandistrict.com\\\/es\\\/\"},{\"@type\":\"ListItem\",\"position\":2,\"name\":\"Participa en la 9a edici\u00f3 del Windows Art Circuit | Oberta la convocat\u00f2ria!\"}]},{\"@type\":\"WebSite\",\"@id\":\"https:\\\/\\\/poblenouurbandistrict.com\\\/es\\\/#website\",\"url\":\"https:\\\/\\\/poblenouurbandistrict.com\\\/es\\\/\",\"name\":\"Poblenou Urban District\",\"description\":\"Comunidad Creativa\",\"potentialAction\":[{\"@type\":\"SearchAction\",\"target\":{\"@type\":\"EntryPoint\",\"urlTemplate\":\"https:\\\/\\\/poblenouurbandistrict.com\\\/es\\\/?s={search_term_string}\"},\"query-input\":{\"@type\":\"PropertyValueSpecification\",\"valueRequired\":true,\"valueName\":\"search_term_string\"}}],\"inLanguage\":\"es\"},{\"@type\":\"Person\",\"@id\":\"https:\\\/\\\/poblenouurbandistrict.com\\\/#\\\/schema\\\/person\\\/980a2cf34b399d5218205730acd54a7e\",\"name\":\"pnud\",\"image\":{\"@type\":\"ImageObject\",\"inLanguage\":\"es\",\"@id\":\"https:\\\/\\\/secure.gravatar.com\\\/avatar\\\/67146597b405ee077a24e519f75c3e2031736596d6ce35af3a34c122c93d0d7b?s=96&d=retro&r=g\",\"url\":\"https:\\\/\\\/secure.gravatar.com\\\/avatar\\\/67146597b405ee077a24e519f75c3e2031736596d6ce35af3a34c122c93d0d7b?s=96&d=retro&r=g\",\"contentUrl\":\"https:\\\/\\\/secure.gravatar.com\\\/avatar\\\/67146597b405ee077a24e519f75c3e2031736596d6ce35af3a34c122c93d0d7b?s=96&d=retro&r=g\",\"caption\":\"pnud\"}}]}<\/script>\n<!-- \/ Yoast SEO plugin. -->","yoast_head_json":{"title":"Participa en la 9\u00aa edici\u00f3n del Windows Art Circuit | \u00a1Abierta la convocatoria! &#8211; Poblenou Urban District","robots":{"index":"index","follow":"follow","max-snippet":"max-snippet:-1","max-image-preview":"max-image-preview:large","max-video-preview":"max-video-preview:-1"},"canonical":"https:\/\/poblenouurbandistrict.com\/es\/participa-en-la-9a-edicio-del-windows-art-circuit-oberta-la-convocatoria\/","og_locale":"es_ES","og_type":"article","og_title":"Participa en la 9\u00aa edici\u00f3n del Windows Art Circuit | \u00a1Abierta la convocatoria! &#8211; Poblenou Urban District","og_description":"Se abre la convocatoria de la octava edici\u00f3n del Windows Art Circuit\u00a0\/ WAC\u00a0que se celebrar\u00e1 el pr\u00f3ximo mes de mayo.... M\u00e1s \u2192","og_url":"https:\/\/poblenouurbandistrict.com\/es\/participa-en-la-9a-edicio-del-windows-art-circuit-oberta-la-convocatoria\/","og_site_name":"Poblenou Urban District","article_published_time":"2024-03-07T15:21:56+00:00","article_modified_time":"2024-03-21T17:17:23+00:00","og_image":[{"width":2560,"height":1707,"url":"https:\/\/poblenouurbandistrict.com\/wp-content\/uploads\/2023\/03\/wac-1500x1000-01-scaled.jpg","type":"image\/jpeg"}],"author":"pnud","twitter_card":"summary_large_image","twitter_misc":{"Escrito por":"pnud","Tiempo de lectura":"2 minutos"},"schema":{"@context":"https:\/\/schema.org","@graph":[{"@type":"Article","@id":"https:\/\/poblenouurbandistrict.com\/participa-en-la-9a-edicio-del-windows-art-circuit-oberta-la-convocatoria\/#article","isPartOf":{"@id":"https:\/\/poblenouurbandistrict.com\/participa-en-la-9a-edicio-del-windows-art-circuit-oberta-la-convocatoria\/"},"author":{"name":"pnud","@id":"https:\/\/poblenouurbandistrict.com\/#\/schema\/person\/980a2cf34b399d5218205730acd54a7e"},"headline":"Participa en la 9\u00aa edici\u00f3n del Windows Art Circuit | \u00a1Abierta la convocatoria!","datePublished":"2024-03-07T15:21:56+00:00","dateModified":"2024-03-21T17:17:23+00:00","mainEntityOfPage":{"@id":"https:\/\/poblenouurbandistrict.com\/participa-en-la-9a-edicio-del-windows-art-circuit-oberta-la-convocatoria\/"},"wordCount":441,"image":{"@id":"https:\/\/poblenouurbandistrict.com\/participa-en-la-9a-edicio-del-windows-art-circuit-oberta-la-convocatoria\/#primaryimage"},"thumbnailUrl":"https:\/\/media.poblenouurbandistrict.com\/2023\/03\/25060859\/wac-1500x1000-01-scaled.jpg","articleSection":["WAC"],"inLanguage":"es"},{"@type":"WebPage","@id":"https:\/\/poblenouurbandistrict.com\/es\/participa-en-la-9a-edicio-del-windows-art-circuit-oberta-la-convocatoria\/","url":"https:\/\/poblenouurbandistrict.com\/es\/participa-en-la-9a-edicio-del-windows-art-circuit-oberta-la-convocatoria\/","name":"Participa en la 9\u00aa edici\u00f3n del Windows Art Circuit | \u00a1Abierta la convocatoria! &#8211; Poblenou Urban District","isPartOf":{"@id":"https:\/\/poblenouurbandistrict.com\/es\/#website"},"primaryImageOfPage":{"@id":"https:\/\/poblenouurbandistrict.com\/es\/participa-en-la-9a-edicio-del-windows-art-circuit-oberta-la-convocatoria\/#primaryimage"},"image":{"@id":"https:\/\/poblenouurbandistrict.com\/participa-en-la-9a-edicio-del-windows-art-circuit-oberta-la-convocatoria\/#primaryimage"},"thumbnailUrl":"https:\/\/media.poblenouurbandistrict.com\/2023\/03\/25060859\/wac-1500x1000-01-scaled.jpg","datePublished":"2024-03-07T15:21:56+00:00","dateModified":"2024-03-21T17:17:23+00:00","author":{"@id":"https:\/\/poblenouurbandistrict.com\/#\/schema\/person\/980a2cf34b399d5218205730acd54a7e"},"breadcrumb":{"@id":"https:\/\/poblenouurbandistrict.com\/es\/participa-en-la-9a-edicio-del-windows-art-circuit-oberta-la-convocatoria\/#breadcrumb"},"inLanguage":"es","potentialAction":[{"@type":"ReadAction","target":[["https:\/\/poblenouurbandistrict.com\/es\/participa-en-la-9a-edicio-del-windows-art-circuit-oberta-la-convocatoria\/"]]}]},{"@type":"ImageObject","inLanguage":"es","@id":"https:\/\/poblenouurbandistrict.com\/es\/participa-en-la-9a-edicio-del-windows-art-circuit-oberta-la-convocatoria\/#primaryimage","url":"https:\/\/media.poblenouurbandistrict.com\/2023\/03\/25060859\/wac-1500x1000-01-scaled.jpg","contentUrl":"https:\/\/media.poblenouurbandistrict.com\/2023\/03\/25060859\/wac-1500x1000-01-scaled.jpg","width":2560,"height":1707},{"@type":"BreadcrumbList","@id":"https:\/\/poblenouurbandistrict.com\/es\/participa-en-la-9a-edicio-del-windows-art-circuit-oberta-la-convocatoria\/#breadcrumb","itemListElement":[{"@type":"ListItem","position":1,"name":"Home","item":"https:\/\/poblenouurbandistrict.com\/es\/"},{"@type":"ListItem","position":2,"name":"Participa en la 9a edici\u00f3 del Windows Art Circuit | Oberta la convocat\u00f2ria!"}]},{"@type":"WebSite","@id":"https:\/\/poblenouurbandistrict.com\/es\/#website","url":"https:\/\/poblenouurbandistrict.com\/es\/","name":"Poblenou Urban District","description":"Comunidad Creativa","potentialAction":[{"@type":"SearchAction","target":{"@type":"EntryPoint","urlTemplate":"https:\/\/poblenouurbandistrict.com\/es\/?s={search_term_string}"},"query-input":{"@type":"PropertyValueSpecification","valueRequired":true,"valueName":"search_term_string"}}],"inLanguage":"es"},{"@type":"Person","@id":"https:\/\/poblenouurbandistrict.com\/#\/schema\/person\/980a2cf34b399d5218205730acd54a7e","name":"pnud","image":{"@type":"ImageObject","inLanguage":"es","@id":"https:\/\/secure.gravatar.com\/avatar\/67146597b405ee077a24e519f75c3e2031736596d6ce35af3a34c122c93d0d7b?s=96&d=retro&r=g","url":"https:\/\/secure.gravatar.com\/avatar\/67146597b405ee077a24e519f75c3e2031736596d6ce35af3a34c122c93d0d7b?s=96&d=retro&r=g","contentUrl":"https:\/\/secure.gravatar.com\/avatar\/67146597b405ee077a24e519f75c3e2031736596d6ce35af3a34c122c93d0d7b?s=96&d=retro&r=g","caption":"pnud"}}]}},"_links":{"self":[{"href":"https:\/\/poblenouurbandistrict.com\/es\/wp-json\/wp\/v2\/posts\/44874","targetHints":{"allow":["GET"]}}],"collection":[{"href":"https:\/\/poblenouurbandistrict.com\/es\/wp-json\/wp\/v2\/posts"}],"about":[{"href":"https:\/\/poblenouurbandistrict.com\/es\/wp-json\/wp\/v2\/types\/post"}],"author":[{"embeddable":true,"href":"https:\/\/poblenouurbandistrict.com\/es\/wp-json\/wp\/v2\/users\/5"}],"replies":[{"embeddable":true,"href":"https:\/\/poblenouurbandistrict.com\/es\/wp-json\/wp\/v2\/comments?post=44874"}],"version-history":[{"count":11,"href":"https:\/\/poblenouurbandistrict.com\/es\/wp-json\/wp\/v2\/posts\/44874\/revisions"}],"predecessor-version":[{"id":44957,"href":"https:\/\/poblenouurbandistrict.com\/es\/wp-json\/wp\/v2\/posts\/44874\/revisions\/44957"}],"wp:featuredmedia":[{"embeddable":true,"href":"https:\/\/poblenouurbandistrict.com\/es\/wp-json\/wp\/v2\/media\/37527"}],"wp:attachment":[{"href":"https:\/\/poblenouurbandistrict.com\/es\/wp-json\/wp\/v2\/media?parent=44874"}],"wp:term":[{"taxonomy":"category","embeddable":true,"href":"https:\/\/poblenouurbandistrict.com\/es\/wp-json\/wp\/v2\/categories?post=44874"},{"taxonomy":"post_tag","embeddable":true,"href":"https:\/\/poblenouurbandistrict.com\/es\/wp-json\/wp\/v2\/tags?post=44874"}],"curies":[{"name":"wp","href":"https:\/\/api.w.org\/{rel}","templated":true}]}}