{"id":44880,"date":"2024-03-07T17:15:19","date_gmt":"2024-03-07T16:15:19","guid":{"rendered":"https:\/\/poblenouurbandistrict.com\/?p=44880"},"modified":"2024-03-07T18:04:46","modified_gmt":"2024-03-07T17:04:46","slug":"activitats-pel-dia-de-la-dona-de-poblenou-urban-district","status":"publish","type":"post","link":"https:\/\/poblenouurbandistrict.com\/es\/activitats-pel-dia-de-la-dona-de-poblenou-urban-district\/","title":{"rendered":"Descubre las actividades por el D\u00eda de la Mujer en Poblenou"},"content":{"rendered":"<p>Este viernes 8 es el D\u00eda Internacional de la Mujer, y algunos asociados de Poblenou Urban District organizan distintas iniciativas para dar a conocer el papel de la mujer emprendedora y artista en el Distrito Creativo de Barcelona. Echa un ojo a nuestras recomendaciones y no te lo pierdas.<\/p>\n<h3><strong>LemURIa<\/strong><\/h3>\n<p>LeMUria acoger\u00e1\u00a0el evento \u00abArtistas, No Musas\u00bb,\u00a0el\u00a0jueves 7 de marzo de 18 a 21h, para\u00a0dar visibilidad a mujeres artistas, creativas, emprendedoras o que tengan una profunda vocaci\u00f3n emprendedora, y as\u00ed conocer su trabajo.<\/p>\n<p>El evento se dividir\u00e1 en dos etapas. La\u00a0primera parte\u00a0constar\u00e1 de una charla\u00a0moderada por la\u00a0coach y fundadora de Dreamers Academy, Ana Mastrolitto, mientras que en la segunda, habr\u00e1 un espacio de micr\u00f3fono abierto (open mic) para aquellas mujeres que quieran compartir su experiencia.<\/p>\n<hr \/>\n<h3><strong>BAU<\/strong><\/h3>\n<p>Desde el centro de estudios BAU proponen dos iniciativas para esta semana. La primera: \u00ab<em>Elles<\/em>. Dise\u00f1adoras y artistas contempor\u00e1neas de la A la Z\u00bb, con la que las pantallas del centro homenajean a dise\u00f1adoras y artistas contempor\u00e1neas durante toda la semana del 8-M.<\/p>\n<p>La segunda propuesta es \u00abP\u00e0gines en femen\u00ed\u00bb, con la que la biblioteca de BAU compartir\u00e1 una selecci\u00f3n de publicaciones de autoras que, desde su perspectiva, reflexionan sobre el papel de las artes y el dise\u00f1o en nuestra sociedad, destacando obras de Linda Nochlin y Mela D\u00e1vila, Ursula K. Leguin, Mireia Sallar\u00e8s o Andrea Soto Calder\u00f3n, entre otras.<\/p>\n<hr \/>\n<h3><strong>Mecal Factory<\/strong><\/h3>\n<p>En Mecal Factory organizan varias actividades entre el viernes 8 y el s\u00e1bado 10. El viernes 8 a las 20h podr\u00e1s disfrutar de un especial mujeres realizadora, sumergi\u00e9ndote\u00a0en el talento y la creatividad de las mujeres en la industria cinematogr\u00e1fica. Se explorar\u00e1n pel\u00edculas dirigidas, escritas o producidas por mujeres.<\/p>\n<p>El s\u00e1bado 9 a las 20h descubre la diversidad del &#8216;Universo Femenino&#8217; en su sesi\u00f3n de cortometrajes. Explora diferentes perspectivas y experiencias que celebran la variedad y el poder de la mujer en la pantalla. Por \u00faltimo el domingo 10 a las 11h podr\u00e1s viajar\u00a0a Brasil gracias a su gastronom\u00eda con un vermut ambientado. Se podr\u00e1 disfrutar de diferentes platos y bebidas como Pao de queijo, a\u00e7ai, feijoada, caipirinha, etc.<\/p>","protected":false},"excerpt":{"rendered":"<p>Este viernes 8 es el D\u00eda Internacional de la Mujer, y algunos asociados de Poblenou Urban District organizan distintas iniciativas&#8230; <a href=\"https:\/\/poblenouurbandistrict.com\/es\/activitats-pel-dia-de-la-dona-de-poblenou-urban-district\/\">M\u00e1s  \u2192<\/a><\/p>\n","protected":false},"author":5,"featured_media":44928,"comment_status":"closed","ping_status":"closed","sticky":false,"template":"","format":"standard","meta":{"_acf_changed":false,"footnotes":""},"categories":[3363],"tags":[],"class_list":["post-44880","post","type-post","status-publish","format-standard","has-post-thumbnail","hentry","category-places"],"acf":[],"yoast_head":"<!-- This site is optimized with the Yoast SEO plugin v27.5 - https:\/\/yoast.com\/product\/yoast-seo-wordpress\/ -->\n<title>Descubre las actividades por el D\u00eda de la Mujer en Poblenou &#8211; Poblenou Urban District<\/title>\n<meta name=\"robots\" content=\"index, follow, max-snippet:-1, max-image-preview:large, max-video-preview:-1\" \/>\n<link rel=\"canonical\" href=\"https:\/\/poblenouurbandistrict.com\/es\/activitats-pel-dia-de-la-dona-de-poblenou-urban-district\/\" \/>\n<meta property=\"og:locale\" content=\"es_ES\" \/>\n<meta property=\"og:type\" content=\"article\" \/>\n<meta property=\"og:title\" content=\"Descubre las actividades por el D\u00eda de la Mujer en Poblenou &#8211; Poblenou Urban District\" \/>\n<meta property=\"og:description\" content=\"Este viernes 8 es el D\u00eda Internacional de la Mujer, y algunos asociados de Poblenou Urban District organizan distintas iniciativas... M\u00e1s \u2192\" \/>\n<meta property=\"og:url\" content=\"https:\/\/poblenouurbandistrict.com\/es\/activitats-pel-dia-de-la-dona-de-poblenou-urban-district\/\" \/>\n<meta property=\"og:site_name\" content=\"Poblenou Urban District\" \/>\n<meta property=\"article:published_time\" content=\"2024-03-07T16:15:19+00:00\" \/>\n<meta property=\"article:modified_time\" content=\"2024-03-07T17:04:46+00:00\" \/>\n<meta property=\"og:image\" content=\"https:\/\/poblenouurbandistrict.com\/wp-content\/uploads\/2024\/03\/emidelpiccolo-88-scaled.jpg\" \/>\n\t<meta property=\"og:image:width\" content=\"2560\" \/>\n\t<meta property=\"og:image:height\" content=\"1703\" \/>\n\t<meta property=\"og:image:type\" content=\"image\/jpeg\" \/>\n<meta name=\"author\" content=\"pnud\" \/>\n<meta name=\"twitter:card\" content=\"summary_large_image\" \/>\n<meta name=\"twitter:label1\" content=\"Escrito por\" \/>\n\t<meta name=\"twitter:data1\" content=\"pnud\" \/>\n\t<meta name=\"twitter:label2\" content=\"Tiempo de lectura\" \/>\n\t<meta name=\"twitter:data2\" content=\"3 minutos\" \/>\n<script type=\"application\/ld+json\" class=\"yoast-schema-graph\">{\"@context\":\"https:\\\/\\\/schema.org\",\"@graph\":[{\"@type\":\"Article\",\"@id\":\"https:\\\/\\\/poblenouurbandistrict.com\\\/activitats-pel-dia-de-la-dona-de-poblenou-urban-district\\\/#article\",\"isPartOf\":{\"@id\":\"https:\\\/\\\/poblenouurbandistrict.com\\\/activitats-pel-dia-de-la-dona-de-poblenou-urban-district\\\/\"},\"author\":{\"name\":\"pnud\",\"@id\":\"https:\\\/\\\/poblenouurbandistrict.com\\\/#\\\/schema\\\/person\\\/980a2cf34b399d5218205730acd54a7e\"},\"headline\":\"Descubre las actividades por el D\u00eda de la Mujer en Poblenou\",\"datePublished\":\"2024-03-07T16:15:19+00:00\",\"dateModified\":\"2024-03-07T17:04:46+00:00\",\"mainEntityOfPage\":{\"@id\":\"https:\\\/\\\/poblenouurbandistrict.com\\\/activitats-pel-dia-de-la-dona-de-poblenou-urban-district\\\/\"},\"wordCount\":775,\"image\":{\"@id\":\"https:\\\/\\\/poblenouurbandistrict.com\\\/activitats-pel-dia-de-la-dona-de-poblenou-urban-district\\\/#primaryimage\"},\"thumbnailUrl\":\"https:\\\/\\\/media.poblenouurbandistrict.com\\\/2024\\\/03\\\/25071837\\\/emidelpiccolo-88-scaled.jpg\",\"articleSection\":[\"Espacios\"],\"inLanguage\":\"es\"},{\"@type\":\"WebPage\",\"@id\":\"https:\\\/\\\/poblenouurbandistrict.com\\\/es\\\/activitats-pel-dia-de-la-dona-de-poblenou-urban-district\\\/\",\"url\":\"https:\\\/\\\/poblenouurbandistrict.com\\\/es\\\/activitats-pel-dia-de-la-dona-de-poblenou-urban-district\\\/\",\"name\":\"Descubre las actividades por el D\u00eda de la Mujer en Poblenou &#8211; Poblenou Urban District\",\"isPartOf\":{\"@id\":\"https:\\\/\\\/poblenouurbandistrict.com\\\/es\\\/#website\"},\"primaryImageOfPage\":{\"@id\":\"https:\\\/\\\/poblenouurbandistrict.com\\\/es\\\/activitats-pel-dia-de-la-dona-de-poblenou-urban-district\\\/#primaryimage\"},\"image\":{\"@id\":\"https:\\\/\\\/poblenouurbandistrict.com\\\/activitats-pel-dia-de-la-dona-de-poblenou-urban-district\\\/#primaryimage\"},\"thumbnailUrl\":\"https:\\\/\\\/media.poblenouurbandistrict.com\\\/2024\\\/03\\\/25071837\\\/emidelpiccolo-88-scaled.jpg\",\"datePublished\":\"2024-03-07T16:15:19+00:00\",\"dateModified\":\"2024-03-07T17:04:46+00:00\",\"author\":{\"@id\":\"https:\\\/\\\/poblenouurbandistrict.com\\\/#\\\/schema\\\/person\\\/980a2cf34b399d5218205730acd54a7e\"},\"breadcrumb\":{\"@id\":\"https:\\\/\\\/poblenouurbandistrict.com\\\/es\\\/activitats-pel-dia-de-la-dona-de-poblenou-urban-district\\\/#breadcrumb\"},\"inLanguage\":\"es\",\"potentialAction\":[{\"@type\":\"ReadAction\",\"target\":[[\"https:\\\/\\\/poblenouurbandistrict.com\\\/es\\\/activitats-pel-dia-de-la-dona-de-poblenou-urban-district\\\/\"]]}]},{\"@type\":\"ImageObject\",\"inLanguage\":\"es\",\"@id\":\"https:\\\/\\\/poblenouurbandistrict.com\\\/es\\\/activitats-pel-dia-de-la-dona-de-poblenou-urban-district\\\/#primaryimage\",\"url\":\"https:\\\/\\\/media.poblenouurbandistrict.com\\\/2024\\\/03\\\/25071837\\\/emidelpiccolo-88-scaled.jpg\",\"contentUrl\":\"https:\\\/\\\/media.poblenouurbandistrict.com\\\/2024\\\/03\\\/25071837\\\/emidelpiccolo-88-scaled.jpg\",\"width\":2560,\"height\":1703},{\"@type\":\"BreadcrumbList\",\"@id\":\"https:\\\/\\\/poblenouurbandistrict.com\\\/es\\\/activitats-pel-dia-de-la-dona-de-poblenou-urban-district\\\/#breadcrumb\",\"itemListElement\":[{\"@type\":\"ListItem\",\"position\":1,\"name\":\"Home\",\"item\":\"https:\\\/\\\/poblenouurbandistrict.com\\\/es\\\/\"},{\"@type\":\"ListItem\",\"position\":2,\"name\":\"Descobreix les activitats pel Dia de la Dona a Poblenou\"}]},{\"@type\":\"WebSite\",\"@id\":\"https:\\\/\\\/poblenouurbandistrict.com\\\/es\\\/#website\",\"url\":\"https:\\\/\\\/poblenouurbandistrict.com\\\/es\\\/\",\"name\":\"Poblenou Urban District\",\"description\":\"Comunidad Creativa\",\"potentialAction\":[{\"@type\":\"SearchAction\",\"target\":{\"@type\":\"EntryPoint\",\"urlTemplate\":\"https:\\\/\\\/poblenouurbandistrict.com\\\/es\\\/?s={search_term_string}\"},\"query-input\":{\"@type\":\"PropertyValueSpecification\",\"valueRequired\":true,\"valueName\":\"search_term_string\"}}],\"inLanguage\":\"es\"},{\"@type\":\"Person\",\"@id\":\"https:\\\/\\\/poblenouurbandistrict.com\\\/#\\\/schema\\\/person\\\/980a2cf34b399d5218205730acd54a7e\",\"name\":\"pnud\",\"image\":{\"@type\":\"ImageObject\",\"inLanguage\":\"es\",\"@id\":\"https:\\\/\\\/secure.gravatar.com\\\/avatar\\\/67146597b405ee077a24e519f75c3e2031736596d6ce35af3a34c122c93d0d7b?s=96&d=retro&r=g\",\"url\":\"https:\\\/\\\/secure.gravatar.com\\\/avatar\\\/67146597b405ee077a24e519f75c3e2031736596d6ce35af3a34c122c93d0d7b?s=96&d=retro&r=g\",\"contentUrl\":\"https:\\\/\\\/secure.gravatar.com\\\/avatar\\\/67146597b405ee077a24e519f75c3e2031736596d6ce35af3a34c122c93d0d7b?s=96&d=retro&r=g\",\"caption\":\"pnud\"}}]}<\/script>\n<!-- \/ Yoast SEO plugin. -->","yoast_head_json":{"title":"Descubre las actividades por el D\u00eda de la Mujer en Poblenou &#8211; Poblenou Urban District","robots":{"index":"index","follow":"follow","max-snippet":"max-snippet:-1","max-image-preview":"max-image-preview:large","max-video-preview":"max-video-preview:-1"},"canonical":"https:\/\/poblenouurbandistrict.com\/es\/activitats-pel-dia-de-la-dona-de-poblenou-urban-district\/","og_locale":"es_ES","og_type":"article","og_title":"Descubre las actividades por el D\u00eda de la Mujer en Poblenou &#8211; Poblenou Urban District","og_description":"Este viernes 8 es el D\u00eda Internacional de la Mujer, y algunos asociados de Poblenou Urban District organizan distintas iniciativas... M\u00e1s \u2192","og_url":"https:\/\/poblenouurbandistrict.com\/es\/activitats-pel-dia-de-la-dona-de-poblenou-urban-district\/","og_site_name":"Poblenou Urban District","article_published_time":"2024-03-07T16:15:19+00:00","article_modified_time":"2024-03-07T17:04:46+00:00","og_image":[{"width":2560,"height":1703,"url":"https:\/\/poblenouurbandistrict.com\/wp-content\/uploads\/2024\/03\/emidelpiccolo-88-scaled.jpg","type":"image\/jpeg"}],"author":"pnud","twitter_card":"summary_large_image","twitter_misc":{"Escrito por":"pnud","Tiempo de lectura":"3 minutos"},"schema":{"@context":"https:\/\/schema.org","@graph":[{"@type":"Article","@id":"https:\/\/poblenouurbandistrict.com\/activitats-pel-dia-de-la-dona-de-poblenou-urban-district\/#article","isPartOf":{"@id":"https:\/\/poblenouurbandistrict.com\/activitats-pel-dia-de-la-dona-de-poblenou-urban-district\/"},"author":{"name":"pnud","@id":"https:\/\/poblenouurbandistrict.com\/#\/schema\/person\/980a2cf34b399d5218205730acd54a7e"},"headline":"Descubre las actividades por el D\u00eda de la Mujer en Poblenou","datePublished":"2024-03-07T16:15:19+00:00","dateModified":"2024-03-07T17:04:46+00:00","mainEntityOfPage":{"@id":"https:\/\/poblenouurbandistrict.com\/activitats-pel-dia-de-la-dona-de-poblenou-urban-district\/"},"wordCount":775,"image":{"@id":"https:\/\/poblenouurbandistrict.com\/activitats-pel-dia-de-la-dona-de-poblenou-urban-district\/#primaryimage"},"thumbnailUrl":"https:\/\/media.poblenouurbandistrict.com\/2024\/03\/25071837\/emidelpiccolo-88-scaled.jpg","articleSection":["Espacios"],"inLanguage":"es"},{"@type":"WebPage","@id":"https:\/\/poblenouurbandistrict.com\/es\/activitats-pel-dia-de-la-dona-de-poblenou-urban-district\/","url":"https:\/\/poblenouurbandistrict.com\/es\/activitats-pel-dia-de-la-dona-de-poblenou-urban-district\/","name":"Descubre las actividades por el D\u00eda de la Mujer en Poblenou &#8211; Poblenou Urban District","isPartOf":{"@id":"https:\/\/poblenouurbandistrict.com\/es\/#website"},"primaryImageOfPage":{"@id":"https:\/\/poblenouurbandistrict.com\/es\/activitats-pel-dia-de-la-dona-de-poblenou-urban-district\/#primaryimage"},"image":{"@id":"https:\/\/poblenouurbandistrict.com\/activitats-pel-dia-de-la-dona-de-poblenou-urban-district\/#primaryimage"},"thumbnailUrl":"https:\/\/media.poblenouurbandistrict.com\/2024\/03\/25071837\/emidelpiccolo-88-scaled.jpg","datePublished":"2024-03-07T16:15:19+00:00","dateModified":"2024-03-07T17:04:46+00:00","author":{"@id":"https:\/\/poblenouurbandistrict.com\/#\/schema\/person\/980a2cf34b399d5218205730acd54a7e"},"breadcrumb":{"@id":"https:\/\/poblenouurbandistrict.com\/es\/activitats-pel-dia-de-la-dona-de-poblenou-urban-district\/#breadcrumb"},"inLanguage":"es","potentialAction":[{"@type":"ReadAction","target":[["https:\/\/poblenouurbandistrict.com\/es\/activitats-pel-dia-de-la-dona-de-poblenou-urban-district\/"]]}]},{"@type":"ImageObject","inLanguage":"es","@id":"https:\/\/poblenouurbandistrict.com\/es\/activitats-pel-dia-de-la-dona-de-poblenou-urban-district\/#primaryimage","url":"https:\/\/media.poblenouurbandistrict.com\/2024\/03\/25071837\/emidelpiccolo-88-scaled.jpg","contentUrl":"https:\/\/media.poblenouurbandistrict.com\/2024\/03\/25071837\/emidelpiccolo-88-scaled.jpg","width":2560,"height":1703},{"@type":"BreadcrumbList","@id":"https:\/\/poblenouurbandistrict.com\/es\/activitats-pel-dia-de-la-dona-de-poblenou-urban-district\/#breadcrumb","itemListElement":[{"@type":"ListItem","position":1,"name":"Home","item":"https:\/\/poblenouurbandistrict.com\/es\/"},{"@type":"ListItem","position":2,"name":"Descobreix les activitats pel Dia de la Dona a Poblenou"}]},{"@type":"WebSite","@id":"https:\/\/poblenouurbandistrict.com\/es\/#website","url":"https:\/\/poblenouurbandistrict.com\/es\/","name":"Poblenou Urban District","description":"Comunidad Creativa","potentialAction":[{"@type":"SearchAction","target":{"@type":"EntryPoint","urlTemplate":"https:\/\/poblenouurbandistrict.com\/es\/?s={search_term_string}"},"query-input":{"@type":"PropertyValueSpecification","valueRequired":true,"valueName":"search_term_string"}}],"inLanguage":"es"},{"@type":"Person","@id":"https:\/\/poblenouurbandistrict.com\/#\/schema\/person\/980a2cf34b399d5218205730acd54a7e","name":"pnud","image":{"@type":"ImageObject","inLanguage":"es","@id":"https:\/\/secure.gravatar.com\/avatar\/67146597b405ee077a24e519f75c3e2031736596d6ce35af3a34c122c93d0d7b?s=96&d=retro&r=g","url":"https:\/\/secure.gravatar.com\/avatar\/67146597b405ee077a24e519f75c3e2031736596d6ce35af3a34c122c93d0d7b?s=96&d=retro&r=g","contentUrl":"https:\/\/secure.gravatar.com\/avatar\/67146597b405ee077a24e519f75c3e2031736596d6ce35af3a34c122c93d0d7b?s=96&d=retro&r=g","caption":"pnud"}}]}},"_links":{"self":[{"href":"https:\/\/poblenouurbandistrict.com\/es\/wp-json\/wp\/v2\/posts\/44880","targetHints":{"allow":["GET"]}}],"collection":[{"href":"https:\/\/poblenouurbandistrict.com\/es\/wp-json\/wp\/v2\/posts"}],"about":[{"href":"https:\/\/poblenouurbandistrict.com\/es\/wp-json\/wp\/v2\/types\/post"}],"author":[{"embeddable":true,"href":"https:\/\/poblenouurbandistrict.com\/es\/wp-json\/wp\/v2\/users\/5"}],"replies":[{"embeddable":true,"href":"https:\/\/poblenouurbandistrict.com\/es\/wp-json\/wp\/v2\/comments?post=44880"}],"version-history":[{"count":15,"href":"https:\/\/poblenouurbandistrict.com\/es\/wp-json\/wp\/v2\/posts\/44880\/revisions"}],"predecessor-version":[{"id":44941,"href":"https:\/\/poblenouurbandistrict.com\/es\/wp-json\/wp\/v2\/posts\/44880\/revisions\/44941"}],"wp:featuredmedia":[{"embeddable":true,"href":"https:\/\/poblenouurbandistrict.com\/es\/wp-json\/wp\/v2\/media\/44928"}],"wp:attachment":[{"href":"https:\/\/poblenouurbandistrict.com\/es\/wp-json\/wp\/v2\/media?parent=44880"}],"wp:term":[{"taxonomy":"category","embeddable":true,"href":"https:\/\/poblenouurbandistrict.com\/es\/wp-json\/wp\/v2\/categories?post=44880"},{"taxonomy":"post_tag","embeddable":true,"href":"https:\/\/poblenouurbandistrict.com\/es\/wp-json\/wp\/v2\/tags?post=44880"}],"curies":[{"name":"wp","href":"https:\/\/api.w.org\/{rel}","templated":true}]}}