{"id":45130,"date":"2024-03-27T10:22:43","date_gmt":"2024-03-27T09:22:43","guid":{"rendered":"https:\/\/poblenouurbandistrict.com\/?p=45130"},"modified":"2024-03-27T10:22:43","modified_gmt":"2024-03-27T09:22:43","slug":"arriba-abril-amb-els-tallers-gastronomics-despai-granada","status":"publish","type":"post","link":"https:\/\/poblenouurbandistrict.com\/es\/arriba-abril-amb-els-tallers-gastronomics-despai-granada\/","title":{"rendered":"Llega abril con los talleres gastron\u00f3micos de Espai Granada"},"content":{"rendered":"<p>Cada mes, <a href=\"https:\/\/www.espaigranada.com\/\">Espai Granada<\/a>, el centro gastron\u00f3mico de Poblenou, ofrece una gran variedad de actividades y talleres para disfrutar con amigos y familia de la cocina local e internacional. Si te gusta probar nuevas gastronom\u00edas, no te pierdas la programaci\u00f3n que han preparado para febrero y marzo.<\/p>\n<h3><a href=\"https:\/\/www.espaigranada.com\/informacion-del-evento\/taller-de-noquis-y-salsas\">Taller de \u00f1oquis y salsas<\/a> \u2013 10 de abril<\/h3>\n<p>No te pierdas este riqu\u00edsimo taller de \u00f1oquis caseros de patata. Se realizar\u00e1n\u00a0los \u00f1oquis desde el comienzo, podr\u00e1s conocer los distintos tipos de patatas y para que es mejor utilizar que variedad. Adem\u00e1s de ver diferentes tradiciones para hacer los \u00f1oquis y preparar tres salsas que ser\u00e1n un deleite para el paladar.\u00a0Este taller incluye una copa de bienvenida, master class, taller participativo y degustaci\u00f3n.<\/p>\n<hr \/>\n<h3><a href=\"https:\/\/www.espaigranada.com\/informacion-del-evento\/taller-de-dumplings\">Taller de dumplings<\/a> \u2013 17 de abril<\/h3>\n<p>Los <em>dim sum<\/em> pueden ser salados o dulces, hervidos, cocidos al vapor, cocinados a la plancha o fritos, y admiten multitud de formas, rellenos e ingredientes. Los m\u00e1s populares son las preparaciones en forma de dumpling o empanadillas, as\u00ed como los panecillos al vapor rellenos de carne, verdura o pescado y marisco. En esta taller obtendr\u00e1s una gu\u00eda de recetas de los platos elaborados en el taller, demostraci\u00f3n de t\u00e9cnicas de cocci\u00f3n y pr\u00e1ctica de las recetas propuestas y los ingredientes necesarios para la realizaci\u00f3n de las recetas.<\/p>\n<hr \/>\n<h3 class=\"lEpN4c q198bJ fKdwAf\" data-hook=\"event-title\"><a href=\"https:\/\/www.espaigranada.com\/informacion-del-evento\/taller-de-macarons\">Taller de macarons<\/a> \u2013 20 de abril<\/h3>\n<p>Vincent Lefebvre ha explorado y perfeccionado diferentes t\u00e9cnicas de fabricaci\u00f3n que le han permitido adquirir una experiencia \u00a0particular en la creaci\u00f3n de los macarons.\u00a0Animado por el deseo de compartir su amor por la pasteler\u00eda y hacer conocer un poco m\u00e1s su Francia natal a trav\u00e9s de un producto tan arraigado en la cultura de su pa\u00eds, guiar\u00e1 y acompa\u00f1ar\u00e1 los participantes durante este taller en la elaboraci\u00f3n y secretos del macaron.\u00a0En el taller se realizar\u00e1n los macarons desde cero y cada participante har\u00e1 sus propias elaboraciones.<\/p>\n<hr \/>\n<h3><a href=\"https:\/\/www.espaigranada.com\/informacion-del-evento\/taller-thai-12\">Taller thai<\/a> \u2013 24 de abril<\/h3>\n<p>La cocina tailandesa mezcla cinco sabores fundamentales: dulce, picante, agrio, amargo y salado. Algunos ingredientes comunes utilizados en la cocina tailandesa incluyen el ajo, pimientos, hierba de lim\u00f3n y salsa de pescado. En este taller se cocinar\u00e1n varias recetas como Pad Kra Pao pork &amp; holy o Som Tam ensalada de papaya verde. Adem\u00e1s, incluye una gu\u00eda de recetas de los platos elaborados en el taller.<\/p>\n<hr \/>\n<h3><a href=\"https:\/\/www.espaigranada.com\/informacion-del-evento\/taller-de-paellas\">Taller de paellas<\/a> \u2013 27 de abril<\/h3>\n<div class=\"WEHmf7\">\n<p class=\"vcrzUh kMrkHS D0_jh6\" data-hook=\"event-description\">Disfrutar\u00e1s de un divertido y participativo taller del plato t\u00edpico valenciano por excelencia. Descubre el secreto de la mejor paella mientras haces una master class, y cocinas paellas para que aprendas todos lo trucos y siempre puedas tener \u00e9xito al hacerlas. Al finalizar, podr\u00e1s degustar las paellas en su terraza con las mejores vistas de la ciudad.<\/p>\n<\/div>\n<p><\/p>","protected":false},"excerpt":{"rendered":"<p>Cada mes, Espai Granada, el centro gastron\u00f3mico de Poblenou, ofrece una gran variedad de actividades y talleres para disfrutar con&#8230; <a href=\"https:\/\/poblenouurbandistrict.com\/es\/arriba-abril-amb-els-tallers-gastronomics-despai-granada\/\">M\u00e1s  \u2192<\/a><\/p>\n","protected":false},"author":5,"featured_media":45150,"comment_status":"closed","ping_status":"closed","sticky":false,"template":"","format":"standard","meta":{"_acf_changed":false,"footnotes":""},"categories":[3353],"tags":[],"class_list":["post-45130","post","type-post","status-publish","format-standard","has-post-thumbnail","hentry","category-gastronomia"],"acf":[],"yoast_head":"<!-- This site is optimized with the Yoast SEO plugin v27.4 - https:\/\/yoast.com\/product\/yoast-seo-wordpress\/ -->\n<title>Llega abril con los talleres gastron\u00f3micos de Espai Granada &#8211; Poblenou Urban District<\/title>\n<meta name=\"robots\" content=\"index, follow, max-snippet:-1, max-image-preview:large, max-video-preview:-1\" \/>\n<link rel=\"canonical\" href=\"https:\/\/poblenouurbandistrict.com\/es\/arriba-abril-amb-els-tallers-gastronomics-despai-granada\/\" \/>\n<meta property=\"og:locale\" content=\"es_ES\" \/>\n<meta property=\"og:type\" content=\"article\" \/>\n<meta property=\"og:title\" content=\"Llega abril con los talleres gastron\u00f3micos de Espai Granada &#8211; Poblenou Urban District\" \/>\n<meta property=\"og:description\" content=\"Cada mes, Espai Granada, el centro gastron\u00f3mico de Poblenou, ofrece una gran variedad de actividades y talleres para disfrutar con... M\u00e1s \u2192\" \/>\n<meta property=\"og:url\" content=\"https:\/\/poblenouurbandistrict.com\/es\/arriba-abril-amb-els-tallers-gastronomics-despai-granada\/\" \/>\n<meta property=\"og:site_name\" content=\"Poblenou Urban District\" \/>\n<meta property=\"article:published_time\" content=\"2024-03-27T09:22:43+00:00\" \/>\n<meta property=\"og:image\" content=\"https:\/\/poblenouurbandistrict.com\/wp-content\/uploads\/2024\/03\/73e438_e944d74478664887b6da87687f2b3b34mv2.jpg.webp\" \/>\n\t<meta property=\"og:image:width\" content=\"1958\" \/>\n\t<meta property=\"og:image:height\" content=\"1104\" \/>\n\t<meta property=\"og:image:type\" content=\"image\/webp\" \/>\n<meta name=\"author\" content=\"pnud\" \/>\n<meta name=\"twitter:card\" content=\"summary_large_image\" \/>\n<meta name=\"twitter:label1\" content=\"Escrito por\" \/>\n\t<meta name=\"twitter:data1\" content=\"pnud\" \/>\n\t<meta name=\"twitter:label2\" content=\"Tiempo de lectura\" \/>\n\t<meta name=\"twitter:data2\" content=\"3 minutos\" \/>\n<script type=\"application\/ld+json\" class=\"yoast-schema-graph\">{\"@context\":\"https:\\\/\\\/schema.org\",\"@graph\":[{\"@type\":\"Article\",\"@id\":\"https:\\\/\\\/poblenouurbandistrict.com\\\/arriba-abril-amb-els-tallers-gastronomics-despai-granada\\\/#article\",\"isPartOf\":{\"@id\":\"https:\\\/\\\/poblenouurbandistrict.com\\\/arriba-abril-amb-els-tallers-gastronomics-despai-granada\\\/\"},\"author\":{\"name\":\"pnud\",\"@id\":\"https:\\\/\\\/poblenouurbandistrict.com\\\/#\\\/schema\\\/person\\\/980a2cf34b399d5218205730acd54a7e\"},\"headline\":\"Llega abril con los talleres gastron\u00f3micos de Espai Granada\",\"datePublished\":\"2024-03-27T09:22:43+00:00\",\"mainEntityOfPage\":{\"@id\":\"https:\\\/\\\/poblenouurbandistrict.com\\\/arriba-abril-amb-els-tallers-gastronomics-despai-granada\\\/\"},\"wordCount\":969,\"image\":{\"@id\":\"https:\\\/\\\/poblenouurbandistrict.com\\\/arriba-abril-amb-els-tallers-gastronomics-despai-granada\\\/#primaryimage\"},\"thumbnailUrl\":\"https:\\\/\\\/media.poblenouurbandistrict.com\\\/2024\\\/03\\\/25072212\\\/73e438_e944d74478664887b6da87687f2b3b34mv2.jpg.webp\",\"articleSection\":[\"Gastronom\u00eda\"],\"inLanguage\":\"es\"},{\"@type\":\"WebPage\",\"@id\":\"https:\\\/\\\/poblenouurbandistrict.com\\\/es\\\/arriba-abril-amb-els-tallers-gastronomics-despai-granada\\\/\",\"url\":\"https:\\\/\\\/poblenouurbandistrict.com\\\/es\\\/arriba-abril-amb-els-tallers-gastronomics-despai-granada\\\/\",\"name\":\"Llega abril con los talleres gastron\u00f3micos de Espai Granada &#8211; Poblenou Urban District\",\"isPartOf\":{\"@id\":\"https:\\\/\\\/poblenouurbandistrict.com\\\/es\\\/#website\"},\"primaryImageOfPage\":{\"@id\":\"https:\\\/\\\/poblenouurbandistrict.com\\\/es\\\/arriba-abril-amb-els-tallers-gastronomics-despai-granada\\\/#primaryimage\"},\"image\":{\"@id\":\"https:\\\/\\\/poblenouurbandistrict.com\\\/arriba-abril-amb-els-tallers-gastronomics-despai-granada\\\/#primaryimage\"},\"thumbnailUrl\":\"https:\\\/\\\/media.poblenouurbandistrict.com\\\/2024\\\/03\\\/25072212\\\/73e438_e944d74478664887b6da87687f2b3b34mv2.jpg.webp\",\"datePublished\":\"2024-03-27T09:22:43+00:00\",\"author\":{\"@id\":\"https:\\\/\\\/poblenouurbandistrict.com\\\/#\\\/schema\\\/person\\\/980a2cf34b399d5218205730acd54a7e\"},\"breadcrumb\":{\"@id\":\"https:\\\/\\\/poblenouurbandistrict.com\\\/es\\\/arriba-abril-amb-els-tallers-gastronomics-despai-granada\\\/#breadcrumb\"},\"inLanguage\":\"es\",\"potentialAction\":[{\"@type\":\"ReadAction\",\"target\":[[\"https:\\\/\\\/poblenouurbandistrict.com\\\/es\\\/arriba-abril-amb-els-tallers-gastronomics-despai-granada\\\/\"]]}]},{\"@type\":\"ImageObject\",\"inLanguage\":\"es\",\"@id\":\"https:\\\/\\\/poblenouurbandistrict.com\\\/es\\\/arriba-abril-amb-els-tallers-gastronomics-despai-granada\\\/#primaryimage\",\"url\":\"https:\\\/\\\/media.poblenouurbandistrict.com\\\/2024\\\/03\\\/25072212\\\/73e438_e944d74478664887b6da87687f2b3b34mv2.jpg.webp\",\"contentUrl\":\"https:\\\/\\\/media.poblenouurbandistrict.com\\\/2024\\\/03\\\/25072212\\\/73e438_e944d74478664887b6da87687f2b3b34mv2.jpg.webp\",\"width\":1958,\"height\":1104},{\"@type\":\"BreadcrumbList\",\"@id\":\"https:\\\/\\\/poblenouurbandistrict.com\\\/es\\\/arriba-abril-amb-els-tallers-gastronomics-despai-granada\\\/#breadcrumb\",\"itemListElement\":[{\"@type\":\"ListItem\",\"position\":1,\"name\":\"Home\",\"item\":\"https:\\\/\\\/poblenouurbandistrict.com\\\/es\\\/\"},{\"@type\":\"ListItem\",\"position\":2,\"name\":\"Arriba abril amb els tallers gastron\u00f2mics d&#8217;Espai Granada\"}]},{\"@type\":\"WebSite\",\"@id\":\"https:\\\/\\\/poblenouurbandistrict.com\\\/es\\\/#website\",\"url\":\"https:\\\/\\\/poblenouurbandistrict.com\\\/es\\\/\",\"name\":\"Poblenou Urban District\",\"description\":\"Comunidad Creativa\",\"potentialAction\":[{\"@type\":\"SearchAction\",\"target\":{\"@type\":\"EntryPoint\",\"urlTemplate\":\"https:\\\/\\\/poblenouurbandistrict.com\\\/es\\\/?s={search_term_string}\"},\"query-input\":{\"@type\":\"PropertyValueSpecification\",\"valueRequired\":true,\"valueName\":\"search_term_string\"}}],\"inLanguage\":\"es\"},{\"@type\":\"Person\",\"@id\":\"https:\\\/\\\/poblenouurbandistrict.com\\\/#\\\/schema\\\/person\\\/980a2cf34b399d5218205730acd54a7e\",\"name\":\"pnud\",\"image\":{\"@type\":\"ImageObject\",\"inLanguage\":\"es\",\"@id\":\"https:\\\/\\\/secure.gravatar.com\\\/avatar\\\/67146597b405ee077a24e519f75c3e2031736596d6ce35af3a34c122c93d0d7b?s=96&d=retro&r=g\",\"url\":\"https:\\\/\\\/secure.gravatar.com\\\/avatar\\\/67146597b405ee077a24e519f75c3e2031736596d6ce35af3a34c122c93d0d7b?s=96&d=retro&r=g\",\"contentUrl\":\"https:\\\/\\\/secure.gravatar.com\\\/avatar\\\/67146597b405ee077a24e519f75c3e2031736596d6ce35af3a34c122c93d0d7b?s=96&d=retro&r=g\",\"caption\":\"pnud\"}}]}<\/script>\n<!-- \/ Yoast SEO plugin. -->","yoast_head_json":{"title":"Llega abril con los talleres gastron\u00f3micos de Espai Granada &#8211; Poblenou Urban District","robots":{"index":"index","follow":"follow","max-snippet":"max-snippet:-1","max-image-preview":"max-image-preview:large","max-video-preview":"max-video-preview:-1"},"canonical":"https:\/\/poblenouurbandistrict.com\/es\/arriba-abril-amb-els-tallers-gastronomics-despai-granada\/","og_locale":"es_ES","og_type":"article","og_title":"Llega abril con los talleres gastron\u00f3micos de Espai Granada &#8211; Poblenou Urban District","og_description":"Cada mes, Espai Granada, el centro gastron\u00f3mico de Poblenou, ofrece una gran variedad de actividades y talleres para disfrutar con... M\u00e1s \u2192","og_url":"https:\/\/poblenouurbandistrict.com\/es\/arriba-abril-amb-els-tallers-gastronomics-despai-granada\/","og_site_name":"Poblenou Urban District","article_published_time":"2024-03-27T09:22:43+00:00","og_image":[{"width":1958,"height":1104,"url":"https:\/\/poblenouurbandistrict.com\/wp-content\/uploads\/2024\/03\/73e438_e944d74478664887b6da87687f2b3b34mv2.jpg.webp","type":"image\/webp"}],"author":"pnud","twitter_card":"summary_large_image","twitter_misc":{"Escrito por":"pnud","Tiempo de lectura":"3 minutos"},"schema":{"@context":"https:\/\/schema.org","@graph":[{"@type":"Article","@id":"https:\/\/poblenouurbandistrict.com\/arriba-abril-amb-els-tallers-gastronomics-despai-granada\/#article","isPartOf":{"@id":"https:\/\/poblenouurbandistrict.com\/arriba-abril-amb-els-tallers-gastronomics-despai-granada\/"},"author":{"name":"pnud","@id":"https:\/\/poblenouurbandistrict.com\/#\/schema\/person\/980a2cf34b399d5218205730acd54a7e"},"headline":"Llega abril con los talleres gastron\u00f3micos de Espai Granada","datePublished":"2024-03-27T09:22:43+00:00","mainEntityOfPage":{"@id":"https:\/\/poblenouurbandistrict.com\/arriba-abril-amb-els-tallers-gastronomics-despai-granada\/"},"wordCount":969,"image":{"@id":"https:\/\/poblenouurbandistrict.com\/arriba-abril-amb-els-tallers-gastronomics-despai-granada\/#primaryimage"},"thumbnailUrl":"https:\/\/media.poblenouurbandistrict.com\/2024\/03\/25072212\/73e438_e944d74478664887b6da87687f2b3b34mv2.jpg.webp","articleSection":["Gastronom\u00eda"],"inLanguage":"es"},{"@type":"WebPage","@id":"https:\/\/poblenouurbandistrict.com\/es\/arriba-abril-amb-els-tallers-gastronomics-despai-granada\/","url":"https:\/\/poblenouurbandistrict.com\/es\/arriba-abril-amb-els-tallers-gastronomics-despai-granada\/","name":"Llega abril con los talleres gastron\u00f3micos de Espai Granada &#8211; Poblenou Urban District","isPartOf":{"@id":"https:\/\/poblenouurbandistrict.com\/es\/#website"},"primaryImageOfPage":{"@id":"https:\/\/poblenouurbandistrict.com\/es\/arriba-abril-amb-els-tallers-gastronomics-despai-granada\/#primaryimage"},"image":{"@id":"https:\/\/poblenouurbandistrict.com\/arriba-abril-amb-els-tallers-gastronomics-despai-granada\/#primaryimage"},"thumbnailUrl":"https:\/\/media.poblenouurbandistrict.com\/2024\/03\/25072212\/73e438_e944d74478664887b6da87687f2b3b34mv2.jpg.webp","datePublished":"2024-03-27T09:22:43+00:00","author":{"@id":"https:\/\/poblenouurbandistrict.com\/#\/schema\/person\/980a2cf34b399d5218205730acd54a7e"},"breadcrumb":{"@id":"https:\/\/poblenouurbandistrict.com\/es\/arriba-abril-amb-els-tallers-gastronomics-despai-granada\/#breadcrumb"},"inLanguage":"es","potentialAction":[{"@type":"ReadAction","target":[["https:\/\/poblenouurbandistrict.com\/es\/arriba-abril-amb-els-tallers-gastronomics-despai-granada\/"]]}]},{"@type":"ImageObject","inLanguage":"es","@id":"https:\/\/poblenouurbandistrict.com\/es\/arriba-abril-amb-els-tallers-gastronomics-despai-granada\/#primaryimage","url":"https:\/\/media.poblenouurbandistrict.com\/2024\/03\/25072212\/73e438_e944d74478664887b6da87687f2b3b34mv2.jpg.webp","contentUrl":"https:\/\/media.poblenouurbandistrict.com\/2024\/03\/25072212\/73e438_e944d74478664887b6da87687f2b3b34mv2.jpg.webp","width":1958,"height":1104},{"@type":"BreadcrumbList","@id":"https:\/\/poblenouurbandistrict.com\/es\/arriba-abril-amb-els-tallers-gastronomics-despai-granada\/#breadcrumb","itemListElement":[{"@type":"ListItem","position":1,"name":"Home","item":"https:\/\/poblenouurbandistrict.com\/es\/"},{"@type":"ListItem","position":2,"name":"Arriba abril amb els tallers gastron\u00f2mics d&#8217;Espai Granada"}]},{"@type":"WebSite","@id":"https:\/\/poblenouurbandistrict.com\/es\/#website","url":"https:\/\/poblenouurbandistrict.com\/es\/","name":"Poblenou Urban District","description":"Comunidad Creativa","potentialAction":[{"@type":"SearchAction","target":{"@type":"EntryPoint","urlTemplate":"https:\/\/poblenouurbandistrict.com\/es\/?s={search_term_string}"},"query-input":{"@type":"PropertyValueSpecification","valueRequired":true,"valueName":"search_term_string"}}],"inLanguage":"es"},{"@type":"Person","@id":"https:\/\/poblenouurbandistrict.com\/#\/schema\/person\/980a2cf34b399d5218205730acd54a7e","name":"pnud","image":{"@type":"ImageObject","inLanguage":"es","@id":"https:\/\/secure.gravatar.com\/avatar\/67146597b405ee077a24e519f75c3e2031736596d6ce35af3a34c122c93d0d7b?s=96&d=retro&r=g","url":"https:\/\/secure.gravatar.com\/avatar\/67146597b405ee077a24e519f75c3e2031736596d6ce35af3a34c122c93d0d7b?s=96&d=retro&r=g","contentUrl":"https:\/\/secure.gravatar.com\/avatar\/67146597b405ee077a24e519f75c3e2031736596d6ce35af3a34c122c93d0d7b?s=96&d=retro&r=g","caption":"pnud"}}]}},"_links":{"self":[{"href":"https:\/\/poblenouurbandistrict.com\/es\/wp-json\/wp\/v2\/posts\/45130","targetHints":{"allow":["GET"]}}],"collection":[{"href":"https:\/\/poblenouurbandistrict.com\/es\/wp-json\/wp\/v2\/posts"}],"about":[{"href":"https:\/\/poblenouurbandistrict.com\/es\/wp-json\/wp\/v2\/types\/post"}],"author":[{"embeddable":true,"href":"https:\/\/poblenouurbandistrict.com\/es\/wp-json\/wp\/v2\/users\/5"}],"replies":[{"embeddable":true,"href":"https:\/\/poblenouurbandistrict.com\/es\/wp-json\/wp\/v2\/comments?post=45130"}],"version-history":[{"count":6,"href":"https:\/\/poblenouurbandistrict.com\/es\/wp-json\/wp\/v2\/posts\/45130\/revisions"}],"predecessor-version":[{"id":45152,"href":"https:\/\/poblenouurbandistrict.com\/es\/wp-json\/wp\/v2\/posts\/45130\/revisions\/45152"}],"wp:featuredmedia":[{"embeddable":true,"href":"https:\/\/poblenouurbandistrict.com\/es\/wp-json\/wp\/v2\/media\/45150"}],"wp:attachment":[{"href":"https:\/\/poblenouurbandistrict.com\/es\/wp-json\/wp\/v2\/media?parent=45130"}],"wp:term":[{"taxonomy":"category","embeddable":true,"href":"https:\/\/poblenouurbandistrict.com\/es\/wp-json\/wp\/v2\/categories?post=45130"},{"taxonomy":"post_tag","embeddable":true,"href":"https:\/\/poblenouurbandistrict.com\/es\/wp-json\/wp\/v2\/tags?post=45130"}],"curies":[{"name":"wp","href":"https:\/\/api.w.org\/{rel}","templated":true}]}}