{"id":45376,"date":"2024-04-15T17:34:48","date_gmt":"2024-04-15T15:34:48","guid":{"rendered":"https:\/\/poblenouurbandistrict.com\/?p=45376"},"modified":"2024-04-23T13:52:03","modified_gmt":"2024-04-23T11:52:03","slug":"poblenou-open-day-la-cita-amb-el-districte-creatiu-de-barcelona","status":"publish","type":"post","link":"https:\/\/poblenouurbandistrict.com\/es\/poblenou-open-day-la-cita-amb-el-districte-creatiu-de-barcelona\/","title":{"rendered":"Vuelve el Poblenou Open Day, la cita con el Distrito Creativo de Barcelona"},"content":{"rendered":"<p><span style=\"font-weight: 400;\">Celebramos la duod\u00e9cima edici\u00f3n del <strong>Poblenou Open Day<\/strong><\/span><span style=\"font-weight: 400;\">, volvemos a abrir las puertas del Distrito Creativo el pr\u00f3ximo s\u00e1bado <strong>4 de mayo de 11h a 22h<\/strong><\/span><span style=\"font-weight: 400;\">, invitando a toda la ciudad a disfrutar de la programaci\u00f3n cultural con m\u00e1s de cincuenta propuestas en los espacios de la comunidad creativa m\u00e1s grande de Barcelona, con actividades especiales abiertas a todo el p\u00fablico.<\/span><\/p>\n<p><strong>Las actividades del <b>Poblenou Open Day<\/b><b>, abiertas a todo el p\u00fablico y organizadas por la comunidad creativa de Poblenou Urban District abren sus puertas en primavera a m\u00e1s de 20.000 personas.<\/b><\/strong><\/p>\n<p><span style=\"font-weight: 400;\">Galer\u00edas de arte, centros de creaci\u00f3n, estudios de artistas, agencias de publicidad, productoras audiovisuales, <\/span><i><span style=\"font-weight: 400;\">showrooms<\/span><\/i><span style=\"font-weight: 400;\">, espacios gastron\u00f3micos, tiendas, cocteler\u00edas, centros de estudios, hoteles y restaurantes son los espacios asociados que formar\u00e1n de este evento producido por\u00a0<\/span><b>Poblenou Urban District<\/b>.<span style=\"font-weight: 400;\">\u00a0Se realizar\u00e1n actividades culturales como exposiciones de arte, charlas, proyecciones multimedia, demostraciones, talleres, m\u00fasica en directo, sesiones de DJ&#8217;s y propuestas gastron\u00f3micas.<\/span><\/p>\n<p><strong>La duod\u00e9cima edici\u00f3n del Poblenou Open Day ser\u00e1 una oportunidad \u00fanica para conocer las propuestas de la comunidad creativa.<\/strong><\/p>\n<p><span style=\"font-weight: 400;\">El epicentro de esta duod\u00e9cima edici\u00f3n ser\u00e1 la <strong>Urban Block Party<\/strong>, organizada por Poblenou Urban District y \u00c0tim Enginyeria y ubicada en el solar del Carrer \u00c0vila, 98.\u00a0<\/span>Nada m\u00e1s potente que transformar un espacio en desuso y convertirlo en un espacio cultural durante todo el d\u00eda. Encontrar\u00e1s una programaci\u00f3n completa de actividades culturales: talleres, m\u00fasica en directo, corner de arte, sesiones de DJ&#8217;s, murales en directo, exposiciones, gastronom\u00eda y un punto de informaci\u00f3n donde podr\u00e1s descubrir toda la programaci\u00f3n del Poblenou Open Day.<\/p>\n<p><span style=\"font-weight: 400;\">Como actividad destacada, se celebrar\u00e1 la novena edici\u00f3n el <strong>Windows Art Circuit \/ WAC<\/strong><\/span><span style=\"font-weight: 400;\">, evento multidisciplinar que consiste en recorrer un circuito de intervenciones de arte donde se podr\u00e1 ver el proceso de creaci\u00f3n de arte mural y exposiciones en diferentes espacios y soportes de Poblenou. <\/span>El WAC<span style=\"font-weight: 400;\"> vuelve a las calles para continuar dando visibilidad al trabajo de artistas emergentes y consolidados de la ciudad.<\/span><\/p>","protected":false},"excerpt":{"rendered":"<p>Celebramos la duod\u00e9cima edici\u00f3n del Poblenou Open Day, volvemos a abrir las puertas del Distrito Creativo el pr\u00f3ximo s\u00e1bado 4&#8230; <a href=\"https:\/\/poblenouurbandistrict.com\/es\/poblenou-open-day-la-cita-amb-el-districte-creatiu-de-barcelona\/\">M\u00e1s  \u2192<\/a><\/p>\n","protected":false},"author":5,"featured_media":45402,"comment_status":"closed","ping_status":"closed","sticky":false,"template":"","format":"standard","meta":{"_acf_changed":false,"footnotes":""},"categories":[3567],"tags":[],"class_list":["post-45376","post","type-post","status-publish","format-standard","has-post-thumbnail","hentry","category-poblenou-open-day-2"],"acf":[],"yoast_head":"<!-- This site is optimized with the Yoast SEO plugin v27.5 - https:\/\/yoast.com\/product\/yoast-seo-wordpress\/ -->\n<title>Vuelve el Poblenou Open Day, la cita con el Distrito Creativo de Barcelona &#8211; Poblenou Urban District<\/title>\n<meta name=\"robots\" content=\"index, follow, max-snippet:-1, max-image-preview:large, max-video-preview:-1\" \/>\n<link rel=\"canonical\" href=\"https:\/\/poblenouurbandistrict.com\/es\/poblenou-open-day-la-cita-amb-el-districte-creatiu-de-barcelona\/\" \/>\n<meta property=\"og:locale\" content=\"es_ES\" \/>\n<meta property=\"og:type\" content=\"article\" \/>\n<meta property=\"og:title\" content=\"Vuelve el Poblenou Open Day, la cita con el Distrito Creativo de Barcelona &#8211; Poblenou Urban District\" \/>\n<meta property=\"og:description\" content=\"Celebramos la duod\u00e9cima edici\u00f3n del Poblenou Open Day, volvemos a abrir las puertas del Distrito Creativo el pr\u00f3ximo s\u00e1bado 4... M\u00e1s \u2192\" \/>\n<meta property=\"og:url\" content=\"https:\/\/poblenouurbandistrict.com\/es\/poblenou-open-day-la-cita-amb-el-districte-creatiu-de-barcelona\/\" \/>\n<meta property=\"og:site_name\" content=\"Poblenou Urban District\" \/>\n<meta property=\"article:published_time\" content=\"2024-04-15T15:34:48+00:00\" \/>\n<meta property=\"article:modified_time\" content=\"2024-04-23T11:52:03+00:00\" \/>\n<meta property=\"og:image\" content=\"https:\/\/poblenouurbandistrict.com\/wp-content\/uploads\/2024\/04\/diseno-sin-titulo.png\" \/>\n\t<meta property=\"og:image:width\" content=\"1801\" \/>\n\t<meta property=\"og:image:height\" content=\"1200\" \/>\n\t<meta property=\"og:image:type\" content=\"image\/png\" \/>\n<meta name=\"author\" content=\"pnud\" \/>\n<meta name=\"twitter:card\" content=\"summary_large_image\" \/>\n<meta name=\"twitter:label1\" content=\"Escrito por\" \/>\n\t<meta name=\"twitter:data1\" content=\"pnud\" \/>\n\t<meta name=\"twitter:label2\" content=\"Tiempo de lectura\" \/>\n\t<meta name=\"twitter:data2\" content=\"3 minutos\" \/>\n<script type=\"application\/ld+json\" class=\"yoast-schema-graph\">{\"@context\":\"https:\\\/\\\/schema.org\",\"@graph\":[{\"@type\":\"Article\",\"@id\":\"https:\\\/\\\/poblenouurbandistrict.com\\\/poblenou-open-day-la-cita-amb-el-districte-creatiu-de-barcelona\\\/#article\",\"isPartOf\":{\"@id\":\"https:\\\/\\\/poblenouurbandistrict.com\\\/poblenou-open-day-la-cita-amb-el-districte-creatiu-de-barcelona\\\/\"},\"author\":{\"name\":\"pnud\",\"@id\":\"https:\\\/\\\/poblenouurbandistrict.com\\\/#\\\/schema\\\/person\\\/980a2cf34b399d5218205730acd54a7e\"},\"headline\":\"Vuelve el Poblenou Open Day, la cita con el Distrito Creativo de Barcelona\",\"datePublished\":\"2024-04-15T15:34:48+00:00\",\"dateModified\":\"2024-04-23T11:52:03+00:00\",\"mainEntityOfPage\":{\"@id\":\"https:\\\/\\\/poblenouurbandistrict.com\\\/poblenou-open-day-la-cita-amb-el-districte-creatiu-de-barcelona\\\/\"},\"wordCount\":1088,\"image\":{\"@id\":\"https:\\\/\\\/poblenouurbandistrict.com\\\/poblenou-open-day-la-cita-amb-el-districte-creatiu-de-barcelona\\\/#primaryimage\"},\"thumbnailUrl\":\"https:\\\/\\\/media.poblenouurbandistrict.com\\\/2024\\\/04\\\/25072702\\\/diseno-sin-titulo.png\",\"articleSection\":[\"Poblenou Open Day\"],\"inLanguage\":\"es\"},{\"@type\":\"WebPage\",\"@id\":\"https:\\\/\\\/poblenouurbandistrict.com\\\/es\\\/poblenou-open-day-la-cita-amb-el-districte-creatiu-de-barcelona\\\/\",\"url\":\"https:\\\/\\\/poblenouurbandistrict.com\\\/es\\\/poblenou-open-day-la-cita-amb-el-districte-creatiu-de-barcelona\\\/\",\"name\":\"Vuelve el Poblenou Open Day, la cita con el Distrito Creativo de Barcelona &#8211; Poblenou Urban District\",\"isPartOf\":{\"@id\":\"https:\\\/\\\/poblenouurbandistrict.com\\\/es\\\/#website\"},\"primaryImageOfPage\":{\"@id\":\"https:\\\/\\\/poblenouurbandistrict.com\\\/es\\\/poblenou-open-day-la-cita-amb-el-districte-creatiu-de-barcelona\\\/#primaryimage\"},\"image\":{\"@id\":\"https:\\\/\\\/poblenouurbandistrict.com\\\/poblenou-open-day-la-cita-amb-el-districte-creatiu-de-barcelona\\\/#primaryimage\"},\"thumbnailUrl\":\"https:\\\/\\\/media.poblenouurbandistrict.com\\\/2024\\\/04\\\/25072702\\\/diseno-sin-titulo.png\",\"datePublished\":\"2024-04-15T15:34:48+00:00\",\"dateModified\":\"2024-04-23T11:52:03+00:00\",\"author\":{\"@id\":\"https:\\\/\\\/poblenouurbandistrict.com\\\/#\\\/schema\\\/person\\\/980a2cf34b399d5218205730acd54a7e\"},\"breadcrumb\":{\"@id\":\"https:\\\/\\\/poblenouurbandistrict.com\\\/es\\\/poblenou-open-day-la-cita-amb-el-districte-creatiu-de-barcelona\\\/#breadcrumb\"},\"inLanguage\":\"es\",\"potentialAction\":[{\"@type\":\"ReadAction\",\"target\":[[\"https:\\\/\\\/poblenouurbandistrict.com\\\/es\\\/poblenou-open-day-la-cita-amb-el-districte-creatiu-de-barcelona\\\/\"]]}]},{\"@type\":\"ImageObject\",\"inLanguage\":\"es\",\"@id\":\"https:\\\/\\\/poblenouurbandistrict.com\\\/es\\\/poblenou-open-day-la-cita-amb-el-districte-creatiu-de-barcelona\\\/#primaryimage\",\"url\":\"https:\\\/\\\/media.poblenouurbandistrict.com\\\/2024\\\/04\\\/25072702\\\/diseno-sin-titulo.png\",\"contentUrl\":\"https:\\\/\\\/media.poblenouurbandistrict.com\\\/2024\\\/04\\\/25072702\\\/diseno-sin-titulo.png\",\"width\":1801,\"height\":1200},{\"@type\":\"BreadcrumbList\",\"@id\":\"https:\\\/\\\/poblenouurbandistrict.com\\\/es\\\/poblenou-open-day-la-cita-amb-el-districte-creatiu-de-barcelona\\\/#breadcrumb\",\"itemListElement\":[{\"@type\":\"ListItem\",\"position\":1,\"name\":\"Home\",\"item\":\"https:\\\/\\\/poblenouurbandistrict.com\\\/es\\\/\"},{\"@type\":\"ListItem\",\"position\":2,\"name\":\"Torna el Poblenou Open Day, la cita amb el Districte Creatiu de Barcelona\"}]},{\"@type\":\"WebSite\",\"@id\":\"https:\\\/\\\/poblenouurbandistrict.com\\\/es\\\/#website\",\"url\":\"https:\\\/\\\/poblenouurbandistrict.com\\\/es\\\/\",\"name\":\"Poblenou Urban District\",\"description\":\"Comunidad Creativa\",\"potentialAction\":[{\"@type\":\"SearchAction\",\"target\":{\"@type\":\"EntryPoint\",\"urlTemplate\":\"https:\\\/\\\/poblenouurbandistrict.com\\\/es\\\/?s={search_term_string}\"},\"query-input\":{\"@type\":\"PropertyValueSpecification\",\"valueRequired\":true,\"valueName\":\"search_term_string\"}}],\"inLanguage\":\"es\"},{\"@type\":\"Person\",\"@id\":\"https:\\\/\\\/poblenouurbandistrict.com\\\/#\\\/schema\\\/person\\\/980a2cf34b399d5218205730acd54a7e\",\"name\":\"pnud\",\"image\":{\"@type\":\"ImageObject\",\"inLanguage\":\"es\",\"@id\":\"https:\\\/\\\/secure.gravatar.com\\\/avatar\\\/67146597b405ee077a24e519f75c3e2031736596d6ce35af3a34c122c93d0d7b?s=96&d=retro&r=g\",\"url\":\"https:\\\/\\\/secure.gravatar.com\\\/avatar\\\/67146597b405ee077a24e519f75c3e2031736596d6ce35af3a34c122c93d0d7b?s=96&d=retro&r=g\",\"contentUrl\":\"https:\\\/\\\/secure.gravatar.com\\\/avatar\\\/67146597b405ee077a24e519f75c3e2031736596d6ce35af3a34c122c93d0d7b?s=96&d=retro&r=g\",\"caption\":\"pnud\"}}]}<\/script>\n<!-- \/ Yoast SEO plugin. -->","yoast_head_json":{"title":"Vuelve el Poblenou Open Day, la cita con el Distrito Creativo de Barcelona &#8211; Poblenou Urban District","robots":{"index":"index","follow":"follow","max-snippet":"max-snippet:-1","max-image-preview":"max-image-preview:large","max-video-preview":"max-video-preview:-1"},"canonical":"https:\/\/poblenouurbandistrict.com\/es\/poblenou-open-day-la-cita-amb-el-districte-creatiu-de-barcelona\/","og_locale":"es_ES","og_type":"article","og_title":"Vuelve el Poblenou Open Day, la cita con el Distrito Creativo de Barcelona &#8211; Poblenou Urban District","og_description":"Celebramos la duod\u00e9cima edici\u00f3n del Poblenou Open Day, volvemos a abrir las puertas del Distrito Creativo el pr\u00f3ximo s\u00e1bado 4... M\u00e1s \u2192","og_url":"https:\/\/poblenouurbandistrict.com\/es\/poblenou-open-day-la-cita-amb-el-districte-creatiu-de-barcelona\/","og_site_name":"Poblenou Urban District","article_published_time":"2024-04-15T15:34:48+00:00","article_modified_time":"2024-04-23T11:52:03+00:00","og_image":[{"width":1801,"height":1200,"url":"https:\/\/poblenouurbandistrict.com\/wp-content\/uploads\/2024\/04\/diseno-sin-titulo.png","type":"image\/png"}],"author":"pnud","twitter_card":"summary_large_image","twitter_misc":{"Escrito por":"pnud","Tiempo de lectura":"3 minutos"},"schema":{"@context":"https:\/\/schema.org","@graph":[{"@type":"Article","@id":"https:\/\/poblenouurbandistrict.com\/poblenou-open-day-la-cita-amb-el-districte-creatiu-de-barcelona\/#article","isPartOf":{"@id":"https:\/\/poblenouurbandistrict.com\/poblenou-open-day-la-cita-amb-el-districte-creatiu-de-barcelona\/"},"author":{"name":"pnud","@id":"https:\/\/poblenouurbandistrict.com\/#\/schema\/person\/980a2cf34b399d5218205730acd54a7e"},"headline":"Vuelve el Poblenou Open Day, la cita con el Distrito Creativo de Barcelona","datePublished":"2024-04-15T15:34:48+00:00","dateModified":"2024-04-23T11:52:03+00:00","mainEntityOfPage":{"@id":"https:\/\/poblenouurbandistrict.com\/poblenou-open-day-la-cita-amb-el-districte-creatiu-de-barcelona\/"},"wordCount":1088,"image":{"@id":"https:\/\/poblenouurbandistrict.com\/poblenou-open-day-la-cita-amb-el-districte-creatiu-de-barcelona\/#primaryimage"},"thumbnailUrl":"https:\/\/media.poblenouurbandistrict.com\/2024\/04\/25072702\/diseno-sin-titulo.png","articleSection":["Poblenou Open Day"],"inLanguage":"es"},{"@type":"WebPage","@id":"https:\/\/poblenouurbandistrict.com\/es\/poblenou-open-day-la-cita-amb-el-districte-creatiu-de-barcelona\/","url":"https:\/\/poblenouurbandistrict.com\/es\/poblenou-open-day-la-cita-amb-el-districte-creatiu-de-barcelona\/","name":"Vuelve el Poblenou Open Day, la cita con el Distrito Creativo de Barcelona &#8211; Poblenou Urban District","isPartOf":{"@id":"https:\/\/poblenouurbandistrict.com\/es\/#website"},"primaryImageOfPage":{"@id":"https:\/\/poblenouurbandistrict.com\/es\/poblenou-open-day-la-cita-amb-el-districte-creatiu-de-barcelona\/#primaryimage"},"image":{"@id":"https:\/\/poblenouurbandistrict.com\/poblenou-open-day-la-cita-amb-el-districte-creatiu-de-barcelona\/#primaryimage"},"thumbnailUrl":"https:\/\/media.poblenouurbandistrict.com\/2024\/04\/25072702\/diseno-sin-titulo.png","datePublished":"2024-04-15T15:34:48+00:00","dateModified":"2024-04-23T11:52:03+00:00","author":{"@id":"https:\/\/poblenouurbandistrict.com\/#\/schema\/person\/980a2cf34b399d5218205730acd54a7e"},"breadcrumb":{"@id":"https:\/\/poblenouurbandistrict.com\/es\/poblenou-open-day-la-cita-amb-el-districte-creatiu-de-barcelona\/#breadcrumb"},"inLanguage":"es","potentialAction":[{"@type":"ReadAction","target":[["https:\/\/poblenouurbandistrict.com\/es\/poblenou-open-day-la-cita-amb-el-districte-creatiu-de-barcelona\/"]]}]},{"@type":"ImageObject","inLanguage":"es","@id":"https:\/\/poblenouurbandistrict.com\/es\/poblenou-open-day-la-cita-amb-el-districte-creatiu-de-barcelona\/#primaryimage","url":"https:\/\/media.poblenouurbandistrict.com\/2024\/04\/25072702\/diseno-sin-titulo.png","contentUrl":"https:\/\/media.poblenouurbandistrict.com\/2024\/04\/25072702\/diseno-sin-titulo.png","width":1801,"height":1200},{"@type":"BreadcrumbList","@id":"https:\/\/poblenouurbandistrict.com\/es\/poblenou-open-day-la-cita-amb-el-districte-creatiu-de-barcelona\/#breadcrumb","itemListElement":[{"@type":"ListItem","position":1,"name":"Home","item":"https:\/\/poblenouurbandistrict.com\/es\/"},{"@type":"ListItem","position":2,"name":"Torna el Poblenou Open Day, la cita amb el Districte Creatiu de Barcelona"}]},{"@type":"WebSite","@id":"https:\/\/poblenouurbandistrict.com\/es\/#website","url":"https:\/\/poblenouurbandistrict.com\/es\/","name":"Poblenou Urban District","description":"Comunidad Creativa","potentialAction":[{"@type":"SearchAction","target":{"@type":"EntryPoint","urlTemplate":"https:\/\/poblenouurbandistrict.com\/es\/?s={search_term_string}"},"query-input":{"@type":"PropertyValueSpecification","valueRequired":true,"valueName":"search_term_string"}}],"inLanguage":"es"},{"@type":"Person","@id":"https:\/\/poblenouurbandistrict.com\/#\/schema\/person\/980a2cf34b399d5218205730acd54a7e","name":"pnud","image":{"@type":"ImageObject","inLanguage":"es","@id":"https:\/\/secure.gravatar.com\/avatar\/67146597b405ee077a24e519f75c3e2031736596d6ce35af3a34c122c93d0d7b?s=96&d=retro&r=g","url":"https:\/\/secure.gravatar.com\/avatar\/67146597b405ee077a24e519f75c3e2031736596d6ce35af3a34c122c93d0d7b?s=96&d=retro&r=g","contentUrl":"https:\/\/secure.gravatar.com\/avatar\/67146597b405ee077a24e519f75c3e2031736596d6ce35af3a34c122c93d0d7b?s=96&d=retro&r=g","caption":"pnud"}}]}},"_links":{"self":[{"href":"https:\/\/poblenouurbandistrict.com\/es\/wp-json\/wp\/v2\/posts\/45376","targetHints":{"allow":["GET"]}}],"collection":[{"href":"https:\/\/poblenouurbandistrict.com\/es\/wp-json\/wp\/v2\/posts"}],"about":[{"href":"https:\/\/poblenouurbandistrict.com\/es\/wp-json\/wp\/v2\/types\/post"}],"author":[{"embeddable":true,"href":"https:\/\/poblenouurbandistrict.com\/es\/wp-json\/wp\/v2\/users\/5"}],"replies":[{"embeddable":true,"href":"https:\/\/poblenouurbandistrict.com\/es\/wp-json\/wp\/v2\/comments?post=45376"}],"version-history":[{"count":21,"href":"https:\/\/poblenouurbandistrict.com\/es\/wp-json\/wp\/v2\/posts\/45376\/revisions"}],"predecessor-version":[{"id":45497,"href":"https:\/\/poblenouurbandistrict.com\/es\/wp-json\/wp\/v2\/posts\/45376\/revisions\/45497"}],"wp:featuredmedia":[{"embeddable":true,"href":"https:\/\/poblenouurbandistrict.com\/es\/wp-json\/wp\/v2\/media\/45402"}],"wp:attachment":[{"href":"https:\/\/poblenouurbandistrict.com\/es\/wp-json\/wp\/v2\/media?parent=45376"}],"wp:term":[{"taxonomy":"category","embeddable":true,"href":"https:\/\/poblenouurbandistrict.com\/es\/wp-json\/wp\/v2\/categories?post=45376"},{"taxonomy":"post_tag","embeddable":true,"href":"https:\/\/poblenouurbandistrict.com\/es\/wp-json\/wp\/v2\/tags?post=45376"}],"curies":[{"name":"wp","href":"https:\/\/api.w.org\/{rel}","templated":true}]}}