{"id":45431,"date":"2024-04-18T16:36:45","date_gmt":"2024-04-18T14:36:45","guid":{"rendered":"https:\/\/poblenouurbandistrict.com\/?p=45431"},"modified":"2024-04-24T12:19:49","modified_gmt":"2024-04-24T10:19:49","slug":"poblenou-urban-district-collabora-en-la-iniciativa-alltogether-de-razzmatazz","status":"publish","type":"post","link":"https:\/\/poblenouurbandistrict.com\/es\/poblenou-urban-district-collabora-en-la-iniciativa-alltogether-de-razzmatazz\/","title":{"rendered":"Poblenou Urban District colabora en la iniciativa \u201cAllTogether\u201d de Razzmatazz"},"content":{"rendered":"<p>En Razzmatazz llevan 23 a\u00f1os creando e inspirando a trav\u00e9s de la m\u00fasica, y entendi\u00e9ndola como algo que va m\u00e1s all\u00e1 del entretenimiento. La m\u00fasica es cultura, y desempe\u00f1a un papel vital en la identidad, la expresi\u00f3n y la conexi\u00f3n social.<\/p>\n<p>\u201cAllTogether\u201d nace para encender, promover y apoyar la programaci\u00f3n cultural de Barcelona, funcionando como lanzadera para el talento local, y como altavoz para la diversidad musical, social, de identidad y g\u00e9nero. El prop\u00f3sito de esta iniciativa es crear una red de agitadores culturales que den visibilidad y apoyo al talento emergente, adem\u00e1s de sustentar la cultura local.\u00a0La cultura es cosa de todos, y as\u00ed nace \u201cAllTogether\u201d.<\/p>\n<p>Esta primera edici\u00f3n nace para difundir el mensaje de diversidad de g\u00e9nero e inclusi\u00f3n en nuestra sociedad a trav\u00e9s de la visi\u00f3n de 15 artistas emergentes que hemos seleccionado desde Poblenou Urban District junto con Razzmatazz, Cultura Inquieta, Odd Kiosk y The Hoxton.<\/p>\n<p>Estos son los artistas que participan en esta primera edici\u00f3n de\u00a0All Together Art:<\/p>\n<ul>\n<li>Alba Prado<\/li>\n<li>B\u00e0rbara Alca<\/li>\n<li>Conxita Herrero<\/li>\n<li>El dios de los tres<\/li>\n<li>Flavia Rainone<\/li>\n<li>GVIIIE<\/li>\n<li>Juanma Useche<\/li>\n<li>Kerrature<\/li>\n<li>Loreto Manzanera<\/li>\n<li>Mar\u00eda Corte<\/li>\n<li>Miguel Manich<\/li>\n<li>Raisa \u00c1lava<\/li>\n<li>Sergio Dosal<\/li>\n<li>Vasty<\/li>\n<li>Vektorama<\/li>\n<\/ul>\n<p>Siendo \u201cAllTogether\u201d una experiencia entre Razzmatazz y otros agentes culturales, una parte fundamental de todas esas acciones ser\u00e1, c\u00f3mo no, la m\u00fasica y la interpretaci\u00f3n de su diversidad.\u00a0As\u00ed pues, cada l\u00e1mina tiene asociada su propia playlist, seleccionada y curada por el propio artista. Una selecci\u00f3n musical que acompa\u00f1a el relato de la obra,\u00a0transmitiendo el estado an\u00edmico en el momento de su creaci\u00f3n, funcionando como un nuevo elemento para definirla.<\/p>\n<p>Todas las l\u00e1minas tienen un precio de 15\u20ac y los beneficios obtenidos de la venta ser\u00e1n destinados \u00edntegramente a L&#8217;Observatori contra l&#8217;LGTBI-f\u00f2bia. Ya est\u00e1n a la venta en la sede de Poblenou Urban District (galer\u00eda de arte La Plataforma), The Hoxton, Odd Kiosk y Razzmatazz. Puedes consultar toda la <a href=\"https:\/\/www.salarazzmatazz.com\/all-together\">informaci\u00f3n del proyecto aqu\u00ed<\/a>.<\/p>","protected":false},"excerpt":{"rendered":"<p>En Razzmatazz llevan 23 a\u00f1os creando e inspirando a trav\u00e9s de la m\u00fasica, y entendi\u00e9ndola como algo que va m\u00e1s&#8230; <a href=\"https:\/\/poblenouurbandistrict.com\/es\/poblenou-urban-district-collabora-en-la-iniciativa-alltogether-de-razzmatazz\/\">M\u00e1s  \u2192<\/a><\/p>\n","protected":false},"author":5,"featured_media":45436,"comment_status":"closed","ping_status":"closed","sticky":false,"template":"","format":"standard","meta":{"_acf_changed":false,"footnotes":""},"categories":[3342],"tags":[],"class_list":["post-45431","post","type-post","status-publish","format-standard","has-post-thumbnail","hentry","category-art"],"acf":[],"yoast_head":"<!-- This site is optimized with the Yoast SEO plugin v27.5 - https:\/\/yoast.com\/product\/yoast-seo-wordpress\/ -->\n<title>Poblenou Urban District colabora en la iniciativa \u201cAllTogether\u201d de Razzmatazz &#8211; Poblenou Urban District<\/title>\n<meta name=\"robots\" content=\"index, follow, max-snippet:-1, max-image-preview:large, max-video-preview:-1\" \/>\n<link rel=\"canonical\" href=\"https:\/\/poblenouurbandistrict.com\/es\/poblenou-urban-district-collabora-en-la-iniciativa-alltogether-de-razzmatazz\/\" \/>\n<meta property=\"og:locale\" content=\"es_ES\" \/>\n<meta property=\"og:type\" content=\"article\" \/>\n<meta property=\"og:title\" content=\"Poblenou Urban District colabora en la iniciativa \u201cAllTogether\u201d de Razzmatazz &#8211; Poblenou Urban District\" \/>\n<meta property=\"og:description\" content=\"En Razzmatazz llevan 23 a\u00f1os creando e inspirando a trav\u00e9s de la m\u00fasica, y entendi\u00e9ndola como algo que va m\u00e1s... M\u00e1s \u2192\" \/>\n<meta property=\"og:url\" content=\"https:\/\/poblenouurbandistrict.com\/es\/poblenou-urban-district-collabora-en-la-iniciativa-alltogether-de-razzmatazz\/\" \/>\n<meta property=\"og:site_name\" content=\"Poblenou Urban District\" \/>\n<meta property=\"article:published_time\" content=\"2024-04-18T14:36:45+00:00\" \/>\n<meta property=\"article:modified_time\" content=\"2024-04-24T10:19:49+00:00\" \/>\n<meta property=\"og:image\" content=\"https:\/\/poblenouurbandistrict.com\/wp-content\/uploads\/2024\/04\/00-post-ig-poblenou3-scaled.jpg\" \/>\n\t<meta property=\"og:image:width\" content=\"2560\" \/>\n\t<meta property=\"og:image:height\" content=\"1615\" \/>\n\t<meta property=\"og:image:type\" content=\"image\/jpeg\" \/>\n<meta name=\"author\" content=\"pnud\" \/>\n<meta name=\"twitter:card\" content=\"summary_large_image\" \/>\n<meta name=\"twitter:label1\" content=\"Escrito por\" \/>\n\t<meta name=\"twitter:data1\" content=\"pnud\" \/>\n\t<meta name=\"twitter:label2\" content=\"Tiempo de lectura\" \/>\n\t<meta name=\"twitter:data2\" content=\"2 minutos\" \/>\n<script type=\"application\/ld+json\" class=\"yoast-schema-graph\">{\"@context\":\"https:\\\/\\\/schema.org\",\"@graph\":[{\"@type\":\"Article\",\"@id\":\"https:\\\/\\\/poblenouurbandistrict.com\\\/poblenou-urban-district-collabora-en-la-iniciativa-alltogether-de-razzmatazz\\\/#article\",\"isPartOf\":{\"@id\":\"https:\\\/\\\/poblenouurbandistrict.com\\\/poblenou-urban-district-collabora-en-la-iniciativa-alltogether-de-razzmatazz\\\/\"},\"author\":{\"name\":\"pnud\",\"@id\":\"https:\\\/\\\/poblenouurbandistrict.com\\\/#\\\/schema\\\/person\\\/980a2cf34b399d5218205730acd54a7e\"},\"headline\":\"Poblenou Urban District colabora en la iniciativa \u201cAllTogether\u201d de Razzmatazz\",\"datePublished\":\"2024-04-18T14:36:45+00:00\",\"dateModified\":\"2024-04-24T10:19:49+00:00\",\"mainEntityOfPage\":{\"@id\":\"https:\\\/\\\/poblenouurbandistrict.com\\\/poblenou-urban-district-collabora-en-la-iniciativa-alltogether-de-razzmatazz\\\/\"},\"wordCount\":730,\"image\":{\"@id\":\"https:\\\/\\\/poblenouurbandistrict.com\\\/poblenou-urban-district-collabora-en-la-iniciativa-alltogether-de-razzmatazz\\\/#primaryimage\"},\"thumbnailUrl\":\"https:\\\/\\\/media.poblenouurbandistrict.com\\\/2024\\\/04\\\/25072739\\\/00-post-ig-poblenou3-scaled.jpg\",\"articleSection\":[\"Arte\"],\"inLanguage\":\"es\"},{\"@type\":\"WebPage\",\"@id\":\"https:\\\/\\\/poblenouurbandistrict.com\\\/es\\\/poblenou-urban-district-collabora-en-la-iniciativa-alltogether-de-razzmatazz\\\/\",\"url\":\"https:\\\/\\\/poblenouurbandistrict.com\\\/es\\\/poblenou-urban-district-collabora-en-la-iniciativa-alltogether-de-razzmatazz\\\/\",\"name\":\"Poblenou Urban District colabora en la iniciativa \u201cAllTogether\u201d de Razzmatazz &#8211; Poblenou Urban District\",\"isPartOf\":{\"@id\":\"https:\\\/\\\/poblenouurbandistrict.com\\\/es\\\/#website\"},\"primaryImageOfPage\":{\"@id\":\"https:\\\/\\\/poblenouurbandistrict.com\\\/es\\\/poblenou-urban-district-collabora-en-la-iniciativa-alltogether-de-razzmatazz\\\/#primaryimage\"},\"image\":{\"@id\":\"https:\\\/\\\/poblenouurbandistrict.com\\\/poblenou-urban-district-collabora-en-la-iniciativa-alltogether-de-razzmatazz\\\/#primaryimage\"},\"thumbnailUrl\":\"https:\\\/\\\/media.poblenouurbandistrict.com\\\/2024\\\/04\\\/25072739\\\/00-post-ig-poblenou3-scaled.jpg\",\"datePublished\":\"2024-04-18T14:36:45+00:00\",\"dateModified\":\"2024-04-24T10:19:49+00:00\",\"author\":{\"@id\":\"https:\\\/\\\/poblenouurbandistrict.com\\\/#\\\/schema\\\/person\\\/980a2cf34b399d5218205730acd54a7e\"},\"breadcrumb\":{\"@id\":\"https:\\\/\\\/poblenouurbandistrict.com\\\/es\\\/poblenou-urban-district-collabora-en-la-iniciativa-alltogether-de-razzmatazz\\\/#breadcrumb\"},\"inLanguage\":\"es\",\"potentialAction\":[{\"@type\":\"ReadAction\",\"target\":[[\"https:\\\/\\\/poblenouurbandistrict.com\\\/es\\\/poblenou-urban-district-collabora-en-la-iniciativa-alltogether-de-razzmatazz\\\/\"]]}]},{\"@type\":\"ImageObject\",\"inLanguage\":\"es\",\"@id\":\"https:\\\/\\\/poblenouurbandistrict.com\\\/es\\\/poblenou-urban-district-collabora-en-la-iniciativa-alltogether-de-razzmatazz\\\/#primaryimage\",\"url\":\"https:\\\/\\\/media.poblenouurbandistrict.com\\\/2024\\\/04\\\/25072739\\\/00-post-ig-poblenou3-scaled.jpg\",\"contentUrl\":\"https:\\\/\\\/media.poblenouurbandistrict.com\\\/2024\\\/04\\\/25072739\\\/00-post-ig-poblenou3-scaled.jpg\",\"width\":2560,\"height\":1615},{\"@type\":\"BreadcrumbList\",\"@id\":\"https:\\\/\\\/poblenouurbandistrict.com\\\/es\\\/poblenou-urban-district-collabora-en-la-iniciativa-alltogether-de-razzmatazz\\\/#breadcrumb\",\"itemListElement\":[{\"@type\":\"ListItem\",\"position\":1,\"name\":\"Home\",\"item\":\"https:\\\/\\\/poblenouurbandistrict.com\\\/es\\\/\"},{\"@type\":\"ListItem\",\"position\":2,\"name\":\"Poblenou Urban District col\u00b7labora en la iniciativa \u201cAllTogether\u201d de Razzmatazz\"}]},{\"@type\":\"WebSite\",\"@id\":\"https:\\\/\\\/poblenouurbandistrict.com\\\/es\\\/#website\",\"url\":\"https:\\\/\\\/poblenouurbandistrict.com\\\/es\\\/\",\"name\":\"Poblenou Urban District\",\"description\":\"Comunidad Creativa\",\"potentialAction\":[{\"@type\":\"SearchAction\",\"target\":{\"@type\":\"EntryPoint\",\"urlTemplate\":\"https:\\\/\\\/poblenouurbandistrict.com\\\/es\\\/?s={search_term_string}\"},\"query-input\":{\"@type\":\"PropertyValueSpecification\",\"valueRequired\":true,\"valueName\":\"search_term_string\"}}],\"inLanguage\":\"es\"},{\"@type\":\"Person\",\"@id\":\"https:\\\/\\\/poblenouurbandistrict.com\\\/#\\\/schema\\\/person\\\/980a2cf34b399d5218205730acd54a7e\",\"name\":\"pnud\",\"image\":{\"@type\":\"ImageObject\",\"inLanguage\":\"es\",\"@id\":\"https:\\\/\\\/secure.gravatar.com\\\/avatar\\\/67146597b405ee077a24e519f75c3e2031736596d6ce35af3a34c122c93d0d7b?s=96&d=retro&r=g\",\"url\":\"https:\\\/\\\/secure.gravatar.com\\\/avatar\\\/67146597b405ee077a24e519f75c3e2031736596d6ce35af3a34c122c93d0d7b?s=96&d=retro&r=g\",\"contentUrl\":\"https:\\\/\\\/secure.gravatar.com\\\/avatar\\\/67146597b405ee077a24e519f75c3e2031736596d6ce35af3a34c122c93d0d7b?s=96&d=retro&r=g\",\"caption\":\"pnud\"}}]}<\/script>\n<!-- \/ Yoast SEO plugin. -->","yoast_head_json":{"title":"Poblenou Urban District colabora en la iniciativa \u201cAllTogether\u201d de Razzmatazz &#8211; Poblenou Urban District","robots":{"index":"index","follow":"follow","max-snippet":"max-snippet:-1","max-image-preview":"max-image-preview:large","max-video-preview":"max-video-preview:-1"},"canonical":"https:\/\/poblenouurbandistrict.com\/es\/poblenou-urban-district-collabora-en-la-iniciativa-alltogether-de-razzmatazz\/","og_locale":"es_ES","og_type":"article","og_title":"Poblenou Urban District colabora en la iniciativa \u201cAllTogether\u201d de Razzmatazz &#8211; Poblenou Urban District","og_description":"En Razzmatazz llevan 23 a\u00f1os creando e inspirando a trav\u00e9s de la m\u00fasica, y entendi\u00e9ndola como algo que va m\u00e1s... M\u00e1s \u2192","og_url":"https:\/\/poblenouurbandistrict.com\/es\/poblenou-urban-district-collabora-en-la-iniciativa-alltogether-de-razzmatazz\/","og_site_name":"Poblenou Urban District","article_published_time":"2024-04-18T14:36:45+00:00","article_modified_time":"2024-04-24T10:19:49+00:00","og_image":[{"width":2560,"height":1615,"url":"https:\/\/poblenouurbandistrict.com\/wp-content\/uploads\/2024\/04\/00-post-ig-poblenou3-scaled.jpg","type":"image\/jpeg"}],"author":"pnud","twitter_card":"summary_large_image","twitter_misc":{"Escrito por":"pnud","Tiempo de lectura":"2 minutos"},"schema":{"@context":"https:\/\/schema.org","@graph":[{"@type":"Article","@id":"https:\/\/poblenouurbandistrict.com\/poblenou-urban-district-collabora-en-la-iniciativa-alltogether-de-razzmatazz\/#article","isPartOf":{"@id":"https:\/\/poblenouurbandistrict.com\/poblenou-urban-district-collabora-en-la-iniciativa-alltogether-de-razzmatazz\/"},"author":{"name":"pnud","@id":"https:\/\/poblenouurbandistrict.com\/#\/schema\/person\/980a2cf34b399d5218205730acd54a7e"},"headline":"Poblenou Urban District colabora en la iniciativa \u201cAllTogether\u201d de Razzmatazz","datePublished":"2024-04-18T14:36:45+00:00","dateModified":"2024-04-24T10:19:49+00:00","mainEntityOfPage":{"@id":"https:\/\/poblenouurbandistrict.com\/poblenou-urban-district-collabora-en-la-iniciativa-alltogether-de-razzmatazz\/"},"wordCount":730,"image":{"@id":"https:\/\/poblenouurbandistrict.com\/poblenou-urban-district-collabora-en-la-iniciativa-alltogether-de-razzmatazz\/#primaryimage"},"thumbnailUrl":"https:\/\/media.poblenouurbandistrict.com\/2024\/04\/25072739\/00-post-ig-poblenou3-scaled.jpg","articleSection":["Arte"],"inLanguage":"es"},{"@type":"WebPage","@id":"https:\/\/poblenouurbandistrict.com\/es\/poblenou-urban-district-collabora-en-la-iniciativa-alltogether-de-razzmatazz\/","url":"https:\/\/poblenouurbandistrict.com\/es\/poblenou-urban-district-collabora-en-la-iniciativa-alltogether-de-razzmatazz\/","name":"Poblenou Urban District colabora en la iniciativa \u201cAllTogether\u201d de Razzmatazz &#8211; Poblenou Urban District","isPartOf":{"@id":"https:\/\/poblenouurbandistrict.com\/es\/#website"},"primaryImageOfPage":{"@id":"https:\/\/poblenouurbandistrict.com\/es\/poblenou-urban-district-collabora-en-la-iniciativa-alltogether-de-razzmatazz\/#primaryimage"},"image":{"@id":"https:\/\/poblenouurbandistrict.com\/poblenou-urban-district-collabora-en-la-iniciativa-alltogether-de-razzmatazz\/#primaryimage"},"thumbnailUrl":"https:\/\/media.poblenouurbandistrict.com\/2024\/04\/25072739\/00-post-ig-poblenou3-scaled.jpg","datePublished":"2024-04-18T14:36:45+00:00","dateModified":"2024-04-24T10:19:49+00:00","author":{"@id":"https:\/\/poblenouurbandistrict.com\/#\/schema\/person\/980a2cf34b399d5218205730acd54a7e"},"breadcrumb":{"@id":"https:\/\/poblenouurbandistrict.com\/es\/poblenou-urban-district-collabora-en-la-iniciativa-alltogether-de-razzmatazz\/#breadcrumb"},"inLanguage":"es","potentialAction":[{"@type":"ReadAction","target":[["https:\/\/poblenouurbandistrict.com\/es\/poblenou-urban-district-collabora-en-la-iniciativa-alltogether-de-razzmatazz\/"]]}]},{"@type":"ImageObject","inLanguage":"es","@id":"https:\/\/poblenouurbandistrict.com\/es\/poblenou-urban-district-collabora-en-la-iniciativa-alltogether-de-razzmatazz\/#primaryimage","url":"https:\/\/media.poblenouurbandistrict.com\/2024\/04\/25072739\/00-post-ig-poblenou3-scaled.jpg","contentUrl":"https:\/\/media.poblenouurbandistrict.com\/2024\/04\/25072739\/00-post-ig-poblenou3-scaled.jpg","width":2560,"height":1615},{"@type":"BreadcrumbList","@id":"https:\/\/poblenouurbandistrict.com\/es\/poblenou-urban-district-collabora-en-la-iniciativa-alltogether-de-razzmatazz\/#breadcrumb","itemListElement":[{"@type":"ListItem","position":1,"name":"Home","item":"https:\/\/poblenouurbandistrict.com\/es\/"},{"@type":"ListItem","position":2,"name":"Poblenou Urban District col\u00b7labora en la iniciativa \u201cAllTogether\u201d de Razzmatazz"}]},{"@type":"WebSite","@id":"https:\/\/poblenouurbandistrict.com\/es\/#website","url":"https:\/\/poblenouurbandistrict.com\/es\/","name":"Poblenou Urban District","description":"Comunidad Creativa","potentialAction":[{"@type":"SearchAction","target":{"@type":"EntryPoint","urlTemplate":"https:\/\/poblenouurbandistrict.com\/es\/?s={search_term_string}"},"query-input":{"@type":"PropertyValueSpecification","valueRequired":true,"valueName":"search_term_string"}}],"inLanguage":"es"},{"@type":"Person","@id":"https:\/\/poblenouurbandistrict.com\/#\/schema\/person\/980a2cf34b399d5218205730acd54a7e","name":"pnud","image":{"@type":"ImageObject","inLanguage":"es","@id":"https:\/\/secure.gravatar.com\/avatar\/67146597b405ee077a24e519f75c3e2031736596d6ce35af3a34c122c93d0d7b?s=96&d=retro&r=g","url":"https:\/\/secure.gravatar.com\/avatar\/67146597b405ee077a24e519f75c3e2031736596d6ce35af3a34c122c93d0d7b?s=96&d=retro&r=g","contentUrl":"https:\/\/secure.gravatar.com\/avatar\/67146597b405ee077a24e519f75c3e2031736596d6ce35af3a34c122c93d0d7b?s=96&d=retro&r=g","caption":"pnud"}}]}},"_links":{"self":[{"href":"https:\/\/poblenouurbandistrict.com\/es\/wp-json\/wp\/v2\/posts\/45431","targetHints":{"allow":["GET"]}}],"collection":[{"href":"https:\/\/poblenouurbandistrict.com\/es\/wp-json\/wp\/v2\/posts"}],"about":[{"href":"https:\/\/poblenouurbandistrict.com\/es\/wp-json\/wp\/v2\/types\/post"}],"author":[{"embeddable":true,"href":"https:\/\/poblenouurbandistrict.com\/es\/wp-json\/wp\/v2\/users\/5"}],"replies":[{"embeddable":true,"href":"https:\/\/poblenouurbandistrict.com\/es\/wp-json\/wp\/v2\/comments?post=45431"}],"version-history":[{"count":9,"href":"https:\/\/poblenouurbandistrict.com\/es\/wp-json\/wp\/v2\/posts\/45431\/revisions"}],"predecessor-version":[{"id":45517,"href":"https:\/\/poblenouurbandistrict.com\/es\/wp-json\/wp\/v2\/posts\/45431\/revisions\/45517"}],"wp:featuredmedia":[{"embeddable":true,"href":"https:\/\/poblenouurbandistrict.com\/es\/wp-json\/wp\/v2\/media\/45436"}],"wp:attachment":[{"href":"https:\/\/poblenouurbandistrict.com\/es\/wp-json\/wp\/v2\/media?parent=45431"}],"wp:term":[{"taxonomy":"category","embeddable":true,"href":"https:\/\/poblenouurbandistrict.com\/es\/wp-json\/wp\/v2\/categories?post=45431"},{"taxonomy":"post_tag","embeddable":true,"href":"https:\/\/poblenouurbandistrict.com\/es\/wp-json\/wp\/v2\/tags?post=45431"}],"curies":[{"name":"wp","href":"https:\/\/api.w.org\/{rel}","templated":true}]}}