{"id":45450,"date":"2024-04-18T18:11:34","date_gmt":"2024-04-18T16:11:34","guid":{"rendered":"https:\/\/poblenouurbandistrict.com\/?p=45450"},"modified":"2024-04-19T10:49:23","modified_gmt":"2024-04-19T08:49:23","slug":"gaudeix-de-sant-jordi-al-districte-creatiu-de-barcelona","status":"publish","type":"post","link":"https:\/\/poblenouurbandistrict.com\/es\/gaudeix-de-sant-jordi-al-districte-creatiu-de-barcelona\/","title":{"rendered":"Disfruta de Sant Jordi en el Distrito Creativo de Barcelona"},"content":{"rendered":"<p>Llega Sant Jordi y las calles de Barcelona volver\u00e1n a llenarse de rosas, libros y mucho color. Para la ocasi\u00f3n, queremos compartir con vosotros todas las actividades de los asociados de Poblenou Urban District para que pod\u00e1is disfrutar de una de las mejores festividades del a\u00f1o rodeados de cultura, arte y libros.<\/p>\n<h3><a href=\"https:\/\/www.baued.es\/estudios\/masters-y-posgrados?utm_feeditemid=&amp;utm_device=c&amp;utm_term=bau%20barcelona&amp;utm_source=google&amp;utm_medium=ppc&amp;utm_campaign=2022+-+BAU+-+MASTERS+-+ESP+-+MARCA+-+B%C3%9ASQUEDA+-+Runroom&amp;hsa_cam=13257956610&amp;hsa_grp=121122227165&amp;hsa_mt=p&amp;hsa_src=g&amp;hsa_ad=524010904984&amp;hsa_acc=7274263232&amp;hsa_net=adwords&amp;hsa_kw=bau%20barcelona&amp;hsa_tgt=kwd-355107613378&amp;hsa_ver=3&amp;gclid=Cj0KCQjwxYOiBhC9ARIsANiEIfbE4MFtn1a8DrG2EvBG9l40ZDHQB11A0Q-4dPxG9tx8uaDb2DBKl4UaAhPrEALw_wcB\"><b>BAU<\/b><\/a><\/h3>\n<p>BAU, Centre Universitari d\u2019Arts i Disseny de Barcelona,\u00a0se convierte durante unos cu\u00e1ntos d\u00edas en un espacio donde alumnos, docentes e instituciones exponen sus obras y organizan actividades especiales relacionadas con el dise\u00f1o editorial. No te pierdas <a href=\"https:\/\/news.baued.es\/index.php\/2024\/04\/18\/bau-en-sant-jordi-libros-creatividad-y-sorpresas\/\">las siguientes actividades<\/a>:<\/p>\n<ul>\n<li>Exposici\u00f3n \u201cMirades extraterrestres: Enciclop\u00e8dia dels disbarats\u00bb.<\/li>\n<li>Presentaci\u00f3n de la publicaci\u00f3n \u00abBestiari Mirades extraterrestres, vol. 1\u00bb.<\/li>\n<li>Presentaci\u00f3n libros BAU Ediciones +\u00a0breve presentaci\u00f3n nuevo n\u00fameros de Inmaterial.<\/li>\n<\/ul>\n<h4 style=\"text-align: center;\">Pujades, 118<\/h4>\n<hr \/>\n<h3><a href=\"https:\/\/www.casinoalianca.cat\/es\/\"><b>Casino L\u2019Alian\u00e7a del Poblenou<\/b><\/a><\/h3>\n<p>El domingo 21 de abril podr\u00e1s empezar a celebrar San Jorge en las 19 h, con el concierto <a href=\"https:\/\/www.entrapolis.com\/entradas\/concert-serenata-romantica\">\u201cSerenata Rom\u00e0ntica\u201d<\/a> de la Orquesta de C\u00e1mara Catalana. La Serenata por Cuerdas de Chaikovski enmarcaeste concierto que cuenta con la colaboraci\u00f3n de la magn\u00edfica soprano J\u00falia Farr\u00e9s-Llongueras que interpretar\u00e1 un motete de Vivaldi. Obras de Holsty del mismo director, Xavier Pag\u00e8s-Corella, acaban de redondear un programa que har\u00e1 las delicias de quienes quer\u00e1is pasar un domingo por la tarde inmersos en buena m\u00fasica.<\/p>\n<div><strong>Por este espect\u00e1culo podr\u00e1s disfrutar de un 3\u00d71\u00a0exclusivo,\u00a0comprando\u00a0las entradas a la taquilla del teatro<\/strong>. No te lo pierdas!<\/div>\n<h4 style=\"text-align: center;\">Rambla del Poblenou, 42<\/h4>\n<hr \/>\n<h3><a href=\"https:\/\/www.instagram.com\/pericopastor\/\"><b>MIETIS<\/b><\/a><\/h3>\n<p>MIETIS presentan en colaboraci\u00f3n con Casa Batll\u00f3 la nueva colecci\u00f3n c\u00e1psula que toma como referencia la leyenda de Sant Jordi, fuente de inspiraci\u00f3n de\u00a0Gaud\u00ed en el dise\u00f1o de la fachada de la Casa Batll\u00f3. Puedes descubrir m\u00e1s informaci\u00f3n y <a href=\"https:\/\/mietistudio.com\/products\/batllo-sant-jordi\">ver el nuevo dise\u00f1o en su web<\/a>.<\/p>\n<hr \/>\n<h3><a href=\"https:\/\/www.instagram.com\/pericopastor\/\"><b>Perico Pastor<\/b><\/a><\/h3>\n<p>El artista y escritor Perico Pastor siempre hace algo especial en cada San Jorge. Hazte con su rosa, imprimida en gicl\u00e9e sobre papel de 300gralgod\u00f3n 100%. El precio es de 30\u20ac por rosa, y env\u00edo aparte. Contacta con \u00e9l a trav\u00e9s de <a href=\"https:\/\/www.instagram.com\/pericopastor\">@pericopastor<\/a>.<\/p>\n<h4 style=\"text-align: center;\">Llull, 63, 1r 5a<\/h4>\n<hr \/>\n<h3><a href=\"https:\/\/www.thesocialhub.co\/es\/\"><b>The Hoxton<\/b><\/a><\/h3>\n<p style=\"text-align: left;\">La v\u00edspera de Sant Jordi, el 22 de abril a las 19h, The Hoxton propone una edici\u00f3n especial de Wine, Women &amp; Words en la terraza de su restaurante Four Corners. Se contar\u00e1\u00a0con la presencia de la escritora y poeta Sara Torres @saratorresrozdecastro, quien compartir\u00e1 lecturas de su reciente novela \u00abLa Seducci\u00f3n\u00bb. Estar\u00e1 acompa\u00f1ada por Nika Shevela\u00a0de @winealphabet, quien realizara un maridaje \u00fanico para la ocasi\u00f3n.<\/p>\n<p style=\"text-align: left;\">Las entradas son gratuitas, hasta completar aforo, <a href=\"https:\/\/www.eventbrite.es\/e\/entradas-wine-women-words-edicion-especial-sant-jordi-877199135227\">hazte con la tuya aqu\u00ed<\/a>. Podr\u00e1s comprar y llevarte el libro firmado.<\/p>\n<h4 style=\"text-align: center;\">Avinguda Diagonal, 205<\/h4>\n<hr \/>\n<h3><a href=\"https:\/\/unusualconcept.store\/es\/\"><strong>Unusual* Concept Store<\/strong><\/a><\/h3>\n<p style=\"font-weight: 400;\">El s\u00e1bado 20 de abril a las 17:30h en la terraza de Unusual* Concept Store tendr\u00e1 lugar la presentaci\u00f3n \u201cEl brillo de los ojos no se opera\u201d de Susana P\u00f3.\u00a0La escritora y terapeuta nos invita a hacer un viaje hacia el autoconocimiento y la aceptaci\u00f3n, en una segunda etapa de la vida en la que las mujeres pueden alcanzar las cotas m\u00e1s elevadas de creatividad, autenticidad, plenitud y felicidad.<\/p>\n<p style=\"font-weight: 400;\">El evento consistir\u00e1 en una firma de libros, exposici\u00f3n de obras de Natalia Lainez, autora de la portada, novedades de la temporada de primavera de Unusual* y copa de cava con fresas para brindar.<\/p>\n<h4 style=\"text-align: center;\">Ramon Turr\u00f3, 147<\/h4>\n<p>&nbsp;<\/p>\n<p>Adem\u00e1s de las actividades organizadas por los espacios asociados en el Poblenou Urban District, encontrar\u00e9is la \u00abRambla del Drac\u00bb, con paradas de rosas y libros en la Rambla de Poblenou (entre las calles de Calvell y Avinguda Diagonal), adem\u00e1s del nuevo espacio literario delante de la Biblioteca Gabriel Garc\u00eda M\u00e1rquez.<\/p>\n<h2>Bona diada de Sant Jordi!<\/h2>\n<p><\/p>","protected":false},"excerpt":{"rendered":"<p>Llega Sant Jordi y las calles de Barcelona volver\u00e1n a llenarse de rosas, libros y mucho color. Para la ocasi\u00f3n,&#8230; <a href=\"https:\/\/poblenouurbandistrict.com\/es\/gaudeix-de-sant-jordi-al-districte-creatiu-de-barcelona\/\">M\u00e1s  \u2192<\/a><\/p>\n","protected":false},"author":5,"featured_media":45457,"comment_status":"closed","ping_status":"closed","sticky":false,"template":"","format":"standard","meta":{"_acf_changed":false,"footnotes":""},"categories":[3594],"tags":[],"class_list":["post-45450","post","type-post","status-publish","format-standard","has-post-thumbnail","hentry","category-sant-jordi"],"acf":[],"yoast_head":"<!-- This site is optimized with the Yoast SEO plugin v27.5 - https:\/\/yoast.com\/product\/yoast-seo-wordpress\/ -->\n<title>Disfruta de Sant Jordi en el Distrito Creativo de Barcelona &#8211; Poblenou Urban District<\/title>\n<meta name=\"robots\" content=\"index, follow, max-snippet:-1, max-image-preview:large, max-video-preview:-1\" \/>\n<link rel=\"canonical\" href=\"https:\/\/poblenouurbandistrict.com\/es\/gaudeix-de-sant-jordi-al-districte-creatiu-de-barcelona\/\" \/>\n<meta property=\"og:locale\" content=\"es_ES\" \/>\n<meta property=\"og:type\" content=\"article\" \/>\n<meta property=\"og:title\" content=\"Disfruta de Sant Jordi en el Distrito Creativo de Barcelona &#8211; Poblenou Urban District\" \/>\n<meta property=\"og:description\" content=\"Llega Sant Jordi y las calles de Barcelona volver\u00e1n a llenarse de rosas, libros y mucho color. Para la ocasi\u00f3n,... M\u00e1s \u2192\" \/>\n<meta property=\"og:url\" content=\"https:\/\/poblenouurbandistrict.com\/es\/gaudeix-de-sant-jordi-al-districte-creatiu-de-barcelona\/\" \/>\n<meta property=\"og:site_name\" content=\"Poblenou Urban District\" \/>\n<meta property=\"article:published_time\" content=\"2024-04-18T16:11:34+00:00\" \/>\n<meta property=\"article:modified_time\" content=\"2024-04-19T08:49:23+00:00\" \/>\n<meta property=\"og:image\" content=\"https:\/\/poblenouurbandistrict.com\/wp-content\/uploads\/2024\/04\/cartell-693x970px-web-biblioteca-0.png\" \/>\n\t<meta property=\"og:image:width\" content=\"693\" \/>\n\t<meta property=\"og:image:height\" content=\"533\" \/>\n\t<meta property=\"og:image:type\" content=\"image\/png\" \/>\n<meta name=\"author\" content=\"pnud\" \/>\n<meta name=\"twitter:card\" content=\"summary_large_image\" \/>\n<meta name=\"twitter:label1\" content=\"Escrito por\" \/>\n\t<meta name=\"twitter:data1\" content=\"pnud\" \/>\n\t<meta name=\"twitter:label2\" content=\"Tiempo de lectura\" \/>\n\t<meta name=\"twitter:data2\" content=\"4 minutos\" \/>\n<script type=\"application\/ld+json\" class=\"yoast-schema-graph\">{\"@context\":\"https:\\\/\\\/schema.org\",\"@graph\":[{\"@type\":\"Article\",\"@id\":\"https:\\\/\\\/poblenouurbandistrict.com\\\/gaudeix-de-sant-jordi-al-districte-creatiu-de-barcelona\\\/#article\",\"isPartOf\":{\"@id\":\"https:\\\/\\\/poblenouurbandistrict.com\\\/gaudeix-de-sant-jordi-al-districte-creatiu-de-barcelona\\\/\"},\"author\":{\"name\":\"pnud\",\"@id\":\"https:\\\/\\\/poblenouurbandistrict.com\\\/#\\\/schema\\\/person\\\/980a2cf34b399d5218205730acd54a7e\"},\"headline\":\"Disfruta de Sant Jordi en el Distrito Creativo de Barcelona\",\"datePublished\":\"2024-04-18T16:11:34+00:00\",\"dateModified\":\"2024-04-19T08:49:23+00:00\",\"mainEntityOfPage\":{\"@id\":\"https:\\\/\\\/poblenouurbandistrict.com\\\/gaudeix-de-sant-jordi-al-districte-creatiu-de-barcelona\\\/\"},\"wordCount\":1274,\"image\":{\"@id\":\"https:\\\/\\\/poblenouurbandistrict.com\\\/gaudeix-de-sant-jordi-al-districte-creatiu-de-barcelona\\\/#primaryimage\"},\"thumbnailUrl\":\"https:\\\/\\\/media.poblenouurbandistrict.com\\\/2024\\\/04\\\/25072800\\\/cartell-693x970px-web-biblioteca-0.png\",\"articleSection\":[\"Sant Jordi\"],\"inLanguage\":\"es\"},{\"@type\":\"WebPage\",\"@id\":\"https:\\\/\\\/poblenouurbandistrict.com\\\/es\\\/gaudeix-de-sant-jordi-al-districte-creatiu-de-barcelona\\\/\",\"url\":\"https:\\\/\\\/poblenouurbandistrict.com\\\/es\\\/gaudeix-de-sant-jordi-al-districte-creatiu-de-barcelona\\\/\",\"name\":\"Disfruta de Sant Jordi en el Distrito Creativo de Barcelona &#8211; Poblenou Urban District\",\"isPartOf\":{\"@id\":\"https:\\\/\\\/poblenouurbandistrict.com\\\/es\\\/#website\"},\"primaryImageOfPage\":{\"@id\":\"https:\\\/\\\/poblenouurbandistrict.com\\\/es\\\/gaudeix-de-sant-jordi-al-districte-creatiu-de-barcelona\\\/#primaryimage\"},\"image\":{\"@id\":\"https:\\\/\\\/poblenouurbandistrict.com\\\/gaudeix-de-sant-jordi-al-districte-creatiu-de-barcelona\\\/#primaryimage\"},\"thumbnailUrl\":\"https:\\\/\\\/media.poblenouurbandistrict.com\\\/2024\\\/04\\\/25072800\\\/cartell-693x970px-web-biblioteca-0.png\",\"datePublished\":\"2024-04-18T16:11:34+00:00\",\"dateModified\":\"2024-04-19T08:49:23+00:00\",\"author\":{\"@id\":\"https:\\\/\\\/poblenouurbandistrict.com\\\/#\\\/schema\\\/person\\\/980a2cf34b399d5218205730acd54a7e\"},\"breadcrumb\":{\"@id\":\"https:\\\/\\\/poblenouurbandistrict.com\\\/es\\\/gaudeix-de-sant-jordi-al-districte-creatiu-de-barcelona\\\/#breadcrumb\"},\"inLanguage\":\"es\",\"potentialAction\":[{\"@type\":\"ReadAction\",\"target\":[[\"https:\\\/\\\/poblenouurbandistrict.com\\\/es\\\/gaudeix-de-sant-jordi-al-districte-creatiu-de-barcelona\\\/\"]]}]},{\"@type\":\"ImageObject\",\"inLanguage\":\"es\",\"@id\":\"https:\\\/\\\/poblenouurbandistrict.com\\\/es\\\/gaudeix-de-sant-jordi-al-districte-creatiu-de-barcelona\\\/#primaryimage\",\"url\":\"https:\\\/\\\/media.poblenouurbandistrict.com\\\/2024\\\/04\\\/25072800\\\/cartell-693x970px-web-biblioteca-0.png\",\"contentUrl\":\"https:\\\/\\\/media.poblenouurbandistrict.com\\\/2024\\\/04\\\/25072800\\\/cartell-693x970px-web-biblioteca-0.png\",\"width\":693,\"height\":533},{\"@type\":\"BreadcrumbList\",\"@id\":\"https:\\\/\\\/poblenouurbandistrict.com\\\/es\\\/gaudeix-de-sant-jordi-al-districte-creatiu-de-barcelona\\\/#breadcrumb\",\"itemListElement\":[{\"@type\":\"ListItem\",\"position\":1,\"name\":\"Home\",\"item\":\"https:\\\/\\\/poblenouurbandistrict.com\\\/es\\\/\"},{\"@type\":\"ListItem\",\"position\":2,\"name\":\"Gaudeix de Sant Jordi al Districte Creatiu de Barcelona\"}]},{\"@type\":\"WebSite\",\"@id\":\"https:\\\/\\\/poblenouurbandistrict.com\\\/es\\\/#website\",\"url\":\"https:\\\/\\\/poblenouurbandistrict.com\\\/es\\\/\",\"name\":\"Poblenou Urban District\",\"description\":\"Comunidad Creativa\",\"potentialAction\":[{\"@type\":\"SearchAction\",\"target\":{\"@type\":\"EntryPoint\",\"urlTemplate\":\"https:\\\/\\\/poblenouurbandistrict.com\\\/es\\\/?s={search_term_string}\"},\"query-input\":{\"@type\":\"PropertyValueSpecification\",\"valueRequired\":true,\"valueName\":\"search_term_string\"}}],\"inLanguage\":\"es\"},{\"@type\":\"Person\",\"@id\":\"https:\\\/\\\/poblenouurbandistrict.com\\\/#\\\/schema\\\/person\\\/980a2cf34b399d5218205730acd54a7e\",\"name\":\"pnud\",\"image\":{\"@type\":\"ImageObject\",\"inLanguage\":\"es\",\"@id\":\"https:\\\/\\\/secure.gravatar.com\\\/avatar\\\/67146597b405ee077a24e519f75c3e2031736596d6ce35af3a34c122c93d0d7b?s=96&d=retro&r=g\",\"url\":\"https:\\\/\\\/secure.gravatar.com\\\/avatar\\\/67146597b405ee077a24e519f75c3e2031736596d6ce35af3a34c122c93d0d7b?s=96&d=retro&r=g\",\"contentUrl\":\"https:\\\/\\\/secure.gravatar.com\\\/avatar\\\/67146597b405ee077a24e519f75c3e2031736596d6ce35af3a34c122c93d0d7b?s=96&d=retro&r=g\",\"caption\":\"pnud\"}}]}<\/script>\n<!-- \/ Yoast SEO plugin. -->","yoast_head_json":{"title":"Disfruta de Sant Jordi en el Distrito Creativo de Barcelona &#8211; Poblenou Urban District","robots":{"index":"index","follow":"follow","max-snippet":"max-snippet:-1","max-image-preview":"max-image-preview:large","max-video-preview":"max-video-preview:-1"},"canonical":"https:\/\/poblenouurbandistrict.com\/es\/gaudeix-de-sant-jordi-al-districte-creatiu-de-barcelona\/","og_locale":"es_ES","og_type":"article","og_title":"Disfruta de Sant Jordi en el Distrito Creativo de Barcelona &#8211; Poblenou Urban District","og_description":"Llega Sant Jordi y las calles de Barcelona volver\u00e1n a llenarse de rosas, libros y mucho color. Para la ocasi\u00f3n,... M\u00e1s \u2192","og_url":"https:\/\/poblenouurbandistrict.com\/es\/gaudeix-de-sant-jordi-al-districte-creatiu-de-barcelona\/","og_site_name":"Poblenou Urban District","article_published_time":"2024-04-18T16:11:34+00:00","article_modified_time":"2024-04-19T08:49:23+00:00","og_image":[{"width":693,"height":533,"url":"https:\/\/poblenouurbandistrict.com\/wp-content\/uploads\/2024\/04\/cartell-693x970px-web-biblioteca-0.png","type":"image\/png"}],"author":"pnud","twitter_card":"summary_large_image","twitter_misc":{"Escrito por":"pnud","Tiempo de lectura":"4 minutos"},"schema":{"@context":"https:\/\/schema.org","@graph":[{"@type":"Article","@id":"https:\/\/poblenouurbandistrict.com\/gaudeix-de-sant-jordi-al-districte-creatiu-de-barcelona\/#article","isPartOf":{"@id":"https:\/\/poblenouurbandistrict.com\/gaudeix-de-sant-jordi-al-districte-creatiu-de-barcelona\/"},"author":{"name":"pnud","@id":"https:\/\/poblenouurbandistrict.com\/#\/schema\/person\/980a2cf34b399d5218205730acd54a7e"},"headline":"Disfruta de Sant Jordi en el Distrito Creativo de Barcelona","datePublished":"2024-04-18T16:11:34+00:00","dateModified":"2024-04-19T08:49:23+00:00","mainEntityOfPage":{"@id":"https:\/\/poblenouurbandistrict.com\/gaudeix-de-sant-jordi-al-districte-creatiu-de-barcelona\/"},"wordCount":1274,"image":{"@id":"https:\/\/poblenouurbandistrict.com\/gaudeix-de-sant-jordi-al-districte-creatiu-de-barcelona\/#primaryimage"},"thumbnailUrl":"https:\/\/media.poblenouurbandistrict.com\/2024\/04\/25072800\/cartell-693x970px-web-biblioteca-0.png","articleSection":["Sant Jordi"],"inLanguage":"es"},{"@type":"WebPage","@id":"https:\/\/poblenouurbandistrict.com\/es\/gaudeix-de-sant-jordi-al-districte-creatiu-de-barcelona\/","url":"https:\/\/poblenouurbandistrict.com\/es\/gaudeix-de-sant-jordi-al-districte-creatiu-de-barcelona\/","name":"Disfruta de Sant Jordi en el Distrito Creativo de Barcelona &#8211; Poblenou Urban District","isPartOf":{"@id":"https:\/\/poblenouurbandistrict.com\/es\/#website"},"primaryImageOfPage":{"@id":"https:\/\/poblenouurbandistrict.com\/es\/gaudeix-de-sant-jordi-al-districte-creatiu-de-barcelona\/#primaryimage"},"image":{"@id":"https:\/\/poblenouurbandistrict.com\/gaudeix-de-sant-jordi-al-districte-creatiu-de-barcelona\/#primaryimage"},"thumbnailUrl":"https:\/\/media.poblenouurbandistrict.com\/2024\/04\/25072800\/cartell-693x970px-web-biblioteca-0.png","datePublished":"2024-04-18T16:11:34+00:00","dateModified":"2024-04-19T08:49:23+00:00","author":{"@id":"https:\/\/poblenouurbandistrict.com\/#\/schema\/person\/980a2cf34b399d5218205730acd54a7e"},"breadcrumb":{"@id":"https:\/\/poblenouurbandistrict.com\/es\/gaudeix-de-sant-jordi-al-districte-creatiu-de-barcelona\/#breadcrumb"},"inLanguage":"es","potentialAction":[{"@type":"ReadAction","target":[["https:\/\/poblenouurbandistrict.com\/es\/gaudeix-de-sant-jordi-al-districte-creatiu-de-barcelona\/"]]}]},{"@type":"ImageObject","inLanguage":"es","@id":"https:\/\/poblenouurbandistrict.com\/es\/gaudeix-de-sant-jordi-al-districte-creatiu-de-barcelona\/#primaryimage","url":"https:\/\/media.poblenouurbandistrict.com\/2024\/04\/25072800\/cartell-693x970px-web-biblioteca-0.png","contentUrl":"https:\/\/media.poblenouurbandistrict.com\/2024\/04\/25072800\/cartell-693x970px-web-biblioteca-0.png","width":693,"height":533},{"@type":"BreadcrumbList","@id":"https:\/\/poblenouurbandistrict.com\/es\/gaudeix-de-sant-jordi-al-districte-creatiu-de-barcelona\/#breadcrumb","itemListElement":[{"@type":"ListItem","position":1,"name":"Home","item":"https:\/\/poblenouurbandistrict.com\/es\/"},{"@type":"ListItem","position":2,"name":"Gaudeix de Sant Jordi al Districte Creatiu de Barcelona"}]},{"@type":"WebSite","@id":"https:\/\/poblenouurbandistrict.com\/es\/#website","url":"https:\/\/poblenouurbandistrict.com\/es\/","name":"Poblenou Urban District","description":"Comunidad Creativa","potentialAction":[{"@type":"SearchAction","target":{"@type":"EntryPoint","urlTemplate":"https:\/\/poblenouurbandistrict.com\/es\/?s={search_term_string}"},"query-input":{"@type":"PropertyValueSpecification","valueRequired":true,"valueName":"search_term_string"}}],"inLanguage":"es"},{"@type":"Person","@id":"https:\/\/poblenouurbandistrict.com\/#\/schema\/person\/980a2cf34b399d5218205730acd54a7e","name":"pnud","image":{"@type":"ImageObject","inLanguage":"es","@id":"https:\/\/secure.gravatar.com\/avatar\/67146597b405ee077a24e519f75c3e2031736596d6ce35af3a34c122c93d0d7b?s=96&d=retro&r=g","url":"https:\/\/secure.gravatar.com\/avatar\/67146597b405ee077a24e519f75c3e2031736596d6ce35af3a34c122c93d0d7b?s=96&d=retro&r=g","contentUrl":"https:\/\/secure.gravatar.com\/avatar\/67146597b405ee077a24e519f75c3e2031736596d6ce35af3a34c122c93d0d7b?s=96&d=retro&r=g","caption":"pnud"}}]}},"_links":{"self":[{"href":"https:\/\/poblenouurbandistrict.com\/es\/wp-json\/wp\/v2\/posts\/45450","targetHints":{"allow":["GET"]}}],"collection":[{"href":"https:\/\/poblenouurbandistrict.com\/es\/wp-json\/wp\/v2\/posts"}],"about":[{"href":"https:\/\/poblenouurbandistrict.com\/es\/wp-json\/wp\/v2\/types\/post"}],"author":[{"embeddable":true,"href":"https:\/\/poblenouurbandistrict.com\/es\/wp-json\/wp\/v2\/users\/5"}],"replies":[{"embeddable":true,"href":"https:\/\/poblenouurbandistrict.com\/es\/wp-json\/wp\/v2\/comments?post=45450"}],"version-history":[{"count":10,"href":"https:\/\/poblenouurbandistrict.com\/es\/wp-json\/wp\/v2\/posts\/45450\/revisions"}],"predecessor-version":[{"id":45481,"href":"https:\/\/poblenouurbandistrict.com\/es\/wp-json\/wp\/v2\/posts\/45450\/revisions\/45481"}],"wp:featuredmedia":[{"embeddable":true,"href":"https:\/\/poblenouurbandistrict.com\/es\/wp-json\/wp\/v2\/media\/45457"}],"wp:attachment":[{"href":"https:\/\/poblenouurbandistrict.com\/es\/wp-json\/wp\/v2\/media?parent=45450"}],"wp:term":[{"taxonomy":"category","embeddable":true,"href":"https:\/\/poblenouurbandistrict.com\/es\/wp-json\/wp\/v2\/categories?post=45450"},{"taxonomy":"post_tag","embeddable":true,"href":"https:\/\/poblenouurbandistrict.com\/es\/wp-json\/wp\/v2\/tags?post=45450"}],"curies":[{"name":"wp","href":"https:\/\/api.w.org\/{rel}","templated":true}]}}