{"id":45554,"date":"2024-04-25T18:23:01","date_gmt":"2024-04-25T16:23:01","guid":{"rendered":"https:\/\/poblenouurbandistrict.com\/?p=45554"},"modified":"2024-05-14T12:46:58","modified_gmt":"2024-05-14T10:46:58","slug":"urban-block-party-la-gran-cita-del-poblenou-open-day","status":"publish","type":"post","link":"https:\/\/poblenouurbandistrict.com\/es\/urban-block-party-la-gran-cita-del-poblenou-open-day\/","title":{"rendered":"Urban Block Party, la gran cita del Poblenou Open Day"},"content":{"rendered":"<p>El epicentro de esta doceava edici\u00f3n del Poblenou Open Day ser\u00e1 la <strong>Urban Block Party<\/strong>, organizada por Poblenou Urban District y \u00c0tim Ingenier\u00eda, y situada en el solar de la Calle \u00c0vila, 98. No hay nada m\u00e1s potente que transformar un espacio en desuso y convertirlo en un espacio cultural durante todo el d\u00eda.<\/p>\n<p>En este espacio, encontrar\u00e1s una programaci\u00f3n completa de actividades culturales: talleres, m\u00fasica en directo, corner de arte, sesiones de DJ\u2019s, murales en directo, exposiciones, propuestas gastron\u00f3micas y un punto de informaci\u00f3n donde podr\u00e1s descubrir toda la programaci\u00f3n del Poblenou Open Day.<\/p>\n<p>No te pierdas la oportunidad de disfrutar de un d\u00eda lleno de arte, dise\u00f1o, talleres, m\u00fasica, fiesta y mucha cultura al Distrito Creativo de Barcelona. Una cita obligada para todas aquellas personas interesadas en el arte y dise\u00f1o en todos sus lenguajes.<\/p>\n<p>Te esperamos el pr\u00f3ximo<strong> s\u00e1bado 4 de mayo de 11h a 23h.<\/strong><\/p>\n<hr \/>\n<h4><b>Programaci\u00f3n musical<\/b><\/h4>\n<div>\n<p>11h &#8211; 13h: DUBBYANIOL<\/p>\n<p>13h &#8211; 14h: Lalo Harris &amp; Emmafeldmugnaini<\/p>\n<div>\n<p>14h \u2013 15h: Jo Haris<\/p>\n<p>15h &#8211; 16h: Rug\u00e9 Live<\/p>\n<p>16h \u2013 18h: Guille D Juan<\/p>\n<p>18h &#8211; 20h: Carla Valenti<\/p>\n<p>20h &#8211; 23h: DAME\/YAX<\/p>\n<\/div>\n<\/div>\n<div>\n<hr \/>\n<\/div>\n<h4><b>Programaci\u00f3n gastron\u00f3mica<\/b><\/h4>\n<p>En este espacio podr\u00e1s disfrutar de muchas propuestas gastron\u00f3micas y de los mejores platos del barrio.<\/p>\n<p><strong>Trikini<\/strong> nos deleitar\u00e1n con sus famosos biquinis y s\u00e1ndwiches de nombres muy ingeniosos que han revolucionado Poblenou. Ac\u00e9rcate a su foodtruck, conquistar\u00e1n tu paladar. Podr\u00e1s encontrar<span style=\"font-weight: 400;\">\u00a0sus cl\u00e1sicos festivaleros que nunca fallan:\u00a0<\/span><span style=\"font-weight: 400;\">Amancio Hortera (lac\u00f3n braseado, queso gallego Arzua Ulloa, toque de piment\u00f3n),\u00a0<\/span><span style=\"font-weight: 400;\">Paz Veggie (opci\u00f3n vegana, espinacas salteadas, pasas, pi\u00f1ones, cebolla caramelizada, queso vegano V\u00c4CKA) y las patatas bravas<\/span><span style=\"font-weight: 400;\">\u00a0Trikini.<\/span><\/p>\n<p><strong>La Tavernicola<\/strong>,\u00a0para los amantes de la buena carne de producci\u00f3n ecol\u00f3gica y disfrutar de exquisitas carnes argentinas y nacionales.<\/p>\n<p><strong>El arte del taco<\/strong>, podr\u00e1s disfrutar de la mejor gastronom\u00eda mexicana como tacos y otras especialidades.<\/p>\n<div>\n<hr \/>\n<\/div>\n<h4>Programaci\u00f3n art\u00edstica<\/h4>\n<p>Disfrutar\u00e1s del trabajo de los artistas que han sido seleccionados por un jurado\u00a0de profesionales del sector creativo para participar en la 9.\u00aa edici\u00f3n del Windows Arte Circuito. Habr\u00e1 un c\u00f3rner de venta\u00a0de arte con obras originales, reproducciones e ilustraciones. Una buena manera de apoyar al arte emergente y en la programaci\u00f3n cultural del Poblenou Urban District.<\/p>\n<p><strong>Anna Lo<\/strong>: podr\u00e1s ver un mural intentando representar la importancia de una educaci\u00f3n art\u00edstica y p\u00fablica para todo el mundo. Una cr\u00edtica de la importancia de conciencia de clase y de como el arte puede cambiar vidas y sobre todo ense\u00f1ar a expresarse en un mundo donde hacerlo te hace vulnerable. Una situaci\u00f3n en la que se ha visto la artista y muchas personas m\u00e1s, y que actualmente sigue sucediendo.<\/p>\n<p><strong>bd.MIXORDIAS &amp; TERREMOTO CULTURAL: <\/strong>Retomando elementos visuales de nuestro imaginario, proponemos un juego de lo absurdo, donde del cielo en vez de llover agua, llueven personas. Tomando como punto de partida un boceto de figura humana dibujado por Bruno, y puesto en escena dentro de un universo colorido.<\/p>\n<p><strong><a href=\"https:\/\/www.carolazerbone.it\/\">Carol:<\/a><\/strong>\u00a0descubre \u00abUn preservativo puede salvarte\u00bb, un espectacular mural hecho con pintura acr\u00edlica sobre muro.<\/p>\n<p><strong>Cristian Galmez: <\/strong>una exposici\u00f3n fotogr\u00e1fica que muestra la\u00a0visi\u00f3n en blanco y negro de la cotidianidad callejera, la propuesta son fotograf\u00edas sacadas en Barcelona y Santiago de Chile.<\/p>\n<p><strong>Colectivo Esbozo:<\/strong> crear\u00e1n un mural colaborativo a partir de las 11.30h.<\/p>\n<p><strong><a href=\"https:\/\/www.instagram.com\/flaviarainoneart\/\">Flavia Rainone:<\/a><\/strong>\u00a0la artista presenta \u00abLaberinto de Realidad\u00bb, una exploraci\u00f3n visual de las complejidades del pensamiento humano y las diversas percepciones de la existencia. Inspirado en las geometr\u00edas imposibles y los laberintos tridimensionales, esta obra invita al observador a embarcarse en un viaje que refleja la intrincada red de conexiones que nos une a todos, mientras enfrentamos la constante b\u00fasqueda de nuestra propia salida en un universo siempre en constante cambio.<\/p>\n<p><strong>Le Petit M\u00fctant:\u00a0<\/strong>como artista de calle inspirada por la riqueza crom\u00e1tica de la natura, se plantea la creaci\u00f3n de panots \u00fanicos que resplandezcan como un jard\u00edn vibrante en las calles de Barcelona bajo el t\u00edtulo \u00abLo Jard\u00edn &#8211; The Garden\u00bb. Esta propuesta celebra la diversidad de colores, convirtiendo los panotsen piezas de arte urbano que llenar\u00e1n la ciudad con alegr\u00eda y vitalidad. Una explosi\u00f3n floral en cada paso.<\/p>\n<p><strong><a href=\"http:\/\/www.silviaospina.com\/\">Silvia Ospina:<\/a><\/strong>\u00a0esta obra encuentra la inspiraci\u00f3n en la tierra natal de la artista, Colombia. Forma parte de un proceso de exploraci\u00f3n tanto personal como art\u00edstico, donde busca integrar sus distintos universos.<\/p>\n<p><strong><a href=\"https:\/\/www.behance.net\/ValeWilson\">Valentina Wilson:<\/a><\/strong>\u00a0podr\u00e1s descubrir un mural que celebra la llegada de la primavera con una representaci\u00f3n simb\u00f3lica. En la obra de la artista hay un perro que emerge entre tulipanes en plena floraci\u00f3n, reflejando la energ\u00eda renovadora de la temporada. Inspirado por la vitalidad y diversidad de nuestro querido barrio, este mural busca capturar la esencia del renacimiento urbano y la esperanza de d\u00edas llenos de sol y color en Poblenou.<\/p>\n<p><strong><a href=\"https:\/\/www.instagram.com\/rockaxson\/\">Rockaxson:<\/a><\/strong>\u00a0exposici\u00f3n fotogr\u00e1fica de gran formato que retrata a artistas urbanos interviniendo la ciudad de Barcelona. Con este proyecto fotogr\u00e1fico pretende combinar fotograf\u00eda de calle y fotograf\u00eda de arte urbano en una sola captura, plasmando las emociones y diario vivir de los transe\u00fantes en conjunto con los artistas y sus intervenciones encontradas en las calles de Barcelona. Mediante sesiones fotogr\u00e1ficas junto a artistas urbanos, ser\u00e1 posible visibilizar las intervenciones realizadas por los artistas, a trav\u00e9s de toda la ciudad condal, evidenciando a Barcelona como un claro ejemplo de ciudad multicultural que es la esencia de su cosmopolitismo.<\/p>\n<p><strong><a href=\"https:\/\/www.iampio.com\/unapoesiaquisedanse\">Noctis:<\/a><\/strong>\u00a0presentan la serie \u00abUna poes\u00eda qui se danse &#8211; BAILE I\u00bb, el objetivo de este proyecto es explorar la fusi\u00f3n de las dos \u00e1reas art\u00edsticas de la poes\u00eda y el arte visual. Se centraron en la libre expresi\u00f3n de las emociones. Con la espontaneidad como br\u00fajula, IAMPI\u00d4 se expres\u00f3 a trav\u00e9s del sonido y la emoci\u00f3n con que Noctis recit\u00f3 un\u00a0conjunto de 5 poemas.<\/p>\n<p><strong>Monday&#8217;s<\/strong>: presentar\u00e0 un projecte que reflexi l&#8217;ess\u00e8ncia i la diversitat del barri del Poblenou. Sota el concepte \u00abels teus racons, la teva gent\u00bb, la seva proposta consisteix en una intervenci\u00f3 mural qur fusiona la fotografia amb l&#8217;entorn urb\u00e0. El seu equip de fotografs ha explorat els carrers del Poblenou, capturant imatges que reflexen la vida i la identitat del barri. Aquestes fotografies s&#8217;exhibirant en un mural, t<span style=\"font-weight: 400;\">ransformant aix\u00ed l&#8217;espai en una galeria d&#8217;art a l&#8217;aire lliure.<\/span><\/p>\n<p><strong>Mykola Kornilov<\/strong><\/p>\n<p><a href=\"https:\/\/www.instagram.com\/aleix_font_arroyo\/\"><strong>Rata con Corbata<\/strong><\/a><\/p>\n<hr \/>\n<p><strong>Talleres y actividades<\/strong><\/p>\n<ul>\n<li>La Demo print del <a href=\"https:\/\/www.instagram.com\/tallerdelsedus\/?hl=es\">Taller dels Edus<\/a><span style=\"font-weight: 400;\">: <strong>a las 13h y a las 17h.<\/strong><\/span><\/li>\n<\/ul>\n<p>Demostraci\u00f3n y pr\u00e1ctica de la t\u00e9cnica serigr\u00e1fica participativa y para todos los p\u00fablicos. La serigraf\u00eda es un sello est\u00e9tico entre la artesan\u00eda y la industria, y al Taller de los Edus, no solo trabajan en su propio sello, sino tambi\u00e9n a abrir nuevos canales de comunicaci\u00f3n y difusi\u00f3n art\u00edstica, en su ciudad (Matar\u00f3) y fuera de ella.<\/p>\n<ul>\n<li>Taller de ilustraci\u00f3n a partir de maquetas amb <a href=\"https:\/\/www.ramon.paris\/es\/\">Ramon Paris<\/a>: <span style=\"font-weight: 400;\"><strong>a las 13h y a las 17h.<\/strong><\/span><\/li>\n<\/ul>\n<p>El taller consistir\u00e1 a hacer unos dibujos que expliquen una situaci\u00f3n imaginada, situarlos a diferentes niveles sobre una superficie y hacer las fotograf\u00edas. Ram\u00f3n nos ense\u00f1ar\u00e1 la t\u00e9cnica y a encontrar la po\u00e9tica de la composici\u00f3n de la imagen.<\/p>\n<ul>\n<li>Taller de Skate impartido por\u00a0<a href=\"https:\/\/www.instagram.com\/snt_4_ever\/\">SNT4EVER<\/a>: <span style=\"font-weight: 400;\"><strong>a las 12h y a las 16h.<\/strong><\/span><\/li>\n<\/ul>\n<p>La asociaci\u00f3n de j\u00f3venes SNT4EVER, que lucha para preservar la emblem\u00e1tica plaza de los Pa\u00edses Catalanes en Barcelona, ofrece un taller de iniciaci\u00f3n a la skate de 1h de duraci\u00f3n en el cual se podr\u00e1n aventurar grandes y peque\u00f1os en los inicios del skateboarding a trav\u00e9s de los diferentes m\u00f3dulos y actividades propuestas en el taller.<\/p>\n<ul>\n<li>Puzzle Party con <a href=\"https:\/\/www.instagram.com\/studio.arde\/?hl=es\">STUDIO ARDE<\/a>: <span style=\"font-weight: 400;\"><strong>a las 12h y a las 16h.<\/strong><\/span><\/li>\n<\/ul>\n<p>Los participantes est\u00e1n invitados a crear puzles de gran escala de las ilustraciones m\u00e1s divertidas creadas por ARDE. Se presentar\u00e1n dos puzles para que los #asistente puedan competir entre s\u00ed.\u00a0La experiencia de montar los puzzles sobre la pared agrega un toque especial y memorable a la Puzsle Party, haciendo que la actividad sea todav\u00eda m\u00e1s emocionante y visualmente impactante para todos los asistentes.<\/p>","protected":false},"excerpt":{"rendered":"<p>El epicentro de esta doceava edici\u00f3n del Poblenou Open Day ser\u00e1 la Urban Block Party, organizada por Poblenou Urban District&#8230; <a href=\"https:\/\/poblenouurbandistrict.com\/es\/urban-block-party-la-gran-cita-del-poblenou-open-day\/\">M\u00e1s  \u2192<\/a><\/p>\n","protected":false},"author":5,"featured_media":45741,"comment_status":"closed","ping_status":"closed","sticky":false,"template":"","format":"standard","meta":{"_acf_changed":false,"footnotes":""},"categories":[3565],"tags":[],"class_list":["post-45554","post","type-post","status-publish","format-standard","has-post-thumbnail","hentry","category-poblenou-open-day"],"acf":[],"yoast_head":"<!-- This site is optimized with the Yoast SEO plugin v27.5 - https:\/\/yoast.com\/product\/yoast-seo-wordpress\/ -->\n<title>Urban Block Party, la gran cita del Poblenou Open Day &#8211; Poblenou Urban District<\/title>\n<meta name=\"robots\" content=\"index, follow, max-snippet:-1, max-image-preview:large, max-video-preview:-1\" \/>\n<link rel=\"canonical\" href=\"https:\/\/poblenouurbandistrict.com\/es\/urban-block-party-la-gran-cita-del-poblenou-open-day\/\" \/>\n<meta property=\"og:locale\" content=\"es_ES\" \/>\n<meta property=\"og:type\" content=\"article\" \/>\n<meta property=\"og:title\" content=\"Urban Block Party, la gran cita del Poblenou Open Day &#8211; Poblenou Urban District\" \/>\n<meta property=\"og:description\" content=\"El epicentro de esta doceava edici\u00f3n del Poblenou Open Day ser\u00e1 la Urban Block Party, organizada por Poblenou Urban District... M\u00e1s \u2192\" \/>\n<meta property=\"og:url\" content=\"https:\/\/poblenouurbandistrict.com\/es\/urban-block-party-la-gran-cita-del-poblenou-open-day\/\" \/>\n<meta property=\"og:site_name\" content=\"Poblenou Urban District\" \/>\n<meta property=\"article:published_time\" content=\"2024-04-25T16:23:01+00:00\" \/>\n<meta property=\"article:modified_time\" content=\"2024-05-14T10:46:58+00:00\" \/>\n<meta property=\"og:image\" content=\"https:\/\/poblenouurbandistrict.com\/wp-content\/uploads\/2024\/04\/diseno-sin-titulo-5.png\" \/>\n\t<meta property=\"og:image:width\" content=\"1801\" \/>\n\t<meta property=\"og:image:height\" content=\"1200\" \/>\n\t<meta property=\"og:image:type\" content=\"image\/png\" \/>\n<meta name=\"author\" content=\"pnud\" \/>\n<meta name=\"twitter:card\" content=\"summary_large_image\" \/>\n<meta name=\"twitter:label1\" content=\"Escrito por\" \/>\n\t<meta name=\"twitter:data1\" content=\"pnud\" \/>\n\t<meta name=\"twitter:label2\" content=\"Tiempo de lectura\" \/>\n\t<meta name=\"twitter:data2\" content=\"1 minuto\" \/>\n<script type=\"application\/ld+json\" class=\"yoast-schema-graph\">{\"@context\":\"https:\\\/\\\/schema.org\",\"@graph\":[{\"@type\":\"Article\",\"@id\":\"https:\\\/\\\/poblenouurbandistrict.com\\\/urban-block-party-la-gran-cita-del-poblenou-open-day\\\/#article\",\"isPartOf\":{\"@id\":\"https:\\\/\\\/poblenouurbandistrict.com\\\/urban-block-party-la-gran-cita-del-poblenou-open-day\\\/\"},\"author\":{\"name\":\"pnud\",\"@id\":\"https:\\\/\\\/poblenouurbandistrict.com\\\/#\\\/schema\\\/person\\\/980a2cf34b399d5218205730acd54a7e\"},\"headline\":\"Urban Block Party, la gran cita del Poblenou Open Day\",\"datePublished\":\"2024-04-25T16:23:01+00:00\",\"dateModified\":\"2024-05-14T10:46:58+00:00\",\"mainEntityOfPage\":{\"@id\":\"https:\\\/\\\/poblenouurbandistrict.com\\\/urban-block-party-la-gran-cita-del-poblenou-open-day\\\/\"},\"wordCount\":2877,\"image\":{\"@id\":\"https:\\\/\\\/poblenouurbandistrict.com\\\/urban-block-party-la-gran-cita-del-poblenou-open-day\\\/#primaryimage\"},\"thumbnailUrl\":\"https:\\\/\\\/media.poblenouurbandistrict.com\\\/2024\\\/04\\\/25073150\\\/diseno-sin-titulo-5.png\",\"articleSection\":[\"Poblenou Open Day\"],\"inLanguage\":\"es\"},{\"@type\":\"WebPage\",\"@id\":\"https:\\\/\\\/poblenouurbandistrict.com\\\/es\\\/urban-block-party-la-gran-cita-del-poblenou-open-day\\\/\",\"url\":\"https:\\\/\\\/poblenouurbandistrict.com\\\/es\\\/urban-block-party-la-gran-cita-del-poblenou-open-day\\\/\",\"name\":\"Urban Block Party, la gran cita del Poblenou Open Day &#8211; Poblenou Urban District\",\"isPartOf\":{\"@id\":\"https:\\\/\\\/poblenouurbandistrict.com\\\/es\\\/#website\"},\"primaryImageOfPage\":{\"@id\":\"https:\\\/\\\/poblenouurbandistrict.com\\\/es\\\/urban-block-party-la-gran-cita-del-poblenou-open-day\\\/#primaryimage\"},\"image\":{\"@id\":\"https:\\\/\\\/poblenouurbandistrict.com\\\/urban-block-party-la-gran-cita-del-poblenou-open-day\\\/#primaryimage\"},\"thumbnailUrl\":\"https:\\\/\\\/media.poblenouurbandistrict.com\\\/2024\\\/04\\\/25073150\\\/diseno-sin-titulo-5.png\",\"datePublished\":\"2024-04-25T16:23:01+00:00\",\"dateModified\":\"2024-05-14T10:46:58+00:00\",\"author\":{\"@id\":\"https:\\\/\\\/poblenouurbandistrict.com\\\/#\\\/schema\\\/person\\\/980a2cf34b399d5218205730acd54a7e\"},\"breadcrumb\":{\"@id\":\"https:\\\/\\\/poblenouurbandistrict.com\\\/es\\\/urban-block-party-la-gran-cita-del-poblenou-open-day\\\/#breadcrumb\"},\"inLanguage\":\"es\",\"potentialAction\":[{\"@type\":\"ReadAction\",\"target\":[[\"https:\\\/\\\/poblenouurbandistrict.com\\\/es\\\/urban-block-party-la-gran-cita-del-poblenou-open-day\\\/\"]]}]},{\"@type\":\"ImageObject\",\"inLanguage\":\"es\",\"@id\":\"https:\\\/\\\/poblenouurbandistrict.com\\\/es\\\/urban-block-party-la-gran-cita-del-poblenou-open-day\\\/#primaryimage\",\"url\":\"https:\\\/\\\/media.poblenouurbandistrict.com\\\/2024\\\/04\\\/25073150\\\/diseno-sin-titulo-5.png\",\"contentUrl\":\"https:\\\/\\\/media.poblenouurbandistrict.com\\\/2024\\\/04\\\/25073150\\\/diseno-sin-titulo-5.png\",\"width\":1801,\"height\":1200},{\"@type\":\"BreadcrumbList\",\"@id\":\"https:\\\/\\\/poblenouurbandistrict.com\\\/es\\\/urban-block-party-la-gran-cita-del-poblenou-open-day\\\/#breadcrumb\",\"itemListElement\":[{\"@type\":\"ListItem\",\"position\":1,\"name\":\"Home\",\"item\":\"https:\\\/\\\/poblenouurbandistrict.com\\\/es\\\/\"},{\"@type\":\"ListItem\",\"position\":2,\"name\":\"Urban Block Party, la gran cita del Poblenou Open Day\"}]},{\"@type\":\"WebSite\",\"@id\":\"https:\\\/\\\/poblenouurbandistrict.com\\\/es\\\/#website\",\"url\":\"https:\\\/\\\/poblenouurbandistrict.com\\\/es\\\/\",\"name\":\"Poblenou Urban District\",\"description\":\"Comunidad Creativa\",\"potentialAction\":[{\"@type\":\"SearchAction\",\"target\":{\"@type\":\"EntryPoint\",\"urlTemplate\":\"https:\\\/\\\/poblenouurbandistrict.com\\\/es\\\/?s={search_term_string}\"},\"query-input\":{\"@type\":\"PropertyValueSpecification\",\"valueRequired\":true,\"valueName\":\"search_term_string\"}}],\"inLanguage\":\"es\"},{\"@type\":\"Person\",\"@id\":\"https:\\\/\\\/poblenouurbandistrict.com\\\/#\\\/schema\\\/person\\\/980a2cf34b399d5218205730acd54a7e\",\"name\":\"pnud\",\"image\":{\"@type\":\"ImageObject\",\"inLanguage\":\"es\",\"@id\":\"https:\\\/\\\/secure.gravatar.com\\\/avatar\\\/67146597b405ee077a24e519f75c3e2031736596d6ce35af3a34c122c93d0d7b?s=96&d=retro&r=g\",\"url\":\"https:\\\/\\\/secure.gravatar.com\\\/avatar\\\/67146597b405ee077a24e519f75c3e2031736596d6ce35af3a34c122c93d0d7b?s=96&d=retro&r=g\",\"contentUrl\":\"https:\\\/\\\/secure.gravatar.com\\\/avatar\\\/67146597b405ee077a24e519f75c3e2031736596d6ce35af3a34c122c93d0d7b?s=96&d=retro&r=g\",\"caption\":\"pnud\"}}]}<\/script>\n<!-- \/ Yoast SEO plugin. -->","yoast_head_json":{"title":"Urban Block Party, la gran cita del Poblenou Open Day &#8211; Poblenou Urban District","robots":{"index":"index","follow":"follow","max-snippet":"max-snippet:-1","max-image-preview":"max-image-preview:large","max-video-preview":"max-video-preview:-1"},"canonical":"https:\/\/poblenouurbandistrict.com\/es\/urban-block-party-la-gran-cita-del-poblenou-open-day\/","og_locale":"es_ES","og_type":"article","og_title":"Urban Block Party, la gran cita del Poblenou Open Day &#8211; Poblenou Urban District","og_description":"El epicentro de esta doceava edici\u00f3n del Poblenou Open Day ser\u00e1 la Urban Block Party, organizada por Poblenou Urban District... M\u00e1s \u2192","og_url":"https:\/\/poblenouurbandistrict.com\/es\/urban-block-party-la-gran-cita-del-poblenou-open-day\/","og_site_name":"Poblenou Urban District","article_published_time":"2024-04-25T16:23:01+00:00","article_modified_time":"2024-05-14T10:46:58+00:00","og_image":[{"width":1801,"height":1200,"url":"https:\/\/poblenouurbandistrict.com\/wp-content\/uploads\/2024\/04\/diseno-sin-titulo-5.png","type":"image\/png"}],"author":"pnud","twitter_card":"summary_large_image","twitter_misc":{"Escrito por":"pnud","Tiempo de lectura":"1 minuto"},"schema":{"@context":"https:\/\/schema.org","@graph":[{"@type":"Article","@id":"https:\/\/poblenouurbandistrict.com\/urban-block-party-la-gran-cita-del-poblenou-open-day\/#article","isPartOf":{"@id":"https:\/\/poblenouurbandistrict.com\/urban-block-party-la-gran-cita-del-poblenou-open-day\/"},"author":{"name":"pnud","@id":"https:\/\/poblenouurbandistrict.com\/#\/schema\/person\/980a2cf34b399d5218205730acd54a7e"},"headline":"Urban Block Party, la gran cita del Poblenou Open Day","datePublished":"2024-04-25T16:23:01+00:00","dateModified":"2024-05-14T10:46:58+00:00","mainEntityOfPage":{"@id":"https:\/\/poblenouurbandistrict.com\/urban-block-party-la-gran-cita-del-poblenou-open-day\/"},"wordCount":2877,"image":{"@id":"https:\/\/poblenouurbandistrict.com\/urban-block-party-la-gran-cita-del-poblenou-open-day\/#primaryimage"},"thumbnailUrl":"https:\/\/media.poblenouurbandistrict.com\/2024\/04\/25073150\/diseno-sin-titulo-5.png","articleSection":["Poblenou Open Day"],"inLanguage":"es"},{"@type":"WebPage","@id":"https:\/\/poblenouurbandistrict.com\/es\/urban-block-party-la-gran-cita-del-poblenou-open-day\/","url":"https:\/\/poblenouurbandistrict.com\/es\/urban-block-party-la-gran-cita-del-poblenou-open-day\/","name":"Urban Block Party, la gran cita del Poblenou Open Day &#8211; Poblenou Urban District","isPartOf":{"@id":"https:\/\/poblenouurbandistrict.com\/es\/#website"},"primaryImageOfPage":{"@id":"https:\/\/poblenouurbandistrict.com\/es\/urban-block-party-la-gran-cita-del-poblenou-open-day\/#primaryimage"},"image":{"@id":"https:\/\/poblenouurbandistrict.com\/urban-block-party-la-gran-cita-del-poblenou-open-day\/#primaryimage"},"thumbnailUrl":"https:\/\/media.poblenouurbandistrict.com\/2024\/04\/25073150\/diseno-sin-titulo-5.png","datePublished":"2024-04-25T16:23:01+00:00","dateModified":"2024-05-14T10:46:58+00:00","author":{"@id":"https:\/\/poblenouurbandistrict.com\/#\/schema\/person\/980a2cf34b399d5218205730acd54a7e"},"breadcrumb":{"@id":"https:\/\/poblenouurbandistrict.com\/es\/urban-block-party-la-gran-cita-del-poblenou-open-day\/#breadcrumb"},"inLanguage":"es","potentialAction":[{"@type":"ReadAction","target":[["https:\/\/poblenouurbandistrict.com\/es\/urban-block-party-la-gran-cita-del-poblenou-open-day\/"]]}]},{"@type":"ImageObject","inLanguage":"es","@id":"https:\/\/poblenouurbandistrict.com\/es\/urban-block-party-la-gran-cita-del-poblenou-open-day\/#primaryimage","url":"https:\/\/media.poblenouurbandistrict.com\/2024\/04\/25073150\/diseno-sin-titulo-5.png","contentUrl":"https:\/\/media.poblenouurbandistrict.com\/2024\/04\/25073150\/diseno-sin-titulo-5.png","width":1801,"height":1200},{"@type":"BreadcrumbList","@id":"https:\/\/poblenouurbandistrict.com\/es\/urban-block-party-la-gran-cita-del-poblenou-open-day\/#breadcrumb","itemListElement":[{"@type":"ListItem","position":1,"name":"Home","item":"https:\/\/poblenouurbandistrict.com\/es\/"},{"@type":"ListItem","position":2,"name":"Urban Block Party, la gran cita del Poblenou Open Day"}]},{"@type":"WebSite","@id":"https:\/\/poblenouurbandistrict.com\/es\/#website","url":"https:\/\/poblenouurbandistrict.com\/es\/","name":"Poblenou Urban District","description":"Comunidad Creativa","potentialAction":[{"@type":"SearchAction","target":{"@type":"EntryPoint","urlTemplate":"https:\/\/poblenouurbandistrict.com\/es\/?s={search_term_string}"},"query-input":{"@type":"PropertyValueSpecification","valueRequired":true,"valueName":"search_term_string"}}],"inLanguage":"es"},{"@type":"Person","@id":"https:\/\/poblenouurbandistrict.com\/#\/schema\/person\/980a2cf34b399d5218205730acd54a7e","name":"pnud","image":{"@type":"ImageObject","inLanguage":"es","@id":"https:\/\/secure.gravatar.com\/avatar\/67146597b405ee077a24e519f75c3e2031736596d6ce35af3a34c122c93d0d7b?s=96&d=retro&r=g","url":"https:\/\/secure.gravatar.com\/avatar\/67146597b405ee077a24e519f75c3e2031736596d6ce35af3a34c122c93d0d7b?s=96&d=retro&r=g","contentUrl":"https:\/\/secure.gravatar.com\/avatar\/67146597b405ee077a24e519f75c3e2031736596d6ce35af3a34c122c93d0d7b?s=96&d=retro&r=g","caption":"pnud"}}]}},"_links":{"self":[{"href":"https:\/\/poblenouurbandistrict.com\/es\/wp-json\/wp\/v2\/posts\/45554","targetHints":{"allow":["GET"]}}],"collection":[{"href":"https:\/\/poblenouurbandistrict.com\/es\/wp-json\/wp\/v2\/posts"}],"about":[{"href":"https:\/\/poblenouurbandistrict.com\/es\/wp-json\/wp\/v2\/types\/post"}],"author":[{"embeddable":true,"href":"https:\/\/poblenouurbandistrict.com\/es\/wp-json\/wp\/v2\/users\/5"}],"replies":[{"embeddable":true,"href":"https:\/\/poblenouurbandistrict.com\/es\/wp-json\/wp\/v2\/comments?post=45554"}],"version-history":[{"count":36,"href":"https:\/\/poblenouurbandistrict.com\/es\/wp-json\/wp\/v2\/posts\/45554\/revisions"}],"predecessor-version":[{"id":45864,"href":"https:\/\/poblenouurbandistrict.com\/es\/wp-json\/wp\/v2\/posts\/45554\/revisions\/45864"}],"wp:featuredmedia":[{"embeddable":true,"href":"https:\/\/poblenouurbandistrict.com\/es\/wp-json\/wp\/v2\/media\/45741"}],"wp:attachment":[{"href":"https:\/\/poblenouurbandistrict.com\/es\/wp-json\/wp\/v2\/media?parent=45554"}],"wp:term":[{"taxonomy":"category","embeddable":true,"href":"https:\/\/poblenouurbandistrict.com\/es\/wp-json\/wp\/v2\/categories?post=45554"},{"taxonomy":"post_tag","embeddable":true,"href":"https:\/\/poblenouurbandistrict.com\/es\/wp-json\/wp\/v2\/tags?post=45554"}],"curies":[{"name":"wp","href":"https:\/\/api.w.org\/{rel}","templated":true}]}}