{"id":45561,"date":"2024-04-25T18:31:59","date_gmt":"2024-04-25T16:31:59","guid":{"rendered":"https:\/\/poblenouurbandistrict.com\/?p=45561"},"modified":"2024-05-02T15:32:03","modified_gmt":"2024-05-02T13:32:03","slug":"els-tallers-xerrades-i-activitats-de-lleure-del-poblenou-open-day","status":"publish","type":"post","link":"https:\/\/poblenouurbandistrict.com\/es\/els-tallers-xerrades-i-activitats-de-lleure-del-poblenou-open-day\/","title":{"rendered":"Los talleres, charlas y actividades de ocio de el Poblenou Open Day"},"content":{"rendered":"<p>Ya queda poco para el Poblenou\u00a0Open\u00a0Day. El pr\u00f3ximo 4 de mayo, de 12 h a 22 h, algunos de los espacios asociados a Poblenou\u00a0Urban\u00a0District\u00a0han organizado talleres de arte y de dise\u00f1o y actividades de ocio para que puedas experimentar y coleccionar recuerdos \u00fanicos.<\/p>\n<h3><span style=\"color: #000000;\"><a style=\"color: #000000;\" href=\"https:\/\/www.baued.es\/?utm_feeditemid=&amp;utm_device=c&amp;utm_term=bau&amp;utm_source=google&amp;utm_medium=ppc&amp;utm_campaign=2022+-+BAU+-+GRADOS+MARCA+-+ESP+-+B%C3%9ASQUEDA+-+Runroom&amp;hsa_cam=13269220065&amp;hsa_grp=124120427458&amp;hsa_mt=e&amp;hsa_src=g&amp;hsa_ad=524327782550&amp;hsa_acc=7274263232&amp;hsa_net=adwords&amp;hsa_kw=bau&amp;hsa_tgt=kwd-111388442&amp;hsa_ver=3&amp;gclid=CjwKCAjwuqiiBhBtEiwATgvixKDZ7hC6wQ37DS4kTEipXWZsjYrq1f9hoQFemItR3T8TylHaU9XKSRoClHIQAvD_BwE\">BAU, Centre Universitari d\u2019<\/a><a style=\"color: #000000;\" href=\"https:\/\/www.baued.es\/?utm_feeditemid=&amp;utm_device=c&amp;utm_term=bau&amp;utm_source=google&amp;utm_medium=ppc&amp;utm_campaign=2022+-+BAU+-+GRADOS+MARCA+-+ESP+-+B%C3%9ASQUEDA+-+Runroom&amp;hsa_cam=13269220065&amp;hsa_grp=124120427458&amp;hsa_mt=e&amp;hsa_src=g&amp;hsa_ad=524327782550&amp;hsa_acc=7274263232&amp;hsa_net=adwords&amp;hsa_kw=bau&amp;hsa_tgt=kwd-111388442&amp;hsa_ver=3&amp;gclid=CjwKCAjwuqiiBhBtEiwATgvixKDZ7hC6wQ37DS4kTEipXWZsjYrq1f9hoQFemItR3T8TylHaU9XKSRoClHIQAvD_BwE\">Arts i Disseny<\/a><\/span><\/h3>\n<p>Disfruta de las puertas abiertas del centro y conoce sus instalaci\u00f2ns. Podr\u00e1s ver la exposici\u00f3n de proyectos del Grado en Dise\u00f1o Gr\u00e1fico, tambi\u00e9n haura servicio de cafeter\u00eda y visita a la nave principal de Pujades 118.<\/p>\n<p>Exposici\u00f3n de proyectos y actuaciones musicales a Ciutat de Granada 34.<\/p>\n<h4 style=\"text-align: center;\"><span style=\"color: #000000;\"><strong>Pujades, 118 y Ciutat de Granada, 34-36<\/strong><\/span><\/h4>\n<h4 style=\"text-align: center;\"><span style=\"color: #000000;\"><strong>14h &#8211; 20h<\/strong><\/span><\/h4>\n<hr \/>\n<h3><span style=\"color: #000000;\"><a style=\"color: #000000;\" href=\"https:\/\/fxanimation.es\/\">FX Barcelona Film School<\/a><\/span><\/h3>\n<p>Vermut y BBQ a la terraza de cine de Poblenou. Acompa\u00f1ado en todo momento de m\u00fasica en directo, DJ y los diferentes actividades que es proponen del mundo del Filmmaking y los Artes Digitales. FX Barcelona Film School abre sus puertas a todo el mundo que quiera conocer y disfrutar de un s\u00e1bado diferente en nuestras instalaciones.<\/p>\n<p><strong>MA\u00d1ANA<\/strong><\/p>\n<p><strong>11hs<\/strong><br \/>\nTALLER DE\u00a0CONCEPT\u00a0ARTE: Dibuja tu personaje a partir de una palabra clave. 2 grupos: para ni\u00f1os de 6 a 12 a\u00f1os y para j\u00f3venes de 12 a 17 a\u00f1os<br \/>\nCoste: 3\u20ac<\/p>\n<p>TALLER De INTERPRETACI\u00d3N ANTE LA C\u00c1MARA: Hace tus primeros pasos en el mundo de la actuaci\u00f3n para cine<br \/>\n2 grupos: para ni\u00f1os de 6 a 12 a\u00f1os y para j\u00f3venes de 12 a 17 a\u00f1os<br \/>\nCoste: 3\u20ac<\/p>\n<p>TALLER De ANIMACI\u00d3N 2D: te gustan los dibujos animados? es tu oportunidad para saber c\u00f3mo se crean<br \/>\n2 grupos: para ni\u00f1os de 6 a 12 a\u00f1os y para j\u00f3venes de 12 a 17 a\u00f1os<br \/>\nCoste: 3\u20ac<\/p>\n<p>CHARLA DE\u00a0VFX: la magia de los efectos visuales al cine<br \/>\nCoste: 3\u20ac<\/p>\n<p>PASES DE CORTOMETRAJES: te apasiona el cine? te invitamos a asistir a un pase de cortos de ficci\u00f3n realizados por los alumnos de\u00a0FX<br \/>\nCoste: 3\u20ac<\/p>\n<p><strong>12hs\u00a0a\u00a013hs<\/strong>\u00a0M\u00daSICA EN VIVO &amp; VERMUT<br \/>\n<strong>13hs\u00a0a\u00a022hs<\/strong>\u00a0Barbacoa &amp; terraza: unas vistas de pel\u00edcula<\/p>\n<p><strong>TARDE-NOCHE<\/strong><\/p>\n<p><strong>18hs<\/strong>\u00a0C\u00f3cktails\u00a0en colaboraci\u00f3n en exclusiva con una de las grandes casas de cocteler\u00eda de Barcelona<br \/>\n<strong>18hs\u00a0a 19:30hs<\/strong>\u00a0concierto vive: ven a bailar en nuestra fant\u00e1stica terraza.<br \/>\n<strong>20hs<\/strong>\u00a0DJ<\/p>\n<p><strong>TODO EL D\u00cdA<\/strong><\/p>\n<p>Zona de videojuegos:\u00a0gamer!\u00a0este espacio es para\u00a0t\u00ed. Ven y disfruta probando los videojuegos realizados por los alumnos de\u00a0FX Barcelona Film School.<br \/>\nFutbol\u00edn: un cl\u00e1sico para disfrutar durante todo el d\u00eda<br \/>\nEstand dulce<br \/>\nMercado de segunda mano: dale una segunda vida en la ropa<br \/>\nOtras estands: merchandising, joyer\u00eda artesanal y\u00a0prints\u00a0de alumnas del \u00e1rea de\u00a0concept\u00a0art.<\/p>\n<p style=\"text-align: center;\"><span style=\"color: #000000;\"><strong>Pujades, 112<\/strong><\/span><\/p>\n<h4 style=\"text-align: center;\"><span style=\"color: #000000;\"><strong>12h &#8211; 22h<\/strong><\/span><\/h4>\n<hr \/>\n<h3><span style=\"color: #000000;\"><a style=\"color: #000000;\" href=\"https:\/\/www.lidembarcelona.com\/\">L\u2019Idem Barcelona<\/a><\/span><\/h3>\n<p>Durante todo el d\u00eda podr\u00e1s disfrutar de proyecciones de cortometrajes realizados por alumnos de diferentes disciplinas del curso superior de Animaci\u00f3n 2D, 3D y 3D Generalista. As\u00ed mismo, tambi\u00e9n tendr\u00e1s la oportunidad de ver la escuela en su jornada de puertas abiertas donde encontrar\u00e1s exposiciones, talleres de intel\u00b7ligencia artificial y videojuegos en RV.<\/p>\n<p style=\"text-align: center;\"><span style=\"color: #000000;\"><strong>Ciutat de Granada, 53-57<\/strong><\/span><\/p>\n<h4 style=\"text-align: center;\"><span style=\"color: #000000;\"><strong>10h &#8211; 18h<\/strong><\/span><\/h4>\n<hr \/>\n<h3><span style=\"color: #000000;\"><a style=\"color: #000000;\" href=\"https:\/\/lemuriacontinente.com\/\">LeMURia Continente Cultural<\/a>\u00a0<\/span><\/h3>\n<p>Llega con la agenda llena para este\u00a0Open\u00a0Day. Desde las\u00a010h\u00a0y hasta las\u00a022h\u00a0podr\u00e1s disfrutar de una agenda llena de talleres, charlas, exposiciones, DJ\u2019s y m\u00fasica en directo. No te lo pierdas!<\/p>\n<ul>\n<li>\u206010:00: Yoga Masterclass by Celeste (@CelesteMarinBcn).\u00a0Celeste es Consteladora de ni\u00f1os: Const&#8217;Enfants &amp; Consteladora de adultos: Constel&#8217;Art. En esta masterclass se realizar\u00e1 un recorrido por toda la pr\u00e1ctica del Yoga: Apertura de la frecuencia de conexi\u00f3n + Pranayamas + Asanas + Meditaci\u00f3n.<\/li>\n<li>11:00: Exposici\u00f3n by Ivho (@ivho__). Artista especializado en Arte acr\u00edlico.<\/li>\n<li>11:00: Coffee Cupping + Live Music by Koa at The Clan. Cata de los nuevos caf\u00e9s de temporada en The Clan, Self Care Club &amp; Academy<\/li>\n<li>12:00: \u201cC\u00f3mo ser artista\u201d by Saraelena Cabrera (@saraelenartist). Charla y exposici\u00f3n de una pintura LeMURiana. Mi Vermut + Showroom artesanal de emprendedores locales.<\/li>\n<li>13:00: Live El Terrado de Giulia sobre la lleca (@elterradodegiulia). El terrado de Giula es un grupo de mel\u00f3manos apasionados que se conocieron en una jam session en una azotea de Barcelona el pasado noviembre. Con Mart\u00edn al caj\u00f3n, Cristina a la voz, Agust\u00edn a la guitarra ac\u00fastica y voz, y Chema a la guitarra espa\u00f1ola, este grupo ofrece una fusi\u00f3n que combina el calor del flamenco, la intensidad del blues y la energ\u00eda de los grandes \u00e9xitos de los 80 con un sabor argentino-catal\u00e1n. Desde los cl\u00e1sicos de Tina Turner hasta las canciones contempor\u00e1neas de Amy Winehouse, o C Tangana, su repertorio es amplio.<\/li>\n<li>\u206014:00: Lunch Ideal Bar &#8211; Men\u00fa LeMURiatic (@idealbcn). Restobar atendido por sus due\u00f1os. Todo hecho como en casa. Sandwich de Milanesa \/ Ensalada Mediterr\u00e1nea + Refresco o agua<\/li>\n<li>15.00: Performance by Sofi Alberti (@dancefit_bcn). Clase de Danza y Expresividad corporal para jugar con secuencias coreogr\u00e1ficas y conectar con la interpretaci\u00f3n musical y la expresi\u00f3n corporal.<\/li>\n<li>16:00: Sesi\u00f3n de cancioneria infinita, h\u00edbrida y visceral by Franco Belli (francobelli.03). Cantante, compositor y productor argentino, actualmente radicado en Barcelona. Inici\u00f3 su carrera en Argentina en 2013, con su primer disco como compositor de canciones de folk\/jazz alternativo, luego de iniciarse tocando el bajo el\u00e9ctrico en diferentes estilos de m\u00fasica como post- rock, folklore, free jazz, el math-indian rock, la improvisaci\u00f3n libre.<\/li>\n<li>16:00: FreeStyle Skateboarding by (@FurtivoSkateboarders). Original heritage skateshop with the hottest reissues and true culture brands. Tatuajes personalizados by Avee (@aves.tattoo) Martin es un artista argentino residente por m\u00e1s de 10 a\u00f1os en Barcelona con experiencias m\u00faltiples en distintas artes y dise\u00f1os propios. Tattoo en vivo de la mano de Aves Tattoo, blackwork, fineline y tattoos personalizados.<\/li>\n<li>17:00 Taller de Tinte Natural by Nadia (@Odaa Retreats). Odaa Retreats: espacios para la auto exploraci\u00f3n a trav\u00e9s del movimiento consciente, la atenci\u00f3n plena y la respiraci\u00f3n.<\/li>\n<li>18:00: Tarot m\u00e1gico by Florcha &#8211; @Ekamholistikexperiences. Sesi\u00f3n personalizada de Tarot m\u00e1gico: Podr\u00e1s hacer preguntas sobre uno o varios temas espec\u00edficos y recibir gu\u00eda a trav\u00e9s de la sabidur\u00eda de las cartas y de nuestra canalizadora estrella: Florcha de Ekam Holistic Experiences.<\/li>\n<li>\u206018:00: Be Water experience en vivo (@bewater.experience). \u201cBe Water Experience\u201d tiene sus inicios en la ciudad de Barcelona en el 2021 en un laboratorio. En donde un grupo de amigos a trav\u00e9s del juego, la exploraci\u00f3n con diferentes materiales y t\u00e9cnicas descubrieron una nueva experiencia. Marbling es una t\u00e9cnica milenaria de pintura sobre agua, en donde los colores se conjugan y crean por s\u00ed solos. Una experiencia que permite ser protagonistas del proceso creativo, en donde la flexibilidad y la fluidez se vuelven parte invitando a explorar y abrirse a nuevas ideas, en donde seamos capaces de adaptarnos a las diferentes situaciones, encontrando soluciones creativas ante los desaf\u00edos que se presenten.<\/li>\n<li>18:00: Set Lemur L\u2019Amour by El Novio de Venus. Concierto Dod\u00f3. Pop surrealista m\u00edstico de Catalunya al mundo.<\/li>\n<li>19:00: DJ Set by Debs (@Debora.Raw). Set de jazz electr\u00f3nico, con bases de R&amp;B, soul y un poco de afrobeats.<\/li>\n<li>20:00: Desfile Dress &amp; Wine by @Semp\u00e9.e. Desfile de la c\u00e1psula Histeria: vestidos dise\u00f1ados by Semp\u00e9.e intervenidos en el evento Dress &amp; Wine con materiales textiles como pintura, rotuladores permanentes, stencils.<\/li>\n<li>20:00 DJ Set by Meder (@agus.meder) con intervenci\u00f3n de Garbin Laza. Set de house, deep house, progressive house, fusi\u00f3n de g\u00e9neros urbanos<\/li>\n<\/ul>\n<h4 style=\"text-align: center;\"><strong>Mari\u00e0 Aguil\u00f3 113 bajos<\/strong><\/h4>\n<h4 style=\"text-align: center;\"><strong>10h &#8211; 22h<\/strong><\/h4>\n<hr \/>\n<h3 style=\"text-align: left;\"><span style=\"color: #000000;\"><a style=\"color: #000000;\" href=\"https:\/\/palomarketfest.com\/es\"><strong>Palo\u00a0Market\u00a0Fest<\/strong><\/a><\/span><\/h3>\n<p>Un festival al aire libre que mezcla ocio, cultura y comercio a los jardines de\u00a0Palo\u00a0Alto. El acontecimiento ofrece m\u00fasica en directo,\u00a0street\u00a0food\u00a0y estands de dise\u00f1o, moda, belleza y salud. El precio de la entrada es de 5,5 \u20ac. Adem\u00e1s, en esta edici\u00f3n tambi\u00e9n encontrar\u00e1s talleres de\u00a0Pia\u00a0Calles con tem\u00e1tica primaveral. Podr\u00e1s crear tus propias flores de papel en medio de un jard\u00edn, para explorar tu creatividad y aprender algo nueva.<\/p>\n<p><strong>DISE\u00d1O<\/strong><br \/>\nUna cuidada selecci\u00f3n de productos de moda, objeto, belleza y salud que destacan por su creatividad y producci\u00f3n responsable. Un compromiso que se traduce en producciones locales, materiales org\u00e1nicos, objetos reciclados, responsabilidad social o productos saludables. Una oportunidad para descubrir y disfrutar el dise\u00f1o emergente en Barcelona.<\/p>\n<p><strong>MANIFIESTO\u00a0MARKET<\/strong><br \/>\nNuestra cuidada selecci\u00f3n es compone de prendas de ropa de primera calidad, objetos cuidadosamente seleccionados y\u00a0accesoris\u00a0con un valor de dise\u00f1o y medioambientalmente sostenibles.<\/p>\n<p><strong>ANDREA PI\u00d1EIRO<\/strong><br \/>\nSu compromiso con el cambio que la industria necesita se materializa en unos dise\u00f1os para todos los tipos de cuerpo y que se producen con el menor impacto medioambiental posible.<\/p>\n<p><strong>ESKULANBCN<\/strong><br \/>\nLa idea de los productos es poder fortalecer la venta de productos con una base cr\u00edtica apostando por un modelo sostenible y\u00a0ecosocialmente\u00a0respetuoso y perdurable. La sencillez y vuelta a los or\u00edgenes es la idea que persigue la cer\u00e1mica de\u00a0Eskulanbcn.<\/p>\n<p><strong>M\u00daSICA:\u00a0<\/strong><strong>STREET\u00a0MUSIC\u00a0EXPERIENCE<\/strong><br \/>\nUn formato de calle e innovador que envuelve de m\u00fasica todo Palo\u00a0Market\u00a0Fest. Bases r\u00edtmicas, cantantes, guitarras, pianos y vientos suenan como una gran banda que ocupa la calle entera. Estos ritmos, que revolucionaron la m\u00fasica bailable a mediados de a\u00f1os 60, contin\u00faan marcando el estilo de grandes \u00e9xitos del mejor pop contempor\u00e1neo. Proyecto liderado por Tito\u00a0Bonacera,\u00a0Tonia\u00a0Richii\u00a0y\u00a0Lessus\u00a0que cuenta en cada ocasi\u00f3n con diferentes m\u00fasicos invitados.<\/p>\n<p><strong>VERMUTS MUSICALES PRESENTA: XAVI\u00a0FORNAGUERA<\/strong><br \/>\nConciertos en peque\u00f1o formato durante las ma\u00f1anas de\u00a0Palo\u00a0Market\u00a0Fest. Una apuesta decidida por estos creadores locales que forman parte de las nuevas generaciones de m\u00fasicos de Barcelona. Un peque\u00f1o escenario donde se mezclan los estilos y g\u00e9neros m\u00e1s actuales de la ciudad. Este fin de semana, Xavi\u00a0Fornaguera, acabado de salir del Taller de M\u00fasicos, presenta su proyecto junto con su banda.<\/p>\n<p><strong>GASTRONOM\u00cdA<\/strong><br \/>\nPalo\u00a0Market\u00a0Fest\u00a0propone un recorrido por las cocinas del mundo que supieron crear platos para consumir con las manos a lugares improvisados en la calle. Recetas que se hicieron muy populares en sus pa\u00edses de origen y hoy las disfrutamos todos. Como las\u00a0gyozas\u00a0asi\u00e1ticas cocinadas al vapor, las pizzas italianas al horno de le\u00f1a, el\u00a0choripan\u00a0argentino con su\u00a0chimichurri, las\u00a0arepas\u00a0venezolanas o los\u00a0tacos\u00a0mexicanos.<\/p>\n<p><strong>ARTE:\u00a0<\/strong><strong>CALIOPIAA\u00a0WORKSHOP<\/strong><br \/>\nEste fin de semana haremos un viaje en el tiempo y nos fijaremos en la cer\u00e1mica decorada, presente en\u00a0moltissimes\u00a0culturas a lo largo de la historia.<br \/>\nInvestigaremos las diferentes formas de los jarrones y con qu\u00e9 elementos de ilustraci\u00f3n los podemos decorar dentro de los l\u00edmites de la geometr\u00eda de la pieza.<br \/>\nCrearemos juntos un jarr\u00f3n\u00a02d\u00a0con material reciclado para llevarnos a casa y meter flores o plantas!<\/p>\n<h4 style=\"text-align: center;\">Pellaires, 30-38<br \/>\n12 h \u2013 17 h \/\/ 17.30 h \u2013 22 h<\/h4>\n<hr \/>\n<h3><span style=\"color: #000000;\"><a style=\"color: #000000;\" href=\"https:\/\/vallsfortuny.com\/\"><strong>Rosapalo\u00a0Bcn<\/strong><\/a><\/span><\/h3>\n<p>En el encuentro personal \u201cY\u00a0yo, \u00bfqu\u00e9\u00a0pinto aqu\u00ed?\u201c, de\u00a012h\u00a0a\u00a014h, un grupo de mujeres emprendedoras compartir\u00e1 en una charla experiencial como volver a conectar con tu esencia a trav\u00e9s de la creatividad cotidiana y la presencia en la naturaleza de la vida diaria, rodeada de arte.<\/p>\n<p>Con la participaci\u00f3n de: Miriam Alonso (terapeuta\u00a0transpersonal\u00a0y\u00a0coach)<\/p>\n<p>Mia\u00a0Beneset\u00a0(directora de moda y escritora)<\/p>\n<p>Sidonie\u00a0Geisweiller\u00a0(CEO\u00a0y fundadora de\u00a0Barrefit\u00ae\ufe0f\u00a0Studio)<\/p>\n<p>In\u00e9s Valls Fortuny (artista pl\u00e1stica y fundadora de\u00a0Rosapalo\u00a0BCN).<\/p>\n<p>A las\u00a014h\u00a0tendr\u00e1 lugar un aperitivo. Adem\u00e1s, habr\u00e1 puertas abiertas para conocer el estudio y la obra del artista residente Valls Fortuny.<\/p>\n<h4 style=\"text-align: center;\"><strong>Pellaires, 3<\/strong><br \/>\n<strong>12h \u2013 15h<\/strong><\/h4>\n<hr \/>\n<h3 style=\"text-align: left;\"><a href=\"https:\/\/sou-livre.com\/\"><span style=\"color: #000000;\">Soulivre<\/span><\/a><\/h3>\n<p>Prep\u00e1rate para una experiencia \u00fanica con nuestras presentaciones al estilo\u00a0Burlesque, donde lo\u00a0Bungee\u00a0y la Danza Vertical ser\u00e1n los protagonistas junto a nuestras talentosas alumnas. Ser\u00e1 un d\u00eda lleno de entretenimiento, perfecto para sumergirse en esta maravillosa manera de entrenar mientras se vuela. No te lo pierdas, e\u00a0hiciera tu reserva aqu\u00ed, la entrada incluye una cerveza.<\/p>\n<p>Adem\u00e1s, colaborar\u00e1n con sus vecinos de la cervecer\u00eda\u00a0Ogham, ofreciendo un espect\u00e1culo de Danza Vertical a la fachada de su edificio. \u00danete a ellos y d\u00e9jate llevar por la magia del movimiento!<\/p>\n<p style=\"text-align: center;\"><strong>Burlesque\u00a0by\u00a0SouLivre\u00a0\u2013\u00a019.30h<\/strong><\/p>\n<p style=\"text-align: center;\"><strong>Espect\u00e1culo danza vertical a\u00a0OGHAM\u00a0\u2013 21.30h<\/strong><\/p>\n<h4 style=\"text-align: center;\"><strong>Llull, 68<\/strong><\/h4>\n<hr \/>\n<h3><span style=\"color: #000000;\"><a style=\"color: #000000;\" href=\"https:\/\/www.espacio88.com\/\">Espacio 88 \u2013 Enrica Mosciaro y Castel Estudio<\/a><\/span><\/h3>\n<p>Guadalupe C\u00e1ceres presenta \u00abHow to fix a broken heart\u00bb en Espacio 88,\u00a0una selecci\u00f3n de obras de 2021, 2022 y 2023, fragmentadas y vueltas a unir. \u2013 Solas no cobran sentido pero todas unidas, s\u00ed \u2013 El di\u00e1logo entre las piezas y c\u00f3mo se unen representan a las personas y c\u00f3mo nos completamos e integramos unas con otras.\u00a0Durante el Open Day, la artista estar\u00e1 uniendo y creando la gran obra en vivo.\u00a0La exposici\u00f3n culminar\u00e1 en una experiencia expositiva que intensifica el mensaje de la artista, d\u00f3nde los usuarios podr\u00e1n unir fragmentos de obras y crear una propia.<\/p>\n<h4 style=\"text-align: center;\"><strong>Pamplona 88<\/strong><\/h4>\n<h4 style=\"text-align: center;\"><strong>12h &#8211; 18h\u00a0<\/strong><\/h4>\n<hr \/>\n<p>&nbsp;<\/p>\n<h3><span style=\"color: #000000;\"><a style=\"color: #000000;\" href=\"https:\/\/www.mediodesign.com\/\">Medio Design Studio<\/a><\/span><\/h3>\n<p><span style=\"color: #ff0000;\"><strong>ACTIVIDAD ANULADA.<\/strong><\/span><\/p>","protected":false},"excerpt":{"rendered":"<p>Ya queda poco para el Poblenou\u00a0Open\u00a0Day. El pr\u00f3ximo 4 de mayo, de 12 h a 22 h, algunos de los&#8230; <a href=\"https:\/\/poblenouurbandistrict.com\/es\/els-tallers-xerrades-i-activitats-de-lleure-del-poblenou-open-day\/\">M\u00e1s  \u2192<\/a><\/p>\n","protected":false},"author":5,"featured_media":39490,"comment_status":"closed","ping_status":"closed","sticky":false,"template":"","format":"standard","meta":{"_acf_changed":false,"footnotes":""},"categories":[3567],"tags":[],"class_list":["post-45561","post","type-post","status-publish","format-standard","has-post-thumbnail","hentry","category-poblenou-open-day-2"],"acf":[],"yoast_head":"<!-- This site is optimized with the Yoast SEO plugin v27.5 - https:\/\/yoast.com\/product\/yoast-seo-wordpress\/ -->\n<title>Los talleres, charlas y actividades de ocio de el Poblenou Open Day &#8211; Poblenou Urban District<\/title>\n<meta name=\"robots\" content=\"index, follow, max-snippet:-1, max-image-preview:large, max-video-preview:-1\" \/>\n<link rel=\"canonical\" href=\"https:\/\/poblenouurbandistrict.com\/es\/els-tallers-xerrades-i-activitats-de-lleure-del-poblenou-open-day\/\" \/>\n<meta property=\"og:locale\" content=\"es_ES\" \/>\n<meta property=\"og:type\" content=\"article\" \/>\n<meta property=\"og:title\" content=\"Los talleres, charlas y actividades de ocio de el Poblenou Open Day &#8211; Poblenou Urban District\" \/>\n<meta property=\"og:description\" content=\"Ya queda poco para el Poblenou\u00a0Open\u00a0Day. El pr\u00f3ximo 4 de mayo, de 12 h a 22 h, algunos de los... M\u00e1s \u2192\" \/>\n<meta property=\"og:url\" content=\"https:\/\/poblenouurbandistrict.com\/es\/els-tallers-xerrades-i-activitats-de-lleure-del-poblenou-open-day\/\" \/>\n<meta property=\"og:site_name\" content=\"Poblenou Urban District\" \/>\n<meta property=\"article:published_time\" content=\"2024-04-25T16:31:59+00:00\" \/>\n<meta property=\"article:modified_time\" content=\"2024-05-02T13:32:03+00:00\" \/>\n<meta property=\"og:image\" content=\"https:\/\/poblenouurbandistrict.com\/wp-content\/uploads\/2023\/06\/ambient-mayo23-3-e1685623495686-640x432.jpg\" \/>\n\t<meta property=\"og:image:width\" content=\"640\" \/>\n\t<meta property=\"og:image:height\" content=\"432\" \/>\n\t<meta property=\"og:image:type\" content=\"image\/jpeg\" \/>\n<meta name=\"author\" content=\"pnud\" \/>\n<meta name=\"twitter:card\" content=\"summary_large_image\" \/>\n<meta name=\"twitter:label1\" content=\"Escrito por\" \/>\n\t<meta name=\"twitter:data1\" content=\"pnud\" \/>\n\t<meta name=\"twitter:label2\" content=\"Tiempo de lectura\" \/>\n\t<meta name=\"twitter:data2\" content=\"1 minuto\" \/>\n<script type=\"application\/ld+json\" class=\"yoast-schema-graph\">{\"@context\":\"https:\\\/\\\/schema.org\",\"@graph\":[{\"@type\":\"Article\",\"@id\":\"https:\\\/\\\/poblenouurbandistrict.com\\\/els-tallers-xerrades-i-activitats-de-lleure-del-poblenou-open-day\\\/#article\",\"isPartOf\":{\"@id\":\"https:\\\/\\\/poblenouurbandistrict.com\\\/els-tallers-xerrades-i-activitats-de-lleure-del-poblenou-open-day\\\/\"},\"author\":{\"name\":\"pnud\",\"@id\":\"https:\\\/\\\/poblenouurbandistrict.com\\\/#\\\/schema\\\/person\\\/980a2cf34b399d5218205730acd54a7e\"},\"headline\":\"Los talleres, charlas y actividades de ocio de el Poblenou Open Day\",\"datePublished\":\"2024-04-25T16:31:59+00:00\",\"dateModified\":\"2024-05-02T13:32:03+00:00\",\"mainEntityOfPage\":{\"@id\":\"https:\\\/\\\/poblenouurbandistrict.com\\\/els-tallers-xerrades-i-activitats-de-lleure-del-poblenou-open-day\\\/\"},\"wordCount\":3652,\"image\":{\"@id\":\"https:\\\/\\\/poblenouurbandistrict.com\\\/els-tallers-xerrades-i-activitats-de-lleure-del-poblenou-open-day\\\/#primaryimage\"},\"thumbnailUrl\":\"https:\\\/\\\/media.poblenouurbandistrict.com\\\/2023\\\/06\\\/25062951\\\/ambient-mayo23-3-e1685623495686.jpg\",\"articleSection\":[\"Poblenou Open Day\"],\"inLanguage\":\"es\"},{\"@type\":\"WebPage\",\"@id\":\"https:\\\/\\\/poblenouurbandistrict.com\\\/es\\\/els-tallers-xerrades-i-activitats-de-lleure-del-poblenou-open-day\\\/\",\"url\":\"https:\\\/\\\/poblenouurbandistrict.com\\\/es\\\/els-tallers-xerrades-i-activitats-de-lleure-del-poblenou-open-day\\\/\",\"name\":\"Los talleres, charlas y actividades de ocio de el Poblenou Open Day &#8211; Poblenou Urban District\",\"isPartOf\":{\"@id\":\"https:\\\/\\\/poblenouurbandistrict.com\\\/es\\\/#website\"},\"primaryImageOfPage\":{\"@id\":\"https:\\\/\\\/poblenouurbandistrict.com\\\/es\\\/els-tallers-xerrades-i-activitats-de-lleure-del-poblenou-open-day\\\/#primaryimage\"},\"image\":{\"@id\":\"https:\\\/\\\/poblenouurbandistrict.com\\\/els-tallers-xerrades-i-activitats-de-lleure-del-poblenou-open-day\\\/#primaryimage\"},\"thumbnailUrl\":\"https:\\\/\\\/media.poblenouurbandistrict.com\\\/2023\\\/06\\\/25062951\\\/ambient-mayo23-3-e1685623495686.jpg\",\"datePublished\":\"2024-04-25T16:31:59+00:00\",\"dateModified\":\"2024-05-02T13:32:03+00:00\",\"author\":{\"@id\":\"https:\\\/\\\/poblenouurbandistrict.com\\\/#\\\/schema\\\/person\\\/980a2cf34b399d5218205730acd54a7e\"},\"breadcrumb\":{\"@id\":\"https:\\\/\\\/poblenouurbandistrict.com\\\/es\\\/els-tallers-xerrades-i-activitats-de-lleure-del-poblenou-open-day\\\/#breadcrumb\"},\"inLanguage\":\"es\",\"potentialAction\":[{\"@type\":\"ReadAction\",\"target\":[[\"https:\\\/\\\/poblenouurbandistrict.com\\\/es\\\/els-tallers-xerrades-i-activitats-de-lleure-del-poblenou-open-day\\\/\"]]}]},{\"@type\":\"ImageObject\",\"inLanguage\":\"es\",\"@id\":\"https:\\\/\\\/poblenouurbandistrict.com\\\/es\\\/els-tallers-xerrades-i-activitats-de-lleure-del-poblenou-open-day\\\/#primaryimage\",\"url\":\"https:\\\/\\\/media.poblenouurbandistrict.com\\\/2023\\\/06\\\/25062951\\\/ambient-mayo23-3-e1685623495686.jpg\",\"contentUrl\":\"https:\\\/\\\/media.poblenouurbandistrict.com\\\/2023\\\/06\\\/25062951\\\/ambient-mayo23-3-e1685623495686.jpg\",\"width\":1200,\"height\":810},{\"@type\":\"BreadcrumbList\",\"@id\":\"https:\\\/\\\/poblenouurbandistrict.com\\\/es\\\/els-tallers-xerrades-i-activitats-de-lleure-del-poblenou-open-day\\\/#breadcrumb\",\"itemListElement\":[{\"@type\":\"ListItem\",\"position\":1,\"name\":\"Home\",\"item\":\"https:\\\/\\\/poblenouurbandistrict.com\\\/es\\\/\"},{\"@type\":\"ListItem\",\"position\":2,\"name\":\"Els tallers, xerrades i activitats de lleure del Poblenou Open Day\"}]},{\"@type\":\"WebSite\",\"@id\":\"https:\\\/\\\/poblenouurbandistrict.com\\\/es\\\/#website\",\"url\":\"https:\\\/\\\/poblenouurbandistrict.com\\\/es\\\/\",\"name\":\"Poblenou Urban District\",\"description\":\"Comunidad Creativa\",\"potentialAction\":[{\"@type\":\"SearchAction\",\"target\":{\"@type\":\"EntryPoint\",\"urlTemplate\":\"https:\\\/\\\/poblenouurbandistrict.com\\\/es\\\/?s={search_term_string}\"},\"query-input\":{\"@type\":\"PropertyValueSpecification\",\"valueRequired\":true,\"valueName\":\"search_term_string\"}}],\"inLanguage\":\"es\"},{\"@type\":\"Person\",\"@id\":\"https:\\\/\\\/poblenouurbandistrict.com\\\/#\\\/schema\\\/person\\\/980a2cf34b399d5218205730acd54a7e\",\"name\":\"pnud\",\"image\":{\"@type\":\"ImageObject\",\"inLanguage\":\"es\",\"@id\":\"https:\\\/\\\/secure.gravatar.com\\\/avatar\\\/67146597b405ee077a24e519f75c3e2031736596d6ce35af3a34c122c93d0d7b?s=96&d=retro&r=g\",\"url\":\"https:\\\/\\\/secure.gravatar.com\\\/avatar\\\/67146597b405ee077a24e519f75c3e2031736596d6ce35af3a34c122c93d0d7b?s=96&d=retro&r=g\",\"contentUrl\":\"https:\\\/\\\/secure.gravatar.com\\\/avatar\\\/67146597b405ee077a24e519f75c3e2031736596d6ce35af3a34c122c93d0d7b?s=96&d=retro&r=g\",\"caption\":\"pnud\"}}]}<\/script>\n<!-- \/ Yoast SEO plugin. -->","yoast_head_json":{"title":"Los talleres, charlas y actividades de ocio de el Poblenou Open Day &#8211; Poblenou Urban District","robots":{"index":"index","follow":"follow","max-snippet":"max-snippet:-1","max-image-preview":"max-image-preview:large","max-video-preview":"max-video-preview:-1"},"canonical":"https:\/\/poblenouurbandistrict.com\/es\/els-tallers-xerrades-i-activitats-de-lleure-del-poblenou-open-day\/","og_locale":"es_ES","og_type":"article","og_title":"Los talleres, charlas y actividades de ocio de el Poblenou Open Day &#8211; Poblenou Urban District","og_description":"Ya queda poco para el Poblenou\u00a0Open\u00a0Day. El pr\u00f3ximo 4 de mayo, de 12 h a 22 h, algunos de los... M\u00e1s \u2192","og_url":"https:\/\/poblenouurbandistrict.com\/es\/els-tallers-xerrades-i-activitats-de-lleure-del-poblenou-open-day\/","og_site_name":"Poblenou Urban District","article_published_time":"2024-04-25T16:31:59+00:00","article_modified_time":"2024-05-02T13:32:03+00:00","og_image":[{"width":640,"height":432,"url":"https:\/\/poblenouurbandistrict.com\/wp-content\/uploads\/2023\/06\/ambient-mayo23-3-e1685623495686-640x432.jpg","type":"image\/jpeg"}],"author":"pnud","twitter_card":"summary_large_image","twitter_misc":{"Escrito por":"pnud","Tiempo de lectura":"1 minuto"},"schema":{"@context":"https:\/\/schema.org","@graph":[{"@type":"Article","@id":"https:\/\/poblenouurbandistrict.com\/els-tallers-xerrades-i-activitats-de-lleure-del-poblenou-open-day\/#article","isPartOf":{"@id":"https:\/\/poblenouurbandistrict.com\/els-tallers-xerrades-i-activitats-de-lleure-del-poblenou-open-day\/"},"author":{"name":"pnud","@id":"https:\/\/poblenouurbandistrict.com\/#\/schema\/person\/980a2cf34b399d5218205730acd54a7e"},"headline":"Los talleres, charlas y actividades de ocio de el Poblenou Open Day","datePublished":"2024-04-25T16:31:59+00:00","dateModified":"2024-05-02T13:32:03+00:00","mainEntityOfPage":{"@id":"https:\/\/poblenouurbandistrict.com\/els-tallers-xerrades-i-activitats-de-lleure-del-poblenou-open-day\/"},"wordCount":3652,"image":{"@id":"https:\/\/poblenouurbandistrict.com\/els-tallers-xerrades-i-activitats-de-lleure-del-poblenou-open-day\/#primaryimage"},"thumbnailUrl":"https:\/\/media.poblenouurbandistrict.com\/2023\/06\/25062951\/ambient-mayo23-3-e1685623495686.jpg","articleSection":["Poblenou Open Day"],"inLanguage":"es"},{"@type":"WebPage","@id":"https:\/\/poblenouurbandistrict.com\/es\/els-tallers-xerrades-i-activitats-de-lleure-del-poblenou-open-day\/","url":"https:\/\/poblenouurbandistrict.com\/es\/els-tallers-xerrades-i-activitats-de-lleure-del-poblenou-open-day\/","name":"Los talleres, charlas y actividades de ocio de el Poblenou Open Day &#8211; Poblenou Urban District","isPartOf":{"@id":"https:\/\/poblenouurbandistrict.com\/es\/#website"},"primaryImageOfPage":{"@id":"https:\/\/poblenouurbandistrict.com\/es\/els-tallers-xerrades-i-activitats-de-lleure-del-poblenou-open-day\/#primaryimage"},"image":{"@id":"https:\/\/poblenouurbandistrict.com\/els-tallers-xerrades-i-activitats-de-lleure-del-poblenou-open-day\/#primaryimage"},"thumbnailUrl":"https:\/\/media.poblenouurbandistrict.com\/2023\/06\/25062951\/ambient-mayo23-3-e1685623495686.jpg","datePublished":"2024-04-25T16:31:59+00:00","dateModified":"2024-05-02T13:32:03+00:00","author":{"@id":"https:\/\/poblenouurbandistrict.com\/#\/schema\/person\/980a2cf34b399d5218205730acd54a7e"},"breadcrumb":{"@id":"https:\/\/poblenouurbandistrict.com\/es\/els-tallers-xerrades-i-activitats-de-lleure-del-poblenou-open-day\/#breadcrumb"},"inLanguage":"es","potentialAction":[{"@type":"ReadAction","target":[["https:\/\/poblenouurbandistrict.com\/es\/els-tallers-xerrades-i-activitats-de-lleure-del-poblenou-open-day\/"]]}]},{"@type":"ImageObject","inLanguage":"es","@id":"https:\/\/poblenouurbandistrict.com\/es\/els-tallers-xerrades-i-activitats-de-lleure-del-poblenou-open-day\/#primaryimage","url":"https:\/\/media.poblenouurbandistrict.com\/2023\/06\/25062951\/ambient-mayo23-3-e1685623495686.jpg","contentUrl":"https:\/\/media.poblenouurbandistrict.com\/2023\/06\/25062951\/ambient-mayo23-3-e1685623495686.jpg","width":1200,"height":810},{"@type":"BreadcrumbList","@id":"https:\/\/poblenouurbandistrict.com\/es\/els-tallers-xerrades-i-activitats-de-lleure-del-poblenou-open-day\/#breadcrumb","itemListElement":[{"@type":"ListItem","position":1,"name":"Home","item":"https:\/\/poblenouurbandistrict.com\/es\/"},{"@type":"ListItem","position":2,"name":"Els tallers, xerrades i activitats de lleure del Poblenou Open Day"}]},{"@type":"WebSite","@id":"https:\/\/poblenouurbandistrict.com\/es\/#website","url":"https:\/\/poblenouurbandistrict.com\/es\/","name":"Poblenou Urban District","description":"Comunidad Creativa","potentialAction":[{"@type":"SearchAction","target":{"@type":"EntryPoint","urlTemplate":"https:\/\/poblenouurbandistrict.com\/es\/?s={search_term_string}"},"query-input":{"@type":"PropertyValueSpecification","valueRequired":true,"valueName":"search_term_string"}}],"inLanguage":"es"},{"@type":"Person","@id":"https:\/\/poblenouurbandistrict.com\/#\/schema\/person\/980a2cf34b399d5218205730acd54a7e","name":"pnud","image":{"@type":"ImageObject","inLanguage":"es","@id":"https:\/\/secure.gravatar.com\/avatar\/67146597b405ee077a24e519f75c3e2031736596d6ce35af3a34c122c93d0d7b?s=96&d=retro&r=g","url":"https:\/\/secure.gravatar.com\/avatar\/67146597b405ee077a24e519f75c3e2031736596d6ce35af3a34c122c93d0d7b?s=96&d=retro&r=g","contentUrl":"https:\/\/secure.gravatar.com\/avatar\/67146597b405ee077a24e519f75c3e2031736596d6ce35af3a34c122c93d0d7b?s=96&d=retro&r=g","caption":"pnud"}}]}},"_links":{"self":[{"href":"https:\/\/poblenouurbandistrict.com\/es\/wp-json\/wp\/v2\/posts\/45561","targetHints":{"allow":["GET"]}}],"collection":[{"href":"https:\/\/poblenouurbandistrict.com\/es\/wp-json\/wp\/v2\/posts"}],"about":[{"href":"https:\/\/poblenouurbandistrict.com\/es\/wp-json\/wp\/v2\/types\/post"}],"author":[{"embeddable":true,"href":"https:\/\/poblenouurbandistrict.com\/es\/wp-json\/wp\/v2\/users\/5"}],"replies":[{"embeddable":true,"href":"https:\/\/poblenouurbandistrict.com\/es\/wp-json\/wp\/v2\/comments?post=45561"}],"version-history":[{"count":35,"href":"https:\/\/poblenouurbandistrict.com\/es\/wp-json\/wp\/v2\/posts\/45561\/revisions"}],"predecessor-version":[{"id":45768,"href":"https:\/\/poblenouurbandistrict.com\/es\/wp-json\/wp\/v2\/posts\/45561\/revisions\/45768"}],"wp:featuredmedia":[{"embeddable":true,"href":"https:\/\/poblenouurbandistrict.com\/es\/wp-json\/wp\/v2\/media\/39490"}],"wp:attachment":[{"href":"https:\/\/poblenouurbandistrict.com\/es\/wp-json\/wp\/v2\/media?parent=45561"}],"wp:term":[{"taxonomy":"category","embeddable":true,"href":"https:\/\/poblenouurbandistrict.com\/es\/wp-json\/wp\/v2\/categories?post=45561"},{"taxonomy":"post_tag","embeddable":true,"href":"https:\/\/poblenouurbandistrict.com\/es\/wp-json\/wp\/v2\/tags?post=45561"}],"curies":[{"name":"wp","href":"https:\/\/api.w.org\/{rel}","templated":true}]}}