{"id":45565,"date":"2024-04-25T16:46:18","date_gmt":"2024-04-25T14:46:18","guid":{"rendered":"https:\/\/poblenouurbandistrict.com\/?p=45565"},"modified":"2024-05-06T15:54:03","modified_gmt":"2024-05-06T13:54:03","slug":"tota-la-proposta-gastronomica-del-poblenou-open-day-2","status":"publish","type":"post","link":"https:\/\/poblenouurbandistrict.com\/es\/tota-la-proposta-gastronomica-del-poblenou-open-day-2\/","title":{"rendered":"Toda la propuesta gastron\u00f3mica del Poblenou Open Day"},"content":{"rendered":"<p>El Poblenou\u00a0Open\u00a0Day\u00a0vuelve este 4 de mayo, y, para la ocasi\u00f3n, los restaurantes y bares asociados a Poblenou\u00a0Urban\u00a0District\u00a0abrir\u00e1n las puertas para ofrecer su gastronom\u00eda y cocteler\u00eda. Prep\u00e1rate porque hay opciones para todos los gustos! Adem\u00e1s, en estos espacios tambi\u00e9n encontrar\u00e9is propuestas culturales, arte y dise\u00f1o. Te lo explicamos todo a continuaci\u00f3n.<\/p>\n<h3><span style=\"color: #000000;\"><a style=\"color: #000000;\" href=\"https:\/\/www.instagram.com\/amateur.bar\/\">Amateur<\/a><\/span><\/h3>\n<p>Disfruta del mejor caf\u00e9 de especialidad, y\u00a0tentempi\u00e9sdolces\u00a0y salados. A partir de las\u00a018h, abrir\u00e1n su restaurante con una propuesta de platos para compartir, vinos naturales y un set de vinilos.<\/p>\n<h4 style=\"text-align: center;\"><strong>Llull, 101<\/strong><\/h4>\n<h4 style=\"text-align: center;\"><strong>9h \u2013 3h<\/strong><\/h4>\n<hr \/>\n<h3><span style=\"color: #000000;\"><a style=\"color: #000000;\" href=\"https:\/\/www.instagram.com\/botanicus.barcelona\/\">Botanicus<\/a><\/span><\/h3>\n<p>Inspirados en la cocteler\u00eda de autor y la bot\u00e1nica con una atm\u00f3sfera de intimidad y amistad, Botanicus presenta <span style=\"font-weight: 400;\">Tropical Spritz,<\/span>\u00a0un\u00a0<span style=\"font-weight: 400;\">c\u00f3ctel especial para el Open Day Poblenou Urban District. Ser\u00e1 elaborado con ron oscuro, lima fresca, purea de guayaba fresco, agave y top de cava. \u00a1No te lo pierdas!<\/span><\/p>\n<h4 style=\"text-align: center;\"><strong>Pujades, 177<\/strong><\/h4>\n<h4 style=\"text-align: center;\"><strong>16h \u2013 3h<\/strong><\/h4>\n<hr \/>\n<h3><span style=\"color: #000000;\"><a style=\"color: #000000;\" href=\"https:\/\/campingcamping.onuniverse.com\/\">Camping<\/a><\/span><\/h3>\n<p>Camping\u00a0nos invita a la inauguraci\u00f3n de la nueva temporada de verano. La ocasi\u00f3n perfecta para disfrutar del \u00e1rea de picnic al sol y un pop-up\u00a0de comer variado.<\/p>\n<h4 style=\"text-align: center;\"><strong>Carmen Amaya, 18<\/strong><\/h4>\n<h4 style=\"text-align: center;\"><strong>12h \u2013 22h<\/strong><\/h4>\n<hr \/>\n<h3><span style=\"color: #000000;\"><a style=\"color: #000000;\" href=\"https:\/\/catacroquet.es\/\">Catacroquet<\/a><\/span><\/h3>\n<p>Experimenta sabores y combinaciones nuevas con las mejores croquetas del barrio.\u00a0Tambi\u00e9n podr\u00e1s disfrutar otras opciones como bravas, tapas,\u00a0cocktails, vinos\u2026<\/p>\n<h4 style=\"text-align: center;\">Almog\u00e0vers 211<\/h4>\n<h4 style=\"text-align: center;\"><strong>12h &#8211; 00h<\/strong><\/h4>\n<hr \/>\n<h3><span style=\"color: #000000;\"><a style=\"color: #000000;\" href=\"https:\/\/www.corpenbarcelona.com\/es\">Corpen Gin<\/a><\/span><\/h3>\n<p>Ven a Corpen Destiler\u00eda para los mejores gintonics de la ciudad, comida de METL Cocina Mexicana y m\u00fasica de DJ JBdeQ! Podr\u00e1s disfrutar de una cata de sus mejores ginebras, visitas guiadas de la primera destiler\u00eda de Barcelona donde se produce Corpen Gin, y una variedad de c\u00f3cteles especiales de temporada (con y sin alcohol).<\/p>\n<h4 style=\"text-align: center;\"><strong>Pujades 74. local 6<\/strong><\/h4>\n<h4 style=\"text-align: center;\"><strong>12h &#8211; 22h<\/strong><\/h4>\n<hr \/>\n<h3><span style=\"color: #000000;\"><a style=\"color: #000000;\" href=\"https:\/\/www.instagram.com\/henrys.cocktailbar\/\">Henry\u2019s Bar<\/a><\/span><\/h3>\n<p>El retro\u00a0dive\u00a0bar y\u00a0cockteleria\u00a0nos presentar\u00e1 su nueva carta de\u00a0cocktels\u00a0y s\u00e1ndwiches.<\/p>\n<h4 style=\"text-align: center;\"><strong>Llacuna 92<\/strong><\/h4>\n<hr \/>\n<h3><span style=\"color: #000000;\"><a style=\"color: #000000;\" href=\"https:\/\/www.instagram.com\/hoppinessbcn\/?hl=es\">Hoppiness<\/a><\/span><\/h3>\n<p>Exposici\u00f3n de ilustraciones de\u00a0Fulanitoivan.\u00a0Fulanitoivan\u00a0dibuja momentos plasm\u00e1ndolos en sus libretas tal como los siente. A trav\u00e9s de sus ilustraciones podemos encontrar lugares y momentos con los cuales puedes empatizar, plenos de vida. En las p\u00e1ginas de su libreta est\u00e1n repletas de\u00a0intant\u00e0neas\u00a0de su d\u00eda a d\u00eda. En esta ocasi\u00f3n podremos descubrir unas selecci\u00f3n de momentos especiales unidos por una cosa en com\u00fan, la cerveza artesanal.<\/p>\n<h4 style=\"text-align: center;\"><strong>Ram\u00f3n\u00a0Turr\u00f3\u00a0180<\/strong><\/h4>\n<h4 style=\"text-align: center;\"><strong>13h\u00a0&#8211;\u00a022h<\/strong><\/h4>\n<hr \/>\n<h3><span style=\"color: #000000;\"><a style=\"color: #000000;\" href=\"https:\/\/kibuka.com\/llull\/\">Kibuka<\/a><\/span><\/h3>\n<p>Sushi\u00a0Bar &amp;\u00a0Izakaya, la tasca japonesa\u00a0KIBUKA\u00a0ofrece\u00a0makis\u00a0y una selecta variedad de platos calientes.\u00a0Ramen,\u00a0Okonomiyaki,\u00a0Robata,\u00a0Yakimeshis\u00a0servidos a la piedra; con servicio de\u00a0take\u00a0away\u00a0y\u00a0delivery\u00a0todo el d\u00eda.<\/p>\n<h4 style=\"text-align: center;\"><strong>Llull 155<\/strong><\/h4>\n<h4 style=\"text-align: center;\"><strong>13h &#8211; 23.30h<\/strong><\/h4>\n<hr \/>\n<h3><span style=\"color: #000000;\"><a style=\"color: #000000;\" href=\"https:\/\/www.instagram.com\/laotra_poblenou\/\">La Otra Barestaurant<\/a><\/span><\/h3>\n<p>La Otra propone un \u00abPintxo Pote: Aupa Bilbao!\u00bb, disfruta de una ca\u00f1a junto a un pintxo a esoger entre ensaladilla rusa o feta, olivada y tomate seco.<\/p>\n<h4 style=\"text-align: center;\"><strong>Fluvi\u00e0, 26<\/strong><\/h4>\n<h4 style=\"text-align: center;\"><strong>12h &#8211; 22h<\/strong><\/h4>\n<hr \/>\n<h3><span style=\"color: #000000;\"><a style=\"color: #000000;\" href=\"https:\/\/www.instagram.com\/lataqueriabcn\/\">La Taqueria de Poblenou<\/a><\/span><\/h3>\n<div dir=\"auto\">La Taquer\u00eda presentar\u00e1 su segunda cerveza \u00abChavelita\u00bb, la cerveza que naci\u00f3 para ser Michelada! Podr\u00e9is saborear el suyo mancho especial Open Day, de carnitas de pato.<\/div>\n<div dir=\"auto\"><\/div>\n<h4 style=\"text-align: center;\"><strong>Fluvi\u00e0, 26<\/strong><\/h4>\n<h4 style=\"text-align: center;\"><strong>13h &#8211; 23.30h<\/strong><\/h4>\n<hr \/>\n<h3><span style=\"color: #000000;\"><a style=\"color: #000000;\" href=\"https:\/\/latavernicola.com\/\"><strong>La\u00a0Tavernicola<\/strong><\/a><\/span><\/h3>\n<p>El restaurante por los amantes de la buena carne de producci\u00f3n\u00a0ecol\u00f3gica, un lugar para disfrutar de\u00a0exquisites\u00a0carnes argentinas y nacionales, con una\u00a0amplica\u00a0selecci\u00f3n de vinos. Para celebrar el\u00a0Open\u00a0Day, disfruta de una copa de vino\u00a0Malbec\u00a0Alma\u00a0Loca\u00a0+ mini\u00a0choripan\u00a0por 8\u20ac, tanto a La\u00a0Tavernicola\u00a0como\u00a0Tavermarket\u00a0(Subidas, 135).<\/p>\n<h4 style=\"text-align: center;\"><strong>Roc Boronat 70<\/strong><\/h4>\n<h4 style=\"text-align: center;\"><strong>12h &#8211; 00h<\/strong><\/h4>\n<hr \/>\n<h3><span style=\"color: #000000;\"><a style=\"color: #000000;\" href=\"http:\/\/www.mamaheladera.es\">Mam\u00e1 Heladera<\/a><\/span><\/h3>\n<p>Disfruta de una cata de helados de recuerdos especial\u00a0Open\u00a0Day. Una introducci\u00f3n a la\u00a0neurogastronomia\u00a0aplicada, con una cata de aromas que despertar\u00e1n recuerdos en los participantes y que compartiremos a trav\u00e9s de los helados.<\/p>\n<h4 style=\"text-align: center;\"><strong>Rambla de Poblenou, 44<\/strong><\/h4>\n<h4 style=\"text-align: center;\"><strong>10h<\/strong><\/h4>\n<hr \/>\n<h3><span style=\"color: #000000;\"><a style=\"color: #000000;\" href=\"http:\/\/www.cervezaogham.com\/\">OGHAM\u00a0Cerveza\u00a0Artesana<\/a><\/span><\/h3>\n<p>Cervecer\u00eda\u00a0Ogham\u00a0abre las puertas a \u201cHONDO\u201d, un ciclo de micro conciertos grabados en directo dentro de la f\u00e1brica, donde el p\u00fablico ser\u00e1 part\u00edcipe trasero de escena disfrutando una cerveza junto con amigos.\u00a0Este acontecimiento re\u00fane artistas pl\u00e1sticos exponiendo su obra sobre un fondo de\u00a0ciclorama\u00a0que despu\u00e9s act\u00faa como escenograf\u00eda durante el show de los m\u00fasicos.\u00a0\u201cHONDO\u201d brinda un espacio a los artistas para que puedan mostrarse ante una nueva audiencia, y que haya un registro en audio y video de calidad porque ellos puedan difundir su obra.<\/p>\n<h4 style=\"text-align: center;\"><strong>Llull 62<\/strong><\/h4>\n<h4 style=\"text-align: center;\"><strong>16h &#8211; 22h<\/strong><\/h4>\n<hr \/>\n<h3><span style=\"color: #000000;\"><a style=\"color: #000000;\" href=\"https:\/\/sopa.vg\/\">SOPA<\/a><\/span><\/h3>\n<p>Sopa es un restaurante vegetariano con opciones veganas y 100% saludables. Podr\u00e1s probar su hummus, quiche de verduras\u2026\u00a0no te pierdas el mejor\u00a0brunch\u00a0vegetariano!<\/p>\n<h4 style=\"text-align: center;\"><strong>Roc Boronat 114<\/strong><\/h4>\n<h4 style=\"text-align: center;\"><strong>10h &#8211; 17h<\/strong><\/h4>\n<hr \/>\n<h3><span style=\"color: #000000;\"><a style=\"color: #000000;\" href=\"https:\/\/www.instagram.com\/sin.amor.no\/\">Sin\u00a0Amor No<\/a><\/span><\/h3>\n<p>El nuevo bar matinal del barrio se viste por la tarde y te invita a celebrar 4 meses de convivencia con un DJ siete en directo de canciones sorprendentes y una cata de su selecci\u00f3n de vinos naturales y productos caseros.<\/p>\n<h4 style=\"text-align: center;\"><strong>Pujades, 127<\/strong><\/h4>\n<h4 style=\"text-align: center;\"><strong>15h &#8211; 20h<\/strong><\/h4>\n<hr \/>\n<h3><span style=\"color: #000000;\"><a style=\"color: #000000;\" href=\"https:\/\/www.instagram.com\/trashtalkbcn\/\">Trash\u00a0Talk<\/a><\/span><\/h3>\n<p>Trash\u00a0Talk\u00a0cuenta con una amplia variedad de s\u00e1ndwiches y entrantes con sabores del mundo. A las 18 h, el artista\u00a0Okaps\u00a0Collins\u00a0har\u00e1 un\u00a0live\u00a0painting. A partir de las\u00a019h,\u00a0Dj\u00a0Hector\u00a0Hope\u00a0pinchar\u00e1 m\u00fasica hip hop.<\/p>\n<h4 style=\"text-align: center;\"><strong>Pere IV, 244<\/strong><\/h4>\n<h4 style=\"text-align: center;\"><strong>17.30h &#8211; 2.30h<\/strong><\/h4>\n<hr \/>\n<h3><span style=\"color: #000000;\"><a style=\"color: #000000;\" href=\"https:\/\/www.instagram.com\/trashtalkbcn\/\">Trikini<\/a><\/span><\/h3>\n<p>Cocina abierta ininterrumpida con los mejores bikinis y c\u00f3cteles de la ciudad. A las 19h podr\u00e1s disfrutar de m\u00fasica en vivo con la banda \u00abENTONADOS\u00bb con hits espa\u00f1oles e internacionales.\u00a0A partir de las 22h empezar\u00e1 la sesi\u00f3n de DJ en colaboraci\u00f3n con \u00abRe Clubbing showcase\u00bb. Un colectivo de portugueses afincados en Poblenou que traeran la mejor vibe al barrio para un final de fiesta como se merece.<\/p>\n<h4 style=\"text-align: center;\"><strong>Pujades, 226<\/strong><\/h4>\n<h4 style=\"text-align: center;\"><strong>18h &#8211; 3h<\/strong><\/h4>\n<hr \/>\n<h3><span style=\"color: #000000;\"><a style=\"color: #000000;\" href=\"https:\/\/www.instagram.com\/vanvanvar\/\">Van Van Var<\/a><\/span><\/h3>\n<p>Disfruta como cada fin de semana de un pop upgastron\u00f3mico al Van Van Var, una opci\u00f3n de comida y propuesta muy diferente durante la Open Day.<\/p>\n<h4 style=\"text-align: center;\"><strong>Joan d&#8217;\u00c0ustria, 86<\/strong><\/h4>\n<h4 style=\"text-align: center;\"><strong>12h &#8211; 00h<\/strong><\/h4>\n<hr \/>\n<h3><span style=\"color: #000000;\"><a style=\"color: #000000;\" href=\"https:\/\/www.warikeproject.com\/\">Warike\u00a0Project<\/a><\/span><\/h3>\n<p>El restaurante peruano ofrecer\u00e1 un\u00a0brunch\u00a0desde\u00a0las\u00a012h, con su especial caja china y muchos m\u00e1s platos a degustar. Durante el\u00a0brunch\u00a0se podr\u00e1 disfrutar de m\u00fasica en directo con una sesi\u00f3n de DJ vive.<\/p>\n<h4 style=\"text-align: center;\"><strong>Bilbao, 24<\/strong><\/h4>\n<h4 style=\"text-align: center;\"><strong>12h \u2013 22.30h<\/strong><\/h4>\n<hr \/>\n<h3><span style=\"color: #000000;\"><a style=\"color: #000000;\" href=\"https:\/\/garagebeer.co\/\">Garage Beer Co.<\/a><\/span><\/h3>\n<p>La cervecer\u00eda artesana contar\u00e1 con su variada oferta de cervezas. Durante el\u00a0Open\u00a0Day\u00a0se podr\u00e1 ver la exposici\u00f3n de\u00a0Edu\u00a0Barcel\u00f3 y todo esto acompa\u00f1ado de m\u00fasica con diferentes DJ sets.<\/p>\n<h4 style=\"text-align: center;\"><strong>Passeig de Calvell, 45<\/strong><\/h4>\n<h4 style=\"text-align: center;\"><strong>13h &#8211; 1h<\/strong><\/h4>\n<p><\/p>","protected":false},"excerpt":{"rendered":"<p>El Poblenou\u00a0Open\u00a0Day\u00a0vuelve este 4 de mayo, y, para la ocasi\u00f3n, los restaurantes y bares asociados a Poblenou\u00a0Urban\u00a0District\u00a0abrir\u00e1n las puertas para&#8230; <a href=\"https:\/\/poblenouurbandistrict.com\/es\/tota-la-proposta-gastronomica-del-poblenou-open-day-2\/\">M\u00e1s  \u2192<\/a><\/p>\n","protected":false},"author":5,"featured_media":45485,"comment_status":"closed","ping_status":"closed","sticky":false,"template":"","format":"standard","meta":{"_acf_changed":false,"footnotes":""},"categories":[3567],"tags":[],"class_list":["post-45565","post","type-post","status-publish","format-standard","has-post-thumbnail","hentry","category-poblenou-open-day-2"],"acf":[],"yoast_head":"<!-- This site is optimized with the Yoast SEO plugin v27.5 - https:\/\/yoast.com\/product\/yoast-seo-wordpress\/ -->\n<title>Toda la propuesta gastron\u00f3mica del Poblenou Open Day &#8211; Poblenou Urban District<\/title>\n<meta name=\"robots\" content=\"index, follow, max-snippet:-1, max-image-preview:large, max-video-preview:-1\" \/>\n<link rel=\"canonical\" href=\"https:\/\/poblenouurbandistrict.com\/es\/tota-la-proposta-gastronomica-del-poblenou-open-day-2\/\" \/>\n<meta property=\"og:locale\" content=\"es_ES\" \/>\n<meta property=\"og:type\" content=\"article\" \/>\n<meta property=\"og:title\" content=\"Toda la propuesta gastron\u00f3mica del Poblenou Open Day &#8211; Poblenou Urban District\" \/>\n<meta property=\"og:description\" content=\"El Poblenou\u00a0Open\u00a0Day\u00a0vuelve este 4 de mayo, y, para la ocasi\u00f3n, los restaurantes y bares asociados a Poblenou\u00a0Urban\u00a0District\u00a0abrir\u00e1n las puertas para... M\u00e1s \u2192\" \/>\n<meta property=\"og:url\" content=\"https:\/\/poblenouurbandistrict.com\/es\/tota-la-proposta-gastronomica-del-poblenou-open-day-2\/\" \/>\n<meta property=\"og:site_name\" content=\"Poblenou Urban District\" \/>\n<meta property=\"article:published_time\" content=\"2024-04-25T14:46:18+00:00\" \/>\n<meta property=\"article:modified_time\" content=\"2024-05-06T13:54:03+00:00\" \/>\n<meta property=\"og:image\" content=\"https:\/\/poblenouurbandistrict.com\/wp-content\/uploads\/2024\/04\/foto-2023-final-secretaria-grup-kibuka-grup-kibuka-scaled.jpg\" \/>\n\t<meta property=\"og:image:width\" content=\"2560\" \/>\n\t<meta property=\"og:image:height\" content=\"1707\" \/>\n\t<meta property=\"og:image:type\" content=\"image\/jpeg\" \/>\n<meta name=\"author\" content=\"pnud\" \/>\n<meta name=\"twitter:card\" content=\"summary_large_image\" \/>\n<meta name=\"twitter:label1\" content=\"Escrito por\" \/>\n\t<meta name=\"twitter:data1\" content=\"pnud\" \/>\n\t<meta name=\"twitter:label2\" content=\"Tiempo de lectura\" \/>\n\t<meta name=\"twitter:data2\" content=\"6 minutos\" \/>\n<script type=\"application\/ld+json\" class=\"yoast-schema-graph\">{\"@context\":\"https:\\\/\\\/schema.org\",\"@graph\":[{\"@type\":\"Article\",\"@id\":\"https:\\\/\\\/poblenouurbandistrict.com\\\/tota-la-proposta-gastronomica-del-poblenou-open-day-2\\\/#article\",\"isPartOf\":{\"@id\":\"https:\\\/\\\/poblenouurbandistrict.com\\\/tota-la-proposta-gastronomica-del-poblenou-open-day-2\\\/\"},\"author\":{\"name\":\"pnud\",\"@id\":\"https:\\\/\\\/poblenouurbandistrict.com\\\/#\\\/schema\\\/person\\\/980a2cf34b399d5218205730acd54a7e\"},\"headline\":\"Toda la propuesta gastron\u00f3mica del Poblenou Open Day\",\"datePublished\":\"2024-04-25T14:46:18+00:00\",\"dateModified\":\"2024-05-06T13:54:03+00:00\",\"mainEntityOfPage\":{\"@id\":\"https:\\\/\\\/poblenouurbandistrict.com\\\/tota-la-proposta-gastronomica-del-poblenou-open-day-2\\\/\"},\"wordCount\":2127,\"image\":{\"@id\":\"https:\\\/\\\/poblenouurbandistrict.com\\\/tota-la-proposta-gastronomica-del-poblenou-open-day-2\\\/#primaryimage\"},\"thumbnailUrl\":\"https:\\\/\\\/media.poblenouurbandistrict.com\\\/2024\\\/04\\\/25072819\\\/foto-2023-final-secretaria-grup-kibuka-grup-kibuka-scaled.jpg\",\"articleSection\":[\"Poblenou Open Day\"],\"inLanguage\":\"es\"},{\"@type\":\"WebPage\",\"@id\":\"https:\\\/\\\/poblenouurbandistrict.com\\\/es\\\/tota-la-proposta-gastronomica-del-poblenou-open-day-2\\\/\",\"url\":\"https:\\\/\\\/poblenouurbandistrict.com\\\/es\\\/tota-la-proposta-gastronomica-del-poblenou-open-day-2\\\/\",\"name\":\"Toda la propuesta gastron\u00f3mica del Poblenou Open Day &#8211; Poblenou Urban District\",\"isPartOf\":{\"@id\":\"https:\\\/\\\/poblenouurbandistrict.com\\\/es\\\/#website\"},\"primaryImageOfPage\":{\"@id\":\"https:\\\/\\\/poblenouurbandistrict.com\\\/es\\\/tota-la-proposta-gastronomica-del-poblenou-open-day-2\\\/#primaryimage\"},\"image\":{\"@id\":\"https:\\\/\\\/poblenouurbandistrict.com\\\/tota-la-proposta-gastronomica-del-poblenou-open-day-2\\\/#primaryimage\"},\"thumbnailUrl\":\"https:\\\/\\\/media.poblenouurbandistrict.com\\\/2024\\\/04\\\/25072819\\\/foto-2023-final-secretaria-grup-kibuka-grup-kibuka-scaled.jpg\",\"datePublished\":\"2024-04-25T14:46:18+00:00\",\"dateModified\":\"2024-05-06T13:54:03+00:00\",\"author\":{\"@id\":\"https:\\\/\\\/poblenouurbandistrict.com\\\/#\\\/schema\\\/person\\\/980a2cf34b399d5218205730acd54a7e\"},\"breadcrumb\":{\"@id\":\"https:\\\/\\\/poblenouurbandistrict.com\\\/es\\\/tota-la-proposta-gastronomica-del-poblenou-open-day-2\\\/#breadcrumb\"},\"inLanguage\":\"es\",\"potentialAction\":[{\"@type\":\"ReadAction\",\"target\":[[\"https:\\\/\\\/poblenouurbandistrict.com\\\/es\\\/tota-la-proposta-gastronomica-del-poblenou-open-day-2\\\/\"]]}]},{\"@type\":\"ImageObject\",\"inLanguage\":\"es\",\"@id\":\"https:\\\/\\\/poblenouurbandistrict.com\\\/es\\\/tota-la-proposta-gastronomica-del-poblenou-open-day-2\\\/#primaryimage\",\"url\":\"https:\\\/\\\/media.poblenouurbandistrict.com\\\/2024\\\/04\\\/25072819\\\/foto-2023-final-secretaria-grup-kibuka-grup-kibuka-scaled.jpg\",\"contentUrl\":\"https:\\\/\\\/media.poblenouurbandistrict.com\\\/2024\\\/04\\\/25072819\\\/foto-2023-final-secretaria-grup-kibuka-grup-kibuka-scaled.jpg\",\"width\":2560,\"height\":1707},{\"@type\":\"BreadcrumbList\",\"@id\":\"https:\\\/\\\/poblenouurbandistrict.com\\\/es\\\/tota-la-proposta-gastronomica-del-poblenou-open-day-2\\\/#breadcrumb\",\"itemListElement\":[{\"@type\":\"ListItem\",\"position\":1,\"name\":\"Home\",\"item\":\"https:\\\/\\\/poblenouurbandistrict.com\\\/es\\\/\"},{\"@type\":\"ListItem\",\"position\":2,\"name\":\"Tota la proposta gastron\u00f2mica del Poblenou Open Day\"}]},{\"@type\":\"WebSite\",\"@id\":\"https:\\\/\\\/poblenouurbandistrict.com\\\/es\\\/#website\",\"url\":\"https:\\\/\\\/poblenouurbandistrict.com\\\/es\\\/\",\"name\":\"Poblenou Urban District\",\"description\":\"Comunidad Creativa\",\"potentialAction\":[{\"@type\":\"SearchAction\",\"target\":{\"@type\":\"EntryPoint\",\"urlTemplate\":\"https:\\\/\\\/poblenouurbandistrict.com\\\/es\\\/?s={search_term_string}\"},\"query-input\":{\"@type\":\"PropertyValueSpecification\",\"valueRequired\":true,\"valueName\":\"search_term_string\"}}],\"inLanguage\":\"es\"},{\"@type\":\"Person\",\"@id\":\"https:\\\/\\\/poblenouurbandistrict.com\\\/#\\\/schema\\\/person\\\/980a2cf34b399d5218205730acd54a7e\",\"name\":\"pnud\",\"image\":{\"@type\":\"ImageObject\",\"inLanguage\":\"es\",\"@id\":\"https:\\\/\\\/secure.gravatar.com\\\/avatar\\\/67146597b405ee077a24e519f75c3e2031736596d6ce35af3a34c122c93d0d7b?s=96&d=retro&r=g\",\"url\":\"https:\\\/\\\/secure.gravatar.com\\\/avatar\\\/67146597b405ee077a24e519f75c3e2031736596d6ce35af3a34c122c93d0d7b?s=96&d=retro&r=g\",\"contentUrl\":\"https:\\\/\\\/secure.gravatar.com\\\/avatar\\\/67146597b405ee077a24e519f75c3e2031736596d6ce35af3a34c122c93d0d7b?s=96&d=retro&r=g\",\"caption\":\"pnud\"}}]}<\/script>\n<!-- \/ Yoast SEO plugin. -->","yoast_head_json":{"title":"Toda la propuesta gastron\u00f3mica del Poblenou Open Day &#8211; Poblenou Urban District","robots":{"index":"index","follow":"follow","max-snippet":"max-snippet:-1","max-image-preview":"max-image-preview:large","max-video-preview":"max-video-preview:-1"},"canonical":"https:\/\/poblenouurbandistrict.com\/es\/tota-la-proposta-gastronomica-del-poblenou-open-day-2\/","og_locale":"es_ES","og_type":"article","og_title":"Toda la propuesta gastron\u00f3mica del Poblenou Open Day &#8211; Poblenou Urban District","og_description":"El Poblenou\u00a0Open\u00a0Day\u00a0vuelve este 4 de mayo, y, para la ocasi\u00f3n, los restaurantes y bares asociados a Poblenou\u00a0Urban\u00a0District\u00a0abrir\u00e1n las puertas para... M\u00e1s \u2192","og_url":"https:\/\/poblenouurbandistrict.com\/es\/tota-la-proposta-gastronomica-del-poblenou-open-day-2\/","og_site_name":"Poblenou Urban District","article_published_time":"2024-04-25T14:46:18+00:00","article_modified_time":"2024-05-06T13:54:03+00:00","og_image":[{"width":2560,"height":1707,"url":"https:\/\/poblenouurbandistrict.com\/wp-content\/uploads\/2024\/04\/foto-2023-final-secretaria-grup-kibuka-grup-kibuka-scaled.jpg","type":"image\/jpeg"}],"author":"pnud","twitter_card":"summary_large_image","twitter_misc":{"Escrito por":"pnud","Tiempo de lectura":"6 minutos"},"schema":{"@context":"https:\/\/schema.org","@graph":[{"@type":"Article","@id":"https:\/\/poblenouurbandistrict.com\/tota-la-proposta-gastronomica-del-poblenou-open-day-2\/#article","isPartOf":{"@id":"https:\/\/poblenouurbandistrict.com\/tota-la-proposta-gastronomica-del-poblenou-open-day-2\/"},"author":{"name":"pnud","@id":"https:\/\/poblenouurbandistrict.com\/#\/schema\/person\/980a2cf34b399d5218205730acd54a7e"},"headline":"Toda la propuesta gastron\u00f3mica del Poblenou Open Day","datePublished":"2024-04-25T14:46:18+00:00","dateModified":"2024-05-06T13:54:03+00:00","mainEntityOfPage":{"@id":"https:\/\/poblenouurbandistrict.com\/tota-la-proposta-gastronomica-del-poblenou-open-day-2\/"},"wordCount":2127,"image":{"@id":"https:\/\/poblenouurbandistrict.com\/tota-la-proposta-gastronomica-del-poblenou-open-day-2\/#primaryimage"},"thumbnailUrl":"https:\/\/media.poblenouurbandistrict.com\/2024\/04\/25072819\/foto-2023-final-secretaria-grup-kibuka-grup-kibuka-scaled.jpg","articleSection":["Poblenou Open Day"],"inLanguage":"es"},{"@type":"WebPage","@id":"https:\/\/poblenouurbandistrict.com\/es\/tota-la-proposta-gastronomica-del-poblenou-open-day-2\/","url":"https:\/\/poblenouurbandistrict.com\/es\/tota-la-proposta-gastronomica-del-poblenou-open-day-2\/","name":"Toda la propuesta gastron\u00f3mica del Poblenou Open Day &#8211; Poblenou Urban District","isPartOf":{"@id":"https:\/\/poblenouurbandistrict.com\/es\/#website"},"primaryImageOfPage":{"@id":"https:\/\/poblenouurbandistrict.com\/es\/tota-la-proposta-gastronomica-del-poblenou-open-day-2\/#primaryimage"},"image":{"@id":"https:\/\/poblenouurbandistrict.com\/tota-la-proposta-gastronomica-del-poblenou-open-day-2\/#primaryimage"},"thumbnailUrl":"https:\/\/media.poblenouurbandistrict.com\/2024\/04\/25072819\/foto-2023-final-secretaria-grup-kibuka-grup-kibuka-scaled.jpg","datePublished":"2024-04-25T14:46:18+00:00","dateModified":"2024-05-06T13:54:03+00:00","author":{"@id":"https:\/\/poblenouurbandistrict.com\/#\/schema\/person\/980a2cf34b399d5218205730acd54a7e"},"breadcrumb":{"@id":"https:\/\/poblenouurbandistrict.com\/es\/tota-la-proposta-gastronomica-del-poblenou-open-day-2\/#breadcrumb"},"inLanguage":"es","potentialAction":[{"@type":"ReadAction","target":[["https:\/\/poblenouurbandistrict.com\/es\/tota-la-proposta-gastronomica-del-poblenou-open-day-2\/"]]}]},{"@type":"ImageObject","inLanguage":"es","@id":"https:\/\/poblenouurbandistrict.com\/es\/tota-la-proposta-gastronomica-del-poblenou-open-day-2\/#primaryimage","url":"https:\/\/media.poblenouurbandistrict.com\/2024\/04\/25072819\/foto-2023-final-secretaria-grup-kibuka-grup-kibuka-scaled.jpg","contentUrl":"https:\/\/media.poblenouurbandistrict.com\/2024\/04\/25072819\/foto-2023-final-secretaria-grup-kibuka-grup-kibuka-scaled.jpg","width":2560,"height":1707},{"@type":"BreadcrumbList","@id":"https:\/\/poblenouurbandistrict.com\/es\/tota-la-proposta-gastronomica-del-poblenou-open-day-2\/#breadcrumb","itemListElement":[{"@type":"ListItem","position":1,"name":"Home","item":"https:\/\/poblenouurbandistrict.com\/es\/"},{"@type":"ListItem","position":2,"name":"Tota la proposta gastron\u00f2mica del Poblenou Open Day"}]},{"@type":"WebSite","@id":"https:\/\/poblenouurbandistrict.com\/es\/#website","url":"https:\/\/poblenouurbandistrict.com\/es\/","name":"Poblenou Urban District","description":"Comunidad Creativa","potentialAction":[{"@type":"SearchAction","target":{"@type":"EntryPoint","urlTemplate":"https:\/\/poblenouurbandistrict.com\/es\/?s={search_term_string}"},"query-input":{"@type":"PropertyValueSpecification","valueRequired":true,"valueName":"search_term_string"}}],"inLanguage":"es"},{"@type":"Person","@id":"https:\/\/poblenouurbandistrict.com\/#\/schema\/person\/980a2cf34b399d5218205730acd54a7e","name":"pnud","image":{"@type":"ImageObject","inLanguage":"es","@id":"https:\/\/secure.gravatar.com\/avatar\/67146597b405ee077a24e519f75c3e2031736596d6ce35af3a34c122c93d0d7b?s=96&d=retro&r=g","url":"https:\/\/secure.gravatar.com\/avatar\/67146597b405ee077a24e519f75c3e2031736596d6ce35af3a34c122c93d0d7b?s=96&d=retro&r=g","contentUrl":"https:\/\/secure.gravatar.com\/avatar\/67146597b405ee077a24e519f75c3e2031736596d6ce35af3a34c122c93d0d7b?s=96&d=retro&r=g","caption":"pnud"}}]}},"_links":{"self":[{"href":"https:\/\/poblenouurbandistrict.com\/es\/wp-json\/wp\/v2\/posts\/45565","targetHints":{"allow":["GET"]}}],"collection":[{"href":"https:\/\/poblenouurbandistrict.com\/es\/wp-json\/wp\/v2\/posts"}],"about":[{"href":"https:\/\/poblenouurbandistrict.com\/es\/wp-json\/wp\/v2\/types\/post"}],"author":[{"embeddable":true,"href":"https:\/\/poblenouurbandistrict.com\/es\/wp-json\/wp\/v2\/users\/5"}],"replies":[{"embeddable":true,"href":"https:\/\/poblenouurbandistrict.com\/es\/wp-json\/wp\/v2\/comments?post=45565"}],"version-history":[{"count":24,"href":"https:\/\/poblenouurbandistrict.com\/es\/wp-json\/wp\/v2\/posts\/45565\/revisions"}],"predecessor-version":[{"id":45801,"href":"https:\/\/poblenouurbandistrict.com\/es\/wp-json\/wp\/v2\/posts\/45565\/revisions\/45801"}],"wp:featuredmedia":[{"embeddable":true,"href":"https:\/\/poblenouurbandistrict.com\/es\/wp-json\/wp\/v2\/media\/45485"}],"wp:attachment":[{"href":"https:\/\/poblenouurbandistrict.com\/es\/wp-json\/wp\/v2\/media?parent=45565"}],"wp:term":[{"taxonomy":"category","embeddable":true,"href":"https:\/\/poblenouurbandistrict.com\/es\/wp-json\/wp\/v2\/categories?post=45565"},{"taxonomy":"post_tag","embeddable":true,"href":"https:\/\/poblenouurbandistrict.com\/es\/wp-json\/wp\/v2\/tags?post=45565"}],"curies":[{"name":"wp","href":"https:\/\/api.w.org\/{rel}","templated":true}]}}