{"id":45818,"date":"2024-05-09T13:35:58","date_gmt":"2024-05-09T11:35:58","guid":{"rendered":"https:\/\/poblenouurbandistrict.com\/?p=45818"},"modified":"2024-05-10T11:45:03","modified_gmt":"2024-05-10T09:45:03","slug":"paula-peso-actuara-a-la-nau-dins-del-curtcircuit","status":"publish","type":"post","link":"https:\/\/poblenouurbandistrict.com\/es\/paula-peso-actuara-a-la-nau-dins-del-curtcircuit\/","title":{"rendered":"Paula Peso actuar\u00e1 en La Nau dentro del Curtcircuit"},"content":{"rendered":"<p><span style=\"font-weight: 400;\"><a href=\"https:\/\/www.instagram.com\/paulapeso\/?hl=es\">Paula Peso<\/a> presenta su nuevo disco en Curtcircuit el 12 de mayo en La Nau de Barcelona, un trabajo muy personal, tanto en las influencias como en las letras. Sale de su zona de confort para acercarse a otros estilos que forman parte de su background musical, probando cosas nuevas y adapt\u00e1ndolas al R&amp;B, sello de la casa.<\/span><\/p>\n<p><span style=\"font-weight: 400;\">Desde muy peque\u00f1a ha estado rodeada de m\u00fasica y cantar ha sido su gran pasi\u00f3n. El a\u00f1o 2020 present\u00f3 su primer trabajo \u2018Teach You Right\u2019, un disco fresco y lleno de energ\u00eda que bebe del funk, el soul y la m\u00fasica urbana para crear canciones con un groove muy marcado y una personalidad propia que expresa a trav\u00e9s de sus letras.\u00a0<\/span><\/p>\n<p><span style=\"font-weight: 400;\">No te pierdas esta voz poderosa con un registro muy amplio que crea, sobre el escenario, una atm\u00f3sfera c\u00e1lida y potente a partes iguales. Adem\u00e1s, hay una oferta exclusiva de 2&#215;1 en las entradas, introduce el c\u00f3digo \u201cNEWSLANAU\u201d en la casilla de promociones y <\/span><a href=\"https:\/\/entradas.codetickets.com\/entradas\/paula-peso-la-nau\/49706\/curtcircuit\/online\"><span style=\"font-weight: 400;\">hazte con ellas aqu\u00ed<\/span><\/a><span style=\"font-weight: 400;\">.<\/span><\/p>","protected":false},"excerpt":{"rendered":"<p>Paula Peso presenta su nuevo disco en Curtcircuit el 12 de mayo en La Nau de Barcelona, un trabajo muy&#8230; <a href=\"https:\/\/poblenouurbandistrict.com\/es\/paula-peso-actuara-a-la-nau-dins-del-curtcircuit\/\">M\u00e1s  \u2192<\/a><\/p>\n","protected":false},"author":5,"featured_media":45819,"comment_status":"closed","ping_status":"closed","sticky":false,"template":"","format":"standard","meta":{"_acf_changed":false,"footnotes":""},"categories":[3348],"tags":[],"class_list":["post-45818","post","type-post","status-publish","format-standard","has-post-thumbnail","hentry","category-musica"],"acf":[],"yoast_head":"<!-- This site is optimized with the Yoast SEO plugin v27.5 - https:\/\/yoast.com\/product\/yoast-seo-wordpress\/ -->\n<title>Paula Peso actuar\u00e1 en La Nau dentro del Curtcircuit &#8211; Poblenou Urban District<\/title>\n<meta name=\"robots\" content=\"index, follow, max-snippet:-1, max-image-preview:large, max-video-preview:-1\" \/>\n<link rel=\"canonical\" href=\"https:\/\/poblenouurbandistrict.com\/es\/paula-peso-actuara-a-la-nau-dins-del-curtcircuit\/\" \/>\n<meta property=\"og:locale\" content=\"es_ES\" \/>\n<meta property=\"og:type\" content=\"article\" \/>\n<meta property=\"og:title\" content=\"Paula Peso actuar\u00e1 en La Nau dentro del Curtcircuit &#8211; Poblenou Urban District\" \/>\n<meta property=\"og:description\" content=\"Paula Peso presenta su nuevo disco en Curtcircuit el 12 de mayo en La Nau de Barcelona, un trabajo muy... M\u00e1s \u2192\" \/>\n<meta property=\"og:url\" content=\"https:\/\/poblenouurbandistrict.com\/es\/paula-peso-actuara-a-la-nau-dins-del-curtcircuit\/\" \/>\n<meta property=\"og:site_name\" content=\"Poblenou Urban District\" \/>\n<meta property=\"article:published_time\" content=\"2024-05-09T11:35:58+00:00\" \/>\n<meta property=\"article:modified_time\" content=\"2024-05-10T09:45:03+00:00\" \/>\n<meta property=\"og:image\" content=\"https:\/\/poblenouurbandistrict.com\/wp-content\/uploads\/2024\/05\/captura-de-pantalla-2024-05-09-133308.jpg\" \/>\n\t<meta property=\"og:image:width\" content=\"964\" \/>\n\t<meta property=\"og:image:height\" content=\"606\" \/>\n\t<meta property=\"og:image:type\" content=\"image\/jpeg\" \/>\n<meta name=\"author\" content=\"pnud\" \/>\n<meta name=\"twitter:card\" content=\"summary_large_image\" \/>\n<meta name=\"twitter:label1\" content=\"Escrito por\" \/>\n\t<meta name=\"twitter:data1\" content=\"pnud\" \/>\n\t<meta name=\"twitter:label2\" content=\"Tiempo de lectura\" \/>\n\t<meta name=\"twitter:data2\" content=\"2 minutos\" \/>\n<script type=\"application\/ld+json\" class=\"yoast-schema-graph\">{\"@context\":\"https:\\\/\\\/schema.org\",\"@graph\":[{\"@type\":\"Article\",\"@id\":\"https:\\\/\\\/poblenouurbandistrict.com\\\/paula-peso-actuara-a-la-nau-dins-del-curtcircuit\\\/#article\",\"isPartOf\":{\"@id\":\"https:\\\/\\\/poblenouurbandistrict.com\\\/paula-peso-actuara-a-la-nau-dins-del-curtcircuit\\\/\"},\"author\":{\"name\":\"pnud\",\"@id\":\"https:\\\/\\\/poblenouurbandistrict.com\\\/#\\\/schema\\\/person\\\/980a2cf34b399d5218205730acd54a7e\"},\"headline\":\"Paula Peso actuar\u00e1 en La Nau dentro del Curtcircuit\",\"datePublished\":\"2024-05-09T11:35:58+00:00\",\"dateModified\":\"2024-05-10T09:45:03+00:00\",\"mainEntityOfPage\":{\"@id\":\"https:\\\/\\\/poblenouurbandistrict.com\\\/paula-peso-actuara-a-la-nau-dins-del-curtcircuit\\\/\"},\"wordCount\":559,\"image\":{\"@id\":\"https:\\\/\\\/poblenouurbandistrict.com\\\/paula-peso-actuara-a-la-nau-dins-del-curtcircuit\\\/#primaryimage\"},\"thumbnailUrl\":\"https:\\\/\\\/media.poblenouurbandistrict.com\\\/2024\\\/05\\\/25073243\\\/captura-de-pantalla-2024-05-09-133308.jpg\",\"articleSection\":[\"M\u00fasica\"],\"inLanguage\":\"es\"},{\"@type\":\"WebPage\",\"@id\":\"https:\\\/\\\/poblenouurbandistrict.com\\\/es\\\/paula-peso-actuara-a-la-nau-dins-del-curtcircuit\\\/\",\"url\":\"https:\\\/\\\/poblenouurbandistrict.com\\\/es\\\/paula-peso-actuara-a-la-nau-dins-del-curtcircuit\\\/\",\"name\":\"Paula Peso actuar\u00e1 en La Nau dentro del Curtcircuit &#8211; Poblenou Urban District\",\"isPartOf\":{\"@id\":\"https:\\\/\\\/poblenouurbandistrict.com\\\/es\\\/#website\"},\"primaryImageOfPage\":{\"@id\":\"https:\\\/\\\/poblenouurbandistrict.com\\\/es\\\/paula-peso-actuara-a-la-nau-dins-del-curtcircuit\\\/#primaryimage\"},\"image\":{\"@id\":\"https:\\\/\\\/poblenouurbandistrict.com\\\/paula-peso-actuara-a-la-nau-dins-del-curtcircuit\\\/#primaryimage\"},\"thumbnailUrl\":\"https:\\\/\\\/media.poblenouurbandistrict.com\\\/2024\\\/05\\\/25073243\\\/captura-de-pantalla-2024-05-09-133308.jpg\",\"datePublished\":\"2024-05-09T11:35:58+00:00\",\"dateModified\":\"2024-05-10T09:45:03+00:00\",\"author\":{\"@id\":\"https:\\\/\\\/poblenouurbandistrict.com\\\/#\\\/schema\\\/person\\\/980a2cf34b399d5218205730acd54a7e\"},\"breadcrumb\":{\"@id\":\"https:\\\/\\\/poblenouurbandistrict.com\\\/es\\\/paula-peso-actuara-a-la-nau-dins-del-curtcircuit\\\/#breadcrumb\"},\"inLanguage\":\"es\",\"potentialAction\":[{\"@type\":\"ReadAction\",\"target\":[[\"https:\\\/\\\/poblenouurbandistrict.com\\\/es\\\/paula-peso-actuara-a-la-nau-dins-del-curtcircuit\\\/\"]]}]},{\"@type\":\"ImageObject\",\"inLanguage\":\"es\",\"@id\":\"https:\\\/\\\/poblenouurbandistrict.com\\\/es\\\/paula-peso-actuara-a-la-nau-dins-del-curtcircuit\\\/#primaryimage\",\"url\":\"https:\\\/\\\/media.poblenouurbandistrict.com\\\/2024\\\/05\\\/25073243\\\/captura-de-pantalla-2024-05-09-133308.jpg\",\"contentUrl\":\"https:\\\/\\\/media.poblenouurbandistrict.com\\\/2024\\\/05\\\/25073243\\\/captura-de-pantalla-2024-05-09-133308.jpg\",\"width\":964,\"height\":606},{\"@type\":\"BreadcrumbList\",\"@id\":\"https:\\\/\\\/poblenouurbandistrict.com\\\/es\\\/paula-peso-actuara-a-la-nau-dins-del-curtcircuit\\\/#breadcrumb\",\"itemListElement\":[{\"@type\":\"ListItem\",\"position\":1,\"name\":\"Home\",\"item\":\"https:\\\/\\\/poblenouurbandistrict.com\\\/es\\\/\"},{\"@type\":\"ListItem\",\"position\":2,\"name\":\"Paula Peso actuar\u00e0 a La Nau dins del Curtcircuit\"}]},{\"@type\":\"WebSite\",\"@id\":\"https:\\\/\\\/poblenouurbandistrict.com\\\/es\\\/#website\",\"url\":\"https:\\\/\\\/poblenouurbandistrict.com\\\/es\\\/\",\"name\":\"Poblenou Urban District\",\"description\":\"Comunidad Creativa\",\"potentialAction\":[{\"@type\":\"SearchAction\",\"target\":{\"@type\":\"EntryPoint\",\"urlTemplate\":\"https:\\\/\\\/poblenouurbandistrict.com\\\/es\\\/?s={search_term_string}\"},\"query-input\":{\"@type\":\"PropertyValueSpecification\",\"valueRequired\":true,\"valueName\":\"search_term_string\"}}],\"inLanguage\":\"es\"},{\"@type\":\"Person\",\"@id\":\"https:\\\/\\\/poblenouurbandistrict.com\\\/#\\\/schema\\\/person\\\/980a2cf34b399d5218205730acd54a7e\",\"name\":\"pnud\",\"image\":{\"@type\":\"ImageObject\",\"inLanguage\":\"es\",\"@id\":\"https:\\\/\\\/secure.gravatar.com\\\/avatar\\\/67146597b405ee077a24e519f75c3e2031736596d6ce35af3a34c122c93d0d7b?s=96&d=retro&r=g\",\"url\":\"https:\\\/\\\/secure.gravatar.com\\\/avatar\\\/67146597b405ee077a24e519f75c3e2031736596d6ce35af3a34c122c93d0d7b?s=96&d=retro&r=g\",\"contentUrl\":\"https:\\\/\\\/secure.gravatar.com\\\/avatar\\\/67146597b405ee077a24e519f75c3e2031736596d6ce35af3a34c122c93d0d7b?s=96&d=retro&r=g\",\"caption\":\"pnud\"}}]}<\/script>\n<!-- \/ Yoast SEO plugin. -->","yoast_head_json":{"title":"Paula Peso actuar\u00e1 en La Nau dentro del Curtcircuit &#8211; Poblenou Urban District","robots":{"index":"index","follow":"follow","max-snippet":"max-snippet:-1","max-image-preview":"max-image-preview:large","max-video-preview":"max-video-preview:-1"},"canonical":"https:\/\/poblenouurbandistrict.com\/es\/paula-peso-actuara-a-la-nau-dins-del-curtcircuit\/","og_locale":"es_ES","og_type":"article","og_title":"Paula Peso actuar\u00e1 en La Nau dentro del Curtcircuit &#8211; Poblenou Urban District","og_description":"Paula Peso presenta su nuevo disco en Curtcircuit el 12 de mayo en La Nau de Barcelona, un trabajo muy... M\u00e1s \u2192","og_url":"https:\/\/poblenouurbandistrict.com\/es\/paula-peso-actuara-a-la-nau-dins-del-curtcircuit\/","og_site_name":"Poblenou Urban District","article_published_time":"2024-05-09T11:35:58+00:00","article_modified_time":"2024-05-10T09:45:03+00:00","og_image":[{"width":964,"height":606,"url":"https:\/\/poblenouurbandistrict.com\/wp-content\/uploads\/2024\/05\/captura-de-pantalla-2024-05-09-133308.jpg","type":"image\/jpeg"}],"author":"pnud","twitter_card":"summary_large_image","twitter_misc":{"Escrito por":"pnud","Tiempo de lectura":"2 minutos"},"schema":{"@context":"https:\/\/schema.org","@graph":[{"@type":"Article","@id":"https:\/\/poblenouurbandistrict.com\/paula-peso-actuara-a-la-nau-dins-del-curtcircuit\/#article","isPartOf":{"@id":"https:\/\/poblenouurbandistrict.com\/paula-peso-actuara-a-la-nau-dins-del-curtcircuit\/"},"author":{"name":"pnud","@id":"https:\/\/poblenouurbandistrict.com\/#\/schema\/person\/980a2cf34b399d5218205730acd54a7e"},"headline":"Paula Peso actuar\u00e1 en La Nau dentro del Curtcircuit","datePublished":"2024-05-09T11:35:58+00:00","dateModified":"2024-05-10T09:45:03+00:00","mainEntityOfPage":{"@id":"https:\/\/poblenouurbandistrict.com\/paula-peso-actuara-a-la-nau-dins-del-curtcircuit\/"},"wordCount":559,"image":{"@id":"https:\/\/poblenouurbandistrict.com\/paula-peso-actuara-a-la-nau-dins-del-curtcircuit\/#primaryimage"},"thumbnailUrl":"https:\/\/media.poblenouurbandistrict.com\/2024\/05\/25073243\/captura-de-pantalla-2024-05-09-133308.jpg","articleSection":["M\u00fasica"],"inLanguage":"es"},{"@type":"WebPage","@id":"https:\/\/poblenouurbandistrict.com\/es\/paula-peso-actuara-a-la-nau-dins-del-curtcircuit\/","url":"https:\/\/poblenouurbandistrict.com\/es\/paula-peso-actuara-a-la-nau-dins-del-curtcircuit\/","name":"Paula Peso actuar\u00e1 en La Nau dentro del Curtcircuit &#8211; Poblenou Urban District","isPartOf":{"@id":"https:\/\/poblenouurbandistrict.com\/es\/#website"},"primaryImageOfPage":{"@id":"https:\/\/poblenouurbandistrict.com\/es\/paula-peso-actuara-a-la-nau-dins-del-curtcircuit\/#primaryimage"},"image":{"@id":"https:\/\/poblenouurbandistrict.com\/paula-peso-actuara-a-la-nau-dins-del-curtcircuit\/#primaryimage"},"thumbnailUrl":"https:\/\/media.poblenouurbandistrict.com\/2024\/05\/25073243\/captura-de-pantalla-2024-05-09-133308.jpg","datePublished":"2024-05-09T11:35:58+00:00","dateModified":"2024-05-10T09:45:03+00:00","author":{"@id":"https:\/\/poblenouurbandistrict.com\/#\/schema\/person\/980a2cf34b399d5218205730acd54a7e"},"breadcrumb":{"@id":"https:\/\/poblenouurbandistrict.com\/es\/paula-peso-actuara-a-la-nau-dins-del-curtcircuit\/#breadcrumb"},"inLanguage":"es","potentialAction":[{"@type":"ReadAction","target":[["https:\/\/poblenouurbandistrict.com\/es\/paula-peso-actuara-a-la-nau-dins-del-curtcircuit\/"]]}]},{"@type":"ImageObject","inLanguage":"es","@id":"https:\/\/poblenouurbandistrict.com\/es\/paula-peso-actuara-a-la-nau-dins-del-curtcircuit\/#primaryimage","url":"https:\/\/media.poblenouurbandistrict.com\/2024\/05\/25073243\/captura-de-pantalla-2024-05-09-133308.jpg","contentUrl":"https:\/\/media.poblenouurbandistrict.com\/2024\/05\/25073243\/captura-de-pantalla-2024-05-09-133308.jpg","width":964,"height":606},{"@type":"BreadcrumbList","@id":"https:\/\/poblenouurbandistrict.com\/es\/paula-peso-actuara-a-la-nau-dins-del-curtcircuit\/#breadcrumb","itemListElement":[{"@type":"ListItem","position":1,"name":"Home","item":"https:\/\/poblenouurbandistrict.com\/es\/"},{"@type":"ListItem","position":2,"name":"Paula Peso actuar\u00e0 a La Nau dins del Curtcircuit"}]},{"@type":"WebSite","@id":"https:\/\/poblenouurbandistrict.com\/es\/#website","url":"https:\/\/poblenouurbandistrict.com\/es\/","name":"Poblenou Urban District","description":"Comunidad Creativa","potentialAction":[{"@type":"SearchAction","target":{"@type":"EntryPoint","urlTemplate":"https:\/\/poblenouurbandistrict.com\/es\/?s={search_term_string}"},"query-input":{"@type":"PropertyValueSpecification","valueRequired":true,"valueName":"search_term_string"}}],"inLanguage":"es"},{"@type":"Person","@id":"https:\/\/poblenouurbandistrict.com\/#\/schema\/person\/980a2cf34b399d5218205730acd54a7e","name":"pnud","image":{"@type":"ImageObject","inLanguage":"es","@id":"https:\/\/secure.gravatar.com\/avatar\/67146597b405ee077a24e519f75c3e2031736596d6ce35af3a34c122c93d0d7b?s=96&d=retro&r=g","url":"https:\/\/secure.gravatar.com\/avatar\/67146597b405ee077a24e519f75c3e2031736596d6ce35af3a34c122c93d0d7b?s=96&d=retro&r=g","contentUrl":"https:\/\/secure.gravatar.com\/avatar\/67146597b405ee077a24e519f75c3e2031736596d6ce35af3a34c122c93d0d7b?s=96&d=retro&r=g","caption":"pnud"}}]}},"_links":{"self":[{"href":"https:\/\/poblenouurbandistrict.com\/es\/wp-json\/wp\/v2\/posts\/45818","targetHints":{"allow":["GET"]}}],"collection":[{"href":"https:\/\/poblenouurbandistrict.com\/es\/wp-json\/wp\/v2\/posts"}],"about":[{"href":"https:\/\/poblenouurbandistrict.com\/es\/wp-json\/wp\/v2\/types\/post"}],"author":[{"embeddable":true,"href":"https:\/\/poblenouurbandistrict.com\/es\/wp-json\/wp\/v2\/users\/5"}],"replies":[{"embeddable":true,"href":"https:\/\/poblenouurbandistrict.com\/es\/wp-json\/wp\/v2\/comments?post=45818"}],"version-history":[{"count":1,"href":"https:\/\/poblenouurbandistrict.com\/es\/wp-json\/wp\/v2\/posts\/45818\/revisions"}],"predecessor-version":[{"id":45820,"href":"https:\/\/poblenouurbandistrict.com\/es\/wp-json\/wp\/v2\/posts\/45818\/revisions\/45820"}],"wp:featuredmedia":[{"embeddable":true,"href":"https:\/\/poblenouurbandistrict.com\/es\/wp-json\/wp\/v2\/media\/45819"}],"wp:attachment":[{"href":"https:\/\/poblenouurbandistrict.com\/es\/wp-json\/wp\/v2\/media?parent=45818"}],"wp:term":[{"taxonomy":"category","embeddable":true,"href":"https:\/\/poblenouurbandistrict.com\/es\/wp-json\/wp\/v2\/categories?post=45818"},{"taxonomy":"post_tag","embeddable":true,"href":"https:\/\/poblenouurbandistrict.com\/es\/wp-json\/wp\/v2\/tags?post=45818"}],"curies":[{"name":"wp","href":"https:\/\/api.w.org\/{rel}","templated":true}]}}