{"id":45921,"date":"2024-05-16T17:43:13","date_gmt":"2024-05-16T15:43:13","guid":{"rendered":"https:\/\/poblenouurbandistrict.com\/?p=45921"},"modified":"2024-05-16T17:48:31","modified_gmt":"2024-05-16T15:48:31","slug":"descobreix-la-programacio-de-maig-de-the-social-hub-barcelona","status":"publish","type":"post","link":"https:\/\/poblenouurbandistrict.com\/es\/descobreix-la-programacio-de-maig-de-the-social-hub-barcelona\/","title":{"rendered":"Descubre la programaci\u00f3n de mayo de The Social Hub Barcelona"},"content":{"rendered":"<p><a href=\"https:\/\/www.thesocialhub.co\/es\/\">The Social Hub Barcelona<\/a> es un espacio h\u00edbrido que combina la elegancia de un hotel, la comodidad de una residencia para estudiantes, un espacio coliving y la funcionalidad de un coworking que programa cada mes un abanico de actividades, tanto para su comunidad como para el resto de la ciudadan\u00eda, con el objetivo de conectar, aprender y disfrutar. Consulta su eventbrite para <a href=\"https:\/\/www.eventbrite.es\/o\/the-social-hub-barcelona-poblenou-44478927173\">inscribirte y ver la agenda completa<\/a> de este mes.<\/p>\n<p>Para este mes de mayo, te recomendamos:<\/p>\n<p><strong>3 Reasons To Try 3 Days Detox Juicer<\/strong><br \/>\nViernes 17 de 19h a 20.30h @ Play Area<\/p>\n<p>Desbloquea los secretos de la vitalidad con el jugo de limpieza desintoxicante de tres d\u00edas de Flax &amp; Kale.\u00a0Durante esta sesi\u00f3n, dirigida por expertos en salud y nutrici\u00f3n, descubriremos los beneficios transformadores de la desintoxicaci\u00f3n, incluida una mejor digesti\u00f3n, niveles elevados de energ\u00eda y v\u00edas de desintoxicaci\u00f3n mejoradas. A trav\u00e9s de debates informativos y deliciosas degustaciones de muestras, emprenderemos un viaje hacia una persona m\u00e1s saludable y revitalizada.<\/p>\n<p><strong>ALPA concert &amp; brunch<\/strong><br \/>\nS\u00e1bado 18 de 12.30h a 14h<\/p>\n<p>Disfruta en The Social Hub de un brunch de s\u00e1bado con un concierto en vivo de ALPA.<\/p>\n<p><strong>Meet The Thinkers Vol.2<\/strong><br \/>\nMartes 21 de 19h a 20.30h @ Auditorioum<\/p>\n<p>No te pierdas la segunda sesi\u00f3n de Meet The Thinkers, una colaboraci\u00f3n entre Manifesta 15 Barcelona Metropolitana y The Social Hub Barcelona que consta de una serie de cuatro estimulantes conversaciones que forman parte de nuestro programa prebienal.\u00a0En el segundo cap\u00edtulo, titulado \u00abC\u00f3mo comisariar un proyecto ef\u00edmero\u00bb, participan Pepe Soler (Director del festival RZ+), Katarina Grbic (Productora del festival RZ+), Vicent Fibla (director del festival Euf\u00f2nic) y Filipa Oliveira (Mediadora creativa de Manifesta 15 Barcelona Metropolitana).<\/p>\n<p><strong>Botanical Art<\/strong><br \/>\nJueves 30 de 18h a 19.30h @ Coworking Ground Floor<\/p>\n<p>Explora el mundo de la belleza bot\u00e1nica.\u00a0Descubre una sesi\u00f3n inspiradora donde las flores reales se convierten en su musa art\u00edstica. Bajo la gu\u00eda de la artista local @ainna_art, aprender\u00e1s t\u00e9cnicas de acuarela y crear\u00e1s impresionantes pinturas florales utilizando la naturaleza como referencia.\u00a0Este taller es perfecto para todos los niveles y promete una deliciosa combinaci\u00f3n de creatividad e inspiraci\u00f3n bot\u00e1nica.<\/p>","protected":false},"excerpt":{"rendered":"<p>The Social Hub Barcelona es un espacio h\u00edbrido que combina la elegancia de un hotel, la comodidad de una residencia&#8230; <a href=\"https:\/\/poblenouurbandistrict.com\/es\/descobreix-la-programacio-de-maig-de-the-social-hub-barcelona\/\">M\u00e1s  \u2192<\/a><\/p>\n","protected":false},"author":5,"featured_media":37155,"comment_status":"closed","ping_status":"closed","sticky":false,"template":"","format":"standard","meta":{"_acf_changed":false,"footnotes":""},"categories":[3363],"tags":[],"class_list":["post-45921","post","type-post","status-publish","format-standard","has-post-thumbnail","hentry","category-places"],"acf":[],"yoast_head":"<!-- This site is optimized with the Yoast SEO plugin v27.5 - https:\/\/yoast.com\/product\/yoast-seo-wordpress\/ -->\n<title>Descubre la programaci\u00f3n de mayo de The Social Hub Barcelona &#8211; Poblenou Urban District<\/title>\n<meta name=\"robots\" content=\"index, follow, max-snippet:-1, max-image-preview:large, max-video-preview:-1\" \/>\n<link rel=\"canonical\" href=\"https:\/\/poblenouurbandistrict.com\/es\/descobreix-la-programacio-de-maig-de-the-social-hub-barcelona\/\" \/>\n<meta property=\"og:locale\" content=\"es_ES\" \/>\n<meta property=\"og:type\" content=\"article\" \/>\n<meta property=\"og:title\" content=\"Descubre la programaci\u00f3n de mayo de The Social Hub Barcelona &#8211; Poblenou Urban District\" \/>\n<meta property=\"og:description\" content=\"The Social Hub Barcelona es un espacio h\u00edbrido que combina la elegancia de un hotel, la comodidad de una residencia... M\u00e1s \u2192\" \/>\n<meta property=\"og:url\" content=\"https:\/\/poblenouurbandistrict.com\/es\/descobreix-la-programacio-de-maig-de-the-social-hub-barcelona\/\" \/>\n<meta property=\"og:site_name\" content=\"Poblenou Urban District\" \/>\n<meta property=\"article:published_time\" content=\"2024-05-16T15:43:13+00:00\" \/>\n<meta property=\"article:modified_time\" content=\"2024-05-16T15:48:31+00:00\" \/>\n<meta property=\"og:image\" content=\"https:\/\/poblenouurbandistrict.com\/wp-content\/uploads\/2023\/03\/the-social-hub-barcelona-poblenou-epigrafe-coworking-scaled.jpg\" \/>\n\t<meta property=\"og:image:width\" content=\"2560\" \/>\n\t<meta property=\"og:image:height\" content=\"1707\" \/>\n\t<meta property=\"og:image:type\" content=\"image\/jpeg\" \/>\n<meta name=\"author\" content=\"pnud\" \/>\n<meta name=\"twitter:card\" content=\"summary_large_image\" \/>\n<meta name=\"twitter:label1\" content=\"Escrito por\" \/>\n\t<meta name=\"twitter:data1\" content=\"pnud\" \/>\n\t<meta name=\"twitter:label2\" content=\"Tiempo de lectura\" \/>\n\t<meta name=\"twitter:data2\" content=\"3 minutos\" \/>\n<script type=\"application\/ld+json\" class=\"yoast-schema-graph\">{\"@context\":\"https:\\\/\\\/schema.org\",\"@graph\":[{\"@type\":\"Article\",\"@id\":\"https:\\\/\\\/poblenouurbandistrict.com\\\/descobreix-la-programacio-de-maig-de-the-social-hub-barcelona\\\/#article\",\"isPartOf\":{\"@id\":\"https:\\\/\\\/poblenouurbandistrict.com\\\/descobreix-la-programacio-de-maig-de-the-social-hub-barcelona\\\/\"},\"author\":{\"name\":\"pnud\",\"@id\":\"https:\\\/\\\/poblenouurbandistrict.com\\\/#\\\/schema\\\/person\\\/980a2cf34b399d5218205730acd54a7e\"},\"headline\":\"Descubre la programaci\u00f3n de mayo de The Social Hub Barcelona\",\"datePublished\":\"2024-05-16T15:43:13+00:00\",\"dateModified\":\"2024-05-16T15:48:31+00:00\",\"mainEntityOfPage\":{\"@id\":\"https:\\\/\\\/poblenouurbandistrict.com\\\/descobreix-la-programacio-de-maig-de-the-social-hub-barcelona\\\/\"},\"wordCount\":751,\"image\":{\"@id\":\"https:\\\/\\\/poblenouurbandistrict.com\\\/descobreix-la-programacio-de-maig-de-the-social-hub-barcelona\\\/#primaryimage\"},\"thumbnailUrl\":\"https:\\\/\\\/poblenouurbandistrict.com\\\/wp-content\\\/uploads\\\/2023\\\/03\\\/the-social-hub-barcelona-poblenou-epigrafe-coworking-scaled.jpg\",\"articleSection\":[\"Espacios\"],\"inLanguage\":\"es\"},{\"@type\":\"WebPage\",\"@id\":\"https:\\\/\\\/poblenouurbandistrict.com\\\/es\\\/descobreix-la-programacio-de-maig-de-the-social-hub-barcelona\\\/\",\"url\":\"https:\\\/\\\/poblenouurbandistrict.com\\\/es\\\/descobreix-la-programacio-de-maig-de-the-social-hub-barcelona\\\/\",\"name\":\"Descubre la programaci\u00f3n de mayo de The Social Hub Barcelona &#8211; Poblenou Urban District\",\"isPartOf\":{\"@id\":\"https:\\\/\\\/poblenouurbandistrict.com\\\/es\\\/#website\"},\"primaryImageOfPage\":{\"@id\":\"https:\\\/\\\/poblenouurbandistrict.com\\\/es\\\/descobreix-la-programacio-de-maig-de-the-social-hub-barcelona\\\/#primaryimage\"},\"image\":{\"@id\":\"https:\\\/\\\/poblenouurbandistrict.com\\\/descobreix-la-programacio-de-maig-de-the-social-hub-barcelona\\\/#primaryimage\"},\"thumbnailUrl\":\"https:\\\/\\\/poblenouurbandistrict.com\\\/wp-content\\\/uploads\\\/2023\\\/03\\\/the-social-hub-barcelona-poblenou-epigrafe-coworking-scaled.jpg\",\"datePublished\":\"2024-05-16T15:43:13+00:00\",\"dateModified\":\"2024-05-16T15:48:31+00:00\",\"author\":{\"@id\":\"https:\\\/\\\/poblenouurbandistrict.com\\\/#\\\/schema\\\/person\\\/980a2cf34b399d5218205730acd54a7e\"},\"breadcrumb\":{\"@id\":\"https:\\\/\\\/poblenouurbandistrict.com\\\/es\\\/descobreix-la-programacio-de-maig-de-the-social-hub-barcelona\\\/#breadcrumb\"},\"inLanguage\":\"es\",\"potentialAction\":[{\"@type\":\"ReadAction\",\"target\":[[\"https:\\\/\\\/poblenouurbandistrict.com\\\/es\\\/descobreix-la-programacio-de-maig-de-the-social-hub-barcelona\\\/\"]]}]},{\"@type\":\"ImageObject\",\"inLanguage\":\"es\",\"@id\":\"https:\\\/\\\/poblenouurbandistrict.com\\\/es\\\/descobreix-la-programacio-de-maig-de-the-social-hub-barcelona\\\/#primaryimage\",\"url\":\"https:\\\/\\\/poblenouurbandistrict.com\\\/wp-content\\\/uploads\\\/2023\\\/03\\\/the-social-hub-barcelona-poblenou-epigrafe-coworking-scaled.jpg\",\"contentUrl\":\"https:\\\/\\\/poblenouurbandistrict.com\\\/wp-content\\\/uploads\\\/2023\\\/03\\\/the-social-hub-barcelona-poblenou-epigrafe-coworking-scaled.jpg\",\"width\":2560,\"height\":1707},{\"@type\":\"BreadcrumbList\",\"@id\":\"https:\\\/\\\/poblenouurbandistrict.com\\\/es\\\/descobreix-la-programacio-de-maig-de-the-social-hub-barcelona\\\/#breadcrumb\",\"itemListElement\":[{\"@type\":\"ListItem\",\"position\":1,\"name\":\"Home\",\"item\":\"https:\\\/\\\/poblenouurbandistrict.com\\\/es\\\/\"},{\"@type\":\"ListItem\",\"position\":2,\"name\":\"Descobreix la programaci\u00f3 de maig de The Social Hub Barcelona\"}]},{\"@type\":\"WebSite\",\"@id\":\"https:\\\/\\\/poblenouurbandistrict.com\\\/es\\\/#website\",\"url\":\"https:\\\/\\\/poblenouurbandistrict.com\\\/es\\\/\",\"name\":\"Poblenou Urban District\",\"description\":\"Comunidad Creativa\",\"potentialAction\":[{\"@type\":\"SearchAction\",\"target\":{\"@type\":\"EntryPoint\",\"urlTemplate\":\"https:\\\/\\\/poblenouurbandistrict.com\\\/es\\\/?s={search_term_string}\"},\"query-input\":{\"@type\":\"PropertyValueSpecification\",\"valueRequired\":true,\"valueName\":\"search_term_string\"}}],\"inLanguage\":\"es\"},{\"@type\":\"Person\",\"@id\":\"https:\\\/\\\/poblenouurbandistrict.com\\\/#\\\/schema\\\/person\\\/980a2cf34b399d5218205730acd54a7e\",\"name\":\"pnud\",\"image\":{\"@type\":\"ImageObject\",\"inLanguage\":\"es\",\"@id\":\"https:\\\/\\\/secure.gravatar.com\\\/avatar\\\/67146597b405ee077a24e519f75c3e2031736596d6ce35af3a34c122c93d0d7b?s=96&d=retro&r=g\",\"url\":\"https:\\\/\\\/secure.gravatar.com\\\/avatar\\\/67146597b405ee077a24e519f75c3e2031736596d6ce35af3a34c122c93d0d7b?s=96&d=retro&r=g\",\"contentUrl\":\"https:\\\/\\\/secure.gravatar.com\\\/avatar\\\/67146597b405ee077a24e519f75c3e2031736596d6ce35af3a34c122c93d0d7b?s=96&d=retro&r=g\",\"caption\":\"pnud\"}}]}<\/script>\n<!-- \/ Yoast SEO plugin. -->","yoast_head_json":{"title":"Descubre la programaci\u00f3n de mayo de The Social Hub Barcelona &#8211; Poblenou Urban District","robots":{"index":"index","follow":"follow","max-snippet":"max-snippet:-1","max-image-preview":"max-image-preview:large","max-video-preview":"max-video-preview:-1"},"canonical":"https:\/\/poblenouurbandistrict.com\/es\/descobreix-la-programacio-de-maig-de-the-social-hub-barcelona\/","og_locale":"es_ES","og_type":"article","og_title":"Descubre la programaci\u00f3n de mayo de The Social Hub Barcelona &#8211; Poblenou Urban District","og_description":"The Social Hub Barcelona es un espacio h\u00edbrido que combina la elegancia de un hotel, la comodidad de una residencia... M\u00e1s \u2192","og_url":"https:\/\/poblenouurbandistrict.com\/es\/descobreix-la-programacio-de-maig-de-the-social-hub-barcelona\/","og_site_name":"Poblenou Urban District","article_published_time":"2024-05-16T15:43:13+00:00","article_modified_time":"2024-05-16T15:48:31+00:00","og_image":[{"width":2560,"height":1707,"url":"https:\/\/poblenouurbandistrict.com\/wp-content\/uploads\/2023\/03\/the-social-hub-barcelona-poblenou-epigrafe-coworking-scaled.jpg","type":"image\/jpeg"}],"author":"pnud","twitter_card":"summary_large_image","twitter_misc":{"Escrito por":"pnud","Tiempo de lectura":"3 minutos"},"schema":{"@context":"https:\/\/schema.org","@graph":[{"@type":"Article","@id":"https:\/\/poblenouurbandistrict.com\/descobreix-la-programacio-de-maig-de-the-social-hub-barcelona\/#article","isPartOf":{"@id":"https:\/\/poblenouurbandistrict.com\/descobreix-la-programacio-de-maig-de-the-social-hub-barcelona\/"},"author":{"name":"pnud","@id":"https:\/\/poblenouurbandistrict.com\/#\/schema\/person\/980a2cf34b399d5218205730acd54a7e"},"headline":"Descubre la programaci\u00f3n de mayo de The Social Hub Barcelona","datePublished":"2024-05-16T15:43:13+00:00","dateModified":"2024-05-16T15:48:31+00:00","mainEntityOfPage":{"@id":"https:\/\/poblenouurbandistrict.com\/descobreix-la-programacio-de-maig-de-the-social-hub-barcelona\/"},"wordCount":751,"image":{"@id":"https:\/\/poblenouurbandistrict.com\/descobreix-la-programacio-de-maig-de-the-social-hub-barcelona\/#primaryimage"},"thumbnailUrl":"https:\/\/poblenouurbandistrict.com\/wp-content\/uploads\/2023\/03\/the-social-hub-barcelona-poblenou-epigrafe-coworking-scaled.jpg","articleSection":["Espacios"],"inLanguage":"es"},{"@type":"WebPage","@id":"https:\/\/poblenouurbandistrict.com\/es\/descobreix-la-programacio-de-maig-de-the-social-hub-barcelona\/","url":"https:\/\/poblenouurbandistrict.com\/es\/descobreix-la-programacio-de-maig-de-the-social-hub-barcelona\/","name":"Descubre la programaci\u00f3n de mayo de The Social Hub Barcelona &#8211; Poblenou Urban District","isPartOf":{"@id":"https:\/\/poblenouurbandistrict.com\/es\/#website"},"primaryImageOfPage":{"@id":"https:\/\/poblenouurbandistrict.com\/es\/descobreix-la-programacio-de-maig-de-the-social-hub-barcelona\/#primaryimage"},"image":{"@id":"https:\/\/poblenouurbandistrict.com\/descobreix-la-programacio-de-maig-de-the-social-hub-barcelona\/#primaryimage"},"thumbnailUrl":"https:\/\/poblenouurbandistrict.com\/wp-content\/uploads\/2023\/03\/the-social-hub-barcelona-poblenou-epigrafe-coworking-scaled.jpg","datePublished":"2024-05-16T15:43:13+00:00","dateModified":"2024-05-16T15:48:31+00:00","author":{"@id":"https:\/\/poblenouurbandistrict.com\/#\/schema\/person\/980a2cf34b399d5218205730acd54a7e"},"breadcrumb":{"@id":"https:\/\/poblenouurbandistrict.com\/es\/descobreix-la-programacio-de-maig-de-the-social-hub-barcelona\/#breadcrumb"},"inLanguage":"es","potentialAction":[{"@type":"ReadAction","target":[["https:\/\/poblenouurbandistrict.com\/es\/descobreix-la-programacio-de-maig-de-the-social-hub-barcelona\/"]]}]},{"@type":"ImageObject","inLanguage":"es","@id":"https:\/\/poblenouurbandistrict.com\/es\/descobreix-la-programacio-de-maig-de-the-social-hub-barcelona\/#primaryimage","url":"https:\/\/poblenouurbandistrict.com\/wp-content\/uploads\/2023\/03\/the-social-hub-barcelona-poblenou-epigrafe-coworking-scaled.jpg","contentUrl":"https:\/\/poblenouurbandistrict.com\/wp-content\/uploads\/2023\/03\/the-social-hub-barcelona-poblenou-epigrafe-coworking-scaled.jpg","width":2560,"height":1707},{"@type":"BreadcrumbList","@id":"https:\/\/poblenouurbandistrict.com\/es\/descobreix-la-programacio-de-maig-de-the-social-hub-barcelona\/#breadcrumb","itemListElement":[{"@type":"ListItem","position":1,"name":"Home","item":"https:\/\/poblenouurbandistrict.com\/es\/"},{"@type":"ListItem","position":2,"name":"Descobreix la programaci\u00f3 de maig de The Social Hub Barcelona"}]},{"@type":"WebSite","@id":"https:\/\/poblenouurbandistrict.com\/es\/#website","url":"https:\/\/poblenouurbandistrict.com\/es\/","name":"Poblenou Urban District","description":"Comunidad Creativa","potentialAction":[{"@type":"SearchAction","target":{"@type":"EntryPoint","urlTemplate":"https:\/\/poblenouurbandistrict.com\/es\/?s={search_term_string}"},"query-input":{"@type":"PropertyValueSpecification","valueRequired":true,"valueName":"search_term_string"}}],"inLanguage":"es"},{"@type":"Person","@id":"https:\/\/poblenouurbandistrict.com\/#\/schema\/person\/980a2cf34b399d5218205730acd54a7e","name":"pnud","image":{"@type":"ImageObject","inLanguage":"es","@id":"https:\/\/secure.gravatar.com\/avatar\/67146597b405ee077a24e519f75c3e2031736596d6ce35af3a34c122c93d0d7b?s=96&d=retro&r=g","url":"https:\/\/secure.gravatar.com\/avatar\/67146597b405ee077a24e519f75c3e2031736596d6ce35af3a34c122c93d0d7b?s=96&d=retro&r=g","contentUrl":"https:\/\/secure.gravatar.com\/avatar\/67146597b405ee077a24e519f75c3e2031736596d6ce35af3a34c122c93d0d7b?s=96&d=retro&r=g","caption":"pnud"}}]}},"_links":{"self":[{"href":"https:\/\/poblenouurbandistrict.com\/es\/wp-json\/wp\/v2\/posts\/45921","targetHints":{"allow":["GET"]}}],"collection":[{"href":"https:\/\/poblenouurbandistrict.com\/es\/wp-json\/wp\/v2\/posts"}],"about":[{"href":"https:\/\/poblenouurbandistrict.com\/es\/wp-json\/wp\/v2\/types\/post"}],"author":[{"embeddable":true,"href":"https:\/\/poblenouurbandistrict.com\/es\/wp-json\/wp\/v2\/users\/5"}],"replies":[{"embeddable":true,"href":"https:\/\/poblenouurbandistrict.com\/es\/wp-json\/wp\/v2\/comments?post=45921"}],"version-history":[{"count":5,"href":"https:\/\/poblenouurbandistrict.com\/es\/wp-json\/wp\/v2\/posts\/45921\/revisions"}],"predecessor-version":[{"id":45930,"href":"https:\/\/poblenouurbandistrict.com\/es\/wp-json\/wp\/v2\/posts\/45921\/revisions\/45930"}],"wp:featuredmedia":[{"embeddable":true,"href":"https:\/\/poblenouurbandistrict.com\/es\/wp-json\/wp\/v2\/media\/37155"}],"wp:attachment":[{"href":"https:\/\/poblenouurbandistrict.com\/es\/wp-json\/wp\/v2\/media?parent=45921"}],"wp:term":[{"taxonomy":"category","embeddable":true,"href":"https:\/\/poblenouurbandistrict.com\/es\/wp-json\/wp\/v2\/categories?post=45921"},{"taxonomy":"post_tag","embeddable":true,"href":"https:\/\/poblenouurbandistrict.com\/es\/wp-json\/wp\/v2\/tags?post=45921"}],"curies":[{"name":"wp","href":"https:\/\/api.w.org\/{rel}","templated":true}]}}