{"id":45997,"date":"2024-05-23T12:22:20","date_gmt":"2024-05-23T10:22:20","guid":{"rendered":"https:\/\/poblenouurbandistrict.com\/?p=45997"},"modified":"2024-05-23T13:14:27","modified_gmt":"2024-05-23T11:14:27","slug":"la-nau-ens-proposa-gaudir-dels-diumenges-omplint-los-de-funk-soul-jazz-i-salsa","status":"publish","type":"post","link":"https:\/\/poblenouurbandistrict.com\/es\/la-nau-ens-proposa-gaudir-dels-diumenges-omplint-los-de-funk-soul-jazz-i-salsa\/","title":{"rendered":"La Nau nos propone disfrutar de los domingos llen\u00e1ndolos de Funk, Soul, Jazz y Salsa"},"content":{"rendered":"<p>La Nau nos propone dos conciertos los domingos <strong>26\/05<\/strong> y <strong>2\/06<\/strong> para alargar los maravillosos domingos de primavera.<\/p>\n<p>El <strong>26\/05<\/strong> puedes disfrutar del 3er cumplea\u00f1os del colectivo <strong><a href=\"https:\/\/www.instagram.com\/soullab_bcn\/\">Soul Lab<\/a><\/strong>, que naci\u00f3 a principios del 2021 poniendo en marcha una jam singular y revolucionaria, dedicada en exclusiva a la cultura Hip hop. La originalidad de sus acontecimientos se caracteriza para invitar al escenario tanto a m\u00fasicos y cantantes como bailarines, dentro de los diferentes estilos de m\u00fasica y danza urbana. Buena m\u00fasica, buen rollo, baile y energ\u00eda a para acabar la semana.<\/p>\n<p>Para celebrar su 3.\u00ba cumplea\u00f1os habr\u00e1:<\/p>\n<p>\u00b7\u00a0<strong>Crew\u00a0Session<\/strong>\u00a0(m\u00fasica en directo con los artistas de <strong><a href=\"https:\/\/www.instagram.com\/soullab_bcn\/\">Soul\u00a0Lab<\/a><\/strong>)<br \/>\n\u00b7\u00a0<strong>Jam<\/strong><br \/>\n\u00b7\u00a0<strong>Dance\u00a0Cyphers<\/strong>\u00a0con el\u00a0<em>Special\u00a0Guest<\/em>:\u00a0<strong><a href=\"https:\/\/www.instagram.com\/vibes.and.stuff.collective\/\">Vibes\u00a0&amp;\u00a0Stuff<\/a><\/strong><\/p>\n<p>Puedes comprar tus entradas a trav\u00e9s de <strong><a href=\"https:\/\/lanaubarcelona.es\/ca\/agenda\/3er-aniversario-soul-lab-26-05-2024\">este enlace<\/a><\/strong>.<\/p>\n<hr \/>\n<p>El <strong>02\/06 <a href=\"https:\/\/www.instagram.com\/guzzobcn\/\">Guzzo<\/a><\/strong> y <strong><a href=\"https:\/\/lanaubarcelona.es\/ca\/agenda\/desafinado-vol-x-latin-edition-02-06-2024\">La Nau<\/a><\/strong> se unen para crear un ciclo musical de car\u00e1cter \u00fanico en la ciudad: <strong><a href=\"https:\/\/www.instagram.com\/desafinadobcn\/\">DESAFINADO<\/a><\/strong><\/p>\n<p>Un proyecto que busca generar un encuentro art\u00edstico original y singular entre m\u00fasicos de gran talento, de horizontes y trayectorias plurales, creando un espacio abierto al di\u00e1logo y a la exploraci\u00f3n de nuevos territorios.<\/p>\n<p>La propuesta no es la de un \u00abconcierto\u00bb al uso, sino la de un \u00abencuentro esc\u00e9nico\u00bb entre artistas curiosos y \u00e1vidos de involucrarse en un proceso creativo com\u00fan, donde el p\u00fablico sea testigo del nacimiento de una obra original, nueva, viva.<\/p>\n<p><a href=\"https:\/\/www.instagram.com\/papaorbe_music\/\"><strong>PAPA ORBE\u00a0Y\u00a0LOS\u00a0CIENT\u00cdFICOS\u00a0DEL SABOR<\/strong><\/a>\u00a0feat\u00a0<strong>Alcibiades\u00a0Durruthy<\/strong><br \/>\nPapa Orbe inici\u00f3 su carrera en la legendaria formaci\u00f3n de Son Cubano de F\u00e9lix Chappott\u00edn y poco despu\u00e9s se mud\u00f3 a Colombia donde integr\u00f3 la banda de Tot\u00f3 La Momposina y trabaj\u00f3 para el sello Fuentes.<br \/>\nA finales de los 90\u2019s realiz\u00f3 varias giras por Europa y decidi\u00f3 radicarse en Barcelona donde grab\u00f3, arregl\u00f3 y toc\u00f3 para numerosas bandas y LP\u2019s como\u00a0Yoff\u00a0Tongor\u00a0de\u00a0Radio\u00a0Malanga\u00a0y\u00a0Playing\u00a0for\u00a0Change.<br \/>\nEn su \u00faltimo trabajo, titulado \u00abSabor\u00a0y\u00a0Medio\u00bb (2022), el m\u00fasico cubano vuelve a sus ra\u00edces con una vibrante combinaci\u00f3n de\u00a0cubop, ritmos latinos, y una fuerte influencia de salsa y jazz de los\u00a070s. En esta ocasi\u00f3n especial, Papa Orbe contar\u00e1 con la colaboraci\u00f3n de Pau Tarqu\u00edn &amp;\u00a0Alcibiades\u00a0Durruthy, un encuentro que promete ser inolvidable.<\/p>\n<p><strong>FRED GUZZO<\/strong><br \/>\nDesde que se convirti\u00f3 en Dj en 1986, Fred Guzzo ha definido su propio estilo dentro de la Black American Music, un viaje en el cual pasa del jazz al boogaloo, del drum&amp;bass al funk, salta del house al reggae, pasando por ritmos tropicales o africanos. Creador del sello 2siders, cofundador del m\u00edtico Caf\u00e9 Royale de Barcelona, donde estuvo pinchando y programando m\u00fasica en directo durante m\u00e1s de 14 a\u00f1os. Actualmente dirige su propio local: GUZZO, un restaurante-club que mezcla gastronom\u00eda, cultura urbana y mucha m\u00fasica con el exquisito gusto que lo distingue.<\/p>\n<p>La entrada es gratuita pero el aforo es limitado, descarga tu <strong><a href=\"https:\/\/mutick.com\/e\/desafinado-latin-edition-en-barcelona-la-nau-2\">invitaci\u00f3n aqu\u00ed<\/a><\/strong>. Se recomienda llegar pronto para asegurar el acceso.<\/p>","protected":false},"excerpt":{"rendered":"<p>La Nau nos propone dos conciertos los domingos 26\/05 y 2\/06 para alargar los maravillosos domingos de primavera. El 26\/05&#8230; <a href=\"https:\/\/poblenouurbandistrict.com\/es\/la-nau-ens-proposa-gaudir-dels-diumenges-omplint-los-de-funk-soul-jazz-i-salsa\/\">M\u00e1s  \u2192<\/a><\/p>\n","protected":false},"author":5,"featured_media":46003,"comment_status":"closed","ping_status":"closed","sticky":false,"template":"","format":"standard","meta":{"_acf_changed":false,"footnotes":""},"categories":[3348],"tags":[],"class_list":["post-45997","post","type-post","status-publish","format-standard","has-post-thumbnail","hentry","category-musica"],"acf":[],"yoast_head":"<!-- This site is optimized with the Yoast SEO plugin v27.5 - https:\/\/yoast.com\/product\/yoast-seo-wordpress\/ -->\n<title>La Nau nos propone disfrutar de los domingos llen\u00e1ndolos de Funk, Soul, Jazz y Salsa &#8211; Poblenou Urban District<\/title>\n<meta name=\"robots\" content=\"index, follow, max-snippet:-1, max-image-preview:large, max-video-preview:-1\" \/>\n<link rel=\"canonical\" href=\"https:\/\/poblenouurbandistrict.com\/es\/la-nau-ens-proposa-gaudir-dels-diumenges-omplint-los-de-funk-soul-jazz-i-salsa\/\" \/>\n<meta property=\"og:locale\" content=\"es_ES\" \/>\n<meta property=\"og:type\" content=\"article\" \/>\n<meta property=\"og:title\" content=\"La Nau nos propone disfrutar de los domingos llen\u00e1ndolos de Funk, Soul, Jazz y Salsa &#8211; Poblenou Urban District\" \/>\n<meta property=\"og:description\" content=\"La Nau nos propone dos conciertos los domingos 26\/05 y 2\/06 para alargar los maravillosos domingos de primavera. El 26\/05... M\u00e1s \u2192\" \/>\n<meta property=\"og:url\" content=\"https:\/\/poblenouurbandistrict.com\/es\/la-nau-ens-proposa-gaudir-dels-diumenges-omplint-los-de-funk-soul-jazz-i-salsa\/\" \/>\n<meta property=\"og:site_name\" content=\"Poblenou Urban District\" \/>\n<meta property=\"article:published_time\" content=\"2024-05-23T10:22:20+00:00\" \/>\n<meta property=\"article:modified_time\" content=\"2024-05-23T11:14:27+00:00\" \/>\n<meta property=\"og:image\" content=\"https:\/\/poblenouurbandistrict.com\/wp-content\/uploads\/2024\/05\/la-nau1-1.jpg\" \/>\n\t<meta property=\"og:image:width\" content=\"850\" \/>\n\t<meta property=\"og:image:height\" content=\"601\" \/>\n\t<meta property=\"og:image:type\" content=\"image\/jpeg\" \/>\n<meta name=\"author\" content=\"pnud\" \/>\n<meta name=\"twitter:card\" content=\"summary_large_image\" \/>\n<meta name=\"twitter:label1\" content=\"Escrito por\" \/>\n\t<meta name=\"twitter:data1\" content=\"pnud\" \/>\n\t<meta name=\"twitter:label2\" content=\"Tiempo de lectura\" \/>\n\t<meta name=\"twitter:data2\" content=\"1 minuto\" \/>\n<script type=\"application\/ld+json\" class=\"yoast-schema-graph\">{\"@context\":\"https:\\\/\\\/schema.org\",\"@graph\":[{\"@type\":\"Article\",\"@id\":\"https:\\\/\\\/poblenouurbandistrict.com\\\/la-nau-ens-proposa-gaudir-dels-diumenges-omplint-los-de-funk-soul-jazz-i-salsa\\\/#article\",\"isPartOf\":{\"@id\":\"https:\\\/\\\/poblenouurbandistrict.com\\\/la-nau-ens-proposa-gaudir-dels-diumenges-omplint-los-de-funk-soul-jazz-i-salsa\\\/\"},\"author\":{\"name\":\"pnud\",\"@id\":\"https:\\\/\\\/poblenouurbandistrict.com\\\/#\\\/schema\\\/person\\\/980a2cf34b399d5218205730acd54a7e\"},\"headline\":\"La Nau nos propone disfrutar de los domingos llen\u00e1ndolos de Funk, Soul, Jazz y Salsa\",\"datePublished\":\"2024-05-23T10:22:20+00:00\",\"dateModified\":\"2024-05-23T11:14:27+00:00\",\"mainEntityOfPage\":{\"@id\":\"https:\\\/\\\/poblenouurbandistrict.com\\\/la-nau-ens-proposa-gaudir-dels-diumenges-omplint-los-de-funk-soul-jazz-i-salsa\\\/\"},\"wordCount\":1072,\"image\":{\"@id\":\"https:\\\/\\\/poblenouurbandistrict.com\\\/la-nau-ens-proposa-gaudir-dels-diumenges-omplint-los-de-funk-soul-jazz-i-salsa\\\/#primaryimage\"},\"thumbnailUrl\":\"https:\\\/\\\/media.poblenouurbandistrict.com\\\/2024\\\/05\\\/25073650\\\/la-nau1-1.jpg\",\"articleSection\":[\"M\u00fasica\"],\"inLanguage\":\"es\"},{\"@type\":\"WebPage\",\"@id\":\"https:\\\/\\\/poblenouurbandistrict.com\\\/es\\\/la-nau-ens-proposa-gaudir-dels-diumenges-omplint-los-de-funk-soul-jazz-i-salsa\\\/\",\"url\":\"https:\\\/\\\/poblenouurbandistrict.com\\\/es\\\/la-nau-ens-proposa-gaudir-dels-diumenges-omplint-los-de-funk-soul-jazz-i-salsa\\\/\",\"name\":\"La Nau nos propone disfrutar de los domingos llen\u00e1ndolos de Funk, Soul, Jazz y Salsa &#8211; Poblenou Urban District\",\"isPartOf\":{\"@id\":\"https:\\\/\\\/poblenouurbandistrict.com\\\/es\\\/#website\"},\"primaryImageOfPage\":{\"@id\":\"https:\\\/\\\/poblenouurbandistrict.com\\\/es\\\/la-nau-ens-proposa-gaudir-dels-diumenges-omplint-los-de-funk-soul-jazz-i-salsa\\\/#primaryimage\"},\"image\":{\"@id\":\"https:\\\/\\\/poblenouurbandistrict.com\\\/la-nau-ens-proposa-gaudir-dels-diumenges-omplint-los-de-funk-soul-jazz-i-salsa\\\/#primaryimage\"},\"thumbnailUrl\":\"https:\\\/\\\/media.poblenouurbandistrict.com\\\/2024\\\/05\\\/25073650\\\/la-nau1-1.jpg\",\"datePublished\":\"2024-05-23T10:22:20+00:00\",\"dateModified\":\"2024-05-23T11:14:27+00:00\",\"author\":{\"@id\":\"https:\\\/\\\/poblenouurbandistrict.com\\\/#\\\/schema\\\/person\\\/980a2cf34b399d5218205730acd54a7e\"},\"breadcrumb\":{\"@id\":\"https:\\\/\\\/poblenouurbandistrict.com\\\/es\\\/la-nau-ens-proposa-gaudir-dels-diumenges-omplint-los-de-funk-soul-jazz-i-salsa\\\/#breadcrumb\"},\"inLanguage\":\"es\",\"potentialAction\":[{\"@type\":\"ReadAction\",\"target\":[[\"https:\\\/\\\/poblenouurbandistrict.com\\\/es\\\/la-nau-ens-proposa-gaudir-dels-diumenges-omplint-los-de-funk-soul-jazz-i-salsa\\\/\"]]}]},{\"@type\":\"ImageObject\",\"inLanguage\":\"es\",\"@id\":\"https:\\\/\\\/poblenouurbandistrict.com\\\/es\\\/la-nau-ens-proposa-gaudir-dels-diumenges-omplint-los-de-funk-soul-jazz-i-salsa\\\/#primaryimage\",\"url\":\"https:\\\/\\\/media.poblenouurbandistrict.com\\\/2024\\\/05\\\/25073650\\\/la-nau1-1.jpg\",\"contentUrl\":\"https:\\\/\\\/media.poblenouurbandistrict.com\\\/2024\\\/05\\\/25073650\\\/la-nau1-1.jpg\",\"width\":850,\"height\":601},{\"@type\":\"BreadcrumbList\",\"@id\":\"https:\\\/\\\/poblenouurbandistrict.com\\\/es\\\/la-nau-ens-proposa-gaudir-dels-diumenges-omplint-los-de-funk-soul-jazz-i-salsa\\\/#breadcrumb\",\"itemListElement\":[{\"@type\":\"ListItem\",\"position\":1,\"name\":\"Home\",\"item\":\"https:\\\/\\\/poblenouurbandistrict.com\\\/es\\\/\"},{\"@type\":\"ListItem\",\"position\":2,\"name\":\"La Nau ens proposa gaudir dels diumenges omplint-los de Funk, Soul, Jazz i Salsa\"}]},{\"@type\":\"WebSite\",\"@id\":\"https:\\\/\\\/poblenouurbandistrict.com\\\/es\\\/#website\",\"url\":\"https:\\\/\\\/poblenouurbandistrict.com\\\/es\\\/\",\"name\":\"Poblenou Urban District\",\"description\":\"Comunidad Creativa\",\"potentialAction\":[{\"@type\":\"SearchAction\",\"target\":{\"@type\":\"EntryPoint\",\"urlTemplate\":\"https:\\\/\\\/poblenouurbandistrict.com\\\/es\\\/?s={search_term_string}\"},\"query-input\":{\"@type\":\"PropertyValueSpecification\",\"valueRequired\":true,\"valueName\":\"search_term_string\"}}],\"inLanguage\":\"es\"},{\"@type\":\"Person\",\"@id\":\"https:\\\/\\\/poblenouurbandistrict.com\\\/#\\\/schema\\\/person\\\/980a2cf34b399d5218205730acd54a7e\",\"name\":\"pnud\",\"image\":{\"@type\":\"ImageObject\",\"inLanguage\":\"es\",\"@id\":\"https:\\\/\\\/secure.gravatar.com\\\/avatar\\\/67146597b405ee077a24e519f75c3e2031736596d6ce35af3a34c122c93d0d7b?s=96&d=retro&r=g\",\"url\":\"https:\\\/\\\/secure.gravatar.com\\\/avatar\\\/67146597b405ee077a24e519f75c3e2031736596d6ce35af3a34c122c93d0d7b?s=96&d=retro&r=g\",\"contentUrl\":\"https:\\\/\\\/secure.gravatar.com\\\/avatar\\\/67146597b405ee077a24e519f75c3e2031736596d6ce35af3a34c122c93d0d7b?s=96&d=retro&r=g\",\"caption\":\"pnud\"}}]}<\/script>\n<!-- \/ Yoast SEO plugin. -->","yoast_head_json":{"title":"La Nau nos propone disfrutar de los domingos llen\u00e1ndolos de Funk, Soul, Jazz y Salsa &#8211; Poblenou Urban District","robots":{"index":"index","follow":"follow","max-snippet":"max-snippet:-1","max-image-preview":"max-image-preview:large","max-video-preview":"max-video-preview:-1"},"canonical":"https:\/\/poblenouurbandistrict.com\/es\/la-nau-ens-proposa-gaudir-dels-diumenges-omplint-los-de-funk-soul-jazz-i-salsa\/","og_locale":"es_ES","og_type":"article","og_title":"La Nau nos propone disfrutar de los domingos llen\u00e1ndolos de Funk, Soul, Jazz y Salsa &#8211; Poblenou Urban District","og_description":"La Nau nos propone dos conciertos los domingos 26\/05 y 2\/06 para alargar los maravillosos domingos de primavera. El 26\/05... M\u00e1s \u2192","og_url":"https:\/\/poblenouurbandistrict.com\/es\/la-nau-ens-proposa-gaudir-dels-diumenges-omplint-los-de-funk-soul-jazz-i-salsa\/","og_site_name":"Poblenou Urban District","article_published_time":"2024-05-23T10:22:20+00:00","article_modified_time":"2024-05-23T11:14:27+00:00","og_image":[{"width":850,"height":601,"url":"https:\/\/poblenouurbandistrict.com\/wp-content\/uploads\/2024\/05\/la-nau1-1.jpg","type":"image\/jpeg"}],"author":"pnud","twitter_card":"summary_large_image","twitter_misc":{"Escrito por":"pnud","Tiempo de lectura":"1 minuto"},"schema":{"@context":"https:\/\/schema.org","@graph":[{"@type":"Article","@id":"https:\/\/poblenouurbandistrict.com\/la-nau-ens-proposa-gaudir-dels-diumenges-omplint-los-de-funk-soul-jazz-i-salsa\/#article","isPartOf":{"@id":"https:\/\/poblenouurbandistrict.com\/la-nau-ens-proposa-gaudir-dels-diumenges-omplint-los-de-funk-soul-jazz-i-salsa\/"},"author":{"name":"pnud","@id":"https:\/\/poblenouurbandistrict.com\/#\/schema\/person\/980a2cf34b399d5218205730acd54a7e"},"headline":"La Nau nos propone disfrutar de los domingos llen\u00e1ndolos de Funk, Soul, Jazz y Salsa","datePublished":"2024-05-23T10:22:20+00:00","dateModified":"2024-05-23T11:14:27+00:00","mainEntityOfPage":{"@id":"https:\/\/poblenouurbandistrict.com\/la-nau-ens-proposa-gaudir-dels-diumenges-omplint-los-de-funk-soul-jazz-i-salsa\/"},"wordCount":1072,"image":{"@id":"https:\/\/poblenouurbandistrict.com\/la-nau-ens-proposa-gaudir-dels-diumenges-omplint-los-de-funk-soul-jazz-i-salsa\/#primaryimage"},"thumbnailUrl":"https:\/\/media.poblenouurbandistrict.com\/2024\/05\/25073650\/la-nau1-1.jpg","articleSection":["M\u00fasica"],"inLanguage":"es"},{"@type":"WebPage","@id":"https:\/\/poblenouurbandistrict.com\/es\/la-nau-ens-proposa-gaudir-dels-diumenges-omplint-los-de-funk-soul-jazz-i-salsa\/","url":"https:\/\/poblenouurbandistrict.com\/es\/la-nau-ens-proposa-gaudir-dels-diumenges-omplint-los-de-funk-soul-jazz-i-salsa\/","name":"La Nau nos propone disfrutar de los domingos llen\u00e1ndolos de Funk, Soul, Jazz y Salsa &#8211; Poblenou Urban District","isPartOf":{"@id":"https:\/\/poblenouurbandistrict.com\/es\/#website"},"primaryImageOfPage":{"@id":"https:\/\/poblenouurbandistrict.com\/es\/la-nau-ens-proposa-gaudir-dels-diumenges-omplint-los-de-funk-soul-jazz-i-salsa\/#primaryimage"},"image":{"@id":"https:\/\/poblenouurbandistrict.com\/la-nau-ens-proposa-gaudir-dels-diumenges-omplint-los-de-funk-soul-jazz-i-salsa\/#primaryimage"},"thumbnailUrl":"https:\/\/media.poblenouurbandistrict.com\/2024\/05\/25073650\/la-nau1-1.jpg","datePublished":"2024-05-23T10:22:20+00:00","dateModified":"2024-05-23T11:14:27+00:00","author":{"@id":"https:\/\/poblenouurbandistrict.com\/#\/schema\/person\/980a2cf34b399d5218205730acd54a7e"},"breadcrumb":{"@id":"https:\/\/poblenouurbandistrict.com\/es\/la-nau-ens-proposa-gaudir-dels-diumenges-omplint-los-de-funk-soul-jazz-i-salsa\/#breadcrumb"},"inLanguage":"es","potentialAction":[{"@type":"ReadAction","target":[["https:\/\/poblenouurbandistrict.com\/es\/la-nau-ens-proposa-gaudir-dels-diumenges-omplint-los-de-funk-soul-jazz-i-salsa\/"]]}]},{"@type":"ImageObject","inLanguage":"es","@id":"https:\/\/poblenouurbandistrict.com\/es\/la-nau-ens-proposa-gaudir-dels-diumenges-omplint-los-de-funk-soul-jazz-i-salsa\/#primaryimage","url":"https:\/\/media.poblenouurbandistrict.com\/2024\/05\/25073650\/la-nau1-1.jpg","contentUrl":"https:\/\/media.poblenouurbandistrict.com\/2024\/05\/25073650\/la-nau1-1.jpg","width":850,"height":601},{"@type":"BreadcrumbList","@id":"https:\/\/poblenouurbandistrict.com\/es\/la-nau-ens-proposa-gaudir-dels-diumenges-omplint-los-de-funk-soul-jazz-i-salsa\/#breadcrumb","itemListElement":[{"@type":"ListItem","position":1,"name":"Home","item":"https:\/\/poblenouurbandistrict.com\/es\/"},{"@type":"ListItem","position":2,"name":"La Nau ens proposa gaudir dels diumenges omplint-los de Funk, Soul, Jazz i Salsa"}]},{"@type":"WebSite","@id":"https:\/\/poblenouurbandistrict.com\/es\/#website","url":"https:\/\/poblenouurbandistrict.com\/es\/","name":"Poblenou Urban District","description":"Comunidad Creativa","potentialAction":[{"@type":"SearchAction","target":{"@type":"EntryPoint","urlTemplate":"https:\/\/poblenouurbandistrict.com\/es\/?s={search_term_string}"},"query-input":{"@type":"PropertyValueSpecification","valueRequired":true,"valueName":"search_term_string"}}],"inLanguage":"es"},{"@type":"Person","@id":"https:\/\/poblenouurbandistrict.com\/#\/schema\/person\/980a2cf34b399d5218205730acd54a7e","name":"pnud","image":{"@type":"ImageObject","inLanguage":"es","@id":"https:\/\/secure.gravatar.com\/avatar\/67146597b405ee077a24e519f75c3e2031736596d6ce35af3a34c122c93d0d7b?s=96&d=retro&r=g","url":"https:\/\/secure.gravatar.com\/avatar\/67146597b405ee077a24e519f75c3e2031736596d6ce35af3a34c122c93d0d7b?s=96&d=retro&r=g","contentUrl":"https:\/\/secure.gravatar.com\/avatar\/67146597b405ee077a24e519f75c3e2031736596d6ce35af3a34c122c93d0d7b?s=96&d=retro&r=g","caption":"pnud"}}]}},"_links":{"self":[{"href":"https:\/\/poblenouurbandistrict.com\/es\/wp-json\/wp\/v2\/posts\/45997","targetHints":{"allow":["GET"]}}],"collection":[{"href":"https:\/\/poblenouurbandistrict.com\/es\/wp-json\/wp\/v2\/posts"}],"about":[{"href":"https:\/\/poblenouurbandistrict.com\/es\/wp-json\/wp\/v2\/types\/post"}],"author":[{"embeddable":true,"href":"https:\/\/poblenouurbandistrict.com\/es\/wp-json\/wp\/v2\/users\/5"}],"replies":[{"embeddable":true,"href":"https:\/\/poblenouurbandistrict.com\/es\/wp-json\/wp\/v2\/comments?post=45997"}],"version-history":[{"count":5,"href":"https:\/\/poblenouurbandistrict.com\/es\/wp-json\/wp\/v2\/posts\/45997\/revisions"}],"predecessor-version":[{"id":46023,"href":"https:\/\/poblenouurbandistrict.com\/es\/wp-json\/wp\/v2\/posts\/45997\/revisions\/46023"}],"wp:featuredmedia":[{"embeddable":true,"href":"https:\/\/poblenouurbandistrict.com\/es\/wp-json\/wp\/v2\/media\/46003"}],"wp:attachment":[{"href":"https:\/\/poblenouurbandistrict.com\/es\/wp-json\/wp\/v2\/media?parent=45997"}],"wp:term":[{"taxonomy":"category","embeddable":true,"href":"https:\/\/poblenouurbandistrict.com\/es\/wp-json\/wp\/v2\/categories?post=45997"},{"taxonomy":"post_tag","embeddable":true,"href":"https:\/\/poblenouurbandistrict.com\/es\/wp-json\/wp\/v2\/tags?post=45997"}],"curies":[{"name":"wp","href":"https:\/\/api.w.org\/{rel}","templated":true}]}}