{"id":46016,"date":"2024-05-23T13:36:05","date_gmt":"2024-05-23T11:36:05","guid":{"rendered":"https:\/\/poblenouurbandistrict.com\/?p=46016"},"modified":"2024-05-23T13:43:27","modified_gmt":"2024-05-23T11:43:27","slug":"iaac-organitza-dues-conferencies-iaac-lecture-series-i-presenta-la-seva-beca-new-european-bauhaus-academy","status":"publish","type":"post","link":"https:\/\/poblenouurbandistrict.com\/es\/iaac-organitza-dues-conferencies-iaac-lecture-series-i-presenta-la-seva-beca-new-european-bauhaus-academy\/","title":{"rendered":"IAAC organiza dos conferencias IAAC Lecture Series y presenta su beca New European Bauhaus Academy"},"content":{"rendered":"<p><span style=\"font-weight: 400;\">Para finalizar el a\u00f1o acad\u00e9mico IAAC Barcelona ha programado dos conferencias dentro de su ciclo IAAC Lecture Series.<\/span><\/p>\n<h4><a href=\"https:\/\/iaac.net\/iaac-lecture-series-michael-green\/\"><strong>El 30 de mayo, 18h: IAAC Lecture Series &#8211; Michael Green<\/strong><\/a><\/h4>\n<p><span style=\"font-weight: 400;\">La revoluci\u00f3n natural: C\u00f3mo la madera maciza est\u00e1 transformando nuestro mundo. En este interesante debate, Michael Green, Kelly \u00c1lvarez Doran y Mar\u00eda Mora, de MGA, mostrar\u00e1n ejemplos construidos y no construidos de c\u00f3mo la madera maciza est\u00e1 cambiando los horizontes de las ciudades de todo el mundo y c\u00f3mo este material desempe\u00f1a un papel fundamental en la descarbonizaci\u00f3n de nuestro medio ambiente y en la creaci\u00f3n de entornos urbanos seguros, asequibles, pr\u00e1cticos y transformadores.<\/span><\/p>\n<h4><a href=\"https:\/\/iaac.net\/iaac-closing-lecture\/\"><strong>El 4 de junio, 19h: IAAC Lecture Series \u2013 Ensamble Studio<\/strong><\/a><\/h4>\n<p><span style=\"font-weight: 400;\">Ensamble Studio es un equipo multidisciplinar fundado en 2000 y dirigido por los arquitectos Ant\u00f3n Garc\u00eda-Abril y D\u00e9bora Mesa. Uniendo arte y ciencia, su trabajo innova tipolog\u00edas, tecnolog\u00edas y metodolog\u00edas para construir arquitectura, espacios urbanos y paisajes. Desde sus primeras obras -Sede de la SGAE, Casa Hemeroscopium o La Trufa en Espa\u00f1a- hasta las m\u00e1s recientes -Ensamble Fabrica en Madrid y Ca&#8217;n Terra en Menorca, Espa\u00f1a-, cada proyecto da cabida a la experimentaci\u00f3n con el objetivo de avanzar en su campo. Actualmente, a trav\u00e9s de su startup WoHo, se dedican a aumentar la calidad de la arquitectura haci\u00e9ndola m\u00e1s asequible mediante la integraci\u00f3n de tecnolog\u00edas offsite, y m\u00e1s sostenible mediante el dise\u00f1o cuidadoso de materiales, sistemas y procesos.<\/span><\/p>\n<h4><a href=\"https:\/\/iaac.net\/iaac-new-european-bauhaus-academy-scholarships\/\"><strong>Becas IAAC New European Bauhaus Academy Scholarships<\/strong><\/a><\/h4>\n<p><span style=\"font-weight: 400;\">Adem\u00e1s, han lanzado las becas <\/span><span style=\"font-weight: 400;\">IAAC New European Bauhaus Academy Scholarships, que se pueden solicitar a trav\u00e9s del <\/span><a href=\"https:\/\/iaac.net\/application-portal\/\"><span style=\"font-weight: 400;\">aplicativo<\/span><\/a><span style=\"font-weight: 400;\"> de su web hasta el 15 de junio.<\/span><\/p>\n<p><span style=\"font-weight: 400;\">Con el objetivo de crear nuevas oportunidades para los estudiantes que aspiran a dar forma al futuro de la arquitectura, el dise\u00f1o y el urbanismo de acuerdo con los principios de la NEB. Como centro clave de investigaci\u00f3n y desarrollo para proyectos financiados por la Comisi\u00f3n Europea, el IAAC pretende apoyar a los aspirantes a agentes del cambio de todo el mundo.<\/span><\/p>\n<p><span style=\"font-weight: 400;\">La Beca NEB Academy financiar\u00e1 a los solicitantes cualificados que deseen estudiar en el IAAC con descuentos de hasta el 50% de la matr\u00edcula para los Programas Educativos que se enumeran a continuaci\u00f3n.<\/span><\/p>\n<p><span style=\"font-weight: 400;\">&#8211; M\u00e1ster en Arquitectura Avanzada &#8211; MAA<\/span><\/p>\n<p><span style=\"font-weight: 400;\">&#8211; M\u00e1ster en Ciudad y Tecnolog\u00eda &#8211; MaCT<\/span><\/p>\n<p><span style=\"font-weight: 400;\">&#8211; M\u00e1ster en Edificios Ecol\u00f3gicos Avanzados y Biociudades &#8211; MAEBB<\/span><\/p>\n<p><span style=\"font-weight: 400;\">&#8211; M\u00e1ster en Rob\u00f3tica y Construcci\u00f3n Avanzada &#8211; MRAC<\/span><\/p>\n<p><span style=\"font-weight: 400;\">&#8211; M\u00e1ster en Inteligencia Artificial para la Arquitectura y el Entorno Construido &#8211; MaAI<\/span><\/p>\n<p><span style=\"font-weight: 400;\">&#8211; M\u00e1ster en Dise\u00f1o para Futuros Emergentes &#8211; MDEF<\/span><\/p>\n<p><span style=\"font-weight: 400;\">&#8211; Postgrado en Arquitectura Impresa en 3D &#8211; 3DPA<\/span><\/p>","protected":false},"excerpt":{"rendered":"<p>Para finalizar el a\u00f1o acad\u00e9mico IAAC Barcelona ha programado dos conferencias dentro de su ciclo IAAC Lecture Series. El 30&#8230; <a href=\"https:\/\/poblenouurbandistrict.com\/es\/iaac-organitza-dues-conferencies-iaac-lecture-series-i-presenta-la-seva-beca-new-european-bauhaus-academy\/\">M\u00e1s  \u2192<\/a><\/p>\n","protected":false},"author":5,"featured_media":46031,"comment_status":"closed","ping_status":"closed","sticky":false,"template":"","format":"standard","meta":{"_acf_changed":false,"footnotes":""},"categories":[3345],"tags":[],"class_list":["post-46016","post","type-post","status-publish","format-standard","has-post-thumbnail","hentry","category-formacion"],"acf":[],"yoast_head":"<!-- This site is optimized with the Yoast SEO plugin v27.5 - https:\/\/yoast.com\/product\/yoast-seo-wordpress\/ -->\n<title>IAAC organiza dos conferencias IAAC Lecture Series y presenta su beca New European Bauhaus Academy &#8211; Poblenou Urban District<\/title>\n<meta name=\"robots\" content=\"index, follow, max-snippet:-1, max-image-preview:large, max-video-preview:-1\" \/>\n<link rel=\"canonical\" href=\"https:\/\/poblenouurbandistrict.com\/es\/iaac-organitza-dues-conferencies-iaac-lecture-series-i-presenta-la-seva-beca-new-european-bauhaus-academy\/\" \/>\n<meta property=\"og:locale\" content=\"es_ES\" \/>\n<meta property=\"og:type\" content=\"article\" \/>\n<meta property=\"og:title\" content=\"IAAC organiza dos conferencias IAAC Lecture Series y presenta su beca New European Bauhaus Academy &#8211; Poblenou Urban District\" \/>\n<meta property=\"og:description\" content=\"Para finalizar el a\u00f1o acad\u00e9mico IAAC Barcelona ha programado dos conferencias dentro de su ciclo IAAC Lecture Series. El 30... M\u00e1s \u2192\" \/>\n<meta property=\"og:url\" content=\"https:\/\/poblenouurbandistrict.com\/es\/iaac-organitza-dues-conferencies-iaac-lecture-series-i-presenta-la-seva-beca-new-european-bauhaus-academy\/\" \/>\n<meta property=\"og:site_name\" content=\"Poblenou Urban District\" \/>\n<meta property=\"article:published_time\" content=\"2024-05-23T11:36:05+00:00\" \/>\n<meta property=\"article:modified_time\" content=\"2024-05-23T11:43:27+00:00\" \/>\n<meta property=\"og:image\" content=\"https:\/\/poblenouurbandistrict.com\/wp-content\/uploads\/2024\/05\/copy-of-neb-ig-grid.png\" \/>\n\t<meta property=\"og:image:width\" content=\"972\" \/>\n\t<meta property=\"og:image:height\" content=\"520\" \/>\n\t<meta property=\"og:image:type\" content=\"image\/png\" \/>\n<meta name=\"author\" content=\"pnud\" \/>\n<meta name=\"twitter:card\" content=\"summary_large_image\" \/>\n<meta name=\"twitter:label1\" content=\"Escrito por\" \/>\n\t<meta name=\"twitter:data1\" content=\"pnud\" \/>\n\t<meta name=\"twitter:label2\" content=\"Tiempo de lectura\" \/>\n\t<meta name=\"twitter:data2\" content=\"3 minutos\" \/>\n<script type=\"application\/ld+json\" class=\"yoast-schema-graph\">{\"@context\":\"https:\\\/\\\/schema.org\",\"@graph\":[{\"@type\":\"Article\",\"@id\":\"https:\\\/\\\/poblenouurbandistrict.com\\\/iaac-organitza-dues-conferencies-iaac-lecture-series-i-presenta-la-seva-beca-new-european-bauhaus-academy\\\/#article\",\"isPartOf\":{\"@id\":\"https:\\\/\\\/poblenouurbandistrict.com\\\/iaac-organitza-dues-conferencies-iaac-lecture-series-i-presenta-la-seva-beca-new-european-bauhaus-academy\\\/\"},\"author\":{\"name\":\"pnud\",\"@id\":\"https:\\\/\\\/poblenouurbandistrict.com\\\/#\\\/schema\\\/person\\\/980a2cf34b399d5218205730acd54a7e\"},\"headline\":\"IAAC organiza dos conferencias IAAC Lecture Series y presenta su beca New European Bauhaus Academy\",\"datePublished\":\"2024-05-23T11:36:05+00:00\",\"dateModified\":\"2024-05-23T11:43:27+00:00\",\"mainEntityOfPage\":{\"@id\":\"https:\\\/\\\/poblenouurbandistrict.com\\\/iaac-organitza-dues-conferencies-iaac-lecture-series-i-presenta-la-seva-beca-new-european-bauhaus-academy\\\/\"},\"wordCount\":984,\"image\":{\"@id\":\"https:\\\/\\\/poblenouurbandistrict.com\\\/iaac-organitza-dues-conferencies-iaac-lecture-series-i-presenta-la-seva-beca-new-european-bauhaus-academy\\\/#primaryimage\"},\"thumbnailUrl\":\"https:\\\/\\\/media.poblenouurbandistrict.com\\\/2024\\\/05\\\/25073705\\\/copy-of-neb-ig-grid.png\",\"articleSection\":[\"Formaci\u00f3n\"],\"inLanguage\":\"es\"},{\"@type\":\"WebPage\",\"@id\":\"https:\\\/\\\/poblenouurbandistrict.com\\\/es\\\/iaac-organitza-dues-conferencies-iaac-lecture-series-i-presenta-la-seva-beca-new-european-bauhaus-academy\\\/\",\"url\":\"https:\\\/\\\/poblenouurbandistrict.com\\\/es\\\/iaac-organitza-dues-conferencies-iaac-lecture-series-i-presenta-la-seva-beca-new-european-bauhaus-academy\\\/\",\"name\":\"IAAC organiza dos conferencias IAAC Lecture Series y presenta su beca New European Bauhaus Academy &#8211; Poblenou Urban District\",\"isPartOf\":{\"@id\":\"https:\\\/\\\/poblenouurbandistrict.com\\\/es\\\/#website\"},\"primaryImageOfPage\":{\"@id\":\"https:\\\/\\\/poblenouurbandistrict.com\\\/es\\\/iaac-organitza-dues-conferencies-iaac-lecture-series-i-presenta-la-seva-beca-new-european-bauhaus-academy\\\/#primaryimage\"},\"image\":{\"@id\":\"https:\\\/\\\/poblenouurbandistrict.com\\\/iaac-organitza-dues-conferencies-iaac-lecture-series-i-presenta-la-seva-beca-new-european-bauhaus-academy\\\/#primaryimage\"},\"thumbnailUrl\":\"https:\\\/\\\/media.poblenouurbandistrict.com\\\/2024\\\/05\\\/25073705\\\/copy-of-neb-ig-grid.png\",\"datePublished\":\"2024-05-23T11:36:05+00:00\",\"dateModified\":\"2024-05-23T11:43:27+00:00\",\"author\":{\"@id\":\"https:\\\/\\\/poblenouurbandistrict.com\\\/#\\\/schema\\\/person\\\/980a2cf34b399d5218205730acd54a7e\"},\"breadcrumb\":{\"@id\":\"https:\\\/\\\/poblenouurbandistrict.com\\\/es\\\/iaac-organitza-dues-conferencies-iaac-lecture-series-i-presenta-la-seva-beca-new-european-bauhaus-academy\\\/#breadcrumb\"},\"inLanguage\":\"es\",\"potentialAction\":[{\"@type\":\"ReadAction\",\"target\":[[\"https:\\\/\\\/poblenouurbandistrict.com\\\/es\\\/iaac-organitza-dues-conferencies-iaac-lecture-series-i-presenta-la-seva-beca-new-european-bauhaus-academy\\\/\"]]}]},{\"@type\":\"ImageObject\",\"inLanguage\":\"es\",\"@id\":\"https:\\\/\\\/poblenouurbandistrict.com\\\/es\\\/iaac-organitza-dues-conferencies-iaac-lecture-series-i-presenta-la-seva-beca-new-european-bauhaus-academy\\\/#primaryimage\",\"url\":\"https:\\\/\\\/media.poblenouurbandistrict.com\\\/2024\\\/05\\\/25073705\\\/copy-of-neb-ig-grid.png\",\"contentUrl\":\"https:\\\/\\\/media.poblenouurbandistrict.com\\\/2024\\\/05\\\/25073705\\\/copy-of-neb-ig-grid.png\",\"width\":972,\"height\":520},{\"@type\":\"BreadcrumbList\",\"@id\":\"https:\\\/\\\/poblenouurbandistrict.com\\\/es\\\/iaac-organitza-dues-conferencies-iaac-lecture-series-i-presenta-la-seva-beca-new-european-bauhaus-academy\\\/#breadcrumb\",\"itemListElement\":[{\"@type\":\"ListItem\",\"position\":1,\"name\":\"Home\",\"item\":\"https:\\\/\\\/poblenouurbandistrict.com\\\/es\\\/\"},{\"@type\":\"ListItem\",\"position\":2,\"name\":\"IAAC organiza dos conferencias IAAC Lecture Series y presenta su beca New European Bauhaus Academy\"}]},{\"@type\":\"WebSite\",\"@id\":\"https:\\\/\\\/poblenouurbandistrict.com\\\/es\\\/#website\",\"url\":\"https:\\\/\\\/poblenouurbandistrict.com\\\/es\\\/\",\"name\":\"Poblenou Urban District\",\"description\":\"Comunidad Creativa\",\"potentialAction\":[{\"@type\":\"SearchAction\",\"target\":{\"@type\":\"EntryPoint\",\"urlTemplate\":\"https:\\\/\\\/poblenouurbandistrict.com\\\/es\\\/?s={search_term_string}\"},\"query-input\":{\"@type\":\"PropertyValueSpecification\",\"valueRequired\":true,\"valueName\":\"search_term_string\"}}],\"inLanguage\":\"es\"},{\"@type\":\"Person\",\"@id\":\"https:\\\/\\\/poblenouurbandistrict.com\\\/#\\\/schema\\\/person\\\/980a2cf34b399d5218205730acd54a7e\",\"name\":\"pnud\",\"image\":{\"@type\":\"ImageObject\",\"inLanguage\":\"es\",\"@id\":\"https:\\\/\\\/secure.gravatar.com\\\/avatar\\\/67146597b405ee077a24e519f75c3e2031736596d6ce35af3a34c122c93d0d7b?s=96&d=retro&r=g\",\"url\":\"https:\\\/\\\/secure.gravatar.com\\\/avatar\\\/67146597b405ee077a24e519f75c3e2031736596d6ce35af3a34c122c93d0d7b?s=96&d=retro&r=g\",\"contentUrl\":\"https:\\\/\\\/secure.gravatar.com\\\/avatar\\\/67146597b405ee077a24e519f75c3e2031736596d6ce35af3a34c122c93d0d7b?s=96&d=retro&r=g\",\"caption\":\"pnud\"}}]}<\/script>\n<!-- \/ Yoast SEO plugin. -->","yoast_head_json":{"title":"IAAC organiza dos conferencias IAAC Lecture Series y presenta su beca New European Bauhaus Academy &#8211; Poblenou Urban District","robots":{"index":"index","follow":"follow","max-snippet":"max-snippet:-1","max-image-preview":"max-image-preview:large","max-video-preview":"max-video-preview:-1"},"canonical":"https:\/\/poblenouurbandistrict.com\/es\/iaac-organitza-dues-conferencies-iaac-lecture-series-i-presenta-la-seva-beca-new-european-bauhaus-academy\/","og_locale":"es_ES","og_type":"article","og_title":"IAAC organiza dos conferencias IAAC Lecture Series y presenta su beca New European Bauhaus Academy &#8211; Poblenou Urban District","og_description":"Para finalizar el a\u00f1o acad\u00e9mico IAAC Barcelona ha programado dos conferencias dentro de su ciclo IAAC Lecture Series. El 30... M\u00e1s \u2192","og_url":"https:\/\/poblenouurbandistrict.com\/es\/iaac-organitza-dues-conferencies-iaac-lecture-series-i-presenta-la-seva-beca-new-european-bauhaus-academy\/","og_site_name":"Poblenou Urban District","article_published_time":"2024-05-23T11:36:05+00:00","article_modified_time":"2024-05-23T11:43:27+00:00","og_image":[{"width":972,"height":520,"url":"https:\/\/poblenouurbandistrict.com\/wp-content\/uploads\/2024\/05\/copy-of-neb-ig-grid.png","type":"image\/png"}],"author":"pnud","twitter_card":"summary_large_image","twitter_misc":{"Escrito por":"pnud","Tiempo de lectura":"3 minutos"},"schema":{"@context":"https:\/\/schema.org","@graph":[{"@type":"Article","@id":"https:\/\/poblenouurbandistrict.com\/iaac-organitza-dues-conferencies-iaac-lecture-series-i-presenta-la-seva-beca-new-european-bauhaus-academy\/#article","isPartOf":{"@id":"https:\/\/poblenouurbandistrict.com\/iaac-organitza-dues-conferencies-iaac-lecture-series-i-presenta-la-seva-beca-new-european-bauhaus-academy\/"},"author":{"name":"pnud","@id":"https:\/\/poblenouurbandistrict.com\/#\/schema\/person\/980a2cf34b399d5218205730acd54a7e"},"headline":"IAAC organiza dos conferencias IAAC Lecture Series y presenta su beca New European Bauhaus Academy","datePublished":"2024-05-23T11:36:05+00:00","dateModified":"2024-05-23T11:43:27+00:00","mainEntityOfPage":{"@id":"https:\/\/poblenouurbandistrict.com\/iaac-organitza-dues-conferencies-iaac-lecture-series-i-presenta-la-seva-beca-new-european-bauhaus-academy\/"},"wordCount":984,"image":{"@id":"https:\/\/poblenouurbandistrict.com\/iaac-organitza-dues-conferencies-iaac-lecture-series-i-presenta-la-seva-beca-new-european-bauhaus-academy\/#primaryimage"},"thumbnailUrl":"https:\/\/media.poblenouurbandistrict.com\/2024\/05\/25073705\/copy-of-neb-ig-grid.png","articleSection":["Formaci\u00f3n"],"inLanguage":"es"},{"@type":"WebPage","@id":"https:\/\/poblenouurbandistrict.com\/es\/iaac-organitza-dues-conferencies-iaac-lecture-series-i-presenta-la-seva-beca-new-european-bauhaus-academy\/","url":"https:\/\/poblenouurbandistrict.com\/es\/iaac-organitza-dues-conferencies-iaac-lecture-series-i-presenta-la-seva-beca-new-european-bauhaus-academy\/","name":"IAAC organiza dos conferencias IAAC Lecture Series y presenta su beca New European Bauhaus Academy &#8211; Poblenou Urban District","isPartOf":{"@id":"https:\/\/poblenouurbandistrict.com\/es\/#website"},"primaryImageOfPage":{"@id":"https:\/\/poblenouurbandistrict.com\/es\/iaac-organitza-dues-conferencies-iaac-lecture-series-i-presenta-la-seva-beca-new-european-bauhaus-academy\/#primaryimage"},"image":{"@id":"https:\/\/poblenouurbandistrict.com\/iaac-organitza-dues-conferencies-iaac-lecture-series-i-presenta-la-seva-beca-new-european-bauhaus-academy\/#primaryimage"},"thumbnailUrl":"https:\/\/media.poblenouurbandistrict.com\/2024\/05\/25073705\/copy-of-neb-ig-grid.png","datePublished":"2024-05-23T11:36:05+00:00","dateModified":"2024-05-23T11:43:27+00:00","author":{"@id":"https:\/\/poblenouurbandistrict.com\/#\/schema\/person\/980a2cf34b399d5218205730acd54a7e"},"breadcrumb":{"@id":"https:\/\/poblenouurbandistrict.com\/es\/iaac-organitza-dues-conferencies-iaac-lecture-series-i-presenta-la-seva-beca-new-european-bauhaus-academy\/#breadcrumb"},"inLanguage":"es","potentialAction":[{"@type":"ReadAction","target":[["https:\/\/poblenouurbandistrict.com\/es\/iaac-organitza-dues-conferencies-iaac-lecture-series-i-presenta-la-seva-beca-new-european-bauhaus-academy\/"]]}]},{"@type":"ImageObject","inLanguage":"es","@id":"https:\/\/poblenouurbandistrict.com\/es\/iaac-organitza-dues-conferencies-iaac-lecture-series-i-presenta-la-seva-beca-new-european-bauhaus-academy\/#primaryimage","url":"https:\/\/media.poblenouurbandistrict.com\/2024\/05\/25073705\/copy-of-neb-ig-grid.png","contentUrl":"https:\/\/media.poblenouurbandistrict.com\/2024\/05\/25073705\/copy-of-neb-ig-grid.png","width":972,"height":520},{"@type":"BreadcrumbList","@id":"https:\/\/poblenouurbandistrict.com\/es\/iaac-organitza-dues-conferencies-iaac-lecture-series-i-presenta-la-seva-beca-new-european-bauhaus-academy\/#breadcrumb","itemListElement":[{"@type":"ListItem","position":1,"name":"Home","item":"https:\/\/poblenouurbandistrict.com\/es\/"},{"@type":"ListItem","position":2,"name":"IAAC organiza dos conferencias IAAC Lecture Series y presenta su beca New European Bauhaus Academy"}]},{"@type":"WebSite","@id":"https:\/\/poblenouurbandistrict.com\/es\/#website","url":"https:\/\/poblenouurbandistrict.com\/es\/","name":"Poblenou Urban District","description":"Comunidad Creativa","potentialAction":[{"@type":"SearchAction","target":{"@type":"EntryPoint","urlTemplate":"https:\/\/poblenouurbandistrict.com\/es\/?s={search_term_string}"},"query-input":{"@type":"PropertyValueSpecification","valueRequired":true,"valueName":"search_term_string"}}],"inLanguage":"es"},{"@type":"Person","@id":"https:\/\/poblenouurbandistrict.com\/#\/schema\/person\/980a2cf34b399d5218205730acd54a7e","name":"pnud","image":{"@type":"ImageObject","inLanguage":"es","@id":"https:\/\/secure.gravatar.com\/avatar\/67146597b405ee077a24e519f75c3e2031736596d6ce35af3a34c122c93d0d7b?s=96&d=retro&r=g","url":"https:\/\/secure.gravatar.com\/avatar\/67146597b405ee077a24e519f75c3e2031736596d6ce35af3a34c122c93d0d7b?s=96&d=retro&r=g","contentUrl":"https:\/\/secure.gravatar.com\/avatar\/67146597b405ee077a24e519f75c3e2031736596d6ce35af3a34c122c93d0d7b?s=96&d=retro&r=g","caption":"pnud"}}]}},"_links":{"self":[{"href":"https:\/\/poblenouurbandistrict.com\/es\/wp-json\/wp\/v2\/posts\/46016","targetHints":{"allow":["GET"]}}],"collection":[{"href":"https:\/\/poblenouurbandistrict.com\/es\/wp-json\/wp\/v2\/posts"}],"about":[{"href":"https:\/\/poblenouurbandistrict.com\/es\/wp-json\/wp\/v2\/types\/post"}],"author":[{"embeddable":true,"href":"https:\/\/poblenouurbandistrict.com\/es\/wp-json\/wp\/v2\/users\/5"}],"replies":[{"embeddable":true,"href":"https:\/\/poblenouurbandistrict.com\/es\/wp-json\/wp\/v2\/comments?post=46016"}],"version-history":[{"count":6,"href":"https:\/\/poblenouurbandistrict.com\/es\/wp-json\/wp\/v2\/posts\/46016\/revisions"}],"predecessor-version":[{"id":46033,"href":"https:\/\/poblenouurbandistrict.com\/es\/wp-json\/wp\/v2\/posts\/46016\/revisions\/46033"}],"wp:featuredmedia":[{"embeddable":true,"href":"https:\/\/poblenouurbandistrict.com\/es\/wp-json\/wp\/v2\/media\/46031"}],"wp:attachment":[{"href":"https:\/\/poblenouurbandistrict.com\/es\/wp-json\/wp\/v2\/media?parent=46016"}],"wp:term":[{"taxonomy":"category","embeddable":true,"href":"https:\/\/poblenouurbandistrict.com\/es\/wp-json\/wp\/v2\/categories?post=46016"},{"taxonomy":"post_tag","embeddable":true,"href":"https:\/\/poblenouurbandistrict.com\/es\/wp-json\/wp\/v2\/tags?post=46016"}],"curies":[{"name":"wp","href":"https:\/\/api.w.org\/{rel}","templated":true}]}}