{"id":46095,"date":"2024-05-30T15:53:55","date_gmt":"2024-05-30T13:53:55","guid":{"rendered":"https:\/\/poblenouurbandistrict.com\/?p=46095"},"modified":"2024-05-30T15:54:42","modified_gmt":"2024-05-30T13:54:42","slug":"els-40-anys-de-tv3-i-catalunya-radio-al-disseny-hub-barcelona","status":"publish","type":"post","link":"https:\/\/poblenouurbandistrict.com\/es\/els-40-anys-de-tv3-i-catalunya-radio-al-disseny-hub-barcelona\/","title":{"rendered":"Los 40 a\u00f1os de TV3 y Catalunya R\u00e0dio en el Disseny Hub Barcelona"},"content":{"rendered":"<p>No te pierdas \u201c<strong>C<a href=\"https:\/\/www.dissenyhub.barcelona\/ca\/exposicio\/connectem-40-anys-de-tv3-i-catalunya-radio\">onnectem. 40 anys de TV3 y Catalunya R\u00e0dio<\/a><\/strong>\u201d, esta exposici\u00f3n relata y celebra la historia de TV3 y Catalunya R\u00e0dio. Describe, adem\u00e1s, el presente de 3cat y propone una mirada de futuro sobre los medios de comunicaci\u00f3n p\u00fablicos en catal\u00e1n.<\/p>\n<p>El proyecto revisa el papel que estos medios han tenido en la construcci\u00f3n del imaginario colectivo, e interroga como pueden conformar a partir de ahora los imaginarios del futuro. Sin olvidar los aspectos documentales, de dise\u00f1o y objetuales, la exposici\u00f3n hace una apuesta decidida por las tecnolog\u00edas digitales y la inteligencia artificial, haciendo honor al car\u00e1cter marcadamente innovador que TV3 y Catalunya R\u00e0dio han tenido desde su inicio.<\/p>\n<p>Hasta el 25 de agosto la puedes visitar al DHub Barcelona. Recuerda que ya han abierto su entrada principal, en la renovada Pla\u00e7a de les Gl\u00f2ries.<\/p>","protected":false},"excerpt":{"rendered":"<p>No te pierdas \u201cConnectem. 40 anys de TV3 y Catalunya R\u00e0dio\u201d, esta exposici\u00f3n relata y celebra la historia de TV3&#8230; <a href=\"https:\/\/poblenouurbandistrict.com\/es\/els-40-anys-de-tv3-i-catalunya-radio-al-disseny-hub-barcelona\/\">M\u00e1s  \u2192<\/a><\/p>\n","protected":false},"author":5,"featured_media":46097,"comment_status":"closed","ping_status":"closed","sticky":false,"template":"","format":"standard","meta":{"_acf_changed":false,"footnotes":""},"categories":[3501,1,3342],"tags":[],"class_list":["post-46095","post","type-post","status-publish","format-standard","has-post-thumbnail","hentry","category-disseny","category-noticias","category-art"],"acf":[],"yoast_head":"<!-- This site is optimized with the Yoast SEO plugin v27.5 - https:\/\/yoast.com\/product\/yoast-seo-wordpress\/ -->\n<title>Los 40 a\u00f1os de TV3 y Catalunya R\u00e0dio en el Disseny Hub Barcelona &#8211; Poblenou Urban District<\/title>\n<meta name=\"robots\" content=\"index, follow, max-snippet:-1, max-image-preview:large, max-video-preview:-1\" \/>\n<link rel=\"canonical\" href=\"https:\/\/poblenouurbandistrict.com\/es\/els-40-anys-de-tv3-i-catalunya-radio-al-disseny-hub-barcelona\/\" \/>\n<meta property=\"og:locale\" content=\"es_ES\" \/>\n<meta property=\"og:type\" content=\"article\" \/>\n<meta property=\"og:title\" content=\"Los 40 a\u00f1os de TV3 y Catalunya R\u00e0dio en el Disseny Hub Barcelona &#8211; Poblenou Urban District\" \/>\n<meta property=\"og:description\" content=\"No te pierdas \u201cConnectem. 40 anys de TV3 y Catalunya R\u00e0dio\u201d, esta exposici\u00f3n relata y celebra la historia de TV3... M\u00e1s \u2192\" \/>\n<meta property=\"og:url\" content=\"https:\/\/poblenouurbandistrict.com\/es\/els-40-anys-de-tv3-i-catalunya-radio-al-disseny-hub-barcelona\/\" \/>\n<meta property=\"og:site_name\" content=\"Poblenou Urban District\" \/>\n<meta property=\"article:published_time\" content=\"2024-05-30T13:53:55+00:00\" \/>\n<meta property=\"article:modified_time\" content=\"2024-05-30T13:54:42+00:00\" \/>\n<meta property=\"og:image\" content=\"https:\/\/poblenouurbandistrict.com\/wp-content\/uploads\/2024\/05\/connectem-web-e1717077088648.png\" \/>\n\t<meta property=\"og:image:width\" content=\"795\" \/>\n\t<meta property=\"og:image:height\" content=\"523\" \/>\n\t<meta property=\"og:image:type\" content=\"image\/png\" \/>\n<meta name=\"author\" content=\"pnud\" \/>\n<meta name=\"twitter:card\" content=\"summary_large_image\" \/>\n<meta name=\"twitter:label1\" content=\"Escrito por\" \/>\n\t<meta name=\"twitter:data1\" content=\"pnud\" \/>\n\t<meta name=\"twitter:label2\" content=\"Tiempo de lectura\" \/>\n\t<meta name=\"twitter:data2\" content=\"1 minuto\" \/>\n<script type=\"application\/ld+json\" class=\"yoast-schema-graph\">{\"@context\":\"https:\\\/\\\/schema.org\",\"@graph\":[{\"@type\":\"Article\",\"@id\":\"https:\\\/\\\/poblenouurbandistrict.com\\\/els-40-anys-de-tv3-i-catalunya-radio-al-disseny-hub-barcelona\\\/#article\",\"isPartOf\":{\"@id\":\"https:\\\/\\\/poblenouurbandistrict.com\\\/els-40-anys-de-tv3-i-catalunya-radio-al-disseny-hub-barcelona\\\/\"},\"author\":{\"name\":\"pnud\",\"@id\":\"https:\\\/\\\/poblenouurbandistrict.com\\\/#\\\/schema\\\/person\\\/980a2cf34b399d5218205730acd54a7e\"},\"headline\":\"Los 40 a\u00f1os de TV3 y Catalunya R\u00e0dio en el Disseny Hub Barcelona\",\"datePublished\":\"2024-05-30T13:53:55+00:00\",\"dateModified\":\"2024-05-30T13:54:42+00:00\",\"mainEntityOfPage\":{\"@id\":\"https:\\\/\\\/poblenouurbandistrict.com\\\/els-40-anys-de-tv3-i-catalunya-radio-al-disseny-hub-barcelona\\\/\"},\"wordCount\":331,\"image\":{\"@id\":\"https:\\\/\\\/poblenouurbandistrict.com\\\/els-40-anys-de-tv3-i-catalunya-radio-al-disseny-hub-barcelona\\\/#primaryimage\"},\"thumbnailUrl\":\"https:\\\/\\\/media.poblenouurbandistrict.com\\\/2024\\\/05\\\/25073813\\\/connectem-web-e1717077088648.png\",\"articleSection\":[\"Disseny\",\"Est\u00e1 pasando\",\"Arte\"],\"inLanguage\":\"es\"},{\"@type\":\"WebPage\",\"@id\":\"https:\\\/\\\/poblenouurbandistrict.com\\\/es\\\/els-40-anys-de-tv3-i-catalunya-radio-al-disseny-hub-barcelona\\\/\",\"url\":\"https:\\\/\\\/poblenouurbandistrict.com\\\/es\\\/els-40-anys-de-tv3-i-catalunya-radio-al-disseny-hub-barcelona\\\/\",\"name\":\"Los 40 a\u00f1os de TV3 y Catalunya R\u00e0dio en el Disseny Hub Barcelona &#8211; Poblenou Urban District\",\"isPartOf\":{\"@id\":\"https:\\\/\\\/poblenouurbandistrict.com\\\/es\\\/#website\"},\"primaryImageOfPage\":{\"@id\":\"https:\\\/\\\/poblenouurbandistrict.com\\\/es\\\/els-40-anys-de-tv3-i-catalunya-radio-al-disseny-hub-barcelona\\\/#primaryimage\"},\"image\":{\"@id\":\"https:\\\/\\\/poblenouurbandistrict.com\\\/els-40-anys-de-tv3-i-catalunya-radio-al-disseny-hub-barcelona\\\/#primaryimage\"},\"thumbnailUrl\":\"https:\\\/\\\/media.poblenouurbandistrict.com\\\/2024\\\/05\\\/25073813\\\/connectem-web-e1717077088648.png\",\"datePublished\":\"2024-05-30T13:53:55+00:00\",\"dateModified\":\"2024-05-30T13:54:42+00:00\",\"author\":{\"@id\":\"https:\\\/\\\/poblenouurbandistrict.com\\\/#\\\/schema\\\/person\\\/980a2cf34b399d5218205730acd54a7e\"},\"breadcrumb\":{\"@id\":\"https:\\\/\\\/poblenouurbandistrict.com\\\/es\\\/els-40-anys-de-tv3-i-catalunya-radio-al-disseny-hub-barcelona\\\/#breadcrumb\"},\"inLanguage\":\"es\",\"potentialAction\":[{\"@type\":\"ReadAction\",\"target\":[[\"https:\\\/\\\/poblenouurbandistrict.com\\\/es\\\/els-40-anys-de-tv3-i-catalunya-radio-al-disseny-hub-barcelona\\\/\"]]}]},{\"@type\":\"ImageObject\",\"inLanguage\":\"es\",\"@id\":\"https:\\\/\\\/poblenouurbandistrict.com\\\/es\\\/els-40-anys-de-tv3-i-catalunya-radio-al-disseny-hub-barcelona\\\/#primaryimage\",\"url\":\"https:\\\/\\\/media.poblenouurbandistrict.com\\\/2024\\\/05\\\/25073813\\\/connectem-web-e1717077088648.png\",\"contentUrl\":\"https:\\\/\\\/media.poblenouurbandistrict.com\\\/2024\\\/05\\\/25073813\\\/connectem-web-e1717077088648.png\",\"width\":795,\"height\":523},{\"@type\":\"BreadcrumbList\",\"@id\":\"https:\\\/\\\/poblenouurbandistrict.com\\\/es\\\/els-40-anys-de-tv3-i-catalunya-radio-al-disseny-hub-barcelona\\\/#breadcrumb\",\"itemListElement\":[{\"@type\":\"ListItem\",\"position\":1,\"name\":\"Home\",\"item\":\"https:\\\/\\\/poblenouurbandistrict.com\\\/es\\\/\"},{\"@type\":\"ListItem\",\"position\":2,\"name\":\"Els 40 anys de TV3 i Catalunya R\u00e0dio al Disseny Hub Barcelona\"}]},{\"@type\":\"WebSite\",\"@id\":\"https:\\\/\\\/poblenouurbandistrict.com\\\/es\\\/#website\",\"url\":\"https:\\\/\\\/poblenouurbandistrict.com\\\/es\\\/\",\"name\":\"Poblenou Urban District\",\"description\":\"Comunidad Creativa\",\"potentialAction\":[{\"@type\":\"SearchAction\",\"target\":{\"@type\":\"EntryPoint\",\"urlTemplate\":\"https:\\\/\\\/poblenouurbandistrict.com\\\/es\\\/?s={search_term_string}\"},\"query-input\":{\"@type\":\"PropertyValueSpecification\",\"valueRequired\":true,\"valueName\":\"search_term_string\"}}],\"inLanguage\":\"es\"},{\"@type\":\"Person\",\"@id\":\"https:\\\/\\\/poblenouurbandistrict.com\\\/#\\\/schema\\\/person\\\/980a2cf34b399d5218205730acd54a7e\",\"name\":\"pnud\",\"image\":{\"@type\":\"ImageObject\",\"inLanguage\":\"es\",\"@id\":\"https:\\\/\\\/secure.gravatar.com\\\/avatar\\\/67146597b405ee077a24e519f75c3e2031736596d6ce35af3a34c122c93d0d7b?s=96&d=retro&r=g\",\"url\":\"https:\\\/\\\/secure.gravatar.com\\\/avatar\\\/67146597b405ee077a24e519f75c3e2031736596d6ce35af3a34c122c93d0d7b?s=96&d=retro&r=g\",\"contentUrl\":\"https:\\\/\\\/secure.gravatar.com\\\/avatar\\\/67146597b405ee077a24e519f75c3e2031736596d6ce35af3a34c122c93d0d7b?s=96&d=retro&r=g\",\"caption\":\"pnud\"}}]}<\/script>\n<!-- \/ Yoast SEO plugin. -->","yoast_head_json":{"title":"Los 40 a\u00f1os de TV3 y Catalunya R\u00e0dio en el Disseny Hub Barcelona &#8211; Poblenou Urban District","robots":{"index":"index","follow":"follow","max-snippet":"max-snippet:-1","max-image-preview":"max-image-preview:large","max-video-preview":"max-video-preview:-1"},"canonical":"https:\/\/poblenouurbandistrict.com\/es\/els-40-anys-de-tv3-i-catalunya-radio-al-disseny-hub-barcelona\/","og_locale":"es_ES","og_type":"article","og_title":"Los 40 a\u00f1os de TV3 y Catalunya R\u00e0dio en el Disseny Hub Barcelona &#8211; Poblenou Urban District","og_description":"No te pierdas \u201cConnectem. 40 anys de TV3 y Catalunya R\u00e0dio\u201d, esta exposici\u00f3n relata y celebra la historia de TV3... M\u00e1s \u2192","og_url":"https:\/\/poblenouurbandistrict.com\/es\/els-40-anys-de-tv3-i-catalunya-radio-al-disseny-hub-barcelona\/","og_site_name":"Poblenou Urban District","article_published_time":"2024-05-30T13:53:55+00:00","article_modified_time":"2024-05-30T13:54:42+00:00","og_image":[{"width":795,"height":523,"url":"https:\/\/poblenouurbandistrict.com\/wp-content\/uploads\/2024\/05\/connectem-web-e1717077088648.png","type":"image\/png"}],"author":"pnud","twitter_card":"summary_large_image","twitter_misc":{"Escrito por":"pnud","Tiempo de lectura":"1 minuto"},"schema":{"@context":"https:\/\/schema.org","@graph":[{"@type":"Article","@id":"https:\/\/poblenouurbandistrict.com\/els-40-anys-de-tv3-i-catalunya-radio-al-disseny-hub-barcelona\/#article","isPartOf":{"@id":"https:\/\/poblenouurbandistrict.com\/els-40-anys-de-tv3-i-catalunya-radio-al-disseny-hub-barcelona\/"},"author":{"name":"pnud","@id":"https:\/\/poblenouurbandistrict.com\/#\/schema\/person\/980a2cf34b399d5218205730acd54a7e"},"headline":"Los 40 a\u00f1os de TV3 y Catalunya R\u00e0dio en el Disseny Hub Barcelona","datePublished":"2024-05-30T13:53:55+00:00","dateModified":"2024-05-30T13:54:42+00:00","mainEntityOfPage":{"@id":"https:\/\/poblenouurbandistrict.com\/els-40-anys-de-tv3-i-catalunya-radio-al-disseny-hub-barcelona\/"},"wordCount":331,"image":{"@id":"https:\/\/poblenouurbandistrict.com\/els-40-anys-de-tv3-i-catalunya-radio-al-disseny-hub-barcelona\/#primaryimage"},"thumbnailUrl":"https:\/\/media.poblenouurbandistrict.com\/2024\/05\/25073813\/connectem-web-e1717077088648.png","articleSection":["Disseny","Est\u00e1 pasando","Arte"],"inLanguage":"es"},{"@type":"WebPage","@id":"https:\/\/poblenouurbandistrict.com\/es\/els-40-anys-de-tv3-i-catalunya-radio-al-disseny-hub-barcelona\/","url":"https:\/\/poblenouurbandistrict.com\/es\/els-40-anys-de-tv3-i-catalunya-radio-al-disseny-hub-barcelona\/","name":"Los 40 a\u00f1os de TV3 y Catalunya R\u00e0dio en el Disseny Hub Barcelona &#8211; Poblenou Urban District","isPartOf":{"@id":"https:\/\/poblenouurbandistrict.com\/es\/#website"},"primaryImageOfPage":{"@id":"https:\/\/poblenouurbandistrict.com\/es\/els-40-anys-de-tv3-i-catalunya-radio-al-disseny-hub-barcelona\/#primaryimage"},"image":{"@id":"https:\/\/poblenouurbandistrict.com\/els-40-anys-de-tv3-i-catalunya-radio-al-disseny-hub-barcelona\/#primaryimage"},"thumbnailUrl":"https:\/\/media.poblenouurbandistrict.com\/2024\/05\/25073813\/connectem-web-e1717077088648.png","datePublished":"2024-05-30T13:53:55+00:00","dateModified":"2024-05-30T13:54:42+00:00","author":{"@id":"https:\/\/poblenouurbandistrict.com\/#\/schema\/person\/980a2cf34b399d5218205730acd54a7e"},"breadcrumb":{"@id":"https:\/\/poblenouurbandistrict.com\/es\/els-40-anys-de-tv3-i-catalunya-radio-al-disseny-hub-barcelona\/#breadcrumb"},"inLanguage":"es","potentialAction":[{"@type":"ReadAction","target":[["https:\/\/poblenouurbandistrict.com\/es\/els-40-anys-de-tv3-i-catalunya-radio-al-disseny-hub-barcelona\/"]]}]},{"@type":"ImageObject","inLanguage":"es","@id":"https:\/\/poblenouurbandistrict.com\/es\/els-40-anys-de-tv3-i-catalunya-radio-al-disseny-hub-barcelona\/#primaryimage","url":"https:\/\/media.poblenouurbandistrict.com\/2024\/05\/25073813\/connectem-web-e1717077088648.png","contentUrl":"https:\/\/media.poblenouurbandistrict.com\/2024\/05\/25073813\/connectem-web-e1717077088648.png","width":795,"height":523},{"@type":"BreadcrumbList","@id":"https:\/\/poblenouurbandistrict.com\/es\/els-40-anys-de-tv3-i-catalunya-radio-al-disseny-hub-barcelona\/#breadcrumb","itemListElement":[{"@type":"ListItem","position":1,"name":"Home","item":"https:\/\/poblenouurbandistrict.com\/es\/"},{"@type":"ListItem","position":2,"name":"Els 40 anys de TV3 i Catalunya R\u00e0dio al Disseny Hub Barcelona"}]},{"@type":"WebSite","@id":"https:\/\/poblenouurbandistrict.com\/es\/#website","url":"https:\/\/poblenouurbandistrict.com\/es\/","name":"Poblenou Urban District","description":"Comunidad Creativa","potentialAction":[{"@type":"SearchAction","target":{"@type":"EntryPoint","urlTemplate":"https:\/\/poblenouurbandistrict.com\/es\/?s={search_term_string}"},"query-input":{"@type":"PropertyValueSpecification","valueRequired":true,"valueName":"search_term_string"}}],"inLanguage":"es"},{"@type":"Person","@id":"https:\/\/poblenouurbandistrict.com\/#\/schema\/person\/980a2cf34b399d5218205730acd54a7e","name":"pnud","image":{"@type":"ImageObject","inLanguage":"es","@id":"https:\/\/secure.gravatar.com\/avatar\/67146597b405ee077a24e519f75c3e2031736596d6ce35af3a34c122c93d0d7b?s=96&d=retro&r=g","url":"https:\/\/secure.gravatar.com\/avatar\/67146597b405ee077a24e519f75c3e2031736596d6ce35af3a34c122c93d0d7b?s=96&d=retro&r=g","contentUrl":"https:\/\/secure.gravatar.com\/avatar\/67146597b405ee077a24e519f75c3e2031736596d6ce35af3a34c122c93d0d7b?s=96&d=retro&r=g","caption":"pnud"}}]}},"_links":{"self":[{"href":"https:\/\/poblenouurbandistrict.com\/es\/wp-json\/wp\/v2\/posts\/46095","targetHints":{"allow":["GET"]}}],"collection":[{"href":"https:\/\/poblenouurbandistrict.com\/es\/wp-json\/wp\/v2\/posts"}],"about":[{"href":"https:\/\/poblenouurbandistrict.com\/es\/wp-json\/wp\/v2\/types\/post"}],"author":[{"embeddable":true,"href":"https:\/\/poblenouurbandistrict.com\/es\/wp-json\/wp\/v2\/users\/5"}],"replies":[{"embeddable":true,"href":"https:\/\/poblenouurbandistrict.com\/es\/wp-json\/wp\/v2\/comments?post=46095"}],"version-history":[{"count":3,"href":"https:\/\/poblenouurbandistrict.com\/es\/wp-json\/wp\/v2\/posts\/46095\/revisions"}],"predecessor-version":[{"id":46099,"href":"https:\/\/poblenouurbandistrict.com\/es\/wp-json\/wp\/v2\/posts\/46095\/revisions\/46099"}],"wp:featuredmedia":[{"embeddable":true,"href":"https:\/\/poblenouurbandistrict.com\/es\/wp-json\/wp\/v2\/media\/46097"}],"wp:attachment":[{"href":"https:\/\/poblenouurbandistrict.com\/es\/wp-json\/wp\/v2\/media?parent=46095"}],"wp:term":[{"taxonomy":"category","embeddable":true,"href":"https:\/\/poblenouurbandistrict.com\/es\/wp-json\/wp\/v2\/categories?post=46095"},{"taxonomy":"post_tag","embeddable":true,"href":"https:\/\/poblenouurbandistrict.com\/es\/wp-json\/wp\/v2\/tags?post=46095"}],"curies":[{"name":"wp","href":"https:\/\/api.w.org\/{rel}","templated":true}]}}