{"id":46169,"date":"2024-06-06T15:05:40","date_gmt":"2024-06-06T13:05:40","guid":{"rendered":"https:\/\/poblenouurbandistrict.com\/?p=46169"},"modified":"2024-06-14T17:10:15","modified_gmt":"2024-06-14T15:10:15","slug":"descobreix-ledicio-25-del-mapa-de-poblenou-urban-district","status":"publish","type":"post","link":"https:\/\/poblenouurbandistrict.com\/es\/descobreix-ledicio-25-del-mapa-de-poblenou-urban-district\/","title":{"rendered":"\u00a1Descubre la edici\u00f3n #25 del mapa de Poblenou Urban District!"},"content":{"rendered":"<p><strong>\u00a1La edici\u00f3n #25 del mapa ya est\u00e1 aqu\u00ed!<\/strong> Cada seis meses, lanzamos un directorio en forma de mapa con toda la informaci\u00f3n sobre nuestra creciente comunidad creativa que ahora suma m\u00e1s de 130 socios.<\/p>\n<p>En este directorio encontrar\u00e1s las \u00faltimas tendencias en arte, m\u00fasica, innovaci\u00f3n, dise\u00f1o y gastronom\u00eda del Distrito Creativo. Adem\u00e1s de la informaci\u00f3n m\u00e1s relevante de un centenar de lugares de inter\u00e9s como galer\u00edas de arte, museos, centros de creaci\u00f3n y estudios de artistas, estudios de dise\u00f1o y arquitectura, agencias de comunicaci\u00f3n y publicidad, estudios de producci\u00f3n y acontecimientos, salas de conciertos, teatros, bares, restaurantes, hoteles y muchos m\u00e1s.<\/p>\n<p>Este a\u00f1o, la portada ha estado a cargo de Vicente Ruiz del equipo de <strong><a href=\"https:\/\/grande.is\/\">Grande<\/a><\/strong>, centrado en la direcci\u00f3n creativa y de arte, identidad de marca, comunicaci\u00f3n gr\u00e1fica, dise\u00f1o editorial,\u00a0packaging, dise\u00f1o digital y publicidad.<\/p>\n<p>No te quedes sin tu mapa! Lo encontrar\u00e1s a cualquier de los espacios asociados de Poblenou\u00a0Urban\u00a0District\u00a0y a diferentes lugares de inter\u00e9s de Barcelona.<\/p>","protected":false},"excerpt":{"rendered":"<p>\u00a1La edici\u00f3n #25 del mapa ya est\u00e1 aqu\u00ed! Cada seis meses, lanzamos un directorio en forma de mapa con toda&#8230; <a href=\"https:\/\/poblenouurbandistrict.com\/es\/descobreix-ledicio-25-del-mapa-de-poblenou-urban-district\/\">M\u00e1s  \u2192<\/a><\/p>\n","protected":false},"author":5,"featured_media":46200,"comment_status":"closed","ping_status":"closed","sticky":false,"template":"","format":"standard","meta":{"_acf_changed":false,"footnotes":""},"categories":[1],"tags":[],"class_list":["post-46169","post","type-post","status-publish","format-standard","has-post-thumbnail","hentry","category-noticias"],"acf":[],"yoast_head":"<!-- This site is optimized with the Yoast SEO plugin v27.5 - https:\/\/yoast.com\/product\/yoast-seo-wordpress\/ -->\n<title>\u00a1Descubre la edici\u00f3n #25 del mapa de Poblenou Urban District! &#8211; Poblenou Urban District<\/title>\n<meta name=\"robots\" content=\"index, follow, max-snippet:-1, max-image-preview:large, max-video-preview:-1\" \/>\n<link rel=\"canonical\" href=\"https:\/\/poblenouurbandistrict.com\/es\/descobreix-ledicio-25-del-mapa-de-poblenou-urban-district\/\" \/>\n<meta property=\"og:locale\" content=\"es_ES\" \/>\n<meta property=\"og:type\" content=\"article\" \/>\n<meta property=\"og:title\" content=\"\u00a1Descubre la edici\u00f3n #25 del mapa de Poblenou Urban District! &#8211; Poblenou Urban District\" \/>\n<meta property=\"og:description\" content=\"\u00a1La edici\u00f3n #25 del mapa ya est\u00e1 aqu\u00ed! Cada seis meses, lanzamos un directorio en forma de mapa con toda... M\u00e1s \u2192\" \/>\n<meta property=\"og:url\" content=\"https:\/\/poblenouurbandistrict.com\/es\/descobreix-ledicio-25-del-mapa-de-poblenou-urban-district\/\" \/>\n<meta property=\"og:site_name\" content=\"Poblenou Urban District\" \/>\n<meta property=\"article:published_time\" content=\"2024-06-06T13:05:40+00:00\" \/>\n<meta property=\"article:modified_time\" content=\"2024-06-14T15:10:15+00:00\" \/>\n<meta property=\"og:image\" content=\"https:\/\/poblenouurbandistrict.com\/wp-content\/uploads\/2024\/06\/mapa-25-1-e1717686929388-640x462.png\" \/>\n\t<meta property=\"og:image:width\" content=\"640\" \/>\n\t<meta property=\"og:image:height\" content=\"462\" \/>\n\t<meta property=\"og:image:type\" content=\"image\/png\" \/>\n<meta name=\"author\" content=\"pnud\" \/>\n<meta name=\"twitter:card\" content=\"summary_large_image\" \/>\n<meta name=\"twitter:label1\" content=\"Escrito por\" \/>\n\t<meta name=\"twitter:data1\" content=\"pnud\" \/>\n\t<meta name=\"twitter:label2\" content=\"Tiempo de lectura\" \/>\n\t<meta name=\"twitter:data2\" content=\"2 minutos\" \/>\n<script type=\"application\/ld+json\" class=\"yoast-schema-graph\">{\"@context\":\"https:\\\/\\\/schema.org\",\"@graph\":[{\"@type\":\"Article\",\"@id\":\"https:\\\/\\\/poblenouurbandistrict.com\\\/descobreix-ledicio-25-del-mapa-de-poblenou-urban-district\\\/#article\",\"isPartOf\":{\"@id\":\"https:\\\/\\\/poblenouurbandistrict.com\\\/descobreix-ledicio-25-del-mapa-de-poblenou-urban-district\\\/\"},\"author\":{\"name\":\"pnud\",\"@id\":\"https:\\\/\\\/poblenouurbandistrict.com\\\/#\\\/schema\\\/person\\\/980a2cf34b399d5218205730acd54a7e\"},\"headline\":\"\u00a1Descubre la edici\u00f3n #25 del mapa de Poblenou Urban District!\",\"datePublished\":\"2024-06-06T13:05:40+00:00\",\"dateModified\":\"2024-06-14T15:10:15+00:00\",\"mainEntityOfPage\":{\"@id\":\"https:\\\/\\\/poblenouurbandistrict.com\\\/descobreix-ledicio-25-del-mapa-de-poblenou-urban-district\\\/\"},\"wordCount\":547,\"image\":{\"@id\":\"https:\\\/\\\/poblenouurbandistrict.com\\\/descobreix-ledicio-25-del-mapa-de-poblenou-urban-district\\\/#primaryimage\"},\"thumbnailUrl\":\"https:\\\/\\\/media.poblenouurbandistrict.com\\\/2024\\\/06\\\/25074009\\\/mapa-25-1-e1717686929388.png\",\"articleSection\":[\"Est\u00e1 pasando\"],\"inLanguage\":\"es\"},{\"@type\":\"WebPage\",\"@id\":\"https:\\\/\\\/poblenouurbandistrict.com\\\/es\\\/descobreix-ledicio-25-del-mapa-de-poblenou-urban-district\\\/\",\"url\":\"https:\\\/\\\/poblenouurbandistrict.com\\\/es\\\/descobreix-ledicio-25-del-mapa-de-poblenou-urban-district\\\/\",\"name\":\"\u00a1Descubre la edici\u00f3n #25 del mapa de Poblenou Urban District! &#8211; Poblenou Urban District\",\"isPartOf\":{\"@id\":\"https:\\\/\\\/poblenouurbandistrict.com\\\/es\\\/#website\"},\"primaryImageOfPage\":{\"@id\":\"https:\\\/\\\/poblenouurbandistrict.com\\\/es\\\/descobreix-ledicio-25-del-mapa-de-poblenou-urban-district\\\/#primaryimage\"},\"image\":{\"@id\":\"https:\\\/\\\/poblenouurbandistrict.com\\\/descobreix-ledicio-25-del-mapa-de-poblenou-urban-district\\\/#primaryimage\"},\"thumbnailUrl\":\"https:\\\/\\\/media.poblenouurbandistrict.com\\\/2024\\\/06\\\/25074009\\\/mapa-25-1-e1717686929388.png\",\"datePublished\":\"2024-06-06T13:05:40+00:00\",\"dateModified\":\"2024-06-14T15:10:15+00:00\",\"author\":{\"@id\":\"https:\\\/\\\/poblenouurbandistrict.com\\\/#\\\/schema\\\/person\\\/980a2cf34b399d5218205730acd54a7e\"},\"breadcrumb\":{\"@id\":\"https:\\\/\\\/poblenouurbandistrict.com\\\/es\\\/descobreix-ledicio-25-del-mapa-de-poblenou-urban-district\\\/#breadcrumb\"},\"inLanguage\":\"es\",\"potentialAction\":[{\"@type\":\"ReadAction\",\"target\":[[\"https:\\\/\\\/poblenouurbandistrict.com\\\/es\\\/descobreix-ledicio-25-del-mapa-de-poblenou-urban-district\\\/\"]]}]},{\"@type\":\"ImageObject\",\"inLanguage\":\"es\",\"@id\":\"https:\\\/\\\/poblenouurbandistrict.com\\\/es\\\/descobreix-ledicio-25-del-mapa-de-poblenou-urban-district\\\/#primaryimage\",\"url\":\"https:\\\/\\\/media.poblenouurbandistrict.com\\\/2024\\\/06\\\/25074009\\\/mapa-25-1-e1717686929388.png\",\"contentUrl\":\"https:\\\/\\\/media.poblenouurbandistrict.com\\\/2024\\\/06\\\/25074009\\\/mapa-25-1-e1717686929388.png\",\"width\":1620,\"height\":1169},{\"@type\":\"BreadcrumbList\",\"@id\":\"https:\\\/\\\/poblenouurbandistrict.com\\\/es\\\/descobreix-ledicio-25-del-mapa-de-poblenou-urban-district\\\/#breadcrumb\",\"itemListElement\":[{\"@type\":\"ListItem\",\"position\":1,\"name\":\"Home\",\"item\":\"https:\\\/\\\/poblenouurbandistrict.com\\\/es\\\/\"},{\"@type\":\"ListItem\",\"position\":2,\"name\":\"Descobreix l\u2019edici\u00f3 #25 del mapa de Poblenou Urban District!\"}]},{\"@type\":\"WebSite\",\"@id\":\"https:\\\/\\\/poblenouurbandistrict.com\\\/es\\\/#website\",\"url\":\"https:\\\/\\\/poblenouurbandistrict.com\\\/es\\\/\",\"name\":\"Poblenou Urban District\",\"description\":\"Comunidad Creativa\",\"potentialAction\":[{\"@type\":\"SearchAction\",\"target\":{\"@type\":\"EntryPoint\",\"urlTemplate\":\"https:\\\/\\\/poblenouurbandistrict.com\\\/es\\\/?s={search_term_string}\"},\"query-input\":{\"@type\":\"PropertyValueSpecification\",\"valueRequired\":true,\"valueName\":\"search_term_string\"}}],\"inLanguage\":\"es\"},{\"@type\":\"Person\",\"@id\":\"https:\\\/\\\/poblenouurbandistrict.com\\\/#\\\/schema\\\/person\\\/980a2cf34b399d5218205730acd54a7e\",\"name\":\"pnud\",\"image\":{\"@type\":\"ImageObject\",\"inLanguage\":\"es\",\"@id\":\"https:\\\/\\\/secure.gravatar.com\\\/avatar\\\/67146597b405ee077a24e519f75c3e2031736596d6ce35af3a34c122c93d0d7b?s=96&d=retro&r=g\",\"url\":\"https:\\\/\\\/secure.gravatar.com\\\/avatar\\\/67146597b405ee077a24e519f75c3e2031736596d6ce35af3a34c122c93d0d7b?s=96&d=retro&r=g\",\"contentUrl\":\"https:\\\/\\\/secure.gravatar.com\\\/avatar\\\/67146597b405ee077a24e519f75c3e2031736596d6ce35af3a34c122c93d0d7b?s=96&d=retro&r=g\",\"caption\":\"pnud\"}}]}<\/script>\n<!-- \/ Yoast SEO plugin. -->","yoast_head_json":{"title":"\u00a1Descubre la edici\u00f3n #25 del mapa de Poblenou Urban District! &#8211; Poblenou Urban District","robots":{"index":"index","follow":"follow","max-snippet":"max-snippet:-1","max-image-preview":"max-image-preview:large","max-video-preview":"max-video-preview:-1"},"canonical":"https:\/\/poblenouurbandistrict.com\/es\/descobreix-ledicio-25-del-mapa-de-poblenou-urban-district\/","og_locale":"es_ES","og_type":"article","og_title":"\u00a1Descubre la edici\u00f3n #25 del mapa de Poblenou Urban District! &#8211; Poblenou Urban District","og_description":"\u00a1La edici\u00f3n #25 del mapa ya est\u00e1 aqu\u00ed! Cada seis meses, lanzamos un directorio en forma de mapa con toda... M\u00e1s \u2192","og_url":"https:\/\/poblenouurbandistrict.com\/es\/descobreix-ledicio-25-del-mapa-de-poblenou-urban-district\/","og_site_name":"Poblenou Urban District","article_published_time":"2024-06-06T13:05:40+00:00","article_modified_time":"2024-06-14T15:10:15+00:00","og_image":[{"width":640,"height":462,"url":"https:\/\/poblenouurbandistrict.com\/wp-content\/uploads\/2024\/06\/mapa-25-1-e1717686929388-640x462.png","type":"image\/png"}],"author":"pnud","twitter_card":"summary_large_image","twitter_misc":{"Escrito por":"pnud","Tiempo de lectura":"2 minutos"},"schema":{"@context":"https:\/\/schema.org","@graph":[{"@type":"Article","@id":"https:\/\/poblenouurbandistrict.com\/descobreix-ledicio-25-del-mapa-de-poblenou-urban-district\/#article","isPartOf":{"@id":"https:\/\/poblenouurbandistrict.com\/descobreix-ledicio-25-del-mapa-de-poblenou-urban-district\/"},"author":{"name":"pnud","@id":"https:\/\/poblenouurbandistrict.com\/#\/schema\/person\/980a2cf34b399d5218205730acd54a7e"},"headline":"\u00a1Descubre la edici\u00f3n #25 del mapa de Poblenou Urban District!","datePublished":"2024-06-06T13:05:40+00:00","dateModified":"2024-06-14T15:10:15+00:00","mainEntityOfPage":{"@id":"https:\/\/poblenouurbandistrict.com\/descobreix-ledicio-25-del-mapa-de-poblenou-urban-district\/"},"wordCount":547,"image":{"@id":"https:\/\/poblenouurbandistrict.com\/descobreix-ledicio-25-del-mapa-de-poblenou-urban-district\/#primaryimage"},"thumbnailUrl":"https:\/\/media.poblenouurbandistrict.com\/2024\/06\/25074009\/mapa-25-1-e1717686929388.png","articleSection":["Est\u00e1 pasando"],"inLanguage":"es"},{"@type":"WebPage","@id":"https:\/\/poblenouurbandistrict.com\/es\/descobreix-ledicio-25-del-mapa-de-poblenou-urban-district\/","url":"https:\/\/poblenouurbandistrict.com\/es\/descobreix-ledicio-25-del-mapa-de-poblenou-urban-district\/","name":"\u00a1Descubre la edici\u00f3n #25 del mapa de Poblenou Urban District! &#8211; Poblenou Urban District","isPartOf":{"@id":"https:\/\/poblenouurbandistrict.com\/es\/#website"},"primaryImageOfPage":{"@id":"https:\/\/poblenouurbandistrict.com\/es\/descobreix-ledicio-25-del-mapa-de-poblenou-urban-district\/#primaryimage"},"image":{"@id":"https:\/\/poblenouurbandistrict.com\/descobreix-ledicio-25-del-mapa-de-poblenou-urban-district\/#primaryimage"},"thumbnailUrl":"https:\/\/media.poblenouurbandistrict.com\/2024\/06\/25074009\/mapa-25-1-e1717686929388.png","datePublished":"2024-06-06T13:05:40+00:00","dateModified":"2024-06-14T15:10:15+00:00","author":{"@id":"https:\/\/poblenouurbandistrict.com\/#\/schema\/person\/980a2cf34b399d5218205730acd54a7e"},"breadcrumb":{"@id":"https:\/\/poblenouurbandistrict.com\/es\/descobreix-ledicio-25-del-mapa-de-poblenou-urban-district\/#breadcrumb"},"inLanguage":"es","potentialAction":[{"@type":"ReadAction","target":[["https:\/\/poblenouurbandistrict.com\/es\/descobreix-ledicio-25-del-mapa-de-poblenou-urban-district\/"]]}]},{"@type":"ImageObject","inLanguage":"es","@id":"https:\/\/poblenouurbandistrict.com\/es\/descobreix-ledicio-25-del-mapa-de-poblenou-urban-district\/#primaryimage","url":"https:\/\/media.poblenouurbandistrict.com\/2024\/06\/25074009\/mapa-25-1-e1717686929388.png","contentUrl":"https:\/\/media.poblenouurbandistrict.com\/2024\/06\/25074009\/mapa-25-1-e1717686929388.png","width":1620,"height":1169},{"@type":"BreadcrumbList","@id":"https:\/\/poblenouurbandistrict.com\/es\/descobreix-ledicio-25-del-mapa-de-poblenou-urban-district\/#breadcrumb","itemListElement":[{"@type":"ListItem","position":1,"name":"Home","item":"https:\/\/poblenouurbandistrict.com\/es\/"},{"@type":"ListItem","position":2,"name":"Descobreix l\u2019edici\u00f3 #25 del mapa de Poblenou Urban District!"}]},{"@type":"WebSite","@id":"https:\/\/poblenouurbandistrict.com\/es\/#website","url":"https:\/\/poblenouurbandistrict.com\/es\/","name":"Poblenou Urban District","description":"Comunidad Creativa","potentialAction":[{"@type":"SearchAction","target":{"@type":"EntryPoint","urlTemplate":"https:\/\/poblenouurbandistrict.com\/es\/?s={search_term_string}"},"query-input":{"@type":"PropertyValueSpecification","valueRequired":true,"valueName":"search_term_string"}}],"inLanguage":"es"},{"@type":"Person","@id":"https:\/\/poblenouurbandistrict.com\/#\/schema\/person\/980a2cf34b399d5218205730acd54a7e","name":"pnud","image":{"@type":"ImageObject","inLanguage":"es","@id":"https:\/\/secure.gravatar.com\/avatar\/67146597b405ee077a24e519f75c3e2031736596d6ce35af3a34c122c93d0d7b?s=96&d=retro&r=g","url":"https:\/\/secure.gravatar.com\/avatar\/67146597b405ee077a24e519f75c3e2031736596d6ce35af3a34c122c93d0d7b?s=96&d=retro&r=g","contentUrl":"https:\/\/secure.gravatar.com\/avatar\/67146597b405ee077a24e519f75c3e2031736596d6ce35af3a34c122c93d0d7b?s=96&d=retro&r=g","caption":"pnud"}}]}},"_links":{"self":[{"href":"https:\/\/poblenouurbandistrict.com\/es\/wp-json\/wp\/v2\/posts\/46169","targetHints":{"allow":["GET"]}}],"collection":[{"href":"https:\/\/poblenouurbandistrict.com\/es\/wp-json\/wp\/v2\/posts"}],"about":[{"href":"https:\/\/poblenouurbandistrict.com\/es\/wp-json\/wp\/v2\/types\/post"}],"author":[{"embeddable":true,"href":"https:\/\/poblenouurbandistrict.com\/es\/wp-json\/wp\/v2\/users\/5"}],"replies":[{"embeddable":true,"href":"https:\/\/poblenouurbandistrict.com\/es\/wp-json\/wp\/v2\/comments?post=46169"}],"version-history":[{"count":4,"href":"https:\/\/poblenouurbandistrict.com\/es\/wp-json\/wp\/v2\/posts\/46169\/revisions"}],"predecessor-version":[{"id":46294,"href":"https:\/\/poblenouurbandistrict.com\/es\/wp-json\/wp\/v2\/posts\/46169\/revisions\/46294"}],"wp:featuredmedia":[{"embeddable":true,"href":"https:\/\/poblenouurbandistrict.com\/es\/wp-json\/wp\/v2\/media\/46200"}],"wp:attachment":[{"href":"https:\/\/poblenouurbandistrict.com\/es\/wp-json\/wp\/v2\/media?parent=46169"}],"wp:term":[{"taxonomy":"category","embeddable":true,"href":"https:\/\/poblenouurbandistrict.com\/es\/wp-json\/wp\/v2\/categories?post=46169"},{"taxonomy":"post_tag","embeddable":true,"href":"https:\/\/poblenouurbandistrict.com\/es\/wp-json\/wp\/v2\/tags?post=46169"}],"curies":[{"name":"wp","href":"https:\/\/api.w.org\/{rel}","templated":true}]}}