{"id":46469,"date":"2024-07-11T16:34:19","date_gmt":"2024-07-11T14:34:19","guid":{"rendered":"https:\/\/poblenouurbandistrict.com\/?p=46469"},"modified":"2024-07-11T16:37:20","modified_gmt":"2024-07-11T14:37:20","slug":"the-social-hub-barcelona-inaugra-mexicana-rooftop-bar","status":"publish","type":"post","link":"https:\/\/poblenouurbandistrict.com\/es\/the-social-hub-barcelona-inaugra-mexicana-rooftop-bar\/","title":{"rendered":"The Social Hub Barcelona inaugra Mexicana Rooftop Bar"},"content":{"rendered":"<p><strong>The\u00a0Social\u00a0Hub\u00a0Barcelona<\/strong> presenta <strong>Mexicana\u00a0Rooftop\u00a0Bar<\/strong>, un concepto gastron\u00f3mico de comer y bebida inspirada en M\u00e9xico para disfrutar durante dos meses a trav\u00e9s de las inmejorables vistas del\u00a0rooftop\u00a0de este hotel.<\/p>\n<p>Un pop-up\u00a0\u00fanico que combina un impresionante programa de c\u00f3cteles creados por el especialista en c\u00f3cteles Marc Alvarez, un men\u00fa Fasto &amp;\u00a0Curious\u00a0a la Mexicana, que consiste en ingredientes de origen local por el chef Adam\u00a0Rawson, y una cuidada selecci\u00f3n de vinos naturales y locales.<\/p>\n<p>Marc \u00c1lvarez i Adam\u00a0Rawson, reconocidos profesionales del mundo de la hosteler\u00eda, se encargar\u00e1n de la barra y la cocina respectivamente. Juntos han elaborado un men\u00fa espectacular de c\u00f3cteles y deliciosa comida al m\u00e1s puro estilo a \u201cla mexicana\u201d.<\/p>\n<p>La carta consta de platos inspirados por la cocina de M\u00e9xico, tan significativos como lo\u00a0ceviche\u00a0de corvina salvaje, un plato delicioso y refrescando que combina la corvina de carne firme y sabor suave con el toque \u00e1cido de los c\u00edtricos, equilibrado con hierbas y vegetales frescos; lo\u00a0aguachile\u00a0de callo de hacha, un plato tradicional tambi\u00e9n, fresco y picante, que mezcla los tiernos callos de hacha con el sabor de los\u00a0chiles\u00a0y hierbas fresca; la ensalada\u00a0cobb\u00a0de\u00a0elote\u00a0y aguacate, una versi\u00f3n fresca y vibrando del cl\u00e1sico estadounidense, que combina ma\u00edz asado, aguacate cremoso, y una variedad de ingredientes frescos y sabrosos y, los\u00a0anticuchos\u00a0de cerdo ib\u00e9rico, son algunos de los platos m\u00e1s representativos. Las bebidas est\u00e1n centradas en el tequila y lo\u00a0mezcal\u00a0con una variedad de\u00a0margaritas, algunas congeladas, as\u00ed como una s\u00f3lida selecci\u00f3n de cervezas de barril y embotelladas, mostrando marcas locales y mexicanas.<\/p>\n<p><strong>Cocina abierta de 13 a\u00a022h\/*23h\u00a012.30h\u00a0a 23.00h<\/strong><\/p>\n<p><strong>Horario\u00a0Rooftop\u00a012.00 a 00.00<\/strong><\/p>\n<p><strong>Pop-Up\u00a0durante Julio y agosto<\/strong><\/p>","protected":false},"excerpt":{"rendered":"<p>The\u00a0Social\u00a0Hub\u00a0Barcelona presenta Mexicana\u00a0Rooftop\u00a0Bar, un concepto gastron\u00f3mico de comer y bebida inspirada en M\u00e9xico para disfrutar durante dos meses a trav\u00e9s&#8230; <a href=\"https:\/\/poblenouurbandistrict.com\/es\/the-social-hub-barcelona-inaugra-mexicana-rooftop-bar\/\">M\u00e1s  \u2192<\/a><\/p>\n","protected":false},"author":5,"featured_media":40454,"comment_status":"closed","ping_status":"closed","sticky":false,"template":"","format":"standard","meta":{"_acf_changed":false,"footnotes":""},"categories":[1],"tags":[],"class_list":["post-46469","post","type-post","status-publish","format-standard","has-post-thumbnail","hentry","category-noticias"],"acf":[],"yoast_head":"<!-- This site is optimized with the Yoast SEO plugin v27.5 - https:\/\/yoast.com\/product\/yoast-seo-wordpress\/ -->\n<title>The Social Hub Barcelona inaugra Mexicana Rooftop Bar &#8211; Poblenou Urban District<\/title>\n<meta name=\"robots\" content=\"index, follow, max-snippet:-1, max-image-preview:large, max-video-preview:-1\" \/>\n<link rel=\"canonical\" href=\"https:\/\/poblenouurbandistrict.com\/es\/the-social-hub-barcelona-inaugra-mexicana-rooftop-bar\/\" \/>\n<meta property=\"og:locale\" content=\"es_ES\" \/>\n<meta property=\"og:type\" content=\"article\" \/>\n<meta property=\"og:title\" content=\"The Social Hub Barcelona inaugra Mexicana Rooftop Bar &#8211; Poblenou Urban District\" \/>\n<meta property=\"og:description\" content=\"The\u00a0Social\u00a0Hub\u00a0Barcelona presenta Mexicana\u00a0Rooftop\u00a0Bar, un concepto gastron\u00f3mico de comer y bebida inspirada en M\u00e9xico para disfrutar durante dos meses a trav\u00e9s... M\u00e1s \u2192\" \/>\n<meta property=\"og:url\" content=\"https:\/\/poblenouurbandistrict.com\/es\/the-social-hub-barcelona-inaugra-mexicana-rooftop-bar\/\" \/>\n<meta property=\"og:site_name\" content=\"Poblenou Urban District\" \/>\n<meta property=\"article:published_time\" content=\"2024-07-11T14:34:19+00:00\" \/>\n<meta property=\"article:modified_time\" content=\"2024-07-11T14:37:20+00:00\" \/>\n<meta property=\"og:image\" content=\"https:\/\/poblenouurbandistrict.com\/wp-content\/uploads\/2023\/07\/thesocialhub-barcelona-rooftoppool-1-scaled.jpg\" \/>\n\t<meta property=\"og:image:width\" content=\"2560\" \/>\n\t<meta property=\"og:image:height\" content=\"1707\" \/>\n\t<meta property=\"og:image:type\" content=\"image\/jpeg\" \/>\n<meta name=\"author\" content=\"pnud\" \/>\n<meta name=\"twitter:card\" content=\"summary_large_image\" \/>\n<meta name=\"twitter:label1\" content=\"Escrito por\" \/>\n\t<meta name=\"twitter:data1\" content=\"pnud\" \/>\n\t<meta name=\"twitter:label2\" content=\"Tiempo de lectura\" \/>\n\t<meta name=\"twitter:data2\" content=\"2 minutos\" \/>\n<script type=\"application\/ld+json\" class=\"yoast-schema-graph\">{\"@context\":\"https:\\\/\\\/schema.org\",\"@graph\":[{\"@type\":\"Article\",\"@id\":\"https:\\\/\\\/poblenouurbandistrict.com\\\/the-social-hub-barcelona-inaugra-mexicana-rooftop-bar\\\/#article\",\"isPartOf\":{\"@id\":\"https:\\\/\\\/poblenouurbandistrict.com\\\/the-social-hub-barcelona-inaugra-mexicana-rooftop-bar\\\/\"},\"author\":{\"name\":\"pnud\",\"@id\":\"https:\\\/\\\/poblenouurbandistrict.com\\\/#\\\/schema\\\/person\\\/980a2cf34b399d5218205730acd54a7e\"},\"headline\":\"The Social Hub Barcelona inaugra Mexicana Rooftop Bar\",\"datePublished\":\"2024-07-11T14:34:19+00:00\",\"dateModified\":\"2024-07-11T14:37:20+00:00\",\"mainEntityOfPage\":{\"@id\":\"https:\\\/\\\/poblenouurbandistrict.com\\\/the-social-hub-barcelona-inaugra-mexicana-rooftop-bar\\\/\"},\"wordCount\":634,\"image\":{\"@id\":\"https:\\\/\\\/poblenouurbandistrict.com\\\/the-social-hub-barcelona-inaugra-mexicana-rooftop-bar\\\/#primaryimage\"},\"thumbnailUrl\":\"https:\\\/\\\/media.poblenouurbandistrict.com\\\/2023\\\/07\\\/25064045\\\/thesocialhub-barcelona-rooftoppool-1-scaled.jpg\",\"articleSection\":[\"Est\u00e1 pasando\"],\"inLanguage\":\"es\"},{\"@type\":\"WebPage\",\"@id\":\"https:\\\/\\\/poblenouurbandistrict.com\\\/es\\\/the-social-hub-barcelona-inaugra-mexicana-rooftop-bar\\\/\",\"url\":\"https:\\\/\\\/poblenouurbandistrict.com\\\/es\\\/the-social-hub-barcelona-inaugra-mexicana-rooftop-bar\\\/\",\"name\":\"The Social Hub Barcelona inaugra Mexicana Rooftop Bar &#8211; Poblenou Urban District\",\"isPartOf\":{\"@id\":\"https:\\\/\\\/poblenouurbandistrict.com\\\/es\\\/#website\"},\"primaryImageOfPage\":{\"@id\":\"https:\\\/\\\/poblenouurbandistrict.com\\\/es\\\/the-social-hub-barcelona-inaugra-mexicana-rooftop-bar\\\/#primaryimage\"},\"image\":{\"@id\":\"https:\\\/\\\/poblenouurbandistrict.com\\\/the-social-hub-barcelona-inaugra-mexicana-rooftop-bar\\\/#primaryimage\"},\"thumbnailUrl\":\"https:\\\/\\\/media.poblenouurbandistrict.com\\\/2023\\\/07\\\/25064045\\\/thesocialhub-barcelona-rooftoppool-1-scaled.jpg\",\"datePublished\":\"2024-07-11T14:34:19+00:00\",\"dateModified\":\"2024-07-11T14:37:20+00:00\",\"author\":{\"@id\":\"https:\\\/\\\/poblenouurbandistrict.com\\\/#\\\/schema\\\/person\\\/980a2cf34b399d5218205730acd54a7e\"},\"breadcrumb\":{\"@id\":\"https:\\\/\\\/poblenouurbandistrict.com\\\/es\\\/the-social-hub-barcelona-inaugra-mexicana-rooftop-bar\\\/#breadcrumb\"},\"inLanguage\":\"es\",\"potentialAction\":[{\"@type\":\"ReadAction\",\"target\":[[\"https:\\\/\\\/poblenouurbandistrict.com\\\/es\\\/the-social-hub-barcelona-inaugra-mexicana-rooftop-bar\\\/\"]]}]},{\"@type\":\"ImageObject\",\"inLanguage\":\"es\",\"@id\":\"https:\\\/\\\/poblenouurbandistrict.com\\\/es\\\/the-social-hub-barcelona-inaugra-mexicana-rooftop-bar\\\/#primaryimage\",\"url\":\"https:\\\/\\\/media.poblenouurbandistrict.com\\\/2023\\\/07\\\/25064045\\\/thesocialhub-barcelona-rooftoppool-1-scaled.jpg\",\"contentUrl\":\"https:\\\/\\\/media.poblenouurbandistrict.com\\\/2023\\\/07\\\/25064045\\\/thesocialhub-barcelona-rooftoppool-1-scaled.jpg\",\"width\":2560,\"height\":1707},{\"@type\":\"BreadcrumbList\",\"@id\":\"https:\\\/\\\/poblenouurbandistrict.com\\\/es\\\/the-social-hub-barcelona-inaugra-mexicana-rooftop-bar\\\/#breadcrumb\",\"itemListElement\":[{\"@type\":\"ListItem\",\"position\":1,\"name\":\"Home\",\"item\":\"https:\\\/\\\/poblenouurbandistrict.com\\\/es\\\/\"},{\"@type\":\"ListItem\",\"position\":2,\"name\":\"The Social Hub Barcelona inaugra Mexicana Rooftop Bar\"}]},{\"@type\":\"WebSite\",\"@id\":\"https:\\\/\\\/poblenouurbandistrict.com\\\/es\\\/#website\",\"url\":\"https:\\\/\\\/poblenouurbandistrict.com\\\/es\\\/\",\"name\":\"Poblenou Urban District\",\"description\":\"Comunidad Creativa\",\"potentialAction\":[{\"@type\":\"SearchAction\",\"target\":{\"@type\":\"EntryPoint\",\"urlTemplate\":\"https:\\\/\\\/poblenouurbandistrict.com\\\/es\\\/?s={search_term_string}\"},\"query-input\":{\"@type\":\"PropertyValueSpecification\",\"valueRequired\":true,\"valueName\":\"search_term_string\"}}],\"inLanguage\":\"es\"},{\"@type\":\"Person\",\"@id\":\"https:\\\/\\\/poblenouurbandistrict.com\\\/#\\\/schema\\\/person\\\/980a2cf34b399d5218205730acd54a7e\",\"name\":\"pnud\",\"image\":{\"@type\":\"ImageObject\",\"inLanguage\":\"es\",\"@id\":\"https:\\\/\\\/secure.gravatar.com\\\/avatar\\\/67146597b405ee077a24e519f75c3e2031736596d6ce35af3a34c122c93d0d7b?s=96&d=retro&r=g\",\"url\":\"https:\\\/\\\/secure.gravatar.com\\\/avatar\\\/67146597b405ee077a24e519f75c3e2031736596d6ce35af3a34c122c93d0d7b?s=96&d=retro&r=g\",\"contentUrl\":\"https:\\\/\\\/secure.gravatar.com\\\/avatar\\\/67146597b405ee077a24e519f75c3e2031736596d6ce35af3a34c122c93d0d7b?s=96&d=retro&r=g\",\"caption\":\"pnud\"}}]}<\/script>\n<!-- \/ Yoast SEO plugin. -->","yoast_head_json":{"title":"The Social Hub Barcelona inaugra Mexicana Rooftop Bar &#8211; Poblenou Urban District","robots":{"index":"index","follow":"follow","max-snippet":"max-snippet:-1","max-image-preview":"max-image-preview:large","max-video-preview":"max-video-preview:-1"},"canonical":"https:\/\/poblenouurbandistrict.com\/es\/the-social-hub-barcelona-inaugra-mexicana-rooftop-bar\/","og_locale":"es_ES","og_type":"article","og_title":"The Social Hub Barcelona inaugra Mexicana Rooftop Bar &#8211; Poblenou Urban District","og_description":"The\u00a0Social\u00a0Hub\u00a0Barcelona presenta Mexicana\u00a0Rooftop\u00a0Bar, un concepto gastron\u00f3mico de comer y bebida inspirada en M\u00e9xico para disfrutar durante dos meses a trav\u00e9s... M\u00e1s \u2192","og_url":"https:\/\/poblenouurbandistrict.com\/es\/the-social-hub-barcelona-inaugra-mexicana-rooftop-bar\/","og_site_name":"Poblenou Urban District","article_published_time":"2024-07-11T14:34:19+00:00","article_modified_time":"2024-07-11T14:37:20+00:00","og_image":[{"width":2560,"height":1707,"url":"https:\/\/poblenouurbandistrict.com\/wp-content\/uploads\/2023\/07\/thesocialhub-barcelona-rooftoppool-1-scaled.jpg","type":"image\/jpeg"}],"author":"pnud","twitter_card":"summary_large_image","twitter_misc":{"Escrito por":"pnud","Tiempo de lectura":"2 minutos"},"schema":{"@context":"https:\/\/schema.org","@graph":[{"@type":"Article","@id":"https:\/\/poblenouurbandistrict.com\/the-social-hub-barcelona-inaugra-mexicana-rooftop-bar\/#article","isPartOf":{"@id":"https:\/\/poblenouurbandistrict.com\/the-social-hub-barcelona-inaugra-mexicana-rooftop-bar\/"},"author":{"name":"pnud","@id":"https:\/\/poblenouurbandistrict.com\/#\/schema\/person\/980a2cf34b399d5218205730acd54a7e"},"headline":"The Social Hub Barcelona inaugra Mexicana Rooftop Bar","datePublished":"2024-07-11T14:34:19+00:00","dateModified":"2024-07-11T14:37:20+00:00","mainEntityOfPage":{"@id":"https:\/\/poblenouurbandistrict.com\/the-social-hub-barcelona-inaugra-mexicana-rooftop-bar\/"},"wordCount":634,"image":{"@id":"https:\/\/poblenouurbandistrict.com\/the-social-hub-barcelona-inaugra-mexicana-rooftop-bar\/#primaryimage"},"thumbnailUrl":"https:\/\/media.poblenouurbandistrict.com\/2023\/07\/25064045\/thesocialhub-barcelona-rooftoppool-1-scaled.jpg","articleSection":["Est\u00e1 pasando"],"inLanguage":"es"},{"@type":"WebPage","@id":"https:\/\/poblenouurbandistrict.com\/es\/the-social-hub-barcelona-inaugra-mexicana-rooftop-bar\/","url":"https:\/\/poblenouurbandistrict.com\/es\/the-social-hub-barcelona-inaugra-mexicana-rooftop-bar\/","name":"The Social Hub Barcelona inaugra Mexicana Rooftop Bar &#8211; Poblenou Urban District","isPartOf":{"@id":"https:\/\/poblenouurbandistrict.com\/es\/#website"},"primaryImageOfPage":{"@id":"https:\/\/poblenouurbandistrict.com\/es\/the-social-hub-barcelona-inaugra-mexicana-rooftop-bar\/#primaryimage"},"image":{"@id":"https:\/\/poblenouurbandistrict.com\/the-social-hub-barcelona-inaugra-mexicana-rooftop-bar\/#primaryimage"},"thumbnailUrl":"https:\/\/media.poblenouurbandistrict.com\/2023\/07\/25064045\/thesocialhub-barcelona-rooftoppool-1-scaled.jpg","datePublished":"2024-07-11T14:34:19+00:00","dateModified":"2024-07-11T14:37:20+00:00","author":{"@id":"https:\/\/poblenouurbandistrict.com\/#\/schema\/person\/980a2cf34b399d5218205730acd54a7e"},"breadcrumb":{"@id":"https:\/\/poblenouurbandistrict.com\/es\/the-social-hub-barcelona-inaugra-mexicana-rooftop-bar\/#breadcrumb"},"inLanguage":"es","potentialAction":[{"@type":"ReadAction","target":[["https:\/\/poblenouurbandistrict.com\/es\/the-social-hub-barcelona-inaugra-mexicana-rooftop-bar\/"]]}]},{"@type":"ImageObject","inLanguage":"es","@id":"https:\/\/poblenouurbandistrict.com\/es\/the-social-hub-barcelona-inaugra-mexicana-rooftop-bar\/#primaryimage","url":"https:\/\/media.poblenouurbandistrict.com\/2023\/07\/25064045\/thesocialhub-barcelona-rooftoppool-1-scaled.jpg","contentUrl":"https:\/\/media.poblenouurbandistrict.com\/2023\/07\/25064045\/thesocialhub-barcelona-rooftoppool-1-scaled.jpg","width":2560,"height":1707},{"@type":"BreadcrumbList","@id":"https:\/\/poblenouurbandistrict.com\/es\/the-social-hub-barcelona-inaugra-mexicana-rooftop-bar\/#breadcrumb","itemListElement":[{"@type":"ListItem","position":1,"name":"Home","item":"https:\/\/poblenouurbandistrict.com\/es\/"},{"@type":"ListItem","position":2,"name":"The Social Hub Barcelona inaugra Mexicana Rooftop Bar"}]},{"@type":"WebSite","@id":"https:\/\/poblenouurbandistrict.com\/es\/#website","url":"https:\/\/poblenouurbandistrict.com\/es\/","name":"Poblenou Urban District","description":"Comunidad Creativa","potentialAction":[{"@type":"SearchAction","target":{"@type":"EntryPoint","urlTemplate":"https:\/\/poblenouurbandistrict.com\/es\/?s={search_term_string}"},"query-input":{"@type":"PropertyValueSpecification","valueRequired":true,"valueName":"search_term_string"}}],"inLanguage":"es"},{"@type":"Person","@id":"https:\/\/poblenouurbandistrict.com\/#\/schema\/person\/980a2cf34b399d5218205730acd54a7e","name":"pnud","image":{"@type":"ImageObject","inLanguage":"es","@id":"https:\/\/secure.gravatar.com\/avatar\/67146597b405ee077a24e519f75c3e2031736596d6ce35af3a34c122c93d0d7b?s=96&d=retro&r=g","url":"https:\/\/secure.gravatar.com\/avatar\/67146597b405ee077a24e519f75c3e2031736596d6ce35af3a34c122c93d0d7b?s=96&d=retro&r=g","contentUrl":"https:\/\/secure.gravatar.com\/avatar\/67146597b405ee077a24e519f75c3e2031736596d6ce35af3a34c122c93d0d7b?s=96&d=retro&r=g","caption":"pnud"}}]}},"_links":{"self":[{"href":"https:\/\/poblenouurbandistrict.com\/es\/wp-json\/wp\/v2\/posts\/46469","targetHints":{"allow":["GET"]}}],"collection":[{"href":"https:\/\/poblenouurbandistrict.com\/es\/wp-json\/wp\/v2\/posts"}],"about":[{"href":"https:\/\/poblenouurbandistrict.com\/es\/wp-json\/wp\/v2\/types\/post"}],"author":[{"embeddable":true,"href":"https:\/\/poblenouurbandistrict.com\/es\/wp-json\/wp\/v2\/users\/5"}],"replies":[{"embeddable":true,"href":"https:\/\/poblenouurbandistrict.com\/es\/wp-json\/wp\/v2\/comments?post=46469"}],"version-history":[{"count":1,"href":"https:\/\/poblenouurbandistrict.com\/es\/wp-json\/wp\/v2\/posts\/46469\/revisions"}],"predecessor-version":[{"id":46471,"href":"https:\/\/poblenouurbandistrict.com\/es\/wp-json\/wp\/v2\/posts\/46469\/revisions\/46471"}],"wp:featuredmedia":[{"embeddable":true,"href":"https:\/\/poblenouurbandistrict.com\/es\/wp-json\/wp\/v2\/media\/40454"}],"wp:attachment":[{"href":"https:\/\/poblenouurbandistrict.com\/es\/wp-json\/wp\/v2\/media?parent=46469"}],"wp:term":[{"taxonomy":"category","embeddable":true,"href":"https:\/\/poblenouurbandistrict.com\/es\/wp-json\/wp\/v2\/categories?post=46469"},{"taxonomy":"post_tag","embeddable":true,"href":"https:\/\/poblenouurbandistrict.com\/es\/wp-json\/wp\/v2\/tags?post=46469"}],"curies":[{"name":"wp","href":"https:\/\/api.w.org\/{rel}","templated":true}]}}