{"id":46498,"date":"2024-07-18T14:29:17","date_gmt":"2024-07-18T12:29:17","guid":{"rendered":"https:\/\/poblenouurbandistrict.com\/?p=46498"},"modified":"2024-07-18T15:05:41","modified_gmt":"2024-07-18T13:05:41","slug":"participa-en-la-recollida-solidaria-de-roba-a-vita-student-poblenou","status":"publish","type":"post","link":"https:\/\/poblenouurbandistrict.com\/es\/participa-en-la-recollida-solidaria-de-roba-a-vita-student-poblenou\/","title":{"rendered":"Participa en la recogida solidaria de ropa a Vita Student Poblenou"},"content":{"rendered":"<p><strong>\u00bfSab\u00edas que solo utilizamos el 60% de la ropa en nuestro armario y que, cada a\u00f1o, solo en Catalu\u00f1a, cada persona genera 21,6 kg de residuos textiles?<\/strong><\/p>\n<p><span style=\"font-weight: 400;\">Por ello, en colaboraci\u00f3n con la Fundaci\u00f3n Formaci\u00f3 i Treball, Vita Student ha lanzado una iniciativa para potenciar la recogida de ropa usada entre sus residentes y la comunidad local. Esta acci\u00f3n no solo busca reducir el impacto medioambiental de la industria textil, sino tambi\u00e9n apoyar a personas en situaci\u00f3n de vulnerabilidad, a trav\u00e9s del empleo y tambi\u00e9n facilitando la entrega de ropa a personas con escasos recursos econ\u00f3micos.<\/span><\/p>\n<p><span style=\"font-weight: 400;\">La Fundaci\u00f3n Formaci\u00f3 i Treball, fundada en 1992 por C\u00e1ritas Diocesana de Barcelona, trabaja para facilitar el acceso al mercado laboral de personas en riesgo de exclusi\u00f3n social. Adem\u00e1s, gestiona la entrega digna de productos de primera necesidad a familias con recursos limitados. Basada en los principios de justicia social y ambiental.<\/span><\/p>\n<p><b>C\u00f3mo participar<\/b><\/p>\n<ol>\n<li style=\"font-weight: 400;\" aria-level=\"1\"><span style=\"font-weight: 400;\">Prepara las prendas de ropa que ya no utilizas y col\u00f3calas en una bolsa.<\/span><\/li>\n<li style=\"font-weight: 400;\" aria-level=\"1\"><span style=\"font-weight: 400;\">Deposita esta ropa en el espacio designado para la campa\u00f1a en Vita Student Poblenou.<\/span><\/li>\n<li style=\"font-weight: 400;\" aria-level=\"1\"><span style=\"font-weight: 400;\">Cuando el contenedor, que puede almacenar hasta 50 kg de ropa, esta lleno, Vita Student Poblenou gestiona su recogida a trav\u00e9s de la Fundaci\u00f3n.<\/span><\/li>\n<\/ol>\n<p><span style=\"font-weight: 400;\">Cada pieza donada ayuda a prolongar el ciclo de vida de los productos textiles, reduciendo as\u00ed la generaci\u00f3n de residuos y promoviendo la reutilizaci\u00f3n o el reciclaje del material.<\/span><\/p>\n<p><b>Beneficios para la comunidad<\/b><\/p>\n<p><span style=\"font-weight: 400;\">Al participar en esta iniciativa, los vecinos del Poblenou no solo contribuyen a un medio ambiente m\u00e1s limpio, sino que tambi\u00e9n apoyan la creaci\u00f3n de empleo para personas vulnerables. La Fundaci\u00f3n Formaci\u00f3 i Treball utiliza los textiles donados para sus programas de entrega social y en su red de tiendas solidarias, donde se preparan los textiles para su reutilizaci\u00f3n o reciclaje.<\/span><\/p>\n<p><span style=\"font-weight: 400;\">En un barrio conocido por su esp\u00edritu creativo y su compromiso con la sostenibilidad, la colaboraci\u00f3n entre Vita Student y la Fundaci\u00f3n Formaci\u00f3 i Treball es un ejemplo de c\u00f3mo las acciones locales pueden tener un impacto significativo. Invitamos a todos los residentes del Poblenou a sumarse a esta campa\u00f1a.<\/span><\/p>\n<p><strong>Lleva la ropa que ya no utilizas a la calle de Sancho de \u00c1vila, 2-10, 08018 Barcelona<\/strong><\/p>","protected":false},"excerpt":{"rendered":"<p>\u00bfSab\u00edas que solo utilizamos el 60% de la ropa en nuestro armario y que, cada a\u00f1o, solo en Catalu\u00f1a, cada&#8230; <a href=\"https:\/\/poblenouurbandistrict.com\/es\/participa-en-la-recollida-solidaria-de-roba-a-vita-student-poblenou\/\">M\u00e1s  \u2192<\/a><\/p>\n","protected":false},"author":5,"featured_media":39571,"comment_status":"closed","ping_status":"closed","sticky":false,"template":"","format":"standard","meta":{"_acf_changed":false,"footnotes":""},"categories":[1],"tags":[],"class_list":["post-46498","post","type-post","status-publish","format-standard","has-post-thumbnail","hentry","category-noticias"],"acf":[],"yoast_head":"<!-- This site is optimized with the Yoast SEO plugin v27.5 - https:\/\/yoast.com\/product\/yoast-seo-wordpress\/ -->\n<title>Participa en la recogida solidaria de ropa a Vita Student Poblenou &#8211; Poblenou Urban District<\/title>\n<meta name=\"robots\" content=\"index, follow, max-snippet:-1, max-image-preview:large, max-video-preview:-1\" \/>\n<link rel=\"canonical\" href=\"https:\/\/poblenouurbandistrict.com\/es\/participa-en-la-recollida-solidaria-de-roba-a-vita-student-poblenou\/\" \/>\n<meta property=\"og:locale\" content=\"es_ES\" \/>\n<meta property=\"og:type\" content=\"article\" \/>\n<meta property=\"og:title\" content=\"Participa en la recogida solidaria de ropa a Vita Student Poblenou &#8211; Poblenou Urban District\" \/>\n<meta property=\"og:description\" content=\"\u00bfSab\u00edas que solo utilizamos el 60% de la ropa en nuestro armario y que, cada a\u00f1o, solo en Catalu\u00f1a, cada... M\u00e1s \u2192\" \/>\n<meta property=\"og:url\" content=\"https:\/\/poblenouurbandistrict.com\/es\/participa-en-la-recollida-solidaria-de-roba-a-vita-student-poblenou\/\" \/>\n<meta property=\"og:site_name\" content=\"Poblenou Urban District\" \/>\n<meta property=\"article:published_time\" content=\"2024-07-18T12:29:17+00:00\" \/>\n<meta property=\"article:modified_time\" content=\"2024-07-18T13:05:41+00:00\" \/>\n<meta property=\"og:image\" content=\"https:\/\/poblenouurbandistrict.com\/wp-content\/uploads\/2023\/06\/vita-student-1-1.jpg\" \/>\n\t<meta property=\"og:image:width\" content=\"576\" \/>\n\t<meta property=\"og:image:height\" content=\"318\" \/>\n\t<meta property=\"og:image:type\" content=\"image\/jpeg\" \/>\n<meta name=\"author\" content=\"pnud\" \/>\n<meta name=\"twitter:card\" content=\"summary_large_image\" \/>\n<meta name=\"twitter:label1\" content=\"Escrito por\" \/>\n\t<meta name=\"twitter:data1\" content=\"pnud\" \/>\n\t<meta name=\"twitter:label2\" content=\"Tiempo de lectura\" \/>\n\t<meta name=\"twitter:data2\" content=\"3 minutos\" \/>\n<script type=\"application\/ld+json\" class=\"yoast-schema-graph\">{\"@context\":\"https:\\\/\\\/schema.org\",\"@graph\":[{\"@type\":\"Article\",\"@id\":\"https:\\\/\\\/poblenouurbandistrict.com\\\/participa-en-la-recollida-solidaria-de-roba-a-vita-student-poblenou\\\/#article\",\"isPartOf\":{\"@id\":\"https:\\\/\\\/poblenouurbandistrict.com\\\/participa-en-la-recollida-solidaria-de-roba-a-vita-student-poblenou\\\/\"},\"author\":{\"name\":\"pnud\",\"@id\":\"https:\\\/\\\/poblenouurbandistrict.com\\\/#\\\/schema\\\/person\\\/980a2cf34b399d5218205730acd54a7e\"},\"headline\":\"Participa en la recogida solidaria de ropa a Vita Student Poblenou\",\"datePublished\":\"2024-07-18T12:29:17+00:00\",\"dateModified\":\"2024-07-18T13:05:41+00:00\",\"mainEntityOfPage\":{\"@id\":\"https:\\\/\\\/poblenouurbandistrict.com\\\/participa-en-la-recollida-solidaria-de-roba-a-vita-student-poblenou\\\/\"},\"wordCount\":817,\"image\":{\"@id\":\"https:\\\/\\\/poblenouurbandistrict.com\\\/participa-en-la-recollida-solidaria-de-roba-a-vita-student-poblenou\\\/#primaryimage\"},\"thumbnailUrl\":\"https:\\\/\\\/media.poblenouurbandistrict.com\\\/2023\\\/06\\\/25063027\\\/vita-student-1-1.jpg\",\"articleSection\":[\"Est\u00e1 pasando\"],\"inLanguage\":\"es\"},{\"@type\":\"WebPage\",\"@id\":\"https:\\\/\\\/poblenouurbandistrict.com\\\/es\\\/participa-en-la-recollida-solidaria-de-roba-a-vita-student-poblenou\\\/\",\"url\":\"https:\\\/\\\/poblenouurbandistrict.com\\\/es\\\/participa-en-la-recollida-solidaria-de-roba-a-vita-student-poblenou\\\/\",\"name\":\"Participa en la recogida solidaria de ropa a Vita Student Poblenou &#8211; Poblenou Urban District\",\"isPartOf\":{\"@id\":\"https:\\\/\\\/poblenouurbandistrict.com\\\/es\\\/#website\"},\"primaryImageOfPage\":{\"@id\":\"https:\\\/\\\/poblenouurbandistrict.com\\\/es\\\/participa-en-la-recollida-solidaria-de-roba-a-vita-student-poblenou\\\/#primaryimage\"},\"image\":{\"@id\":\"https:\\\/\\\/poblenouurbandistrict.com\\\/participa-en-la-recollida-solidaria-de-roba-a-vita-student-poblenou\\\/#primaryimage\"},\"thumbnailUrl\":\"https:\\\/\\\/media.poblenouurbandistrict.com\\\/2023\\\/06\\\/25063027\\\/vita-student-1-1.jpg\",\"datePublished\":\"2024-07-18T12:29:17+00:00\",\"dateModified\":\"2024-07-18T13:05:41+00:00\",\"author\":{\"@id\":\"https:\\\/\\\/poblenouurbandistrict.com\\\/#\\\/schema\\\/person\\\/980a2cf34b399d5218205730acd54a7e\"},\"breadcrumb\":{\"@id\":\"https:\\\/\\\/poblenouurbandistrict.com\\\/es\\\/participa-en-la-recollida-solidaria-de-roba-a-vita-student-poblenou\\\/#breadcrumb\"},\"inLanguage\":\"es\",\"potentialAction\":[{\"@type\":\"ReadAction\",\"target\":[[\"https:\\\/\\\/poblenouurbandistrict.com\\\/es\\\/participa-en-la-recollida-solidaria-de-roba-a-vita-student-poblenou\\\/\"]]}]},{\"@type\":\"ImageObject\",\"inLanguage\":\"es\",\"@id\":\"https:\\\/\\\/poblenouurbandistrict.com\\\/es\\\/participa-en-la-recollida-solidaria-de-roba-a-vita-student-poblenou\\\/#primaryimage\",\"url\":\"https:\\\/\\\/media.poblenouurbandistrict.com\\\/2023\\\/06\\\/25063027\\\/vita-student-1-1.jpg\",\"contentUrl\":\"https:\\\/\\\/media.poblenouurbandistrict.com\\\/2023\\\/06\\\/25063027\\\/vita-student-1-1.jpg\",\"width\":576,\"height\":318},{\"@type\":\"BreadcrumbList\",\"@id\":\"https:\\\/\\\/poblenouurbandistrict.com\\\/es\\\/participa-en-la-recollida-solidaria-de-roba-a-vita-student-poblenou\\\/#breadcrumb\",\"itemListElement\":[{\"@type\":\"ListItem\",\"position\":1,\"name\":\"Home\",\"item\":\"https:\\\/\\\/poblenouurbandistrict.com\\\/es\\\/\"},{\"@type\":\"ListItem\",\"position\":2,\"name\":\"Participa en la recollida solid\u00e0ria de roba a Vita Student Poblenou\"}]},{\"@type\":\"WebSite\",\"@id\":\"https:\\\/\\\/poblenouurbandistrict.com\\\/es\\\/#website\",\"url\":\"https:\\\/\\\/poblenouurbandistrict.com\\\/es\\\/\",\"name\":\"Poblenou Urban District\",\"description\":\"Comunidad Creativa\",\"potentialAction\":[{\"@type\":\"SearchAction\",\"target\":{\"@type\":\"EntryPoint\",\"urlTemplate\":\"https:\\\/\\\/poblenouurbandistrict.com\\\/es\\\/?s={search_term_string}\"},\"query-input\":{\"@type\":\"PropertyValueSpecification\",\"valueRequired\":true,\"valueName\":\"search_term_string\"}}],\"inLanguage\":\"es\"},{\"@type\":\"Person\",\"@id\":\"https:\\\/\\\/poblenouurbandistrict.com\\\/#\\\/schema\\\/person\\\/980a2cf34b399d5218205730acd54a7e\",\"name\":\"pnud\",\"image\":{\"@type\":\"ImageObject\",\"inLanguage\":\"es\",\"@id\":\"https:\\\/\\\/secure.gravatar.com\\\/avatar\\\/67146597b405ee077a24e519f75c3e2031736596d6ce35af3a34c122c93d0d7b?s=96&d=retro&r=g\",\"url\":\"https:\\\/\\\/secure.gravatar.com\\\/avatar\\\/67146597b405ee077a24e519f75c3e2031736596d6ce35af3a34c122c93d0d7b?s=96&d=retro&r=g\",\"contentUrl\":\"https:\\\/\\\/secure.gravatar.com\\\/avatar\\\/67146597b405ee077a24e519f75c3e2031736596d6ce35af3a34c122c93d0d7b?s=96&d=retro&r=g\",\"caption\":\"pnud\"}}]}<\/script>\n<!-- \/ Yoast SEO plugin. -->","yoast_head_json":{"title":"Participa en la recogida solidaria de ropa a Vita Student Poblenou &#8211; Poblenou Urban District","robots":{"index":"index","follow":"follow","max-snippet":"max-snippet:-1","max-image-preview":"max-image-preview:large","max-video-preview":"max-video-preview:-1"},"canonical":"https:\/\/poblenouurbandistrict.com\/es\/participa-en-la-recollida-solidaria-de-roba-a-vita-student-poblenou\/","og_locale":"es_ES","og_type":"article","og_title":"Participa en la recogida solidaria de ropa a Vita Student Poblenou &#8211; Poblenou Urban District","og_description":"\u00bfSab\u00edas que solo utilizamos el 60% de la ropa en nuestro armario y que, cada a\u00f1o, solo en Catalu\u00f1a, cada... M\u00e1s \u2192","og_url":"https:\/\/poblenouurbandistrict.com\/es\/participa-en-la-recollida-solidaria-de-roba-a-vita-student-poblenou\/","og_site_name":"Poblenou Urban District","article_published_time":"2024-07-18T12:29:17+00:00","article_modified_time":"2024-07-18T13:05:41+00:00","og_image":[{"width":576,"height":318,"url":"https:\/\/poblenouurbandistrict.com\/wp-content\/uploads\/2023\/06\/vita-student-1-1.jpg","type":"image\/jpeg"}],"author":"pnud","twitter_card":"summary_large_image","twitter_misc":{"Escrito por":"pnud","Tiempo de lectura":"3 minutos"},"schema":{"@context":"https:\/\/schema.org","@graph":[{"@type":"Article","@id":"https:\/\/poblenouurbandistrict.com\/participa-en-la-recollida-solidaria-de-roba-a-vita-student-poblenou\/#article","isPartOf":{"@id":"https:\/\/poblenouurbandistrict.com\/participa-en-la-recollida-solidaria-de-roba-a-vita-student-poblenou\/"},"author":{"name":"pnud","@id":"https:\/\/poblenouurbandistrict.com\/#\/schema\/person\/980a2cf34b399d5218205730acd54a7e"},"headline":"Participa en la recogida solidaria de ropa a Vita Student Poblenou","datePublished":"2024-07-18T12:29:17+00:00","dateModified":"2024-07-18T13:05:41+00:00","mainEntityOfPage":{"@id":"https:\/\/poblenouurbandistrict.com\/participa-en-la-recollida-solidaria-de-roba-a-vita-student-poblenou\/"},"wordCount":817,"image":{"@id":"https:\/\/poblenouurbandistrict.com\/participa-en-la-recollida-solidaria-de-roba-a-vita-student-poblenou\/#primaryimage"},"thumbnailUrl":"https:\/\/media.poblenouurbandistrict.com\/2023\/06\/25063027\/vita-student-1-1.jpg","articleSection":["Est\u00e1 pasando"],"inLanguage":"es"},{"@type":"WebPage","@id":"https:\/\/poblenouurbandistrict.com\/es\/participa-en-la-recollida-solidaria-de-roba-a-vita-student-poblenou\/","url":"https:\/\/poblenouurbandistrict.com\/es\/participa-en-la-recollida-solidaria-de-roba-a-vita-student-poblenou\/","name":"Participa en la recogida solidaria de ropa a Vita Student Poblenou &#8211; Poblenou Urban District","isPartOf":{"@id":"https:\/\/poblenouurbandistrict.com\/es\/#website"},"primaryImageOfPage":{"@id":"https:\/\/poblenouurbandistrict.com\/es\/participa-en-la-recollida-solidaria-de-roba-a-vita-student-poblenou\/#primaryimage"},"image":{"@id":"https:\/\/poblenouurbandistrict.com\/participa-en-la-recollida-solidaria-de-roba-a-vita-student-poblenou\/#primaryimage"},"thumbnailUrl":"https:\/\/media.poblenouurbandistrict.com\/2023\/06\/25063027\/vita-student-1-1.jpg","datePublished":"2024-07-18T12:29:17+00:00","dateModified":"2024-07-18T13:05:41+00:00","author":{"@id":"https:\/\/poblenouurbandistrict.com\/#\/schema\/person\/980a2cf34b399d5218205730acd54a7e"},"breadcrumb":{"@id":"https:\/\/poblenouurbandistrict.com\/es\/participa-en-la-recollida-solidaria-de-roba-a-vita-student-poblenou\/#breadcrumb"},"inLanguage":"es","potentialAction":[{"@type":"ReadAction","target":[["https:\/\/poblenouurbandistrict.com\/es\/participa-en-la-recollida-solidaria-de-roba-a-vita-student-poblenou\/"]]}]},{"@type":"ImageObject","inLanguage":"es","@id":"https:\/\/poblenouurbandistrict.com\/es\/participa-en-la-recollida-solidaria-de-roba-a-vita-student-poblenou\/#primaryimage","url":"https:\/\/media.poblenouurbandistrict.com\/2023\/06\/25063027\/vita-student-1-1.jpg","contentUrl":"https:\/\/media.poblenouurbandistrict.com\/2023\/06\/25063027\/vita-student-1-1.jpg","width":576,"height":318},{"@type":"BreadcrumbList","@id":"https:\/\/poblenouurbandistrict.com\/es\/participa-en-la-recollida-solidaria-de-roba-a-vita-student-poblenou\/#breadcrumb","itemListElement":[{"@type":"ListItem","position":1,"name":"Home","item":"https:\/\/poblenouurbandistrict.com\/es\/"},{"@type":"ListItem","position":2,"name":"Participa en la recollida solid\u00e0ria de roba a Vita Student Poblenou"}]},{"@type":"WebSite","@id":"https:\/\/poblenouurbandistrict.com\/es\/#website","url":"https:\/\/poblenouurbandistrict.com\/es\/","name":"Poblenou Urban District","description":"Comunidad Creativa","potentialAction":[{"@type":"SearchAction","target":{"@type":"EntryPoint","urlTemplate":"https:\/\/poblenouurbandistrict.com\/es\/?s={search_term_string}"},"query-input":{"@type":"PropertyValueSpecification","valueRequired":true,"valueName":"search_term_string"}}],"inLanguage":"es"},{"@type":"Person","@id":"https:\/\/poblenouurbandistrict.com\/#\/schema\/person\/980a2cf34b399d5218205730acd54a7e","name":"pnud","image":{"@type":"ImageObject","inLanguage":"es","@id":"https:\/\/secure.gravatar.com\/avatar\/67146597b405ee077a24e519f75c3e2031736596d6ce35af3a34c122c93d0d7b?s=96&d=retro&r=g","url":"https:\/\/secure.gravatar.com\/avatar\/67146597b405ee077a24e519f75c3e2031736596d6ce35af3a34c122c93d0d7b?s=96&d=retro&r=g","contentUrl":"https:\/\/secure.gravatar.com\/avatar\/67146597b405ee077a24e519f75c3e2031736596d6ce35af3a34c122c93d0d7b?s=96&d=retro&r=g","caption":"pnud"}}]}},"_links":{"self":[{"href":"https:\/\/poblenouurbandistrict.com\/es\/wp-json\/wp\/v2\/posts\/46498","targetHints":{"allow":["GET"]}}],"collection":[{"href":"https:\/\/poblenouurbandistrict.com\/es\/wp-json\/wp\/v2\/posts"}],"about":[{"href":"https:\/\/poblenouurbandistrict.com\/es\/wp-json\/wp\/v2\/types\/post"}],"author":[{"embeddable":true,"href":"https:\/\/poblenouurbandistrict.com\/es\/wp-json\/wp\/v2\/users\/5"}],"replies":[{"embeddable":true,"href":"https:\/\/poblenouurbandistrict.com\/es\/wp-json\/wp\/v2\/comments?post=46498"}],"version-history":[{"count":1,"href":"https:\/\/poblenouurbandistrict.com\/es\/wp-json\/wp\/v2\/posts\/46498\/revisions"}],"predecessor-version":[{"id":46499,"href":"https:\/\/poblenouurbandistrict.com\/es\/wp-json\/wp\/v2\/posts\/46498\/revisions\/46499"}],"wp:featuredmedia":[{"embeddable":true,"href":"https:\/\/poblenouurbandistrict.com\/es\/wp-json\/wp\/v2\/media\/39571"}],"wp:attachment":[{"href":"https:\/\/poblenouurbandistrict.com\/es\/wp-json\/wp\/v2\/media?parent=46498"}],"wp:term":[{"taxonomy":"category","embeddable":true,"href":"https:\/\/poblenouurbandistrict.com\/es\/wp-json\/wp\/v2\/categories?post=46498"},{"taxonomy":"post_tag","embeddable":true,"href":"https:\/\/poblenouurbandistrict.com\/es\/wp-json\/wp\/v2\/tags?post=46498"}],"curies":[{"name":"wp","href":"https:\/\/api.w.org\/{rel}","templated":true}]}}