{"id":46529,"date":"2024-07-25T12:30:25","date_gmt":"2024-07-25T10:30:25","guid":{"rendered":"https:\/\/poblenouurbandistrict.com\/?p=46529"},"modified":"2024-07-25T12:38:42","modified_gmt":"2024-07-25T10:38:42","slug":"aquest-estiu-no-et-perdis-les-exposicions-del-disseny-hub","status":"publish","type":"post","link":"https:\/\/poblenouurbandistrict.com\/es\/aquest-estiu-no-et-perdis-les-exposicions-del-disseny-hub\/","title":{"rendered":"Este verano, no te pierdas las exposiciones del Disseny Hub"},"content":{"rendered":"<p>Durante todo el mes de agosto puedes seguir visitando las seis exposiciones que ofrece el Disseny Hub! Uno de los centros expositivos m\u00e1s importantes de la ciudad, el Disseny Hub es m\u00e1s que un museo, es el referente en historia del dise\u00f1o de la ciudad. Siempre hay un objeto para descubrir o para volver a admirar.<\/p>\n<p><strong>Descubre su variedad de exposiciones:<\/strong><\/p>\n<p><span style=\"font-weight: 400;\">Dissenyes o treballes? La nova comunicaci\u00f3 visual. 1980-2003<\/span><\/p>\n<p><span style=\"font-weight: 400;\">El cos vestit. Siluetes i moda (1550-2015)<\/span><\/p>\n<p><span style=\"font-weight: 400;\">Objectes comuns. Hist\u00f2ries locals, debats globals<\/span><\/p>\n<p>&nbsp;<\/p>\n<p><strong>Tambi\u00e9n sus exposiciones temporales:<\/strong><\/p>\n<p><span style=\"font-weight: 400;\">Mem\u00f2ries Sint\u00e8tiques 18 \/ 05 \/ 2024 \u2013 29 \/ 09 \/ 2024<\/span><\/p>\n<p><span style=\"font-weight: 400;\">Connectem. 40 anys de TV3 i Catalunya R\u00e0dio 22 \/ 05 \/ 2024 \u2013 25 \/ 08 \/ 2024<\/span><\/p>\n<p><span style=\"font-weight: 400;\">Ex-Designer Project Bar 23 \/ 05 \/ 2024 \u2013 25 \/ 08 \/ 2024<\/span><\/p>\n<p><span style=\"font-weight: 400;\">Premis ADI 2024 31 \/ 05 \/ 2024 \u2013 25 \/ 08 \/ 2024<\/span><\/p>\n<p style=\"text-align: center;\">De martes a domingo, de 10 a 20 h.<br \/>\nLunes festivos de 10 a 20 h.<br \/>\nPlaza de las Glorias Catalanas, 37-38<br \/>\n08018 Barcelona<\/p>\n<p><\/p>","protected":false},"excerpt":{"rendered":"<p>Durante todo el mes de agosto puedes seguir visitando las seis exposiciones que ofrece el Disseny Hub! Uno de los&#8230; <a href=\"https:\/\/poblenouurbandistrict.com\/es\/aquest-estiu-no-et-perdis-les-exposicions-del-disseny-hub\/\">M\u00e1s  \u2192<\/a><\/p>\n","protected":false},"author":5,"featured_media":46530,"comment_status":"closed","ping_status":"closed","sticky":false,"template":"","format":"standard","meta":{"_acf_changed":false,"footnotes":""},"categories":[3532,3501],"tags":[],"class_list":["post-46529","post","type-post","status-publish","format-standard","has-post-thumbnail","hentry","category-disseny-hub-barcelona","category-disseny"],"acf":[],"yoast_head":"<!-- This site is optimized with the Yoast SEO plugin v27.5 - https:\/\/yoast.com\/product\/yoast-seo-wordpress\/ -->\n<title>Este verano, no te pierdas las exposiciones del Disseny Hub &#8211; Poblenou Urban District<\/title>\n<meta name=\"robots\" content=\"index, follow, max-snippet:-1, max-image-preview:large, max-video-preview:-1\" \/>\n<link rel=\"canonical\" href=\"https:\/\/poblenouurbandistrict.com\/es\/aquest-estiu-no-et-perdis-les-exposicions-del-disseny-hub\/\" \/>\n<meta property=\"og:locale\" content=\"es_ES\" \/>\n<meta property=\"og:type\" content=\"article\" \/>\n<meta property=\"og:title\" content=\"Este verano, no te pierdas las exposiciones del Disseny Hub &#8211; Poblenou Urban District\" \/>\n<meta property=\"og:description\" content=\"Durante todo el mes de agosto puedes seguir visitando las seis exposiciones que ofrece el Disseny Hub! Uno de los... M\u00e1s \u2192\" \/>\n<meta property=\"og:url\" content=\"https:\/\/poblenouurbandistrict.com\/es\/aquest-estiu-no-et-perdis-les-exposicions-del-disseny-hub\/\" \/>\n<meta property=\"og:site_name\" content=\"Poblenou Urban District\" \/>\n<meta property=\"article:published_time\" content=\"2024-07-25T10:30:25+00:00\" \/>\n<meta property=\"article:modified_time\" content=\"2024-07-25T10:38:42+00:00\" \/>\n<meta property=\"og:image\" content=\"https:\/\/poblenouurbandistrict.com\/wp-content\/uploads\/2024\/07\/arde-x-emidelpiccolo-407.jpg\" \/>\n\t<meta property=\"og:image:width\" content=\"2560\" \/>\n\t<meta property=\"og:image:height\" content=\"1709\" \/>\n\t<meta property=\"og:image:type\" content=\"image\/jpeg\" \/>\n<meta name=\"author\" content=\"pnud\" \/>\n<meta name=\"twitter:card\" content=\"summary_large_image\" \/>\n<meta name=\"twitter:label1\" content=\"Escrito por\" \/>\n\t<meta name=\"twitter:data1\" content=\"pnud\" \/>\n\t<meta name=\"twitter:label2\" content=\"Tiempo de lectura\" \/>\n\t<meta name=\"twitter:data2\" content=\"2 minutos\" \/>\n<script type=\"application\/ld+json\" class=\"yoast-schema-graph\">{\"@context\":\"https:\\\/\\\/schema.org\",\"@graph\":[{\"@type\":\"Article\",\"@id\":\"https:\\\/\\\/poblenouurbandistrict.com\\\/aquest-estiu-no-et-perdis-les-exposicions-del-disseny-hub\\\/#article\",\"isPartOf\":{\"@id\":\"https:\\\/\\\/poblenouurbandistrict.com\\\/aquest-estiu-no-et-perdis-les-exposicions-del-disseny-hub\\\/\"},\"author\":{\"name\":\"pnud\",\"@id\":\"https:\\\/\\\/poblenouurbandistrict.com\\\/#\\\/schema\\\/person\\\/980a2cf34b399d5218205730acd54a7e\"},\"headline\":\"Este verano, no te pierdas las exposiciones del Disseny Hub\",\"datePublished\":\"2024-07-25T10:30:25+00:00\",\"dateModified\":\"2024-07-25T10:38:42+00:00\",\"mainEntityOfPage\":{\"@id\":\"https:\\\/\\\/poblenouurbandistrict.com\\\/aquest-estiu-no-et-perdis-les-exposicions-del-disseny-hub\\\/\"},\"wordCount\":282,\"image\":{\"@id\":\"https:\\\/\\\/poblenouurbandistrict.com\\\/aquest-estiu-no-et-perdis-les-exposicions-del-disseny-hub\\\/#primaryimage\"},\"thumbnailUrl\":\"https:\\\/\\\/media.poblenouurbandistrict.com\\\/2024\\\/07\\\/25074723\\\/arde-x-emidelpiccolo-407.jpg\",\"articleSection\":[\"Disseny Hub Barcelona\",\"Disseny\"],\"inLanguage\":\"es\"},{\"@type\":\"WebPage\",\"@id\":\"https:\\\/\\\/poblenouurbandistrict.com\\\/es\\\/aquest-estiu-no-et-perdis-les-exposicions-del-disseny-hub\\\/\",\"url\":\"https:\\\/\\\/poblenouurbandistrict.com\\\/es\\\/aquest-estiu-no-et-perdis-les-exposicions-del-disseny-hub\\\/\",\"name\":\"Este verano, no te pierdas las exposiciones del Disseny Hub &#8211; Poblenou Urban District\",\"isPartOf\":{\"@id\":\"https:\\\/\\\/poblenouurbandistrict.com\\\/es\\\/#website\"},\"primaryImageOfPage\":{\"@id\":\"https:\\\/\\\/poblenouurbandistrict.com\\\/es\\\/aquest-estiu-no-et-perdis-les-exposicions-del-disseny-hub\\\/#primaryimage\"},\"image\":{\"@id\":\"https:\\\/\\\/poblenouurbandistrict.com\\\/aquest-estiu-no-et-perdis-les-exposicions-del-disseny-hub\\\/#primaryimage\"},\"thumbnailUrl\":\"https:\\\/\\\/media.poblenouurbandistrict.com\\\/2024\\\/07\\\/25074723\\\/arde-x-emidelpiccolo-407.jpg\",\"datePublished\":\"2024-07-25T10:30:25+00:00\",\"dateModified\":\"2024-07-25T10:38:42+00:00\",\"author\":{\"@id\":\"https:\\\/\\\/poblenouurbandistrict.com\\\/#\\\/schema\\\/person\\\/980a2cf34b399d5218205730acd54a7e\"},\"breadcrumb\":{\"@id\":\"https:\\\/\\\/poblenouurbandistrict.com\\\/es\\\/aquest-estiu-no-et-perdis-les-exposicions-del-disseny-hub\\\/#breadcrumb\"},\"inLanguage\":\"es\",\"potentialAction\":[{\"@type\":\"ReadAction\",\"target\":[[\"https:\\\/\\\/poblenouurbandistrict.com\\\/es\\\/aquest-estiu-no-et-perdis-les-exposicions-del-disseny-hub\\\/\"]]}]},{\"@type\":\"ImageObject\",\"inLanguage\":\"es\",\"@id\":\"https:\\\/\\\/poblenouurbandistrict.com\\\/es\\\/aquest-estiu-no-et-perdis-les-exposicions-del-disseny-hub\\\/#primaryimage\",\"url\":\"https:\\\/\\\/media.poblenouurbandistrict.com\\\/2024\\\/07\\\/25074723\\\/arde-x-emidelpiccolo-407.jpg\",\"contentUrl\":\"https:\\\/\\\/media.poblenouurbandistrict.com\\\/2024\\\/07\\\/25074723\\\/arde-x-emidelpiccolo-407.jpg\",\"width\":2560,\"height\":1709},{\"@type\":\"BreadcrumbList\",\"@id\":\"https:\\\/\\\/poblenouurbandistrict.com\\\/es\\\/aquest-estiu-no-et-perdis-les-exposicions-del-disseny-hub\\\/#breadcrumb\",\"itemListElement\":[{\"@type\":\"ListItem\",\"position\":1,\"name\":\"Home\",\"item\":\"https:\\\/\\\/poblenouurbandistrict.com\\\/es\\\/\"},{\"@type\":\"ListItem\",\"position\":2,\"name\":\"Aquest estiu, no et perdis les exposicions del Disseny Hub\"}]},{\"@type\":\"WebSite\",\"@id\":\"https:\\\/\\\/poblenouurbandistrict.com\\\/es\\\/#website\",\"url\":\"https:\\\/\\\/poblenouurbandistrict.com\\\/es\\\/\",\"name\":\"Poblenou Urban District\",\"description\":\"Comunidad Creativa\",\"potentialAction\":[{\"@type\":\"SearchAction\",\"target\":{\"@type\":\"EntryPoint\",\"urlTemplate\":\"https:\\\/\\\/poblenouurbandistrict.com\\\/es\\\/?s={search_term_string}\"},\"query-input\":{\"@type\":\"PropertyValueSpecification\",\"valueRequired\":true,\"valueName\":\"search_term_string\"}}],\"inLanguage\":\"es\"},{\"@type\":\"Person\",\"@id\":\"https:\\\/\\\/poblenouurbandistrict.com\\\/#\\\/schema\\\/person\\\/980a2cf34b399d5218205730acd54a7e\",\"name\":\"pnud\",\"image\":{\"@type\":\"ImageObject\",\"inLanguage\":\"es\",\"@id\":\"https:\\\/\\\/secure.gravatar.com\\\/avatar\\\/67146597b405ee077a24e519f75c3e2031736596d6ce35af3a34c122c93d0d7b?s=96&d=retro&r=g\",\"url\":\"https:\\\/\\\/secure.gravatar.com\\\/avatar\\\/67146597b405ee077a24e519f75c3e2031736596d6ce35af3a34c122c93d0d7b?s=96&d=retro&r=g\",\"contentUrl\":\"https:\\\/\\\/secure.gravatar.com\\\/avatar\\\/67146597b405ee077a24e519f75c3e2031736596d6ce35af3a34c122c93d0d7b?s=96&d=retro&r=g\",\"caption\":\"pnud\"}}]}<\/script>\n<!-- \/ Yoast SEO plugin. -->","yoast_head_json":{"title":"Este verano, no te pierdas las exposiciones del Disseny Hub &#8211; Poblenou Urban District","robots":{"index":"index","follow":"follow","max-snippet":"max-snippet:-1","max-image-preview":"max-image-preview:large","max-video-preview":"max-video-preview:-1"},"canonical":"https:\/\/poblenouurbandistrict.com\/es\/aquest-estiu-no-et-perdis-les-exposicions-del-disseny-hub\/","og_locale":"es_ES","og_type":"article","og_title":"Este verano, no te pierdas las exposiciones del Disseny Hub &#8211; Poblenou Urban District","og_description":"Durante todo el mes de agosto puedes seguir visitando las seis exposiciones que ofrece el Disseny Hub! Uno de los... M\u00e1s \u2192","og_url":"https:\/\/poblenouurbandistrict.com\/es\/aquest-estiu-no-et-perdis-les-exposicions-del-disseny-hub\/","og_site_name":"Poblenou Urban District","article_published_time":"2024-07-25T10:30:25+00:00","article_modified_time":"2024-07-25T10:38:42+00:00","og_image":[{"width":2560,"height":1709,"url":"https:\/\/poblenouurbandistrict.com\/wp-content\/uploads\/2024\/07\/arde-x-emidelpiccolo-407.jpg","type":"image\/jpeg"}],"author":"pnud","twitter_card":"summary_large_image","twitter_misc":{"Escrito por":"pnud","Tiempo de lectura":"2 minutos"},"schema":{"@context":"https:\/\/schema.org","@graph":[{"@type":"Article","@id":"https:\/\/poblenouurbandistrict.com\/aquest-estiu-no-et-perdis-les-exposicions-del-disseny-hub\/#article","isPartOf":{"@id":"https:\/\/poblenouurbandistrict.com\/aquest-estiu-no-et-perdis-les-exposicions-del-disseny-hub\/"},"author":{"name":"pnud","@id":"https:\/\/poblenouurbandistrict.com\/#\/schema\/person\/980a2cf34b399d5218205730acd54a7e"},"headline":"Este verano, no te pierdas las exposiciones del Disseny Hub","datePublished":"2024-07-25T10:30:25+00:00","dateModified":"2024-07-25T10:38:42+00:00","mainEntityOfPage":{"@id":"https:\/\/poblenouurbandistrict.com\/aquest-estiu-no-et-perdis-les-exposicions-del-disseny-hub\/"},"wordCount":282,"image":{"@id":"https:\/\/poblenouurbandistrict.com\/aquest-estiu-no-et-perdis-les-exposicions-del-disseny-hub\/#primaryimage"},"thumbnailUrl":"https:\/\/media.poblenouurbandistrict.com\/2024\/07\/25074723\/arde-x-emidelpiccolo-407.jpg","articleSection":["Disseny Hub Barcelona","Disseny"],"inLanguage":"es"},{"@type":"WebPage","@id":"https:\/\/poblenouurbandistrict.com\/es\/aquest-estiu-no-et-perdis-les-exposicions-del-disseny-hub\/","url":"https:\/\/poblenouurbandistrict.com\/es\/aquest-estiu-no-et-perdis-les-exposicions-del-disseny-hub\/","name":"Este verano, no te pierdas las exposiciones del Disseny Hub &#8211; Poblenou Urban District","isPartOf":{"@id":"https:\/\/poblenouurbandistrict.com\/es\/#website"},"primaryImageOfPage":{"@id":"https:\/\/poblenouurbandistrict.com\/es\/aquest-estiu-no-et-perdis-les-exposicions-del-disseny-hub\/#primaryimage"},"image":{"@id":"https:\/\/poblenouurbandistrict.com\/aquest-estiu-no-et-perdis-les-exposicions-del-disseny-hub\/#primaryimage"},"thumbnailUrl":"https:\/\/media.poblenouurbandistrict.com\/2024\/07\/25074723\/arde-x-emidelpiccolo-407.jpg","datePublished":"2024-07-25T10:30:25+00:00","dateModified":"2024-07-25T10:38:42+00:00","author":{"@id":"https:\/\/poblenouurbandistrict.com\/#\/schema\/person\/980a2cf34b399d5218205730acd54a7e"},"breadcrumb":{"@id":"https:\/\/poblenouurbandistrict.com\/es\/aquest-estiu-no-et-perdis-les-exposicions-del-disseny-hub\/#breadcrumb"},"inLanguage":"es","potentialAction":[{"@type":"ReadAction","target":[["https:\/\/poblenouurbandistrict.com\/es\/aquest-estiu-no-et-perdis-les-exposicions-del-disseny-hub\/"]]}]},{"@type":"ImageObject","inLanguage":"es","@id":"https:\/\/poblenouurbandistrict.com\/es\/aquest-estiu-no-et-perdis-les-exposicions-del-disseny-hub\/#primaryimage","url":"https:\/\/media.poblenouurbandistrict.com\/2024\/07\/25074723\/arde-x-emidelpiccolo-407.jpg","contentUrl":"https:\/\/media.poblenouurbandistrict.com\/2024\/07\/25074723\/arde-x-emidelpiccolo-407.jpg","width":2560,"height":1709},{"@type":"BreadcrumbList","@id":"https:\/\/poblenouurbandistrict.com\/es\/aquest-estiu-no-et-perdis-les-exposicions-del-disseny-hub\/#breadcrumb","itemListElement":[{"@type":"ListItem","position":1,"name":"Home","item":"https:\/\/poblenouurbandistrict.com\/es\/"},{"@type":"ListItem","position":2,"name":"Aquest estiu, no et perdis les exposicions del Disseny Hub"}]},{"@type":"WebSite","@id":"https:\/\/poblenouurbandistrict.com\/es\/#website","url":"https:\/\/poblenouurbandistrict.com\/es\/","name":"Poblenou Urban District","description":"Comunidad Creativa","potentialAction":[{"@type":"SearchAction","target":{"@type":"EntryPoint","urlTemplate":"https:\/\/poblenouurbandistrict.com\/es\/?s={search_term_string}"},"query-input":{"@type":"PropertyValueSpecification","valueRequired":true,"valueName":"search_term_string"}}],"inLanguage":"es"},{"@type":"Person","@id":"https:\/\/poblenouurbandistrict.com\/#\/schema\/person\/980a2cf34b399d5218205730acd54a7e","name":"pnud","image":{"@type":"ImageObject","inLanguage":"es","@id":"https:\/\/secure.gravatar.com\/avatar\/67146597b405ee077a24e519f75c3e2031736596d6ce35af3a34c122c93d0d7b?s=96&d=retro&r=g","url":"https:\/\/secure.gravatar.com\/avatar\/67146597b405ee077a24e519f75c3e2031736596d6ce35af3a34c122c93d0d7b?s=96&d=retro&r=g","contentUrl":"https:\/\/secure.gravatar.com\/avatar\/67146597b405ee077a24e519f75c3e2031736596d6ce35af3a34c122c93d0d7b?s=96&d=retro&r=g","caption":"pnud"}}]}},"_links":{"self":[{"href":"https:\/\/poblenouurbandistrict.com\/es\/wp-json\/wp\/v2\/posts\/46529","targetHints":{"allow":["GET"]}}],"collection":[{"href":"https:\/\/poblenouurbandistrict.com\/es\/wp-json\/wp\/v2\/posts"}],"about":[{"href":"https:\/\/poblenouurbandistrict.com\/es\/wp-json\/wp\/v2\/types\/post"}],"author":[{"embeddable":true,"href":"https:\/\/poblenouurbandistrict.com\/es\/wp-json\/wp\/v2\/users\/5"}],"replies":[{"embeddable":true,"href":"https:\/\/poblenouurbandistrict.com\/es\/wp-json\/wp\/v2\/comments?post=46529"}],"version-history":[{"count":1,"href":"https:\/\/poblenouurbandistrict.com\/es\/wp-json\/wp\/v2\/posts\/46529\/revisions"}],"predecessor-version":[{"id":46531,"href":"https:\/\/poblenouurbandistrict.com\/es\/wp-json\/wp\/v2\/posts\/46529\/revisions\/46531"}],"wp:featuredmedia":[{"embeddable":true,"href":"https:\/\/poblenouurbandistrict.com\/es\/wp-json\/wp\/v2\/media\/46530"}],"wp:attachment":[{"href":"https:\/\/poblenouurbandistrict.com\/es\/wp-json\/wp\/v2\/media?parent=46529"}],"wp:term":[{"taxonomy":"category","embeddable":true,"href":"https:\/\/poblenouurbandistrict.com\/es\/wp-json\/wp\/v2\/categories?post=46529"},{"taxonomy":"post_tag","embeddable":true,"href":"https:\/\/poblenouurbandistrict.com\/es\/wp-json\/wp\/v2\/tags?post=46529"}],"curies":[{"name":"wp","href":"https:\/\/api.w.org\/{rel}","templated":true}]}}