{"id":46532,"date":"2024-07-25T12:46:47","date_gmt":"2024-07-25T10:46:47","guid":{"rendered":"https:\/\/poblenouurbandistrict.com\/?p=46532"},"modified":"2024-07-25T12:58:45","modified_gmt":"2024-07-25T10:58:45","slug":"the-golden-hotel-barcelona-torna-a-participar-en-la-campanya-hotel-invisible","status":"publish","type":"post","link":"https:\/\/poblenouurbandistrict.com\/es\/the-golden-hotel-barcelona-torna-a-participar-en-la-campanya-hotel-invisible\/","title":{"rendered":"The Golden Hotel Barcelona vuelve a participar en la Campa\u00f1a \u00abHotel Invisible\u00bb"},"content":{"rendered":"<p><span style=\"font-weight: 400;\"><strong><a href=\"https:\/\/goldenbarcelona.zthotels.com\/\">ZT The Golden Hotel Barcelona<\/a><\/strong> y el Hotel Spa Villa Ol\u00edmpica Suites participan nuevamente en la campa\u00f1a \u201cHotel Invisible\u201d, una iniciativa de la Fundaci\u00f3n IReS y el Gremi d\u2019Hotels de Barcelona para colaborar con las necesidades sociales de la ciudad y sensibilizar sobre las condiciones de vida de las personas y colectivos en riesgo de exclusi\u00f3n.<\/span><\/p>\n<p><span style=\"font-weight: 400;\">Dentro del marco de sus acciones de Responsabilidad Social Corporativa, cada hotel realiza este a\u00f1o una donaci\u00f3n de 1.900,00\u20ac, de este modo ZT Hotels aporta un total de 3.800,00\u20ac en esta campa\u00f1a solidaria; siendo el tercer a\u00f1o de participaci\u00f3n de ZT The Golden Hotel Barcelona y el segundo del Hotel Spa Villa Ol\u00edmpica Suites.<\/span><\/p>\n<p><span style=\"font-weight: 400;\">La Fundaci\u00f3n IReS es una entidad privada que desde 1969 trabaja en la atenci\u00f3n social, psicol\u00f3gica y educativa de personas en situaci\u00f3n de riesgo de exclusi\u00f3n social y\/o vulnerabilidad. Su metodolog\u00eda innovadora se basa en el empoderamiento de las personas y las familias, promoviendo una reinserci\u00f3n activa donde los propios individuos eval\u00faan y dise\u00f1an su plan de salida con el apoyo de profesionales para que encuentren el camino hacia una mejor situaci\u00f3n.<\/span><\/p>\n<p><span style=\"font-weight: 400;\">La exclusi\u00f3n social es un problema que afecta a una gran parte de la poblaci\u00f3n en <\/span><span style=\"font-weight: 400;\">Catalu\u00f1a y, con la campa\u00f1a \u201cHotel Invisible\u201d, se busca involucrar tanto a las empresas <\/span><span style=\"font-weight: 400;\">tur\u00edsticas como a los turistas, promoviendo que la actividad tur\u00edstica de Barcelona genere un retorno positivo a la sociedad.<\/span><\/p>\n<p><span style=\"font-weight: 400;\">En ZT Hotels estamos comprometidos con nuestra responsabilidad social y la mejora <\/span><span style=\"font-weight: 400;\">de nuestra comunidad. Participar en la campa\u00f1a Hotel Invisible es solo una de las muchas maneras en que nos esforzamos por apoyar a aquellos que m\u00e1s lo necesitan.<\/span><\/p>","protected":false},"excerpt":{"rendered":"<p>ZT The Golden Hotel Barcelona y el Hotel Spa Villa Ol\u00edmpica Suites participan nuevamente en la campa\u00f1a \u201cHotel Invisible\u201d, una&#8230; <a href=\"https:\/\/poblenouurbandistrict.com\/es\/the-golden-hotel-barcelona-torna-a-participar-en-la-campanya-hotel-invisible\/\">M\u00e1s  \u2192<\/a><\/p>\n","protected":false},"author":5,"featured_media":46533,"comment_status":"closed","ping_status":"closed","sticky":false,"template":"","format":"standard","meta":{"_acf_changed":false,"footnotes":""},"categories":[3595],"tags":[],"class_list":["post-46532","post","type-post","status-publish","format-standard","has-post-thumbnail","hentry","category-hotels"],"acf":[],"yoast_head":"<!-- This site is optimized with the Yoast SEO plugin v27.4 - https:\/\/yoast.com\/product\/yoast-seo-wordpress\/ -->\n<title>The Golden Hotel Barcelona vuelve a participar en la Campa\u00f1a &quot;Hotel Invisible&quot; &#8211; Poblenou Urban District<\/title>\n<meta name=\"robots\" content=\"index, follow, max-snippet:-1, max-image-preview:large, max-video-preview:-1\" \/>\n<link rel=\"canonical\" href=\"https:\/\/poblenouurbandistrict.com\/es\/the-golden-hotel-barcelona-torna-a-participar-en-la-campanya-hotel-invisible\/\" \/>\n<meta property=\"og:locale\" content=\"es_ES\" \/>\n<meta property=\"og:type\" content=\"article\" \/>\n<meta property=\"og:title\" content=\"The Golden Hotel Barcelona vuelve a participar en la Campa\u00f1a &quot;Hotel Invisible&quot; &#8211; Poblenou Urban District\" \/>\n<meta property=\"og:description\" content=\"ZT The Golden Hotel Barcelona y el Hotel Spa Villa Ol\u00edmpica Suites participan nuevamente en la campa\u00f1a \u201cHotel Invisible\u201d, una... M\u00e1s \u2192\" \/>\n<meta property=\"og:url\" content=\"https:\/\/poblenouurbandistrict.com\/es\/the-golden-hotel-barcelona-torna-a-participar-en-la-campanya-hotel-invisible\/\" \/>\n<meta property=\"og:site_name\" content=\"Poblenou Urban District\" \/>\n<meta property=\"article:published_time\" content=\"2024-07-25T10:46:47+00:00\" \/>\n<meta property=\"article:modified_time\" content=\"2024-07-25T10:58:45+00:00\" \/>\n<meta property=\"og:image\" content=\"https:\/\/poblenouurbandistrict.com\/wp-content\/uploads\/2024\/07\/the-golden-hotel-barcelona.jpg\" \/>\n\t<meta property=\"og:image:width\" content=\"2084\" \/>\n\t<meta property=\"og:image:height\" content=\"1389\" \/>\n\t<meta property=\"og:image:type\" content=\"image\/jpeg\" \/>\n<meta name=\"author\" content=\"pnud\" \/>\n<meta name=\"twitter:card\" content=\"summary_large_image\" \/>\n<meta name=\"twitter:label1\" content=\"Escrito por\" \/>\n\t<meta name=\"twitter:data1\" content=\"pnud\" \/>\n\t<meta name=\"twitter:label2\" content=\"Tiempo de lectura\" \/>\n\t<meta name=\"twitter:data2\" content=\"2 minutos\" \/>\n<script type=\"application\/ld+json\" class=\"yoast-schema-graph\">{\"@context\":\"https:\\\/\\\/schema.org\",\"@graph\":[{\"@type\":\"Article\",\"@id\":\"https:\\\/\\\/poblenouurbandistrict.com\\\/the-golden-hotel-barcelona-torna-a-participar-en-la-campanya-hotel-invisible\\\/#article\",\"isPartOf\":{\"@id\":\"https:\\\/\\\/poblenouurbandistrict.com\\\/the-golden-hotel-barcelona-torna-a-participar-en-la-campanya-hotel-invisible\\\/\"},\"author\":{\"name\":\"pnud\",\"@id\":\"https:\\\/\\\/poblenouurbandistrict.com\\\/#\\\/schema\\\/person\\\/980a2cf34b399d5218205730acd54a7e\"},\"headline\":\"The Golden Hotel Barcelona vuelve a participar en la Campa\u00f1a \u00abHotel Invisible\u00bb\",\"datePublished\":\"2024-07-25T10:46:47+00:00\",\"dateModified\":\"2024-07-25T10:58:45+00:00\",\"mainEntityOfPage\":{\"@id\":\"https:\\\/\\\/poblenouurbandistrict.com\\\/the-golden-hotel-barcelona-torna-a-participar-en-la-campanya-hotel-invisible\\\/\"},\"wordCount\":614,\"image\":{\"@id\":\"https:\\\/\\\/poblenouurbandistrict.com\\\/the-golden-hotel-barcelona-torna-a-participar-en-la-campanya-hotel-invisible\\\/#primaryimage\"},\"thumbnailUrl\":\"https:\\\/\\\/media.poblenouurbandistrict.com\\\/2024\\\/07\\\/25074727\\\/the-golden-hotel-barcelona.jpg\",\"articleSection\":[\"Hotels\"],\"inLanguage\":\"es\"},{\"@type\":\"WebPage\",\"@id\":\"https:\\\/\\\/poblenouurbandistrict.com\\\/es\\\/the-golden-hotel-barcelona-torna-a-participar-en-la-campanya-hotel-invisible\\\/\",\"url\":\"https:\\\/\\\/poblenouurbandistrict.com\\\/es\\\/the-golden-hotel-barcelona-torna-a-participar-en-la-campanya-hotel-invisible\\\/\",\"name\":\"The Golden Hotel Barcelona vuelve a participar en la Campa\u00f1a \\\"Hotel Invisible\\\" &#8211; Poblenou Urban District\",\"isPartOf\":{\"@id\":\"https:\\\/\\\/poblenouurbandistrict.com\\\/es\\\/#website\"},\"primaryImageOfPage\":{\"@id\":\"https:\\\/\\\/poblenouurbandistrict.com\\\/es\\\/the-golden-hotel-barcelona-torna-a-participar-en-la-campanya-hotel-invisible\\\/#primaryimage\"},\"image\":{\"@id\":\"https:\\\/\\\/poblenouurbandistrict.com\\\/the-golden-hotel-barcelona-torna-a-participar-en-la-campanya-hotel-invisible\\\/#primaryimage\"},\"thumbnailUrl\":\"https:\\\/\\\/media.poblenouurbandistrict.com\\\/2024\\\/07\\\/25074727\\\/the-golden-hotel-barcelona.jpg\",\"datePublished\":\"2024-07-25T10:46:47+00:00\",\"dateModified\":\"2024-07-25T10:58:45+00:00\",\"author\":{\"@id\":\"https:\\\/\\\/poblenouurbandistrict.com\\\/#\\\/schema\\\/person\\\/980a2cf34b399d5218205730acd54a7e\"},\"breadcrumb\":{\"@id\":\"https:\\\/\\\/poblenouurbandistrict.com\\\/es\\\/the-golden-hotel-barcelona-torna-a-participar-en-la-campanya-hotel-invisible\\\/#breadcrumb\"},\"inLanguage\":\"es\",\"potentialAction\":[{\"@type\":\"ReadAction\",\"target\":[[\"https:\\\/\\\/poblenouurbandistrict.com\\\/es\\\/the-golden-hotel-barcelona-torna-a-participar-en-la-campanya-hotel-invisible\\\/\"]]}]},{\"@type\":\"ImageObject\",\"inLanguage\":\"es\",\"@id\":\"https:\\\/\\\/poblenouurbandistrict.com\\\/es\\\/the-golden-hotel-barcelona-torna-a-participar-en-la-campanya-hotel-invisible\\\/#primaryimage\",\"url\":\"https:\\\/\\\/media.poblenouurbandistrict.com\\\/2024\\\/07\\\/25074727\\\/the-golden-hotel-barcelona.jpg\",\"contentUrl\":\"https:\\\/\\\/media.poblenouurbandistrict.com\\\/2024\\\/07\\\/25074727\\\/the-golden-hotel-barcelona.jpg\",\"width\":2084,\"height\":1389},{\"@type\":\"BreadcrumbList\",\"@id\":\"https:\\\/\\\/poblenouurbandistrict.com\\\/es\\\/the-golden-hotel-barcelona-torna-a-participar-en-la-campanya-hotel-invisible\\\/#breadcrumb\",\"itemListElement\":[{\"@type\":\"ListItem\",\"position\":1,\"name\":\"Home\",\"item\":\"https:\\\/\\\/poblenouurbandistrict.com\\\/es\\\/\"},{\"@type\":\"ListItem\",\"position\":2,\"name\":\"The Golden Hotel Barcelona torna a participar en la Campanya &#8220;Hotel Invisible&#8221;\"}]},{\"@type\":\"WebSite\",\"@id\":\"https:\\\/\\\/poblenouurbandistrict.com\\\/es\\\/#website\",\"url\":\"https:\\\/\\\/poblenouurbandistrict.com\\\/es\\\/\",\"name\":\"Poblenou Urban District\",\"description\":\"Comunidad Creativa\",\"potentialAction\":[{\"@type\":\"SearchAction\",\"target\":{\"@type\":\"EntryPoint\",\"urlTemplate\":\"https:\\\/\\\/poblenouurbandistrict.com\\\/es\\\/?s={search_term_string}\"},\"query-input\":{\"@type\":\"PropertyValueSpecification\",\"valueRequired\":true,\"valueName\":\"search_term_string\"}}],\"inLanguage\":\"es\"},{\"@type\":\"Person\",\"@id\":\"https:\\\/\\\/poblenouurbandistrict.com\\\/#\\\/schema\\\/person\\\/980a2cf34b399d5218205730acd54a7e\",\"name\":\"pnud\",\"image\":{\"@type\":\"ImageObject\",\"inLanguage\":\"es\",\"@id\":\"https:\\\/\\\/secure.gravatar.com\\\/avatar\\\/67146597b405ee077a24e519f75c3e2031736596d6ce35af3a34c122c93d0d7b?s=96&d=retro&r=g\",\"url\":\"https:\\\/\\\/secure.gravatar.com\\\/avatar\\\/67146597b405ee077a24e519f75c3e2031736596d6ce35af3a34c122c93d0d7b?s=96&d=retro&r=g\",\"contentUrl\":\"https:\\\/\\\/secure.gravatar.com\\\/avatar\\\/67146597b405ee077a24e519f75c3e2031736596d6ce35af3a34c122c93d0d7b?s=96&d=retro&r=g\",\"caption\":\"pnud\"}}]}<\/script>\n<!-- \/ Yoast SEO plugin. -->","yoast_head_json":{"title":"The Golden Hotel Barcelona vuelve a participar en la Campa\u00f1a \"Hotel Invisible\" &#8211; Poblenou Urban District","robots":{"index":"index","follow":"follow","max-snippet":"max-snippet:-1","max-image-preview":"max-image-preview:large","max-video-preview":"max-video-preview:-1"},"canonical":"https:\/\/poblenouurbandistrict.com\/es\/the-golden-hotel-barcelona-torna-a-participar-en-la-campanya-hotel-invisible\/","og_locale":"es_ES","og_type":"article","og_title":"The Golden Hotel Barcelona vuelve a participar en la Campa\u00f1a \"Hotel Invisible\" &#8211; Poblenou Urban District","og_description":"ZT The Golden Hotel Barcelona y el Hotel Spa Villa Ol\u00edmpica Suites participan nuevamente en la campa\u00f1a \u201cHotel Invisible\u201d, una... M\u00e1s \u2192","og_url":"https:\/\/poblenouurbandistrict.com\/es\/the-golden-hotel-barcelona-torna-a-participar-en-la-campanya-hotel-invisible\/","og_site_name":"Poblenou Urban District","article_published_time":"2024-07-25T10:46:47+00:00","article_modified_time":"2024-07-25T10:58:45+00:00","og_image":[{"width":2084,"height":1389,"url":"https:\/\/poblenouurbandistrict.com\/wp-content\/uploads\/2024\/07\/the-golden-hotel-barcelona.jpg","type":"image\/jpeg"}],"author":"pnud","twitter_card":"summary_large_image","twitter_misc":{"Escrito por":"pnud","Tiempo de lectura":"2 minutos"},"schema":{"@context":"https:\/\/schema.org","@graph":[{"@type":"Article","@id":"https:\/\/poblenouurbandistrict.com\/the-golden-hotel-barcelona-torna-a-participar-en-la-campanya-hotel-invisible\/#article","isPartOf":{"@id":"https:\/\/poblenouurbandistrict.com\/the-golden-hotel-barcelona-torna-a-participar-en-la-campanya-hotel-invisible\/"},"author":{"name":"pnud","@id":"https:\/\/poblenouurbandistrict.com\/#\/schema\/person\/980a2cf34b399d5218205730acd54a7e"},"headline":"The Golden Hotel Barcelona vuelve a participar en la Campa\u00f1a \u00abHotel Invisible\u00bb","datePublished":"2024-07-25T10:46:47+00:00","dateModified":"2024-07-25T10:58:45+00:00","mainEntityOfPage":{"@id":"https:\/\/poblenouurbandistrict.com\/the-golden-hotel-barcelona-torna-a-participar-en-la-campanya-hotel-invisible\/"},"wordCount":614,"image":{"@id":"https:\/\/poblenouurbandistrict.com\/the-golden-hotel-barcelona-torna-a-participar-en-la-campanya-hotel-invisible\/#primaryimage"},"thumbnailUrl":"https:\/\/media.poblenouurbandistrict.com\/2024\/07\/25074727\/the-golden-hotel-barcelona.jpg","articleSection":["Hotels"],"inLanguage":"es"},{"@type":"WebPage","@id":"https:\/\/poblenouurbandistrict.com\/es\/the-golden-hotel-barcelona-torna-a-participar-en-la-campanya-hotel-invisible\/","url":"https:\/\/poblenouurbandistrict.com\/es\/the-golden-hotel-barcelona-torna-a-participar-en-la-campanya-hotel-invisible\/","name":"The Golden Hotel Barcelona vuelve a participar en la Campa\u00f1a \"Hotel Invisible\" &#8211; Poblenou Urban District","isPartOf":{"@id":"https:\/\/poblenouurbandistrict.com\/es\/#website"},"primaryImageOfPage":{"@id":"https:\/\/poblenouurbandistrict.com\/es\/the-golden-hotel-barcelona-torna-a-participar-en-la-campanya-hotel-invisible\/#primaryimage"},"image":{"@id":"https:\/\/poblenouurbandistrict.com\/the-golden-hotel-barcelona-torna-a-participar-en-la-campanya-hotel-invisible\/#primaryimage"},"thumbnailUrl":"https:\/\/media.poblenouurbandistrict.com\/2024\/07\/25074727\/the-golden-hotel-barcelona.jpg","datePublished":"2024-07-25T10:46:47+00:00","dateModified":"2024-07-25T10:58:45+00:00","author":{"@id":"https:\/\/poblenouurbandistrict.com\/#\/schema\/person\/980a2cf34b399d5218205730acd54a7e"},"breadcrumb":{"@id":"https:\/\/poblenouurbandistrict.com\/es\/the-golden-hotel-barcelona-torna-a-participar-en-la-campanya-hotel-invisible\/#breadcrumb"},"inLanguage":"es","potentialAction":[{"@type":"ReadAction","target":[["https:\/\/poblenouurbandistrict.com\/es\/the-golden-hotel-barcelona-torna-a-participar-en-la-campanya-hotel-invisible\/"]]}]},{"@type":"ImageObject","inLanguage":"es","@id":"https:\/\/poblenouurbandistrict.com\/es\/the-golden-hotel-barcelona-torna-a-participar-en-la-campanya-hotel-invisible\/#primaryimage","url":"https:\/\/media.poblenouurbandistrict.com\/2024\/07\/25074727\/the-golden-hotel-barcelona.jpg","contentUrl":"https:\/\/media.poblenouurbandistrict.com\/2024\/07\/25074727\/the-golden-hotel-barcelona.jpg","width":2084,"height":1389},{"@type":"BreadcrumbList","@id":"https:\/\/poblenouurbandistrict.com\/es\/the-golden-hotel-barcelona-torna-a-participar-en-la-campanya-hotel-invisible\/#breadcrumb","itemListElement":[{"@type":"ListItem","position":1,"name":"Home","item":"https:\/\/poblenouurbandistrict.com\/es\/"},{"@type":"ListItem","position":2,"name":"The Golden Hotel Barcelona torna a participar en la Campanya &#8220;Hotel Invisible&#8221;"}]},{"@type":"WebSite","@id":"https:\/\/poblenouurbandistrict.com\/es\/#website","url":"https:\/\/poblenouurbandistrict.com\/es\/","name":"Poblenou Urban District","description":"Comunidad Creativa","potentialAction":[{"@type":"SearchAction","target":{"@type":"EntryPoint","urlTemplate":"https:\/\/poblenouurbandistrict.com\/es\/?s={search_term_string}"},"query-input":{"@type":"PropertyValueSpecification","valueRequired":true,"valueName":"search_term_string"}}],"inLanguage":"es"},{"@type":"Person","@id":"https:\/\/poblenouurbandistrict.com\/#\/schema\/person\/980a2cf34b399d5218205730acd54a7e","name":"pnud","image":{"@type":"ImageObject","inLanguage":"es","@id":"https:\/\/secure.gravatar.com\/avatar\/67146597b405ee077a24e519f75c3e2031736596d6ce35af3a34c122c93d0d7b?s=96&d=retro&r=g","url":"https:\/\/secure.gravatar.com\/avatar\/67146597b405ee077a24e519f75c3e2031736596d6ce35af3a34c122c93d0d7b?s=96&d=retro&r=g","contentUrl":"https:\/\/secure.gravatar.com\/avatar\/67146597b405ee077a24e519f75c3e2031736596d6ce35af3a34c122c93d0d7b?s=96&d=retro&r=g","caption":"pnud"}}]}},"_links":{"self":[{"href":"https:\/\/poblenouurbandistrict.com\/es\/wp-json\/wp\/v2\/posts\/46532","targetHints":{"allow":["GET"]}}],"collection":[{"href":"https:\/\/poblenouurbandistrict.com\/es\/wp-json\/wp\/v2\/posts"}],"about":[{"href":"https:\/\/poblenouurbandistrict.com\/es\/wp-json\/wp\/v2\/types\/post"}],"author":[{"embeddable":true,"href":"https:\/\/poblenouurbandistrict.com\/es\/wp-json\/wp\/v2\/users\/5"}],"replies":[{"embeddable":true,"href":"https:\/\/poblenouurbandistrict.com\/es\/wp-json\/wp\/v2\/comments?post=46532"}],"version-history":[{"count":1,"href":"https:\/\/poblenouurbandistrict.com\/es\/wp-json\/wp\/v2\/posts\/46532\/revisions"}],"predecessor-version":[{"id":46534,"href":"https:\/\/poblenouurbandistrict.com\/es\/wp-json\/wp\/v2\/posts\/46532\/revisions\/46534"}],"wp:featuredmedia":[{"embeddable":true,"href":"https:\/\/poblenouurbandistrict.com\/es\/wp-json\/wp\/v2\/media\/46533"}],"wp:attachment":[{"href":"https:\/\/poblenouurbandistrict.com\/es\/wp-json\/wp\/v2\/media?parent=46532"}],"wp:term":[{"taxonomy":"category","embeddable":true,"href":"https:\/\/poblenouurbandistrict.com\/es\/wp-json\/wp\/v2\/categories?post=46532"},{"taxonomy":"post_tag","embeddable":true,"href":"https:\/\/poblenouurbandistrict.com\/es\/wp-json\/wp\/v2\/tags?post=46532"}],"curies":[{"name":"wp","href":"https:\/\/api.w.org\/{rel}","templated":true}]}}