{"id":46580,"date":"2024-09-05T16:47:49","date_gmt":"2024-09-05T14:47:49","guid":{"rendered":"https:\/\/poblenouurbandistrict.com\/?p=46580"},"modified":"2024-09-17T12:24:35","modified_gmt":"2024-09-17T10:24:35","slug":"lobra-mirem-nos-dalbert-masias-inunda-la-facana-de-la-fundacio-carulla-amb-fotografies-de-3-metres","status":"publish","type":"post","link":"https:\/\/poblenouurbandistrict.com\/es\/lobra-mirem-nos-dalbert-masias-inunda-la-facana-de-la-fundacio-carulla-amb-fotografies-de-3-metres\/","title":{"rendered":"La obra \u00abMirem-nos\u00bb de Albert Masias inunda la fachada de la Fundaci\u00f3 Carulla con fotograf\u00edas de 3 metros"},"content":{"rendered":"<p>La instalaci\u00f3n se inaugurar\u00e1 hoy 5 de septiembre a las\u00a019h\u00a0con la presencia de entidades sociales y culturales del Poblenou.<\/p>\n<p>La obra \u201cMirem-nos\u201d del fot\u00f3grafo Albert Masias, ganador de la beca Gente del Barrio, impulsada por la Fundaci\u00f3 Carulla, est\u00e1 formada por una decena de fotograf\u00edas de gran tama\u00f1o que representan un di\u00e1logo visual sobre el tejido social y humano del Poblenou.<\/p>\n<p>El objetivo del proyecto, llevado a cabo en alianza con la <span style=\"font-weight: 400;\">Associaci\u00f3 de Ve\u00efns i Ve\u00efnes del Poblenou<\/span> y de la Fundaci\u00f3 Photographic Social Vision, es poner en valor la riqueza del tejido cultural y social del Poblenou y abrir en el barrio la nueva equipaci\u00f3n cultural de la fundaci\u00f3n.<\/p>\n<p><strong>Becas para poner en valor el barrio de Poblenou<\/strong><\/p>\n<p>La Fundaci\u00f3 Carulla ha impulsado la primera edici\u00f3n de las becas Gente del barrio de creaci\u00f3n art\u00edstica comunitaria en el Poblenou de Barcelona. El objetivo es promover la creaci\u00f3n y la exhibici\u00f3n de dos proyectos culturales con la participaci\u00f3n de las vecinas y vecinos del Poblenou para contribuir a la cohesi\u00f3n social de este barrio mediante la cultura y las artes.<\/p>","protected":false},"excerpt":{"rendered":"<p>La instalaci\u00f3n se inaugurar\u00e1 hoy 5 de septiembre a las\u00a019h\u00a0con la presencia de entidades sociales y culturales del Poblenou. La&#8230; <a href=\"https:\/\/poblenouurbandistrict.com\/es\/lobra-mirem-nos-dalbert-masias-inunda-la-facana-de-la-fundacio-carulla-amb-fotografies-de-3-metres\/\">M\u00e1s  \u2192<\/a><\/p>\n","protected":false},"author":5,"featured_media":46582,"comment_status":"closed","ping_status":"closed","sticky":false,"template":"","format":"standard","meta":{"_acf_changed":false,"footnotes":""},"categories":[1,3342],"tags":[],"class_list":["post-46580","post","type-post","status-publish","format-standard","has-post-thumbnail","hentry","category-noticias","category-art"],"acf":[],"yoast_head":"<!-- This site is optimized with the Yoast SEO plugin v27.5 - https:\/\/yoast.com\/product\/yoast-seo-wordpress\/ -->\n<title>La obra &quot;Mirem-nos&quot; de Albert Masias inunda la fachada de la Fundaci\u00f3 Carulla con fotograf\u00edas de 3 metros &#8211; Poblenou Urban District<\/title>\n<meta name=\"robots\" content=\"index, follow, max-snippet:-1, max-image-preview:large, max-video-preview:-1\" \/>\n<link rel=\"canonical\" href=\"https:\/\/poblenouurbandistrict.com\/es\/lobra-mirem-nos-dalbert-masias-inunda-la-facana-de-la-fundacio-carulla-amb-fotografies-de-3-metres\/\" \/>\n<meta property=\"og:locale\" content=\"es_ES\" \/>\n<meta property=\"og:type\" content=\"article\" \/>\n<meta property=\"og:title\" content=\"La obra &quot;Mirem-nos&quot; de Albert Masias inunda la fachada de la Fundaci\u00f3 Carulla con fotograf\u00edas de 3 metros &#8211; Poblenou Urban District\" \/>\n<meta property=\"og:description\" content=\"La instalaci\u00f3n se inaugurar\u00e1 hoy 5 de septiembre a las\u00a019h\u00a0con la presencia de entidades sociales y culturales del Poblenou. La... M\u00e1s \u2192\" \/>\n<meta property=\"og:url\" content=\"https:\/\/poblenouurbandistrict.com\/es\/lobra-mirem-nos-dalbert-masias-inunda-la-facana-de-la-fundacio-carulla-amb-fotografies-de-3-metres\/\" \/>\n<meta property=\"og:site_name\" content=\"Poblenou Urban District\" \/>\n<meta property=\"article:published_time\" content=\"2024-09-05T14:47:49+00:00\" \/>\n<meta property=\"article:modified_time\" content=\"2024-09-17T10:24:35+00:00\" \/>\n<meta property=\"og:image\" content=\"https:\/\/poblenouurbandistrict.com\/wp-content\/uploads\/2024\/09\/unnamed-4.jpg\" \/>\n\t<meta property=\"og:image:width\" content=\"1300\" \/>\n\t<meta property=\"og:image:height\" content=\"867\" \/>\n\t<meta property=\"og:image:type\" content=\"image\/jpeg\" \/>\n<meta name=\"author\" content=\"pnud\" \/>\n<meta name=\"twitter:card\" content=\"summary_large_image\" \/>\n<meta name=\"twitter:label1\" content=\"Escrito por\" \/>\n\t<meta name=\"twitter:data1\" content=\"pnud\" \/>\n\t<meta name=\"twitter:label2\" content=\"Tiempo de lectura\" \/>\n\t<meta name=\"twitter:data2\" content=\"2 minutos\" \/>\n<script type=\"application\/ld+json\" class=\"yoast-schema-graph\">{\"@context\":\"https:\\\/\\\/schema.org\",\"@graph\":[{\"@type\":\"Article\",\"@id\":\"https:\\\/\\\/poblenouurbandistrict.com\\\/lobra-mirem-nos-dalbert-masias-inunda-la-facana-de-la-fundacio-carulla-amb-fotografies-de-3-metres\\\/#article\",\"isPartOf\":{\"@id\":\"https:\\\/\\\/poblenouurbandistrict.com\\\/lobra-mirem-nos-dalbert-masias-inunda-la-facana-de-la-fundacio-carulla-amb-fotografies-de-3-metres\\\/\"},\"author\":{\"name\":\"pnud\",\"@id\":\"https:\\\/\\\/poblenouurbandistrict.com\\\/#\\\/schema\\\/person\\\/980a2cf34b399d5218205730acd54a7e\"},\"headline\":\"La obra \u00abMirem-nos\u00bb de Albert Masias inunda la fachada de la Fundaci\u00f3 Carulla con fotograf\u00edas de 3 metros\",\"datePublished\":\"2024-09-05T14:47:49+00:00\",\"dateModified\":\"2024-09-17T10:24:35+00:00\",\"mainEntityOfPage\":{\"@id\":\"https:\\\/\\\/poblenouurbandistrict.com\\\/lobra-mirem-nos-dalbert-masias-inunda-la-facana-de-la-fundacio-carulla-amb-fotografies-de-3-metres\\\/\"},\"wordCount\":614,\"image\":{\"@id\":\"https:\\\/\\\/poblenouurbandistrict.com\\\/lobra-mirem-nos-dalbert-masias-inunda-la-facana-de-la-fundacio-carulla-amb-fotografies-de-3-metres\\\/#primaryimage\"},\"thumbnailUrl\":\"https:\\\/\\\/media.poblenouurbandistrict.com\\\/2024\\\/09\\\/25074904\\\/unnamed-4.jpg\",\"articleSection\":[\"Est\u00e1 pasando\",\"Arte\"],\"inLanguage\":\"es\"},{\"@type\":\"WebPage\",\"@id\":\"https:\\\/\\\/poblenouurbandistrict.com\\\/es\\\/lobra-mirem-nos-dalbert-masias-inunda-la-facana-de-la-fundacio-carulla-amb-fotografies-de-3-metres\\\/\",\"url\":\"https:\\\/\\\/poblenouurbandistrict.com\\\/es\\\/lobra-mirem-nos-dalbert-masias-inunda-la-facana-de-la-fundacio-carulla-amb-fotografies-de-3-metres\\\/\",\"name\":\"La obra \\\"Mirem-nos\\\" de Albert Masias inunda la fachada de la Fundaci\u00f3 Carulla con fotograf\u00edas de 3 metros &#8211; Poblenou Urban District\",\"isPartOf\":{\"@id\":\"https:\\\/\\\/poblenouurbandistrict.com\\\/es\\\/#website\"},\"primaryImageOfPage\":{\"@id\":\"https:\\\/\\\/poblenouurbandistrict.com\\\/es\\\/lobra-mirem-nos-dalbert-masias-inunda-la-facana-de-la-fundacio-carulla-amb-fotografies-de-3-metres\\\/#primaryimage\"},\"image\":{\"@id\":\"https:\\\/\\\/poblenouurbandistrict.com\\\/lobra-mirem-nos-dalbert-masias-inunda-la-facana-de-la-fundacio-carulla-amb-fotografies-de-3-metres\\\/#primaryimage\"},\"thumbnailUrl\":\"https:\\\/\\\/media.poblenouurbandistrict.com\\\/2024\\\/09\\\/25074904\\\/unnamed-4.jpg\",\"datePublished\":\"2024-09-05T14:47:49+00:00\",\"dateModified\":\"2024-09-17T10:24:35+00:00\",\"author\":{\"@id\":\"https:\\\/\\\/poblenouurbandistrict.com\\\/#\\\/schema\\\/person\\\/980a2cf34b399d5218205730acd54a7e\"},\"breadcrumb\":{\"@id\":\"https:\\\/\\\/poblenouurbandistrict.com\\\/es\\\/lobra-mirem-nos-dalbert-masias-inunda-la-facana-de-la-fundacio-carulla-amb-fotografies-de-3-metres\\\/#breadcrumb\"},\"inLanguage\":\"es\",\"potentialAction\":[{\"@type\":\"ReadAction\",\"target\":[[\"https:\\\/\\\/poblenouurbandistrict.com\\\/es\\\/lobra-mirem-nos-dalbert-masias-inunda-la-facana-de-la-fundacio-carulla-amb-fotografies-de-3-metres\\\/\"]]}]},{\"@type\":\"ImageObject\",\"inLanguage\":\"es\",\"@id\":\"https:\\\/\\\/poblenouurbandistrict.com\\\/es\\\/lobra-mirem-nos-dalbert-masias-inunda-la-facana-de-la-fundacio-carulla-amb-fotografies-de-3-metres\\\/#primaryimage\",\"url\":\"https:\\\/\\\/media.poblenouurbandistrict.com\\\/2024\\\/09\\\/25074904\\\/unnamed-4.jpg\",\"contentUrl\":\"https:\\\/\\\/media.poblenouurbandistrict.com\\\/2024\\\/09\\\/25074904\\\/unnamed-4.jpg\",\"width\":1300,\"height\":867},{\"@type\":\"BreadcrumbList\",\"@id\":\"https:\\\/\\\/poblenouurbandistrict.com\\\/es\\\/lobra-mirem-nos-dalbert-masias-inunda-la-facana-de-la-fundacio-carulla-amb-fotografies-de-3-metres\\\/#breadcrumb\",\"itemListElement\":[{\"@type\":\"ListItem\",\"position\":1,\"name\":\"Home\",\"item\":\"https:\\\/\\\/poblenouurbandistrict.com\\\/es\\\/\"},{\"@type\":\"ListItem\",\"position\":2,\"name\":\"L&#8217;obra &#8220;Mirem-nos&#8221; d&#8217;Albert Masias inunda la fa\u00e7ana de la Fundaci\u00f3 Carulla amb fotografies de 3 metres\"}]},{\"@type\":\"WebSite\",\"@id\":\"https:\\\/\\\/poblenouurbandistrict.com\\\/es\\\/#website\",\"url\":\"https:\\\/\\\/poblenouurbandistrict.com\\\/es\\\/\",\"name\":\"Poblenou Urban District\",\"description\":\"Comunidad Creativa\",\"potentialAction\":[{\"@type\":\"SearchAction\",\"target\":{\"@type\":\"EntryPoint\",\"urlTemplate\":\"https:\\\/\\\/poblenouurbandistrict.com\\\/es\\\/?s={search_term_string}\"},\"query-input\":{\"@type\":\"PropertyValueSpecification\",\"valueRequired\":true,\"valueName\":\"search_term_string\"}}],\"inLanguage\":\"es\"},{\"@type\":\"Person\",\"@id\":\"https:\\\/\\\/poblenouurbandistrict.com\\\/#\\\/schema\\\/person\\\/980a2cf34b399d5218205730acd54a7e\",\"name\":\"pnud\",\"image\":{\"@type\":\"ImageObject\",\"inLanguage\":\"es\",\"@id\":\"https:\\\/\\\/secure.gravatar.com\\\/avatar\\\/67146597b405ee077a24e519f75c3e2031736596d6ce35af3a34c122c93d0d7b?s=96&d=retro&r=g\",\"url\":\"https:\\\/\\\/secure.gravatar.com\\\/avatar\\\/67146597b405ee077a24e519f75c3e2031736596d6ce35af3a34c122c93d0d7b?s=96&d=retro&r=g\",\"contentUrl\":\"https:\\\/\\\/secure.gravatar.com\\\/avatar\\\/67146597b405ee077a24e519f75c3e2031736596d6ce35af3a34c122c93d0d7b?s=96&d=retro&r=g\",\"caption\":\"pnud\"}}]}<\/script>\n<!-- \/ Yoast SEO plugin. -->","yoast_head_json":{"title":"La obra \"Mirem-nos\" de Albert Masias inunda la fachada de la Fundaci\u00f3 Carulla con fotograf\u00edas de 3 metros &#8211; Poblenou Urban District","robots":{"index":"index","follow":"follow","max-snippet":"max-snippet:-1","max-image-preview":"max-image-preview:large","max-video-preview":"max-video-preview:-1"},"canonical":"https:\/\/poblenouurbandistrict.com\/es\/lobra-mirem-nos-dalbert-masias-inunda-la-facana-de-la-fundacio-carulla-amb-fotografies-de-3-metres\/","og_locale":"es_ES","og_type":"article","og_title":"La obra \"Mirem-nos\" de Albert Masias inunda la fachada de la Fundaci\u00f3 Carulla con fotograf\u00edas de 3 metros &#8211; Poblenou Urban District","og_description":"La instalaci\u00f3n se inaugurar\u00e1 hoy 5 de septiembre a las\u00a019h\u00a0con la presencia de entidades sociales y culturales del Poblenou. La... M\u00e1s \u2192","og_url":"https:\/\/poblenouurbandistrict.com\/es\/lobra-mirem-nos-dalbert-masias-inunda-la-facana-de-la-fundacio-carulla-amb-fotografies-de-3-metres\/","og_site_name":"Poblenou Urban District","article_published_time":"2024-09-05T14:47:49+00:00","article_modified_time":"2024-09-17T10:24:35+00:00","og_image":[{"width":1300,"height":867,"url":"https:\/\/poblenouurbandistrict.com\/wp-content\/uploads\/2024\/09\/unnamed-4.jpg","type":"image\/jpeg"}],"author":"pnud","twitter_card":"summary_large_image","twitter_misc":{"Escrito por":"pnud","Tiempo de lectura":"2 minutos"},"schema":{"@context":"https:\/\/schema.org","@graph":[{"@type":"Article","@id":"https:\/\/poblenouurbandistrict.com\/lobra-mirem-nos-dalbert-masias-inunda-la-facana-de-la-fundacio-carulla-amb-fotografies-de-3-metres\/#article","isPartOf":{"@id":"https:\/\/poblenouurbandistrict.com\/lobra-mirem-nos-dalbert-masias-inunda-la-facana-de-la-fundacio-carulla-amb-fotografies-de-3-metres\/"},"author":{"name":"pnud","@id":"https:\/\/poblenouurbandistrict.com\/#\/schema\/person\/980a2cf34b399d5218205730acd54a7e"},"headline":"La obra \u00abMirem-nos\u00bb de Albert Masias inunda la fachada de la Fundaci\u00f3 Carulla con fotograf\u00edas de 3 metros","datePublished":"2024-09-05T14:47:49+00:00","dateModified":"2024-09-17T10:24:35+00:00","mainEntityOfPage":{"@id":"https:\/\/poblenouurbandistrict.com\/lobra-mirem-nos-dalbert-masias-inunda-la-facana-de-la-fundacio-carulla-amb-fotografies-de-3-metres\/"},"wordCount":614,"image":{"@id":"https:\/\/poblenouurbandistrict.com\/lobra-mirem-nos-dalbert-masias-inunda-la-facana-de-la-fundacio-carulla-amb-fotografies-de-3-metres\/#primaryimage"},"thumbnailUrl":"https:\/\/media.poblenouurbandistrict.com\/2024\/09\/25074904\/unnamed-4.jpg","articleSection":["Est\u00e1 pasando","Arte"],"inLanguage":"es"},{"@type":"WebPage","@id":"https:\/\/poblenouurbandistrict.com\/es\/lobra-mirem-nos-dalbert-masias-inunda-la-facana-de-la-fundacio-carulla-amb-fotografies-de-3-metres\/","url":"https:\/\/poblenouurbandistrict.com\/es\/lobra-mirem-nos-dalbert-masias-inunda-la-facana-de-la-fundacio-carulla-amb-fotografies-de-3-metres\/","name":"La obra \"Mirem-nos\" de Albert Masias inunda la fachada de la Fundaci\u00f3 Carulla con fotograf\u00edas de 3 metros &#8211; Poblenou Urban District","isPartOf":{"@id":"https:\/\/poblenouurbandistrict.com\/es\/#website"},"primaryImageOfPage":{"@id":"https:\/\/poblenouurbandistrict.com\/es\/lobra-mirem-nos-dalbert-masias-inunda-la-facana-de-la-fundacio-carulla-amb-fotografies-de-3-metres\/#primaryimage"},"image":{"@id":"https:\/\/poblenouurbandistrict.com\/lobra-mirem-nos-dalbert-masias-inunda-la-facana-de-la-fundacio-carulla-amb-fotografies-de-3-metres\/#primaryimage"},"thumbnailUrl":"https:\/\/media.poblenouurbandistrict.com\/2024\/09\/25074904\/unnamed-4.jpg","datePublished":"2024-09-05T14:47:49+00:00","dateModified":"2024-09-17T10:24:35+00:00","author":{"@id":"https:\/\/poblenouurbandistrict.com\/#\/schema\/person\/980a2cf34b399d5218205730acd54a7e"},"breadcrumb":{"@id":"https:\/\/poblenouurbandistrict.com\/es\/lobra-mirem-nos-dalbert-masias-inunda-la-facana-de-la-fundacio-carulla-amb-fotografies-de-3-metres\/#breadcrumb"},"inLanguage":"es","potentialAction":[{"@type":"ReadAction","target":[["https:\/\/poblenouurbandistrict.com\/es\/lobra-mirem-nos-dalbert-masias-inunda-la-facana-de-la-fundacio-carulla-amb-fotografies-de-3-metres\/"]]}]},{"@type":"ImageObject","inLanguage":"es","@id":"https:\/\/poblenouurbandistrict.com\/es\/lobra-mirem-nos-dalbert-masias-inunda-la-facana-de-la-fundacio-carulla-amb-fotografies-de-3-metres\/#primaryimage","url":"https:\/\/media.poblenouurbandistrict.com\/2024\/09\/25074904\/unnamed-4.jpg","contentUrl":"https:\/\/media.poblenouurbandistrict.com\/2024\/09\/25074904\/unnamed-4.jpg","width":1300,"height":867},{"@type":"BreadcrumbList","@id":"https:\/\/poblenouurbandistrict.com\/es\/lobra-mirem-nos-dalbert-masias-inunda-la-facana-de-la-fundacio-carulla-amb-fotografies-de-3-metres\/#breadcrumb","itemListElement":[{"@type":"ListItem","position":1,"name":"Home","item":"https:\/\/poblenouurbandistrict.com\/es\/"},{"@type":"ListItem","position":2,"name":"L&#8217;obra &#8220;Mirem-nos&#8221; d&#8217;Albert Masias inunda la fa\u00e7ana de la Fundaci\u00f3 Carulla amb fotografies de 3 metres"}]},{"@type":"WebSite","@id":"https:\/\/poblenouurbandistrict.com\/es\/#website","url":"https:\/\/poblenouurbandistrict.com\/es\/","name":"Poblenou Urban District","description":"Comunidad Creativa","potentialAction":[{"@type":"SearchAction","target":{"@type":"EntryPoint","urlTemplate":"https:\/\/poblenouurbandistrict.com\/es\/?s={search_term_string}"},"query-input":{"@type":"PropertyValueSpecification","valueRequired":true,"valueName":"search_term_string"}}],"inLanguage":"es"},{"@type":"Person","@id":"https:\/\/poblenouurbandistrict.com\/#\/schema\/person\/980a2cf34b399d5218205730acd54a7e","name":"pnud","image":{"@type":"ImageObject","inLanguage":"es","@id":"https:\/\/secure.gravatar.com\/avatar\/67146597b405ee077a24e519f75c3e2031736596d6ce35af3a34c122c93d0d7b?s=96&d=retro&r=g","url":"https:\/\/secure.gravatar.com\/avatar\/67146597b405ee077a24e519f75c3e2031736596d6ce35af3a34c122c93d0d7b?s=96&d=retro&r=g","contentUrl":"https:\/\/secure.gravatar.com\/avatar\/67146597b405ee077a24e519f75c3e2031736596d6ce35af3a34c122c93d0d7b?s=96&d=retro&r=g","caption":"pnud"}}]}},"_links":{"self":[{"href":"https:\/\/poblenouurbandistrict.com\/es\/wp-json\/wp\/v2\/posts\/46580","targetHints":{"allow":["GET"]}}],"collection":[{"href":"https:\/\/poblenouurbandistrict.com\/es\/wp-json\/wp\/v2\/posts"}],"about":[{"href":"https:\/\/poblenouurbandistrict.com\/es\/wp-json\/wp\/v2\/types\/post"}],"author":[{"embeddable":true,"href":"https:\/\/poblenouurbandistrict.com\/es\/wp-json\/wp\/v2\/users\/5"}],"replies":[{"embeddable":true,"href":"https:\/\/poblenouurbandistrict.com\/es\/wp-json\/wp\/v2\/comments?post=46580"}],"version-history":[{"count":3,"href":"https:\/\/poblenouurbandistrict.com\/es\/wp-json\/wp\/v2\/posts\/46580\/revisions"}],"predecessor-version":[{"id":46758,"href":"https:\/\/poblenouurbandistrict.com\/es\/wp-json\/wp\/v2\/posts\/46580\/revisions\/46758"}],"wp:featuredmedia":[{"embeddable":true,"href":"https:\/\/poblenouurbandistrict.com\/es\/wp-json\/wp\/v2\/media\/46582"}],"wp:attachment":[{"href":"https:\/\/poblenouurbandistrict.com\/es\/wp-json\/wp\/v2\/media?parent=46580"}],"wp:term":[{"taxonomy":"category","embeddable":true,"href":"https:\/\/poblenouurbandistrict.com\/es\/wp-json\/wp\/v2\/categories?post=46580"},{"taxonomy":"post_tag","embeddable":true,"href":"https:\/\/poblenouurbandistrict.com\/es\/wp-json\/wp\/v2\/tags?post=46580"}],"curies":[{"name":"wp","href":"https:\/\/api.w.org\/{rel}","templated":true}]}}