{"id":46656,"date":"2024-09-10T16:32:44","date_gmt":"2024-09-10T14:32:44","guid":{"rendered":"https:\/\/poblenouurbandistrict.com\/?p=46656"},"modified":"2024-09-10T16:32:44","modified_gmt":"2024-09-10T14:32:44","slug":"gaudeix-del-tardeo-fins-al-final-de-lestiu-a-lhotel-barcelona-princess","status":"publish","type":"post","link":"https:\/\/poblenouurbandistrict.com\/es\/gaudeix-del-tardeo-fins-al-final-de-lestiu-a-lhotel-barcelona-princess\/","title":{"rendered":"Disfruta del tardeo hasta el final del verano en el Hotel Barcelona Princess"},"content":{"rendered":"<p>El Hotel Barcelona Princess\u00a0te propone los \u00faltimos planes de ocio del verano para que la vuelta a la rutina sea m\u00e1s llevadera. Todos los viernes por la tarde, en la terraza de Restaurante Dagma, podr\u00e1s disfrutar de la m\u00fasica y la gastronom\u00eda en un ambiente relajado y tranquilo, alejado del bullicio del centro de Barcelona.<\/p>\n<p>Entre los artistas programados para este mes destacan Lessus, Isa Rojas o Drunk in Vogue, cada uno con su particular estilo, te har\u00e1n vibrar y pasar un buen rato en la exclusiva terraza de Dagma, a escasos metros del mar.<\/p>\n<p>Desde el pasado a\u00f1o, el Restaurante Dagma se ha convertido en uno de los espacios gastron\u00f3micos m\u00e1s reconocidos del Distrito de Sant Mart\u00ed de Barcelona. Ubicado en la tercera planta del Hotel Barcelona Princess, Restaurante Dagma dispone de una zona interior y otra exterior, junto a la piscina: Terraza Dagma.<\/p>\n<p>Cada uno de estos espacios cuenta una carta gastron\u00f3mica independiente pensada para satisfacer a cualquier comensal, no s\u00f3lo hu\u00e9spedes del hotel, que aprecie el protagonismo del producto de temporada y proximidad, sin renunciar a las nuevas tendencias culinarias.<\/p>\n<p>La carta de la zona interior es muy sugerente y sofisticada mientras que la carta proyectada para la zona de exterior es m\u00e1s desenfadada y cuenta con tapas, ensaladas, bocadillos y una pizza del d\u00eda para disfrutar junto a una selecci\u00f3n de bebidas y c\u00f3cteles, con alcohol y sin alcohol. Ambas propuestas est\u00e1n firmadas por los chefs Pedro Montolio y David Bourg.<\/p>\n<p style=\"font-weight: 400;\"><strong>PROGRAMACI\u00d3N SEPTIEMBRE<\/strong><\/p>\n<ul>\n<li style=\"font-weight: 400;\"><strong>06\/09 Dimas Henkes DJ Set<\/strong><\/li>\n<li style=\"font-weight: 400;\"><strong>13\/09 Lessus Live!<\/strong><\/li>\n<li style=\"font-weight: 400;\"><strong>20\/09 Isa Rojas DJ Set<\/strong><\/li>\n<li style=\"font-weight: 400;\"><strong>23\/09 Drunk at Vogue DJ Set<\/strong><\/li>\n<\/ul>\n<p>Puedes disfrutar de\u00a0este planazo en\u00a0La Terraza Dagma en horario de 10:30h a 23:30h, cocina abierta de 10:30h a 19:30h.<\/p>","protected":false},"excerpt":{"rendered":"<p>El Hotel Barcelona Princess\u00a0te propone los \u00faltimos planes de ocio del verano para que la vuelta a la rutina sea&#8230; <a href=\"https:\/\/poblenouurbandistrict.com\/es\/gaudeix-del-tardeo-fins-al-final-de-lestiu-a-lhotel-barcelona-princess\/\">M\u00e1s  \u2192<\/a><\/p>\n","protected":false},"author":5,"featured_media":46659,"comment_status":"closed","ping_status":"closed","sticky":false,"template":"","format":"standard","meta":{"_acf_changed":false,"footnotes":""},"categories":[3353,3348],"tags":[],"class_list":["post-46656","post","type-post","status-publish","format-standard","has-post-thumbnail","hentry","category-gastronomia","category-musica"],"acf":[],"yoast_head":"<!-- This site is optimized with the Yoast SEO plugin v27.4 - https:\/\/yoast.com\/product\/yoast-seo-wordpress\/ -->\n<title>Disfruta del tardeo hasta el final del verano en el Hotel Barcelona Princess &#8211; Poblenou Urban District<\/title>\n<meta name=\"robots\" content=\"index, follow, max-snippet:-1, max-image-preview:large, max-video-preview:-1\" \/>\n<link rel=\"canonical\" href=\"https:\/\/poblenouurbandistrict.com\/es\/gaudeix-del-tardeo-fins-al-final-de-lestiu-a-lhotel-barcelona-princess\/\" \/>\n<meta property=\"og:locale\" content=\"es_ES\" \/>\n<meta property=\"og:type\" content=\"article\" \/>\n<meta property=\"og:title\" content=\"Disfruta del tardeo hasta el final del verano en el Hotel Barcelona Princess &#8211; Poblenou Urban District\" \/>\n<meta property=\"og:description\" content=\"El Hotel Barcelona Princess\u00a0te propone los \u00faltimos planes de ocio del verano para que la vuelta a la rutina sea... M\u00e1s \u2192\" \/>\n<meta property=\"og:url\" content=\"https:\/\/poblenouurbandistrict.com\/es\/gaudeix-del-tardeo-fins-al-final-de-lestiu-a-lhotel-barcelona-princess\/\" \/>\n<meta property=\"og:site_name\" content=\"Poblenou Urban District\" \/>\n<meta property=\"article:published_time\" content=\"2024-09-10T14:32:44+00:00\" \/>\n<meta property=\"og:image\" content=\"https:\/\/poblenouurbandistrict.com\/wp-content\/uploads\/2024\/09\/terraza-dagma-1.jpg\" \/>\n\t<meta property=\"og:image:width\" content=\"2560\" \/>\n\t<meta property=\"og:image:height\" content=\"1707\" \/>\n\t<meta property=\"og:image:type\" content=\"image\/jpeg\" \/>\n<meta name=\"author\" content=\"pnud\" \/>\n<meta name=\"twitter:card\" content=\"summary_large_image\" \/>\n<meta name=\"twitter:label1\" content=\"Escrito por\" \/>\n\t<meta name=\"twitter:data1\" content=\"pnud\" \/>\n\t<meta name=\"twitter:label2\" content=\"Tiempo de lectura\" \/>\n\t<meta name=\"twitter:data2\" content=\"2 minutos\" \/>\n<script type=\"application\/ld+json\" class=\"yoast-schema-graph\">{\"@context\":\"https:\\\/\\\/schema.org\",\"@graph\":[{\"@type\":\"Article\",\"@id\":\"https:\\\/\\\/poblenouurbandistrict.com\\\/gaudeix-del-tardeo-fins-al-final-de-lestiu-a-lhotel-barcelona-princess\\\/#article\",\"isPartOf\":{\"@id\":\"https:\\\/\\\/poblenouurbandistrict.com\\\/gaudeix-del-tardeo-fins-al-final-de-lestiu-a-lhotel-barcelona-princess\\\/\"},\"author\":{\"name\":\"pnud\",\"@id\":\"https:\\\/\\\/poblenouurbandistrict.com\\\/#\\\/schema\\\/person\\\/980a2cf34b399d5218205730acd54a7e\"},\"headline\":\"Disfruta del tardeo hasta el final del verano en el Hotel Barcelona Princess\",\"datePublished\":\"2024-09-10T14:32:44+00:00\",\"mainEntityOfPage\":{\"@id\":\"https:\\\/\\\/poblenouurbandistrict.com\\\/gaudeix-del-tardeo-fins-al-final-de-lestiu-a-lhotel-barcelona-princess\\\/\"},\"wordCount\":637,\"image\":{\"@id\":\"https:\\\/\\\/poblenouurbandistrict.com\\\/gaudeix-del-tardeo-fins-al-final-de-lestiu-a-lhotel-barcelona-princess\\\/#primaryimage\"},\"thumbnailUrl\":\"https:\\\/\\\/media.poblenouurbandistrict.com\\\/2024\\\/09\\\/25074947\\\/terraza-dagma-1.jpg\",\"articleSection\":[\"Gastronom\u00eda\",\"M\u00fasica\"],\"inLanguage\":\"es\"},{\"@type\":\"WebPage\",\"@id\":\"https:\\\/\\\/poblenouurbandistrict.com\\\/es\\\/gaudeix-del-tardeo-fins-al-final-de-lestiu-a-lhotel-barcelona-princess\\\/\",\"url\":\"https:\\\/\\\/poblenouurbandistrict.com\\\/es\\\/gaudeix-del-tardeo-fins-al-final-de-lestiu-a-lhotel-barcelona-princess\\\/\",\"name\":\"Disfruta del tardeo hasta el final del verano en el Hotel Barcelona Princess &#8211; Poblenou Urban District\",\"isPartOf\":{\"@id\":\"https:\\\/\\\/poblenouurbandistrict.com\\\/es\\\/#website\"},\"primaryImageOfPage\":{\"@id\":\"https:\\\/\\\/poblenouurbandistrict.com\\\/es\\\/gaudeix-del-tardeo-fins-al-final-de-lestiu-a-lhotel-barcelona-princess\\\/#primaryimage\"},\"image\":{\"@id\":\"https:\\\/\\\/poblenouurbandistrict.com\\\/gaudeix-del-tardeo-fins-al-final-de-lestiu-a-lhotel-barcelona-princess\\\/#primaryimage\"},\"thumbnailUrl\":\"https:\\\/\\\/media.poblenouurbandistrict.com\\\/2024\\\/09\\\/25074947\\\/terraza-dagma-1.jpg\",\"datePublished\":\"2024-09-10T14:32:44+00:00\",\"author\":{\"@id\":\"https:\\\/\\\/poblenouurbandistrict.com\\\/#\\\/schema\\\/person\\\/980a2cf34b399d5218205730acd54a7e\"},\"breadcrumb\":{\"@id\":\"https:\\\/\\\/poblenouurbandistrict.com\\\/es\\\/gaudeix-del-tardeo-fins-al-final-de-lestiu-a-lhotel-barcelona-princess\\\/#breadcrumb\"},\"inLanguage\":\"es\",\"potentialAction\":[{\"@type\":\"ReadAction\",\"target\":[[\"https:\\\/\\\/poblenouurbandistrict.com\\\/es\\\/gaudeix-del-tardeo-fins-al-final-de-lestiu-a-lhotel-barcelona-princess\\\/\"]]}]},{\"@type\":\"ImageObject\",\"inLanguage\":\"es\",\"@id\":\"https:\\\/\\\/poblenouurbandistrict.com\\\/es\\\/gaudeix-del-tardeo-fins-al-final-de-lestiu-a-lhotel-barcelona-princess\\\/#primaryimage\",\"url\":\"https:\\\/\\\/media.poblenouurbandistrict.com\\\/2024\\\/09\\\/25074947\\\/terraza-dagma-1.jpg\",\"contentUrl\":\"https:\\\/\\\/media.poblenouurbandistrict.com\\\/2024\\\/09\\\/25074947\\\/terraza-dagma-1.jpg\",\"width\":2560,\"height\":1707},{\"@type\":\"BreadcrumbList\",\"@id\":\"https:\\\/\\\/poblenouurbandistrict.com\\\/es\\\/gaudeix-del-tardeo-fins-al-final-de-lestiu-a-lhotel-barcelona-princess\\\/#breadcrumb\",\"itemListElement\":[{\"@type\":\"ListItem\",\"position\":1,\"name\":\"Home\",\"item\":\"https:\\\/\\\/poblenouurbandistrict.com\\\/es\\\/\"},{\"@type\":\"ListItem\",\"position\":2,\"name\":\"Gaudeix del tardeo fins al final de l&#8217;estiu a l&#8217;Hotel Barcelona Princess\"}]},{\"@type\":\"WebSite\",\"@id\":\"https:\\\/\\\/poblenouurbandistrict.com\\\/es\\\/#website\",\"url\":\"https:\\\/\\\/poblenouurbandistrict.com\\\/es\\\/\",\"name\":\"Poblenou Urban District\",\"description\":\"Comunidad Creativa\",\"potentialAction\":[{\"@type\":\"SearchAction\",\"target\":{\"@type\":\"EntryPoint\",\"urlTemplate\":\"https:\\\/\\\/poblenouurbandistrict.com\\\/es\\\/?s={search_term_string}\"},\"query-input\":{\"@type\":\"PropertyValueSpecification\",\"valueRequired\":true,\"valueName\":\"search_term_string\"}}],\"inLanguage\":\"es\"},{\"@type\":\"Person\",\"@id\":\"https:\\\/\\\/poblenouurbandistrict.com\\\/#\\\/schema\\\/person\\\/980a2cf34b399d5218205730acd54a7e\",\"name\":\"pnud\",\"image\":{\"@type\":\"ImageObject\",\"inLanguage\":\"es\",\"@id\":\"https:\\\/\\\/secure.gravatar.com\\\/avatar\\\/67146597b405ee077a24e519f75c3e2031736596d6ce35af3a34c122c93d0d7b?s=96&d=retro&r=g\",\"url\":\"https:\\\/\\\/secure.gravatar.com\\\/avatar\\\/67146597b405ee077a24e519f75c3e2031736596d6ce35af3a34c122c93d0d7b?s=96&d=retro&r=g\",\"contentUrl\":\"https:\\\/\\\/secure.gravatar.com\\\/avatar\\\/67146597b405ee077a24e519f75c3e2031736596d6ce35af3a34c122c93d0d7b?s=96&d=retro&r=g\",\"caption\":\"pnud\"}}]}<\/script>\n<!-- \/ Yoast SEO plugin. -->","yoast_head_json":{"title":"Disfruta del tardeo hasta el final del verano en el Hotel Barcelona Princess &#8211; Poblenou Urban District","robots":{"index":"index","follow":"follow","max-snippet":"max-snippet:-1","max-image-preview":"max-image-preview:large","max-video-preview":"max-video-preview:-1"},"canonical":"https:\/\/poblenouurbandistrict.com\/es\/gaudeix-del-tardeo-fins-al-final-de-lestiu-a-lhotel-barcelona-princess\/","og_locale":"es_ES","og_type":"article","og_title":"Disfruta del tardeo hasta el final del verano en el Hotel Barcelona Princess &#8211; Poblenou Urban District","og_description":"El Hotel Barcelona Princess\u00a0te propone los \u00faltimos planes de ocio del verano para que la vuelta a la rutina sea... M\u00e1s \u2192","og_url":"https:\/\/poblenouurbandistrict.com\/es\/gaudeix-del-tardeo-fins-al-final-de-lestiu-a-lhotel-barcelona-princess\/","og_site_name":"Poblenou Urban District","article_published_time":"2024-09-10T14:32:44+00:00","og_image":[{"width":2560,"height":1707,"url":"https:\/\/poblenouurbandistrict.com\/wp-content\/uploads\/2024\/09\/terraza-dagma-1.jpg","type":"image\/jpeg"}],"author":"pnud","twitter_card":"summary_large_image","twitter_misc":{"Escrito por":"pnud","Tiempo de lectura":"2 minutos"},"schema":{"@context":"https:\/\/schema.org","@graph":[{"@type":"Article","@id":"https:\/\/poblenouurbandistrict.com\/gaudeix-del-tardeo-fins-al-final-de-lestiu-a-lhotel-barcelona-princess\/#article","isPartOf":{"@id":"https:\/\/poblenouurbandistrict.com\/gaudeix-del-tardeo-fins-al-final-de-lestiu-a-lhotel-barcelona-princess\/"},"author":{"name":"pnud","@id":"https:\/\/poblenouurbandistrict.com\/#\/schema\/person\/980a2cf34b399d5218205730acd54a7e"},"headline":"Disfruta del tardeo hasta el final del verano en el Hotel Barcelona Princess","datePublished":"2024-09-10T14:32:44+00:00","mainEntityOfPage":{"@id":"https:\/\/poblenouurbandistrict.com\/gaudeix-del-tardeo-fins-al-final-de-lestiu-a-lhotel-barcelona-princess\/"},"wordCount":637,"image":{"@id":"https:\/\/poblenouurbandistrict.com\/gaudeix-del-tardeo-fins-al-final-de-lestiu-a-lhotel-barcelona-princess\/#primaryimage"},"thumbnailUrl":"https:\/\/media.poblenouurbandistrict.com\/2024\/09\/25074947\/terraza-dagma-1.jpg","articleSection":["Gastronom\u00eda","M\u00fasica"],"inLanguage":"es"},{"@type":"WebPage","@id":"https:\/\/poblenouurbandistrict.com\/es\/gaudeix-del-tardeo-fins-al-final-de-lestiu-a-lhotel-barcelona-princess\/","url":"https:\/\/poblenouurbandistrict.com\/es\/gaudeix-del-tardeo-fins-al-final-de-lestiu-a-lhotel-barcelona-princess\/","name":"Disfruta del tardeo hasta el final del verano en el Hotel Barcelona Princess &#8211; Poblenou Urban District","isPartOf":{"@id":"https:\/\/poblenouurbandistrict.com\/es\/#website"},"primaryImageOfPage":{"@id":"https:\/\/poblenouurbandistrict.com\/es\/gaudeix-del-tardeo-fins-al-final-de-lestiu-a-lhotel-barcelona-princess\/#primaryimage"},"image":{"@id":"https:\/\/poblenouurbandistrict.com\/gaudeix-del-tardeo-fins-al-final-de-lestiu-a-lhotel-barcelona-princess\/#primaryimage"},"thumbnailUrl":"https:\/\/media.poblenouurbandistrict.com\/2024\/09\/25074947\/terraza-dagma-1.jpg","datePublished":"2024-09-10T14:32:44+00:00","author":{"@id":"https:\/\/poblenouurbandistrict.com\/#\/schema\/person\/980a2cf34b399d5218205730acd54a7e"},"breadcrumb":{"@id":"https:\/\/poblenouurbandistrict.com\/es\/gaudeix-del-tardeo-fins-al-final-de-lestiu-a-lhotel-barcelona-princess\/#breadcrumb"},"inLanguage":"es","potentialAction":[{"@type":"ReadAction","target":[["https:\/\/poblenouurbandistrict.com\/es\/gaudeix-del-tardeo-fins-al-final-de-lestiu-a-lhotel-barcelona-princess\/"]]}]},{"@type":"ImageObject","inLanguage":"es","@id":"https:\/\/poblenouurbandistrict.com\/es\/gaudeix-del-tardeo-fins-al-final-de-lestiu-a-lhotel-barcelona-princess\/#primaryimage","url":"https:\/\/media.poblenouurbandistrict.com\/2024\/09\/25074947\/terraza-dagma-1.jpg","contentUrl":"https:\/\/media.poblenouurbandistrict.com\/2024\/09\/25074947\/terraza-dagma-1.jpg","width":2560,"height":1707},{"@type":"BreadcrumbList","@id":"https:\/\/poblenouurbandistrict.com\/es\/gaudeix-del-tardeo-fins-al-final-de-lestiu-a-lhotel-barcelona-princess\/#breadcrumb","itemListElement":[{"@type":"ListItem","position":1,"name":"Home","item":"https:\/\/poblenouurbandistrict.com\/es\/"},{"@type":"ListItem","position":2,"name":"Gaudeix del tardeo fins al final de l&#8217;estiu a l&#8217;Hotel Barcelona Princess"}]},{"@type":"WebSite","@id":"https:\/\/poblenouurbandistrict.com\/es\/#website","url":"https:\/\/poblenouurbandistrict.com\/es\/","name":"Poblenou Urban District","description":"Comunidad Creativa","potentialAction":[{"@type":"SearchAction","target":{"@type":"EntryPoint","urlTemplate":"https:\/\/poblenouurbandistrict.com\/es\/?s={search_term_string}"},"query-input":{"@type":"PropertyValueSpecification","valueRequired":true,"valueName":"search_term_string"}}],"inLanguage":"es"},{"@type":"Person","@id":"https:\/\/poblenouurbandistrict.com\/#\/schema\/person\/980a2cf34b399d5218205730acd54a7e","name":"pnud","image":{"@type":"ImageObject","inLanguage":"es","@id":"https:\/\/secure.gravatar.com\/avatar\/67146597b405ee077a24e519f75c3e2031736596d6ce35af3a34c122c93d0d7b?s=96&d=retro&r=g","url":"https:\/\/secure.gravatar.com\/avatar\/67146597b405ee077a24e519f75c3e2031736596d6ce35af3a34c122c93d0d7b?s=96&d=retro&r=g","contentUrl":"https:\/\/secure.gravatar.com\/avatar\/67146597b405ee077a24e519f75c3e2031736596d6ce35af3a34c122c93d0d7b?s=96&d=retro&r=g","caption":"pnud"}}]}},"_links":{"self":[{"href":"https:\/\/poblenouurbandistrict.com\/es\/wp-json\/wp\/v2\/posts\/46656","targetHints":{"allow":["GET"]}}],"collection":[{"href":"https:\/\/poblenouurbandistrict.com\/es\/wp-json\/wp\/v2\/posts"}],"about":[{"href":"https:\/\/poblenouurbandistrict.com\/es\/wp-json\/wp\/v2\/types\/post"}],"author":[{"embeddable":true,"href":"https:\/\/poblenouurbandistrict.com\/es\/wp-json\/wp\/v2\/users\/5"}],"replies":[{"embeddable":true,"href":"https:\/\/poblenouurbandistrict.com\/es\/wp-json\/wp\/v2\/comments?post=46656"}],"version-history":[{"count":6,"href":"https:\/\/poblenouurbandistrict.com\/es\/wp-json\/wp\/v2\/posts\/46656\/revisions"}],"predecessor-version":[{"id":46667,"href":"https:\/\/poblenouurbandistrict.com\/es\/wp-json\/wp\/v2\/posts\/46656\/revisions\/46667"}],"wp:featuredmedia":[{"embeddable":true,"href":"https:\/\/poblenouurbandistrict.com\/es\/wp-json\/wp\/v2\/media\/46659"}],"wp:attachment":[{"href":"https:\/\/poblenouurbandistrict.com\/es\/wp-json\/wp\/v2\/media?parent=46656"}],"wp:term":[{"taxonomy":"category","embeddable":true,"href":"https:\/\/poblenouurbandistrict.com\/es\/wp-json\/wp\/v2\/categories?post=46656"},{"taxonomy":"post_tag","embeddable":true,"href":"https:\/\/poblenouurbandistrict.com\/es\/wp-json\/wp\/v2\/tags?post=46656"}],"curies":[{"name":"wp","href":"https:\/\/api.w.org\/{rel}","templated":true}]}}