{"id":46698,"date":"2024-09-12T11:59:10","date_gmt":"2024-09-12T09:59:10","guid":{"rendered":"https:\/\/poblenouurbandistrict.com\/?p=46698"},"modified":"2024-09-17T13:13:39","modified_gmt":"2024-09-17T11:13:39","slug":"no-et-perdis-els-tallers-oberts-de-la-escocesa-el-14-i-15-de-setembre","status":"publish","type":"post","link":"https:\/\/poblenouurbandistrict.com\/es\/no-et-perdis-els-tallers-oberts-de-la-escocesa-el-14-i-15-de-setembre\/","title":{"rendered":"No te pierdas los Talleres Abiertos de la Escocesa el 14 y 15 de Septiembre"},"content":{"rendered":"<p>Durante el fin de semana del 14 y 15 de septiembre La Escocesa abre sus puertas. Los artistas residentes tendr\u00e1n sus talleres abiertos y hablar\u00e1n de su producci\u00f3n y proceso de trabajo.<\/p>\n<p>Adem\u00e1s, este a\u00f1o tambi\u00e9n tendr\u00e1n un programa completo de actividades con proyecciones,\u00a0performances, comer popular, visitas guiadas y un espacio por los ni\u00f1os. Ser\u00e1 una edici\u00f3n especial, puesto que hacen 25 a\u00f1os y lo celebran con una comida popular.<\/p>\n<h3><strong>Programa<\/strong><\/h3>\n<h4>S\u00e1bado\u00a014<\/h4>\n<p><strong>11:00h \u2013 Abrimos puertas<\/strong><\/p>\n<p><strong>11:00 a 14:00h \/ 16:00 a 18:00h \u2013 Apertura de los talleres de les artistes residentes<\/strong><\/p>\n<p><strong>11:00 a 14:00h \/ 16:00 a 18:00h\u00a0<\/strong>\u2013\u00a0<strong>Instalaci\u00f3n\u00a0<a tabindex=\"-1\" href=\"https:\/\/laescocesa.org\/es\/view\/\/3847?pimcore_object_preview=3847&amp;_dc=1722339760\" target=\"_blank\" rel=\"noopener\"><em>Cocciones varias<\/em><\/a><\/strong>\u00a0de Helena civit, Helena Vinent, Andi Icaza-Largaespada, Julia Gorostidi, Catrina Miralles, Natalia Casta\u00f1eda, B\u00e1rbara S\u00e1nchez Barroso y\u00a0Maria Roy<\/p>\n<p><strong>11:30h\u00a0<\/strong>&#8211;\u00a0<a tabindex=\"-1\" href=\"https:\/\/laescocesa.org\/es\/view\/\/3845?pimcore_object_preview=3845&amp;_dc=1722336153\" target=\"_blank\" rel=\"noopener\"><strong><em>Todas las palabras<\/em>\u00a0<\/strong><\/a>(Video, 18\u2019) de Diana Rangel<\/p>\n<p><strong>11:30 a 12:30h \/\u00a016:30 a 17:30h\u00a0<\/strong>\u2013 Visita guiada en castellano<\/p>\n<p><strong>12:00 a 14:00h \/ 16:00 a 18:00h\u00a0<\/strong>\u2013\u00a0<strong>Visita performativa individual\u00a0<a tabindex=\"-1\" href=\"https:\/\/laescocesa.org\/es\/view\/\/3847?pimcore_object_preview=3847&amp;_dc=1722339760\" target=\"_blank\" rel=\"noopener\"><em>Festa horitzontal de dolors i plaers<\/em><\/a>\u00a0<\/strong>(8\u2019) de Consol Llupi\u00e0. Habr\u00e1 diferentes pases y se acceder\u00e1 por orden de llegada<\/p>\n<p><strong>12:00 a 14:00h \/ 16:00 a 18:00h\u00a0<\/strong>\u2013\u00a0<a tabindex=\"-1\" href=\"https:\/\/laescocesa.org\/es\/view\/\/3847?pimcore_object_preview=3847&amp;_dc=1722339760\" target=\"_blank\" rel=\"noopener\"><strong><em>Secreto Ancestral VR<\/em><\/strong><\/a>\u00a0(20\u2019) de Mar\u00eda Jos\u00e9 D\u00edaz. Habr\u00e1 diferentes pases y se acceder\u00e1 por orden de llegada<\/p>\n<p><strong>12:30h\u00a0<\/strong>&#8211;\u00a0<strong><a tabindex=\"-1\" href=\"https:\/\/laescocesa.org\/es\/view\/\/3845?pimcore_object_preview=3845&amp;_dc=1722336153\" target=\"_blank\" rel=\"noopener\"><em>Una comunitat de llavors i de relats<\/em><\/a>\u00a0<\/strong>(Video, 10\u2019) \/\u00a0<a tabindex=\"-1\" href=\"https:\/\/laescocesa.org\/es\/view\/\/3845?pimcore_object_preview=3845&amp;_dc=1722336153\" target=\"_blank\" rel=\"noopener\"><strong><em>Aiguarir<\/em><\/strong>\u00a0<\/a>(Video, 12\u2019) de B\u00e1rbara S\u00e1nchez Barroso<\/p>\n<p><strong>12:30 a 13:30h<\/strong>\u00a0\u2013 Visita guiada en catal\u00e1n<\/p>\n<p><strong>13:20h\u00a0<\/strong>&#8211;\u00a0<a tabindex=\"-1\" href=\"https:\/\/laescocesa.org\/es\/view\/\/3845?pimcore_object_preview=3845&amp;_dc=1722336153\" target=\"_blank\" rel=\"noopener\"><strong><em>Chigys Mie (Cosas pasadas)<\/em>\u00a0<\/strong><\/a>(Video, 32\u2019) de Julia Gorostidi\u00a0<strong>14:00 a 16:00h \u2013 Comida popular\u00a0preparada por Ca l&#8217;Isidret<\/strong><\/p>\n<p><strong>16:00h \u2013\u00a0<a tabindex=\"-1\" href=\"https:\/\/laescocesa.org\/es\/view\/\/3845?pimcore_object_preview=3845&amp;_dc=1722336153\" target=\"_blank\" rel=\"noopener\"><em>Manual de tejido<\/em><\/a>\u00a0<\/strong>(Video, 8\u2019) \/\u00a0<a tabindex=\"-1\" href=\"https:\/\/laescocesa.org\/es\/view\/\/3845?pimcore_object_preview=3845&amp;_dc=1722336153\" target=\"_blank\" rel=\"noopener\"><em><strong>Entre reflejos<\/strong><\/em>\u00a0<\/a>(Video, 12\u2019) de Laura Arensburg<\/p>\n<p><strong>17:00h \u2013\u00a0<a tabindex=\"-1\" href=\"https:\/\/laescocesa.org\/es\/view\/\/3845?pimcore_object_preview=3845&amp;_dc=1722336153\" target=\"_blank\" rel=\"noopener\"><em>Un par\u00e1sito<\/em>\u00a0<em>(viviendo bonito)<\/em><\/a><\/strong>\u00a0(Video, 5\u2019) \/\u00a0<a tabindex=\"-1\" href=\"https:\/\/laescocesa.org\/es\/view\/\/3845?pimcore_object_preview=3845&amp;_dc=1722336153\" target=\"_blank\" rel=\"noopener\"><strong><em>Recuperar el amanecer<\/em>\u00a0<\/strong><\/a>(Video, 5\u2019) de Andi Icaza-Largaespada<\/p>\n<p><strong>17:45h \u2013\u00a0<a tabindex=\"-1\" href=\"https:\/\/laescocesa.org\/es\/view\/\/3845?pimcore_object_preview=3845&amp;_dc=1722336153\" target=\"_blank\" rel=\"noopener\"><em>Sin t\u00edtulo<\/em>\u00a0<\/a><\/strong>(Video, 7\u2019) de Catarina Botelho<\/p>\n<p><strong>18:00h \u2013 Cierre de la Nave Johnson y el taller de les artistes<\/strong><\/p>\n<p><strong>18:00h \u2013\u00a0<a tabindex=\"-1\" href=\"https:\/\/laescocesa.org\/es\/view\/\/3846?pimcore_object_preview=3846&amp;_dc=1722336906\" target=\"_blank\" rel=\"noopener\"><em>Leyendas Bastardas. Una sesi\u00f3n de cuentos fant\u00e1sticos sobre la ciudad que (tambi\u00e9n) habitamos<\/em><\/a><\/strong><em>\u00a0<\/em>(Performance, 40\u2019) de Julia Gorostidi<\/p>\n<p><strong>19:00h \u2013\u00a0<a tabindex=\"-1\" href=\"https:\/\/laescocesa.org\/es\/view\/\/3846?pimcore_object_preview=3846&amp;_dc=1722336906\" target=\"_blank\" rel=\"noopener\"><em>Ara \/ n\u00favol \/ eco \/ punt<\/em><\/a><\/strong><a tabindex=\"-1\" href=\"https:\/\/laescocesa.org\/es\/view\/\/3846?pimcore_object_preview=3846&amp;_dc=1722336906\" target=\"_blank\" rel=\"noopener\">\u00a0<\/a>(Performance, 45\u2019) de Caterina Miralles y\u00a0Mireia Molina Costa<\/p>\n<p><strong>20:00h \u2013\u00a0<a tabindex=\"-1\" href=\"https:\/\/laescocesa.org\/es\/view\/\/3846?pimcore_object_preview=3846&amp;_dc=1722336906\" target=\"_blank\" rel=\"noopener\"><em>El ball de la civada jo te\u2019l cantar\u00e9<\/em><\/a>\u00a0<\/strong>(Performance, 30\u2019) de Joana Capella<\/p>\n<p><strong>20:45h \u2013\u00a0<a tabindex=\"-1\" href=\"https:\/\/laescocesa.org\/es\/view\/\/3846?pimcore_object_preview=3846&amp;_dc=1722336906\" target=\"_blank\" rel=\"noopener\"><em>Posesi\u00f3n _ Baile Enmascarado<\/em><\/a>\u00a0<\/strong>(Performance, 45\u2019) de M0nster.l4b<\/p>\n<p><strong>23:00h &#8211; Cierre<\/strong><\/p>\n<p>&nbsp;<\/p>\n<hr \/>\n<p>&nbsp;<\/p>\n<p>Durante toda la jornada habr\u00e1 habilitado un<strong>\u00a0<a tabindex=\"-1\" href=\"https:\/\/laescocesa.org\/es\/view\/\/3847?pimcore_object_preview=3847&amp;_dc=1722339760\" target=\"_blank\" rel=\"noopener\">espacio para ni\u00f1es<\/a><\/strong>\u00a0y tambi\u00e9n tendremos a la venta los\u00a0<strong>libros de\u00a0<a tabindex=\"-1\" href=\"https:\/\/laescocesa.org\/es\/Ediciones%20La%20Escocesa\" target=\"_blank\" rel=\"noopener\">Edicions la Escocesa<\/a>.<\/strong><\/p>\n<p><em><strong>Toldo<\/strong><\/em>\u00a0de Rae Teitelbaum y Anna Irina Russell Lo cosido de varios elementos funcionar\u00e1 como cobijo del sol en algunos puntos de encuentro de la comunidad de la Escocesa, con la idea de generar un espacio m\u00e1s suave y habitable.<\/p>\n<h4>Domingo 15<\/h4>\n<p><strong>11:00h \u2013 Abrimos puertas<\/strong><\/p>\n<p><strong>11:00 a 14:00h \u2013 Obertura dels tallers de les artistes residents<\/strong><\/p>\n<p><strong>11:30 a 12:30h \u2013\u00a0<\/strong>Visita guiada en catal\u00e1n<\/p>\n<p><strong>12:00h \u2013\u00a0<a tabindex=\"-1\" href=\"https:\/\/laescocesa.org\/es\/view\/\/3845?pimcore_object_preview=3845&amp;_dc=1722336153\" target=\"_blank\" rel=\"noopener\"><em>A la sombra de la luz<\/em><\/a>\u00a0<\/strong>(Video, 60\u2019) de Mar\u00eda Jos\u00e9 D\u00edaz<\/p>\n<p><strong>12:30 a 13:30h \u2013<\/strong>\u00a0Visita guiada en castellano<\/p>\n<p><strong>13:00 a 15:00h \u2013 Performance, pica-pica y vermut\u00a0<a tabindex=\"-1\" href=\"https:\/\/laescocesa.org\/es\/view\/\/3847?pimcore_object_preview=3847&amp;_dc=1722339760\" target=\"_blank\" rel=\"noopener\"><em>Comeplantas<\/em><\/a>\u00a0<\/strong>de Natalia Carminati y\u00a0Sonia Villar<\/p>\n<p><strong>13:10h \u2013<em>\u00a0<a tabindex=\"-1\" href=\"https:\/\/laescocesa.org\/es\/view\/\/3845?pimcore_object_preview=3845&amp;_dc=1722336153\" target=\"_blank\" rel=\"noopener\">Desear como inmortales<\/a><\/em><\/strong>\u00a0(Video, 8\u2019) de Paula Bruna<\/p>\n<p><strong>16:00h \u2013 Cierre<\/strong><\/p>\n<p>Durante toda la jornada habr\u00e1 habilitado un<strong>\u00a0<a tabindex=\"-1\" href=\"https:\/\/laescocesa.org\/es\/view\/\/3847?pimcore_object_preview=3847&amp;_dc=1722339760\" target=\"_blank\" rel=\"noopener\">espacio para ni\u00f1es<\/a><\/strong>\u00a0y tambi\u00e9n tendremos a la venta los\u00a0<strong>libros de\u00a0<a tabindex=\"-1\" href=\"https:\/\/laescocesa.org\/es\/Ediciones%20La%20Escocesa\" target=\"_blank\" rel=\"noopener\">Edicions la Escocesa<\/a>.<\/strong><\/p>\n<p><em><strong>Toldo<\/strong><\/em>\u00a0de Rae Teitelbaum y Anna Irina Russell Lo cosido de varios elementos funcionar\u00e1 como cobijo del sol en algunos puntos de encuentro de la comunidad de la Escocesa, con la idea de generar un espacio m\u00e1s suave y habitable.<\/p>\n<p>Aqu\u00ed puedes ver el programa detallado de\u00a0<a tabindex=\"-1\" href=\"https:\/\/laescocesa.org\/es\/view\/\/3845?pimcore_object_preview=3845&amp;_dc=1722336153\" target=\"_blank\" rel=\"noopener\">proyecciones<\/a>,\u00a0<a tabindex=\"-1\" href=\"https:\/\/laescocesa.org\/es\/view\/\/3846?pimcore_object_preview=3846&amp;_dc=1722336906\" target=\"_blank\" rel=\"noopener\">performances<\/a>\u00a0y\u00a0<a tabindex=\"-1\" href=\"https:\/\/laescocesa.org\/es\/view\/\/3847?pimcore_object_preview=3847&amp;_dc=1722339760\" target=\"_blank\" rel=\"noopener\">espacio\u00a0de ni\u00f1es y otras activaciones<\/a>.<\/p>\n<p>&nbsp;<\/p>\n<hr \/>\n<p>&nbsp;<\/p>\n<p>Actualmente, todos los beneficios que se generan en La Escocesa se destinan a\u00a0<a tabindex=\"-1\" href=\"https:\/\/www.instagram.com\/teja_redespacios\" target=\"_blank\" rel=\"noopener\">Teja<\/a>, una red de solidaridad cultural que brinda apoyo a artistas y profesionales de la cultura en situaciones de emergencia y a trav\u00e9s de la cual se est\u00e1n financiando residencias art\u00edsticas para personas de Palestina.<\/p>\n<p>Algunos de los talleres est\u00e1n situados en la segunda planta d\u00f3nde solo se puede acceder mediante escaleras. Pod\u00e9is ver el mapa con toda la informaci\u00f3n de los espacios en <a tabindex=\"-1\" href=\"http:\/\/laescocesa.org\/Agenda\/2024\/Tallers%20Oberts%202024\/LE2024_TallersObertsMAPA.jpg\" target=\"_blank\" rel=\"noopener\">este link<\/a>.<\/p>\n<p>&nbsp;<\/p>\n<hr \/>\n<p>&nbsp;<\/p>\n<p><a href=\"https:\/\/laescocesa.org\/es\/La%20Escocesa\/qu%C3%A9%20es%20la%20escocesa\">La Escocesa<\/a> es un centro p\u00fablico de residencias art\u00edsticas y de producci\u00f3n de arte contempor\u00e1neo gestionado de forma colectiva a trav\u00e9s de la asociaci\u00f3n de artistas\u00a0<a href=\"https:\/\/laescocesa.org\/es\/La%20Escocesa\/as%C3%B3ciate\" target=\"_blank\" rel=\"noopener\">\u2018Associaci\u00f3 d\u2019Idees EMA\u2019<\/a>\u00a0y al que se accede s\u00f3lo mediante convocatoria anual.<\/p>","protected":false},"excerpt":{"rendered":"<p>Durante el fin de semana del 14 y 15 de septiembre La Escocesa abre sus puertas. Los artistas residentes tendr\u00e1n&#8230; <a href=\"https:\/\/poblenouurbandistrict.com\/es\/no-et-perdis-els-tallers-oberts-de-la-escocesa-el-14-i-15-de-setembre\/\">M\u00e1s  \u2192<\/a><\/p>\n","protected":false},"author":5,"featured_media":46702,"comment_status":"closed","ping_status":"closed","sticky":false,"template":"","format":"standard","meta":{"_acf_changed":false,"footnotes":""},"categories":[3602,3601,3596],"tags":[],"class_list":["post-46698","post","type-post","status-publish","format-standard","has-post-thumbnail","hentry","category-poblenou","category-residencies","category-tallers"],"acf":[],"yoast_head":"<!-- This site is optimized with the Yoast SEO plugin v27.5 - https:\/\/yoast.com\/product\/yoast-seo-wordpress\/ -->\n<title>No te pierdas los Talleres Abiertos de la Escocesa el 14 y 15 de Septiembre &#8211; Poblenou Urban District<\/title>\n<meta name=\"robots\" content=\"index, follow, max-snippet:-1, max-image-preview:large, max-video-preview:-1\" \/>\n<link rel=\"canonical\" href=\"https:\/\/poblenouurbandistrict.com\/es\/no-et-perdis-els-tallers-oberts-de-la-escocesa-el-14-i-15-de-setembre\/\" \/>\n<meta property=\"og:locale\" content=\"es_ES\" \/>\n<meta property=\"og:type\" content=\"article\" \/>\n<meta property=\"og:title\" content=\"No te pierdas los Talleres Abiertos de la Escocesa el 14 y 15 de Septiembre &#8211; Poblenou Urban District\" \/>\n<meta property=\"og:description\" content=\"Durante el fin de semana del 14 y 15 de septiembre La Escocesa abre sus puertas. Los artistas residentes tendr\u00e1n... M\u00e1s \u2192\" \/>\n<meta property=\"og:url\" content=\"https:\/\/poblenouurbandistrict.com\/es\/no-et-perdis-els-tallers-oberts-de-la-escocesa-el-14-i-15-de-setembre\/\" \/>\n<meta property=\"og:site_name\" content=\"Poblenou Urban District\" \/>\n<meta property=\"article:published_time\" content=\"2024-09-12T09:59:10+00:00\" \/>\n<meta property=\"article:modified_time\" content=\"2024-09-17T11:13:39+00:00\" \/>\n<meta property=\"og:image\" content=\"https:\/\/poblenouurbandistrict.com\/wp-content\/uploads\/2024\/09\/la-escocesa-060-e1726135128265.jpg\" \/>\n\t<meta property=\"og:image:width\" content=\"667\" \/>\n\t<meta property=\"og:image:height\" content=\"461\" \/>\n\t<meta property=\"og:image:type\" content=\"image\/jpeg\" \/>\n<meta name=\"author\" content=\"pnud\" \/>\n<meta name=\"twitter:card\" content=\"summary_large_image\" \/>\n<meta name=\"twitter:label1\" content=\"Escrito por\" \/>\n\t<meta name=\"twitter:data1\" content=\"pnud\" \/>\n\t<meta name=\"twitter:label2\" content=\"Tiempo de lectura\" \/>\n\t<meta name=\"twitter:data2\" content=\"4 minutos\" \/>\n<script type=\"application\/ld+json\" class=\"yoast-schema-graph\">{\"@context\":\"https:\\\/\\\/schema.org\",\"@graph\":[{\"@type\":\"Article\",\"@id\":\"https:\\\/\\\/poblenouurbandistrict.com\\\/no-et-perdis-els-tallers-oberts-de-la-escocesa-el-14-i-15-de-setembre\\\/#article\",\"isPartOf\":{\"@id\":\"https:\\\/\\\/poblenouurbandistrict.com\\\/no-et-perdis-els-tallers-oberts-de-la-escocesa-el-14-i-15-de-setembre\\\/\"},\"author\":{\"name\":\"pnud\",\"@id\":\"https:\\\/\\\/poblenouurbandistrict.com\\\/#\\\/schema\\\/person\\\/980a2cf34b399d5218205730acd54a7e\"},\"headline\":\"No te pierdas los Talleres Abiertos de la Escocesa el 14 y 15 de Septiembre\",\"datePublished\":\"2024-09-12T09:59:10+00:00\",\"dateModified\":\"2024-09-17T11:13:39+00:00\",\"mainEntityOfPage\":{\"@id\":\"https:\\\/\\\/poblenouurbandistrict.com\\\/no-et-perdis-els-tallers-oberts-de-la-escocesa-el-14-i-15-de-setembre\\\/\"},\"wordCount\":1409,\"image\":{\"@id\":\"https:\\\/\\\/poblenouurbandistrict.com\\\/no-et-perdis-els-tallers-oberts-de-la-escocesa-el-14-i-15-de-setembre\\\/#primaryimage\"},\"thumbnailUrl\":\"https:\\\/\\\/media.poblenouurbandistrict.com\\\/2024\\\/09\\\/25075039\\\/la-escocesa-060-e1726135128265.jpg\",\"articleSection\":[\"Poblenou\",\"Resid\u00e8ncies\",\"Tallers\"],\"inLanguage\":\"es\"},{\"@type\":\"WebPage\",\"@id\":\"https:\\\/\\\/poblenouurbandistrict.com\\\/es\\\/no-et-perdis-els-tallers-oberts-de-la-escocesa-el-14-i-15-de-setembre\\\/\",\"url\":\"https:\\\/\\\/poblenouurbandistrict.com\\\/es\\\/no-et-perdis-els-tallers-oberts-de-la-escocesa-el-14-i-15-de-setembre\\\/\",\"name\":\"No te pierdas los Talleres Abiertos de la Escocesa el 14 y 15 de Septiembre &#8211; Poblenou Urban District\",\"isPartOf\":{\"@id\":\"https:\\\/\\\/poblenouurbandistrict.com\\\/es\\\/#website\"},\"primaryImageOfPage\":{\"@id\":\"https:\\\/\\\/poblenouurbandistrict.com\\\/es\\\/no-et-perdis-els-tallers-oberts-de-la-escocesa-el-14-i-15-de-setembre\\\/#primaryimage\"},\"image\":{\"@id\":\"https:\\\/\\\/poblenouurbandistrict.com\\\/no-et-perdis-els-tallers-oberts-de-la-escocesa-el-14-i-15-de-setembre\\\/#primaryimage\"},\"thumbnailUrl\":\"https:\\\/\\\/media.poblenouurbandistrict.com\\\/2024\\\/09\\\/25075039\\\/la-escocesa-060-e1726135128265.jpg\",\"datePublished\":\"2024-09-12T09:59:10+00:00\",\"dateModified\":\"2024-09-17T11:13:39+00:00\",\"author\":{\"@id\":\"https:\\\/\\\/poblenouurbandistrict.com\\\/#\\\/schema\\\/person\\\/980a2cf34b399d5218205730acd54a7e\"},\"breadcrumb\":{\"@id\":\"https:\\\/\\\/poblenouurbandistrict.com\\\/es\\\/no-et-perdis-els-tallers-oberts-de-la-escocesa-el-14-i-15-de-setembre\\\/#breadcrumb\"},\"inLanguage\":\"es\",\"potentialAction\":[{\"@type\":\"ReadAction\",\"target\":[[\"https:\\\/\\\/poblenouurbandistrict.com\\\/es\\\/no-et-perdis-els-tallers-oberts-de-la-escocesa-el-14-i-15-de-setembre\\\/\"]]}]},{\"@type\":\"ImageObject\",\"inLanguage\":\"es\",\"@id\":\"https:\\\/\\\/poblenouurbandistrict.com\\\/es\\\/no-et-perdis-els-tallers-oberts-de-la-escocesa-el-14-i-15-de-setembre\\\/#primaryimage\",\"url\":\"https:\\\/\\\/media.poblenouurbandistrict.com\\\/2024\\\/09\\\/25075039\\\/la-escocesa-060-e1726135128265.jpg\",\"contentUrl\":\"https:\\\/\\\/media.poblenouurbandistrict.com\\\/2024\\\/09\\\/25075039\\\/la-escocesa-060-e1726135128265.jpg\",\"width\":667,\"height\":461},{\"@type\":\"BreadcrumbList\",\"@id\":\"https:\\\/\\\/poblenouurbandistrict.com\\\/es\\\/no-et-perdis-els-tallers-oberts-de-la-escocesa-el-14-i-15-de-setembre\\\/#breadcrumb\",\"itemListElement\":[{\"@type\":\"ListItem\",\"position\":1,\"name\":\"Home\",\"item\":\"https:\\\/\\\/poblenouurbandistrict.com\\\/es\\\/\"},{\"@type\":\"ListItem\",\"position\":2,\"name\":\"No et perdis els Tallers Oberts de La Escocesa el 14 i 15 de setembre\"}]},{\"@type\":\"WebSite\",\"@id\":\"https:\\\/\\\/poblenouurbandistrict.com\\\/es\\\/#website\",\"url\":\"https:\\\/\\\/poblenouurbandistrict.com\\\/es\\\/\",\"name\":\"Poblenou Urban District\",\"description\":\"Comunidad Creativa\",\"potentialAction\":[{\"@type\":\"SearchAction\",\"target\":{\"@type\":\"EntryPoint\",\"urlTemplate\":\"https:\\\/\\\/poblenouurbandistrict.com\\\/es\\\/?s={search_term_string}\"},\"query-input\":{\"@type\":\"PropertyValueSpecification\",\"valueRequired\":true,\"valueName\":\"search_term_string\"}}],\"inLanguage\":\"es\"},{\"@type\":\"Person\",\"@id\":\"https:\\\/\\\/poblenouurbandistrict.com\\\/#\\\/schema\\\/person\\\/980a2cf34b399d5218205730acd54a7e\",\"name\":\"pnud\",\"image\":{\"@type\":\"ImageObject\",\"inLanguage\":\"es\",\"@id\":\"https:\\\/\\\/secure.gravatar.com\\\/avatar\\\/67146597b405ee077a24e519f75c3e2031736596d6ce35af3a34c122c93d0d7b?s=96&d=retro&r=g\",\"url\":\"https:\\\/\\\/secure.gravatar.com\\\/avatar\\\/67146597b405ee077a24e519f75c3e2031736596d6ce35af3a34c122c93d0d7b?s=96&d=retro&r=g\",\"contentUrl\":\"https:\\\/\\\/secure.gravatar.com\\\/avatar\\\/67146597b405ee077a24e519f75c3e2031736596d6ce35af3a34c122c93d0d7b?s=96&d=retro&r=g\",\"caption\":\"pnud\"}}]}<\/script>\n<!-- \/ Yoast SEO plugin. -->","yoast_head_json":{"title":"No te pierdas los Talleres Abiertos de la Escocesa el 14 y 15 de Septiembre &#8211; Poblenou Urban District","robots":{"index":"index","follow":"follow","max-snippet":"max-snippet:-1","max-image-preview":"max-image-preview:large","max-video-preview":"max-video-preview:-1"},"canonical":"https:\/\/poblenouurbandistrict.com\/es\/no-et-perdis-els-tallers-oberts-de-la-escocesa-el-14-i-15-de-setembre\/","og_locale":"es_ES","og_type":"article","og_title":"No te pierdas los Talleres Abiertos de la Escocesa el 14 y 15 de Septiembre &#8211; Poblenou Urban District","og_description":"Durante el fin de semana del 14 y 15 de septiembre La Escocesa abre sus puertas. Los artistas residentes tendr\u00e1n... M\u00e1s \u2192","og_url":"https:\/\/poblenouurbandistrict.com\/es\/no-et-perdis-els-tallers-oberts-de-la-escocesa-el-14-i-15-de-setembre\/","og_site_name":"Poblenou Urban District","article_published_time":"2024-09-12T09:59:10+00:00","article_modified_time":"2024-09-17T11:13:39+00:00","og_image":[{"width":667,"height":461,"url":"https:\/\/poblenouurbandistrict.com\/wp-content\/uploads\/2024\/09\/la-escocesa-060-e1726135128265.jpg","type":"image\/jpeg"}],"author":"pnud","twitter_card":"summary_large_image","twitter_misc":{"Escrito por":"pnud","Tiempo de lectura":"4 minutos"},"schema":{"@context":"https:\/\/schema.org","@graph":[{"@type":"Article","@id":"https:\/\/poblenouurbandistrict.com\/no-et-perdis-els-tallers-oberts-de-la-escocesa-el-14-i-15-de-setembre\/#article","isPartOf":{"@id":"https:\/\/poblenouurbandistrict.com\/no-et-perdis-els-tallers-oberts-de-la-escocesa-el-14-i-15-de-setembre\/"},"author":{"name":"pnud","@id":"https:\/\/poblenouurbandistrict.com\/#\/schema\/person\/980a2cf34b399d5218205730acd54a7e"},"headline":"No te pierdas los Talleres Abiertos de la Escocesa el 14 y 15 de Septiembre","datePublished":"2024-09-12T09:59:10+00:00","dateModified":"2024-09-17T11:13:39+00:00","mainEntityOfPage":{"@id":"https:\/\/poblenouurbandistrict.com\/no-et-perdis-els-tallers-oberts-de-la-escocesa-el-14-i-15-de-setembre\/"},"wordCount":1409,"image":{"@id":"https:\/\/poblenouurbandistrict.com\/no-et-perdis-els-tallers-oberts-de-la-escocesa-el-14-i-15-de-setembre\/#primaryimage"},"thumbnailUrl":"https:\/\/media.poblenouurbandistrict.com\/2024\/09\/25075039\/la-escocesa-060-e1726135128265.jpg","articleSection":["Poblenou","Resid\u00e8ncies","Tallers"],"inLanguage":"es"},{"@type":"WebPage","@id":"https:\/\/poblenouurbandistrict.com\/es\/no-et-perdis-els-tallers-oberts-de-la-escocesa-el-14-i-15-de-setembre\/","url":"https:\/\/poblenouurbandistrict.com\/es\/no-et-perdis-els-tallers-oberts-de-la-escocesa-el-14-i-15-de-setembre\/","name":"No te pierdas los Talleres Abiertos de la Escocesa el 14 y 15 de Septiembre &#8211; Poblenou Urban District","isPartOf":{"@id":"https:\/\/poblenouurbandistrict.com\/es\/#website"},"primaryImageOfPage":{"@id":"https:\/\/poblenouurbandistrict.com\/es\/no-et-perdis-els-tallers-oberts-de-la-escocesa-el-14-i-15-de-setembre\/#primaryimage"},"image":{"@id":"https:\/\/poblenouurbandistrict.com\/no-et-perdis-els-tallers-oberts-de-la-escocesa-el-14-i-15-de-setembre\/#primaryimage"},"thumbnailUrl":"https:\/\/media.poblenouurbandistrict.com\/2024\/09\/25075039\/la-escocesa-060-e1726135128265.jpg","datePublished":"2024-09-12T09:59:10+00:00","dateModified":"2024-09-17T11:13:39+00:00","author":{"@id":"https:\/\/poblenouurbandistrict.com\/#\/schema\/person\/980a2cf34b399d5218205730acd54a7e"},"breadcrumb":{"@id":"https:\/\/poblenouurbandistrict.com\/es\/no-et-perdis-els-tallers-oberts-de-la-escocesa-el-14-i-15-de-setembre\/#breadcrumb"},"inLanguage":"es","potentialAction":[{"@type":"ReadAction","target":[["https:\/\/poblenouurbandistrict.com\/es\/no-et-perdis-els-tallers-oberts-de-la-escocesa-el-14-i-15-de-setembre\/"]]}]},{"@type":"ImageObject","inLanguage":"es","@id":"https:\/\/poblenouurbandistrict.com\/es\/no-et-perdis-els-tallers-oberts-de-la-escocesa-el-14-i-15-de-setembre\/#primaryimage","url":"https:\/\/media.poblenouurbandistrict.com\/2024\/09\/25075039\/la-escocesa-060-e1726135128265.jpg","contentUrl":"https:\/\/media.poblenouurbandistrict.com\/2024\/09\/25075039\/la-escocesa-060-e1726135128265.jpg","width":667,"height":461},{"@type":"BreadcrumbList","@id":"https:\/\/poblenouurbandistrict.com\/es\/no-et-perdis-els-tallers-oberts-de-la-escocesa-el-14-i-15-de-setembre\/#breadcrumb","itemListElement":[{"@type":"ListItem","position":1,"name":"Home","item":"https:\/\/poblenouurbandistrict.com\/es\/"},{"@type":"ListItem","position":2,"name":"No et perdis els Tallers Oberts de La Escocesa el 14 i 15 de setembre"}]},{"@type":"WebSite","@id":"https:\/\/poblenouurbandistrict.com\/es\/#website","url":"https:\/\/poblenouurbandistrict.com\/es\/","name":"Poblenou Urban District","description":"Comunidad Creativa","potentialAction":[{"@type":"SearchAction","target":{"@type":"EntryPoint","urlTemplate":"https:\/\/poblenouurbandistrict.com\/es\/?s={search_term_string}"},"query-input":{"@type":"PropertyValueSpecification","valueRequired":true,"valueName":"search_term_string"}}],"inLanguage":"es"},{"@type":"Person","@id":"https:\/\/poblenouurbandistrict.com\/#\/schema\/person\/980a2cf34b399d5218205730acd54a7e","name":"pnud","image":{"@type":"ImageObject","inLanguage":"es","@id":"https:\/\/secure.gravatar.com\/avatar\/67146597b405ee077a24e519f75c3e2031736596d6ce35af3a34c122c93d0d7b?s=96&d=retro&r=g","url":"https:\/\/secure.gravatar.com\/avatar\/67146597b405ee077a24e519f75c3e2031736596d6ce35af3a34c122c93d0d7b?s=96&d=retro&r=g","contentUrl":"https:\/\/secure.gravatar.com\/avatar\/67146597b405ee077a24e519f75c3e2031736596d6ce35af3a34c122c93d0d7b?s=96&d=retro&r=g","caption":"pnud"}}]}},"_links":{"self":[{"href":"https:\/\/poblenouurbandistrict.com\/es\/wp-json\/wp\/v2\/posts\/46698","targetHints":{"allow":["GET"]}}],"collection":[{"href":"https:\/\/poblenouurbandistrict.com\/es\/wp-json\/wp\/v2\/posts"}],"about":[{"href":"https:\/\/poblenouurbandistrict.com\/es\/wp-json\/wp\/v2\/types\/post"}],"author":[{"embeddable":true,"href":"https:\/\/poblenouurbandistrict.com\/es\/wp-json\/wp\/v2\/users\/5"}],"replies":[{"embeddable":true,"href":"https:\/\/poblenouurbandistrict.com\/es\/wp-json\/wp\/v2\/comments?post=46698"}],"version-history":[{"count":4,"href":"https:\/\/poblenouurbandistrict.com\/es\/wp-json\/wp\/v2\/posts\/46698\/revisions"}],"predecessor-version":[{"id":46761,"href":"https:\/\/poblenouurbandistrict.com\/es\/wp-json\/wp\/v2\/posts\/46698\/revisions\/46761"}],"wp:featuredmedia":[{"embeddable":true,"href":"https:\/\/poblenouurbandistrict.com\/es\/wp-json\/wp\/v2\/media\/46702"}],"wp:attachment":[{"href":"https:\/\/poblenouurbandistrict.com\/es\/wp-json\/wp\/v2\/media?parent=46698"}],"wp:term":[{"taxonomy":"category","embeddable":true,"href":"https:\/\/poblenouurbandistrict.com\/es\/wp-json\/wp\/v2\/categories?post=46698"},{"taxonomy":"post_tag","embeddable":true,"href":"https:\/\/poblenouurbandistrict.com\/es\/wp-json\/wp\/v2\/tags?post=46698"}],"curies":[{"name":"wp","href":"https:\/\/api.w.org\/{rel}","templated":true}]}}