{"id":46867,"date":"2024-09-18T17:25:33","date_gmt":"2024-09-18T15:25:33","guid":{"rendered":"https:\/\/poblenouurbandistrict.com\/?p=46867"},"modified":"2024-09-18T17:34:15","modified_gmt":"2024-09-18T15:34:15","slug":"cloudworks-inaugura-una-nova-seu-al-poblenou-i-suneix-a-la-comunitat-creativa-de-poblenou-urban-district","status":"publish","type":"post","link":"https:\/\/poblenouurbandistrict.com\/es\/cloudworks-inaugura-una-nova-seu-al-poblenou-i-suneix-a-la-comunitat-creativa-de-poblenou-urban-district\/","title":{"rendered":"Cloudworks inaugura una nueva sede en el Poblenou y se une en la comunidad creativa de Poblenou Urban District"},"content":{"rendered":"<p><span style=\"font-weight: 400;\">Cloudworks Inaugura una Nueva Sede de Coworking en el Poblenou. Cloudworks, la empresa de coworking establecida en 2015, ha abierto su nueva ubicaci\u00f3n en la calle Pere IV. Este espacio no solo ofrece un lugar para trabajar, sino que tambi\u00e9n se convierte en un hub para eventos y sinergias en el Distrito 22@. Actualmente, cuenta con un 54% de ocupaci\u00f3n y se espera alcanzar el 73% antes de finalizar el a\u00f1o. Entre los clientes que ya operan en el espacio se encuentran empresas de sectores como comercio electr\u00f3nico, viajes y fintech, entre otros.<\/span><\/p>\n<p><b>Un Espacio Dise\u00f1ado para la Innovaci\u00f3n<\/b><\/p>\n<p><span style=\"font-weight: 400;\">Cloudworks ha entendido las necesidades cambiantes de los profesionales en la actualidad. Por <\/span><span style=\"font-weight: 400;\">ello, su nuevo espacio est\u00e1 concebido como un Serviced Office, proporcionando oficinas <\/span><span style=\"font-weight: 400;\">privadas y salas de reuniones de alta calidad. Con capacidad para 550 escritorios y 150 personas <\/span><span style=\"font-weight: 400;\">en eventos, este es el lugar perfecto para empresas de todos los tama\u00f1os.<\/span><\/p>\n<p><b>Certificaci\u00f3n LEED Platinum<\/b><\/p>\n<p><span style=\"font-weight: 400;\">El edificio cuenta con est\u00e1ndares LEED Platinum, el nivel m\u00e1s alto en el sistema de certificaci\u00f3n <\/span><span style=\"font-weight: 400;\">de espacios sostenibles. Esto refleja el compromiso de Cloudworks con la sostenibilidad y el <\/span><span style=\"font-weight: 400;\">bienestar ambiental, asegurando que los espacios de trabajo sean saludables y eficientes.<\/span><\/p>\n<p><b>Espacios Polivalentes y Adaptables<\/b><\/p>\n<p><span style=\"font-weight: 400;\">La planta baja cuenta con una sala de eventos y un patio interior, mientras que las seis plantas <\/span><span style=\"font-weight: 400;\">superiores albergan oficinas equipadas con terrazas y \u00e1reas verdes. Este concepto polivalente <\/span><span style=\"font-weight: 400;\">fomenta un ambiente que prioriza el bienestar de los trabajadores y fortalece la conexi\u00f3n con <\/span><span style=\"font-weight: 400;\">otras empresas clave del distrito.<\/span><\/p>\n<hr \/>\n<h3><b>Beneficios de Trabajar en Cloudworks 22@<\/b><\/h3>\n<p><b>Comunidad y Colaboraci\u00f3n<\/b><\/p>\n<p><span style=\"font-weight: 400;\">Cloudworks no es s\u00f3lo un lugar para trabajar; es una comunidad vibrante de profesionales de <\/span><span style=\"font-weight: 400;\">diferentes sectores. Con m\u00e1s de 2,900 miembros distribuidos en 14 ubicaciones, tendr\u00e1s la <\/span><span style=\"font-weight: 400;\">oportunidad de colaborar y aprender de otros emprendedores y empresas innovadoras.<\/span><\/p>\n<p><b>Innovaci\u00f3n y Desarrollo<\/b><\/p>\n<p><span style=\"font-weight: 400;\">La CEO de Cloudworks, Marta Gr\u00e0cia, comenta: \u00bb Cloudworks 22@ nos da la oportunidad para seguir innovando y adaptando nuestros espacios para la colaboraci\u00f3n entre equipos y la retenci\u00f3n de talento\u00bb, afirma.<\/span><\/p>\n<p><b>Flexibilidad y Comodidad<\/b><\/p>\n<p><span style=\"font-weight: 400;\">Uno de los mayores beneficios del servicio de Cloudworks es la flexibilidad. Ya sea que necesites un espacio de trabajo flexible, una sala de reuniones o un espacio para evento, Cloudworks tiene opciones que se pueden adaptar f\u00e1cilmente a tus requisitos espec\u00edficos.<\/span><\/p>\n<p><b>La Historia de Cloudworks<\/b><\/p>\n<p><span style=\"font-weight: 400;\">Fundada en 2015 por Sergi Tarragona, Cloudworks ha crecido r\u00e1pidamente para convertirse en un l\u00edder en el sector de coworking en Espa\u00f1a. Con una facturaci\u00f3n de 10,3 millones de euros en 2023 y m\u00e1s de 28,000 m2 de espacio distribuido en 14 centros, la empresa sigue expandi\u00e9ndose.<\/span><\/p>\n<p><span style=\"font-weight: 400;\">En 2024, Cloudworks se uni\u00f3 a la comunidad B Corp, obteniendo la certificaci\u00f3n que refleja su compromiso con el desempe\u00f1o social y ambiental, la transparencia y la responsabilidad empresarial. Esto no solo garantiza un alto est\u00e1ndar de gesti\u00f3n sino tambi\u00e9n una contribuci\u00f3n positiva a la sociedad.<\/span><\/p>\n<hr \/>\n<h3><b>C\u00f3mo Cloudworks Beneficia a las Empresas<\/b><\/h3>\n<p><b>Gesti\u00f3n del Espacio de trabajo<\/b><\/p>\n<p><span style=\"font-weight: 400;\">Las oficinas autogestionadas conllevan costes significativos y una considerable inversi\u00f3n de tiempo. Adem\u00e1s, requieren un equipo dedicado para cada tarea, varios proveedores especializados y una planificaci\u00f3n cuidadosa. Con Cloudworks, obtienes acceso a un proveedor confiable y un equipo de expertos que atiende tus necesidades. Esto te permite centrarte en las operaciones clave de tu empresa.<\/span><\/p>\n<p><b>Acceso a Recursos y Amenidades<\/b><\/p>\n<p><span style=\"font-weight: 400;\">Los espacios de Cloudworks est\u00e1n equipados con todo lo que una empresa necesita para prosperar, desde internet de alta velocidad, cocinas con caf\u00e9 y t\u00e9 ilimitados, hasta salas de reuniones totalmente equipadas. Adem\u00e1s, los miembros tienen acceso a eventos exclusivos y oportunidades de networking.<\/span><\/p>\n<p><b>Mejora de la Productividad<\/b><\/p>\n<p><span style=\"font-weight: 400;\">Un entorno de trabajo flexible y bien dise\u00f1ado puede mejorar significativamente la productividad. La diversidad de espacios y la posibilidad de variar tu ambiente de trabajo a lo largo del d\u00eda ayudan a mantener la motivaci\u00f3n y la eficiencia.<\/span><\/p>\n<p>&nbsp;<\/p>\n<p><span style=\"font-weight: 400;\">Si buscas un espacio de trabajo, salas de reuniones o un espacio para eventos puedes contactar<\/span><\/p>\n<p><span style=\"font-weight: 400;\">a barcelona@wearecloudworks.com<\/span><\/p>","protected":false},"excerpt":{"rendered":"<p>Cloudworks Inaugura una Nueva Sede de Coworking en el Poblenou. Cloudworks, la empresa de coworking establecida en 2015, ha abierto&#8230; <a href=\"https:\/\/poblenouurbandistrict.com\/es\/cloudworks-inaugura-una-nova-seu-al-poblenou-i-suneix-a-la-comunitat-creativa-de-poblenou-urban-district\/\">M\u00e1s  \u2192<\/a><\/p>\n","protected":false},"author":5,"featured_media":46886,"comment_status":"closed","ping_status":"closed","sticky":false,"template":"","format":"standard","meta":{"_acf_changed":false,"footnotes":""},"categories":[3363],"tags":[],"class_list":["post-46867","post","type-post","status-publish","format-standard","has-post-thumbnail","hentry","category-places"],"acf":[],"yoast_head":"<!-- This site is optimized with the Yoast SEO plugin v27.4 - https:\/\/yoast.com\/product\/yoast-seo-wordpress\/ -->\n<title>Cloudworks inaugura una nueva sede en el Poblenou y se une en la comunidad creativa de Poblenou Urban District &#8211; Poblenou Urban District<\/title>\n<meta name=\"robots\" content=\"index, follow, max-snippet:-1, max-image-preview:large, max-video-preview:-1\" \/>\n<link rel=\"canonical\" href=\"https:\/\/poblenouurbandistrict.com\/es\/cloudworks-inaugura-una-nova-seu-al-poblenou-i-suneix-a-la-comunitat-creativa-de-poblenou-urban-district\/\" \/>\n<meta property=\"og:locale\" content=\"es_ES\" \/>\n<meta property=\"og:type\" content=\"article\" \/>\n<meta property=\"og:title\" content=\"Cloudworks inaugura una nueva sede en el Poblenou y se une en la comunidad creativa de Poblenou Urban District &#8211; Poblenou Urban District\" \/>\n<meta property=\"og:description\" content=\"Cloudworks Inaugura una Nueva Sede de Coworking en el Poblenou. Cloudworks, la empresa de coworking establecida en 2015, ha abierto... M\u00e1s \u2192\" \/>\n<meta property=\"og:url\" content=\"https:\/\/poblenouurbandistrict.com\/es\/cloudworks-inaugura-una-nova-seu-al-poblenou-i-suneix-a-la-comunitat-creativa-de-poblenou-urban-district\/\" \/>\n<meta property=\"og:site_name\" content=\"Poblenou Urban District\" \/>\n<meta property=\"article:published_time\" content=\"2024-09-18T15:25:33+00:00\" \/>\n<meta property=\"article:modified_time\" content=\"2024-09-18T15:34:15+00:00\" \/>\n<meta property=\"og:image\" content=\"https:\/\/poblenouurbandistrict.com\/wp-content\/uploads\/2024\/09\/mmf-2024-11-cloudworks-1-1.jpg\" \/>\n\t<meta property=\"og:image:width\" content=\"2560\" \/>\n\t<meta property=\"og:image:height\" content=\"1706\" \/>\n\t<meta property=\"og:image:type\" content=\"image\/jpeg\" \/>\n<meta name=\"author\" content=\"pnud\" \/>\n<meta name=\"twitter:card\" content=\"summary_large_image\" \/>\n<meta name=\"twitter:label1\" content=\"Escrito por\" \/>\n\t<meta name=\"twitter:data1\" content=\"pnud\" \/>\n\t<meta name=\"twitter:label2\" content=\"Tiempo de lectura\" \/>\n\t<meta name=\"twitter:data2\" content=\"4 minutos\" \/>\n<script type=\"application\/ld+json\" class=\"yoast-schema-graph\">{\"@context\":\"https:\\\/\\\/schema.org\",\"@graph\":[{\"@type\":\"Article\",\"@id\":\"https:\\\/\\\/poblenouurbandistrict.com\\\/cloudworks-inaugura-una-nova-seu-al-poblenou-i-suneix-a-la-comunitat-creativa-de-poblenou-urban-district\\\/#article\",\"isPartOf\":{\"@id\":\"https:\\\/\\\/poblenouurbandistrict.com\\\/cloudworks-inaugura-una-nova-seu-al-poblenou-i-suneix-a-la-comunitat-creativa-de-poblenou-urban-district\\\/\"},\"author\":{\"name\":\"pnud\",\"@id\":\"https:\\\/\\\/poblenouurbandistrict.com\\\/#\\\/schema\\\/person\\\/980a2cf34b399d5218205730acd54a7e\"},\"headline\":\"Cloudworks inaugura una nueva sede en el Poblenou y se une en la comunidad creativa de Poblenou Urban District\",\"datePublished\":\"2024-09-18T15:25:33+00:00\",\"dateModified\":\"2024-09-18T15:34:15+00:00\",\"mainEntityOfPage\":{\"@id\":\"https:\\\/\\\/poblenouurbandistrict.com\\\/cloudworks-inaugura-una-nova-seu-al-poblenou-i-suneix-a-la-comunitat-creativa-de-poblenou-urban-district\\\/\"},\"wordCount\":1418,\"image\":{\"@id\":\"https:\\\/\\\/poblenouurbandistrict.com\\\/cloudworks-inaugura-una-nova-seu-al-poblenou-i-suneix-a-la-comunitat-creativa-de-poblenou-urban-district\\\/#primaryimage\"},\"thumbnailUrl\":\"https:\\\/\\\/media.poblenouurbandistrict.com\\\/2024\\\/09\\\/25075317\\\/mmf-2024-11-cloudworks-1-1.jpg\",\"articleSection\":[\"Espacios\"],\"inLanguage\":\"es\"},{\"@type\":\"WebPage\",\"@id\":\"https:\\\/\\\/poblenouurbandistrict.com\\\/es\\\/cloudworks-inaugura-una-nova-seu-al-poblenou-i-suneix-a-la-comunitat-creativa-de-poblenou-urban-district\\\/\",\"url\":\"https:\\\/\\\/poblenouurbandistrict.com\\\/es\\\/cloudworks-inaugura-una-nova-seu-al-poblenou-i-suneix-a-la-comunitat-creativa-de-poblenou-urban-district\\\/\",\"name\":\"Cloudworks inaugura una nueva sede en el Poblenou y se une en la comunidad creativa de Poblenou Urban District &#8211; Poblenou Urban District\",\"isPartOf\":{\"@id\":\"https:\\\/\\\/poblenouurbandistrict.com\\\/es\\\/#website\"},\"primaryImageOfPage\":{\"@id\":\"https:\\\/\\\/poblenouurbandistrict.com\\\/es\\\/cloudworks-inaugura-una-nova-seu-al-poblenou-i-suneix-a-la-comunitat-creativa-de-poblenou-urban-district\\\/#primaryimage\"},\"image\":{\"@id\":\"https:\\\/\\\/poblenouurbandistrict.com\\\/cloudworks-inaugura-una-nova-seu-al-poblenou-i-suneix-a-la-comunitat-creativa-de-poblenou-urban-district\\\/#primaryimage\"},\"thumbnailUrl\":\"https:\\\/\\\/media.poblenouurbandistrict.com\\\/2024\\\/09\\\/25075317\\\/mmf-2024-11-cloudworks-1-1.jpg\",\"datePublished\":\"2024-09-18T15:25:33+00:00\",\"dateModified\":\"2024-09-18T15:34:15+00:00\",\"author\":{\"@id\":\"https:\\\/\\\/poblenouurbandistrict.com\\\/#\\\/schema\\\/person\\\/980a2cf34b399d5218205730acd54a7e\"},\"breadcrumb\":{\"@id\":\"https:\\\/\\\/poblenouurbandistrict.com\\\/es\\\/cloudworks-inaugura-una-nova-seu-al-poblenou-i-suneix-a-la-comunitat-creativa-de-poblenou-urban-district\\\/#breadcrumb\"},\"inLanguage\":\"es\",\"potentialAction\":[{\"@type\":\"ReadAction\",\"target\":[[\"https:\\\/\\\/poblenouurbandistrict.com\\\/es\\\/cloudworks-inaugura-una-nova-seu-al-poblenou-i-suneix-a-la-comunitat-creativa-de-poblenou-urban-district\\\/\"]]}]},{\"@type\":\"ImageObject\",\"inLanguage\":\"es\",\"@id\":\"https:\\\/\\\/poblenouurbandistrict.com\\\/es\\\/cloudworks-inaugura-una-nova-seu-al-poblenou-i-suneix-a-la-comunitat-creativa-de-poblenou-urban-district\\\/#primaryimage\",\"url\":\"https:\\\/\\\/media.poblenouurbandistrict.com\\\/2024\\\/09\\\/25075317\\\/mmf-2024-11-cloudworks-1-1.jpg\",\"contentUrl\":\"https:\\\/\\\/media.poblenouurbandistrict.com\\\/2024\\\/09\\\/25075317\\\/mmf-2024-11-cloudworks-1-1.jpg\",\"width\":2560,\"height\":1706},{\"@type\":\"BreadcrumbList\",\"@id\":\"https:\\\/\\\/poblenouurbandistrict.com\\\/es\\\/cloudworks-inaugura-una-nova-seu-al-poblenou-i-suneix-a-la-comunitat-creativa-de-poblenou-urban-district\\\/#breadcrumb\",\"itemListElement\":[{\"@type\":\"ListItem\",\"position\":1,\"name\":\"Home\",\"item\":\"https:\\\/\\\/poblenouurbandistrict.com\\\/es\\\/\"},{\"@type\":\"ListItem\",\"position\":2,\"name\":\"Cloudworks inaugura una nova seu al Poblenou i s\u2019uneix a la comunitat creativa de Poblenou Urban District\"}]},{\"@type\":\"WebSite\",\"@id\":\"https:\\\/\\\/poblenouurbandistrict.com\\\/es\\\/#website\",\"url\":\"https:\\\/\\\/poblenouurbandistrict.com\\\/es\\\/\",\"name\":\"Poblenou Urban District\",\"description\":\"Comunidad Creativa\",\"potentialAction\":[{\"@type\":\"SearchAction\",\"target\":{\"@type\":\"EntryPoint\",\"urlTemplate\":\"https:\\\/\\\/poblenouurbandistrict.com\\\/es\\\/?s={search_term_string}\"},\"query-input\":{\"@type\":\"PropertyValueSpecification\",\"valueRequired\":true,\"valueName\":\"search_term_string\"}}],\"inLanguage\":\"es\"},{\"@type\":\"Person\",\"@id\":\"https:\\\/\\\/poblenouurbandistrict.com\\\/#\\\/schema\\\/person\\\/980a2cf34b399d5218205730acd54a7e\",\"name\":\"pnud\",\"image\":{\"@type\":\"ImageObject\",\"inLanguage\":\"es\",\"@id\":\"https:\\\/\\\/secure.gravatar.com\\\/avatar\\\/67146597b405ee077a24e519f75c3e2031736596d6ce35af3a34c122c93d0d7b?s=96&d=retro&r=g\",\"url\":\"https:\\\/\\\/secure.gravatar.com\\\/avatar\\\/67146597b405ee077a24e519f75c3e2031736596d6ce35af3a34c122c93d0d7b?s=96&d=retro&r=g\",\"contentUrl\":\"https:\\\/\\\/secure.gravatar.com\\\/avatar\\\/67146597b405ee077a24e519f75c3e2031736596d6ce35af3a34c122c93d0d7b?s=96&d=retro&r=g\",\"caption\":\"pnud\"}}]}<\/script>\n<!-- \/ Yoast SEO plugin. -->","yoast_head_json":{"title":"Cloudworks inaugura una nueva sede en el Poblenou y se une en la comunidad creativa de Poblenou Urban District &#8211; Poblenou Urban District","robots":{"index":"index","follow":"follow","max-snippet":"max-snippet:-1","max-image-preview":"max-image-preview:large","max-video-preview":"max-video-preview:-1"},"canonical":"https:\/\/poblenouurbandistrict.com\/es\/cloudworks-inaugura-una-nova-seu-al-poblenou-i-suneix-a-la-comunitat-creativa-de-poblenou-urban-district\/","og_locale":"es_ES","og_type":"article","og_title":"Cloudworks inaugura una nueva sede en el Poblenou y se une en la comunidad creativa de Poblenou Urban District &#8211; Poblenou Urban District","og_description":"Cloudworks Inaugura una Nueva Sede de Coworking en el Poblenou. Cloudworks, la empresa de coworking establecida en 2015, ha abierto... M\u00e1s \u2192","og_url":"https:\/\/poblenouurbandistrict.com\/es\/cloudworks-inaugura-una-nova-seu-al-poblenou-i-suneix-a-la-comunitat-creativa-de-poblenou-urban-district\/","og_site_name":"Poblenou Urban District","article_published_time":"2024-09-18T15:25:33+00:00","article_modified_time":"2024-09-18T15:34:15+00:00","og_image":[{"width":2560,"height":1706,"url":"https:\/\/poblenouurbandistrict.com\/wp-content\/uploads\/2024\/09\/mmf-2024-11-cloudworks-1-1.jpg","type":"image\/jpeg"}],"author":"pnud","twitter_card":"summary_large_image","twitter_misc":{"Escrito por":"pnud","Tiempo de lectura":"4 minutos"},"schema":{"@context":"https:\/\/schema.org","@graph":[{"@type":"Article","@id":"https:\/\/poblenouurbandistrict.com\/cloudworks-inaugura-una-nova-seu-al-poblenou-i-suneix-a-la-comunitat-creativa-de-poblenou-urban-district\/#article","isPartOf":{"@id":"https:\/\/poblenouurbandistrict.com\/cloudworks-inaugura-una-nova-seu-al-poblenou-i-suneix-a-la-comunitat-creativa-de-poblenou-urban-district\/"},"author":{"name":"pnud","@id":"https:\/\/poblenouurbandistrict.com\/#\/schema\/person\/980a2cf34b399d5218205730acd54a7e"},"headline":"Cloudworks inaugura una nueva sede en el Poblenou y se une en la comunidad creativa de Poblenou Urban District","datePublished":"2024-09-18T15:25:33+00:00","dateModified":"2024-09-18T15:34:15+00:00","mainEntityOfPage":{"@id":"https:\/\/poblenouurbandistrict.com\/cloudworks-inaugura-una-nova-seu-al-poblenou-i-suneix-a-la-comunitat-creativa-de-poblenou-urban-district\/"},"wordCount":1418,"image":{"@id":"https:\/\/poblenouurbandistrict.com\/cloudworks-inaugura-una-nova-seu-al-poblenou-i-suneix-a-la-comunitat-creativa-de-poblenou-urban-district\/#primaryimage"},"thumbnailUrl":"https:\/\/media.poblenouurbandistrict.com\/2024\/09\/25075317\/mmf-2024-11-cloudworks-1-1.jpg","articleSection":["Espacios"],"inLanguage":"es"},{"@type":"WebPage","@id":"https:\/\/poblenouurbandistrict.com\/es\/cloudworks-inaugura-una-nova-seu-al-poblenou-i-suneix-a-la-comunitat-creativa-de-poblenou-urban-district\/","url":"https:\/\/poblenouurbandistrict.com\/es\/cloudworks-inaugura-una-nova-seu-al-poblenou-i-suneix-a-la-comunitat-creativa-de-poblenou-urban-district\/","name":"Cloudworks inaugura una nueva sede en el Poblenou y se une en la comunidad creativa de Poblenou Urban District &#8211; Poblenou Urban District","isPartOf":{"@id":"https:\/\/poblenouurbandistrict.com\/es\/#website"},"primaryImageOfPage":{"@id":"https:\/\/poblenouurbandistrict.com\/es\/cloudworks-inaugura-una-nova-seu-al-poblenou-i-suneix-a-la-comunitat-creativa-de-poblenou-urban-district\/#primaryimage"},"image":{"@id":"https:\/\/poblenouurbandistrict.com\/cloudworks-inaugura-una-nova-seu-al-poblenou-i-suneix-a-la-comunitat-creativa-de-poblenou-urban-district\/#primaryimage"},"thumbnailUrl":"https:\/\/media.poblenouurbandistrict.com\/2024\/09\/25075317\/mmf-2024-11-cloudworks-1-1.jpg","datePublished":"2024-09-18T15:25:33+00:00","dateModified":"2024-09-18T15:34:15+00:00","author":{"@id":"https:\/\/poblenouurbandistrict.com\/#\/schema\/person\/980a2cf34b399d5218205730acd54a7e"},"breadcrumb":{"@id":"https:\/\/poblenouurbandistrict.com\/es\/cloudworks-inaugura-una-nova-seu-al-poblenou-i-suneix-a-la-comunitat-creativa-de-poblenou-urban-district\/#breadcrumb"},"inLanguage":"es","potentialAction":[{"@type":"ReadAction","target":[["https:\/\/poblenouurbandistrict.com\/es\/cloudworks-inaugura-una-nova-seu-al-poblenou-i-suneix-a-la-comunitat-creativa-de-poblenou-urban-district\/"]]}]},{"@type":"ImageObject","inLanguage":"es","@id":"https:\/\/poblenouurbandistrict.com\/es\/cloudworks-inaugura-una-nova-seu-al-poblenou-i-suneix-a-la-comunitat-creativa-de-poblenou-urban-district\/#primaryimage","url":"https:\/\/media.poblenouurbandistrict.com\/2024\/09\/25075317\/mmf-2024-11-cloudworks-1-1.jpg","contentUrl":"https:\/\/media.poblenouurbandistrict.com\/2024\/09\/25075317\/mmf-2024-11-cloudworks-1-1.jpg","width":2560,"height":1706},{"@type":"BreadcrumbList","@id":"https:\/\/poblenouurbandistrict.com\/es\/cloudworks-inaugura-una-nova-seu-al-poblenou-i-suneix-a-la-comunitat-creativa-de-poblenou-urban-district\/#breadcrumb","itemListElement":[{"@type":"ListItem","position":1,"name":"Home","item":"https:\/\/poblenouurbandistrict.com\/es\/"},{"@type":"ListItem","position":2,"name":"Cloudworks inaugura una nova seu al Poblenou i s\u2019uneix a la comunitat creativa de Poblenou Urban District"}]},{"@type":"WebSite","@id":"https:\/\/poblenouurbandistrict.com\/es\/#website","url":"https:\/\/poblenouurbandistrict.com\/es\/","name":"Poblenou Urban District","description":"Comunidad Creativa","potentialAction":[{"@type":"SearchAction","target":{"@type":"EntryPoint","urlTemplate":"https:\/\/poblenouurbandistrict.com\/es\/?s={search_term_string}"},"query-input":{"@type":"PropertyValueSpecification","valueRequired":true,"valueName":"search_term_string"}}],"inLanguage":"es"},{"@type":"Person","@id":"https:\/\/poblenouurbandistrict.com\/#\/schema\/person\/980a2cf34b399d5218205730acd54a7e","name":"pnud","image":{"@type":"ImageObject","inLanguage":"es","@id":"https:\/\/secure.gravatar.com\/avatar\/67146597b405ee077a24e519f75c3e2031736596d6ce35af3a34c122c93d0d7b?s=96&d=retro&r=g","url":"https:\/\/secure.gravatar.com\/avatar\/67146597b405ee077a24e519f75c3e2031736596d6ce35af3a34c122c93d0d7b?s=96&d=retro&r=g","contentUrl":"https:\/\/secure.gravatar.com\/avatar\/67146597b405ee077a24e519f75c3e2031736596d6ce35af3a34c122c93d0d7b?s=96&d=retro&r=g","caption":"pnud"}}]}},"_links":{"self":[{"href":"https:\/\/poblenouurbandistrict.com\/es\/wp-json\/wp\/v2\/posts\/46867","targetHints":{"allow":["GET"]}}],"collection":[{"href":"https:\/\/poblenouurbandistrict.com\/es\/wp-json\/wp\/v2\/posts"}],"about":[{"href":"https:\/\/poblenouurbandistrict.com\/es\/wp-json\/wp\/v2\/types\/post"}],"author":[{"embeddable":true,"href":"https:\/\/poblenouurbandistrict.com\/es\/wp-json\/wp\/v2\/users\/5"}],"replies":[{"embeddable":true,"href":"https:\/\/poblenouurbandistrict.com\/es\/wp-json\/wp\/v2\/comments?post=46867"}],"version-history":[{"count":2,"href":"https:\/\/poblenouurbandistrict.com\/es\/wp-json\/wp\/v2\/posts\/46867\/revisions"}],"predecessor-version":[{"id":46908,"href":"https:\/\/poblenouurbandistrict.com\/es\/wp-json\/wp\/v2\/posts\/46867\/revisions\/46908"}],"wp:featuredmedia":[{"embeddable":true,"href":"https:\/\/poblenouurbandistrict.com\/es\/wp-json\/wp\/v2\/media\/46886"}],"wp:attachment":[{"href":"https:\/\/poblenouurbandistrict.com\/es\/wp-json\/wp\/v2\/media?parent=46867"}],"wp:term":[{"taxonomy":"category","embeddable":true,"href":"https:\/\/poblenouurbandistrict.com\/es\/wp-json\/wp\/v2\/categories?post=46867"},{"taxonomy":"post_tag","embeddable":true,"href":"https:\/\/poblenouurbandistrict.com\/es\/wp-json\/wp\/v2\/tags?post=46867"}],"curies":[{"name":"wp","href":"https:\/\/api.w.org\/{rel}","templated":true}]}}