{"id":47026,"date":"2024-09-25T13:58:48","date_gmt":"2024-09-25T11:58:48","guid":{"rendered":"https:\/\/poblenouurbandistrict.com\/?p=47026"},"modified":"2024-09-26T19:49:31","modified_gmt":"2024-09-26T17:49:31","slug":"marato-del-dhub-2024","status":"publish","type":"post","link":"https:\/\/poblenouurbandistrict.com\/es\/marato-del-dhub-2024\/","title":{"rendered":"Llega la Marat\u00f3 del DHub 2024"},"content":{"rendered":"<p><\/p>\n<div id=\"mCSB_1_container\" class=\"mCSB_container\" dir=\"ltr\">\n<div class=\"body\">\n<p>Un a\u00f1o m\u00e1s, el oto\u00f1o empieza en el Disseny Hub Barcelona con una\u00a0<strong>fiesta y un manifiesto<\/strong>.<\/p>\n<p>El 28 de septiembre\u00a0<strong>28 participantes presentar\u00e1n 28 maneras de medir el tiempo<\/strong>\u00a0en una jornada que hace una foto del\u00a0<strong>estado actual del dise\u00f1o<\/strong>.<strong>\u00a0<\/strong>Entre los ponentes encontraremos dise\u00f1adores, arquitectos, tecn\u00f3logos, activistas creativos y artistas con base en Barcelona y trabajo de alcance global:\u00a0<strong>Teresa Estap\u00e9, CANADA, Ezequiel Pini &#8211; SIX N. FIVE, OIO, Gabriel Silveira de PROGRESSIVE INTERNATIONAL, Saul Baeza de VISIONS BY, Comida Codac, Arquitectura-G, Tornen les Esquelles, Penique Productions, Emiliana Design, Hamill Industries, Becoming &#8211; Architectures for a Planet in Transition, Eva Franch i Gilabert, Changeist, Lolo y Sosaku, Landlab, J\u00falia Esqu\u00e9,\u00a0<\/strong><strong>Antoni Abad\u00a0<\/strong><strong>o Rosa Tharrats,\u00a0<\/strong>entre otros.<\/p>\n<p>Os invitamos a participar en un acontecimiento excepcional para arrancar el curso que es tanto una\u00a0<strong>celebraci\u00f3n reflexiva como una declaraci\u00f3n colectiva.<\/strong><\/p>\n<p>Se ofrecer\u00e1 servicio de canguro para ni\u00f1os y ni\u00f1as de 3 a 14 a\u00f1os. Aforo: 10 ni\u00f1os\/as.<\/p>\n<\/div>\n<div class=\"field field-name-field-date-free field-type-text-long field-label-above\">\n<div class=\"field-label\"><strong>Fecha:\u00a0<\/strong><\/div>\n<div>S\u00e1bado 28 de septiembre, de 12 a 20 h ininterrumpidamente.<\/div>\n<div><\/div>\n<\/div>\n<div class=\"field field-name-field-venue field-type-text-long field-label-above\">\n<div class=\"field-label\"><strong>Lugar<\/strong>:<\/div>\n<div class=\"field-label\">Disseny Hub Barcelona<\/div>\n<div><\/div>\n<\/div>\n<div class=\"field field-name-field-prices field-type-text-long field-label-above\">\n<div class=\"field-label\"><strong>Precios<\/strong>:<\/div>\n<div class=\"field-label\">Acceso libre y gratuito. No es necesario realizar inscripci\u00f3n previa<\/div>\n<\/div>\n<div class=\"button\"><\/div>\n<\/div>\n<div id=\"mCSB_1_scrollbar_vertical\" class=\"mCSB_scrollTools mCSB_1_scrollbar mCS-light mCSB_scrollTools_vertical\">\n<div class=\"mCSB_draggerContainer\">\n<div id=\"mCSB_1_dragger_vertical\" class=\"mCSB_dragger\"><\/div>\n<\/div>\n<\/div>\n<p><\/p>","protected":false},"excerpt":{"rendered":"<p>Un a\u00f1o m\u00e1s, el oto\u00f1o empieza en el Disseny Hub Barcelona con una\u00a0fiesta y un manifiesto. El 28 de septiembre\u00a028&#8230; <a href=\"https:\/\/poblenouurbandistrict.com\/es\/marato-del-dhub-2024\/\">M\u00e1s  \u2192<\/a><\/p>\n","protected":false},"author":5,"featured_media":570,"comment_status":"closed","ping_status":"closed","sticky":false,"template":"","format":"standard","meta":{"_acf_changed":false,"footnotes":""},"categories":[3342],"tags":[],"class_list":["post-47026","post","type-post","status-publish","format-standard","has-post-thumbnail","hentry","category-art"],"acf":[],"yoast_head":"<!-- This site is optimized with the Yoast SEO plugin v27.5 - https:\/\/yoast.com\/product\/yoast-seo-wordpress\/ -->\n<title>Llega la Marat\u00f3 del DHub 2024 &#8211; Poblenou Urban District<\/title>\n<meta name=\"robots\" content=\"index, follow, max-snippet:-1, max-image-preview:large, max-video-preview:-1\" \/>\n<link rel=\"canonical\" href=\"https:\/\/poblenouurbandistrict.com\/es\/marato-del-dhub-2024\/\" \/>\n<meta property=\"og:locale\" content=\"es_ES\" \/>\n<meta property=\"og:type\" content=\"article\" \/>\n<meta property=\"og:title\" content=\"Llega la Marat\u00f3 del DHub 2024 &#8211; Poblenou Urban District\" \/>\n<meta property=\"og:description\" content=\"Un a\u00f1o m\u00e1s, el oto\u00f1o empieza en el Disseny Hub Barcelona con una\u00a0fiesta y un manifiesto. El 28 de septiembre\u00a028... M\u00e1s \u2192\" \/>\n<meta property=\"og:url\" content=\"https:\/\/poblenouurbandistrict.com\/es\/marato-del-dhub-2024\/\" \/>\n<meta property=\"og:site_name\" content=\"Poblenou Urban District\" \/>\n<meta property=\"article:published_time\" content=\"2024-09-25T11:58:48+00:00\" \/>\n<meta property=\"article:modified_time\" content=\"2024-09-26T17:49:31+00:00\" \/>\n<meta property=\"og:image\" content=\"https:\/\/poblenouurbandistrict.com\/wp-content\/uploads\/2013\/06\/GRAPADORA-2_.jpg\" \/>\n\t<meta property=\"og:image:width\" content=\"800\" \/>\n\t<meta property=\"og:image:height\" content=\"533\" \/>\n\t<meta property=\"og:image:type\" content=\"image\/jpeg\" \/>\n<meta name=\"author\" content=\"pnud\" \/>\n<meta name=\"twitter:card\" content=\"summary_large_image\" \/>\n<meta name=\"twitter:label1\" content=\"Escrito por\" \/>\n\t<meta name=\"twitter:data1\" content=\"pnud\" \/>\n\t<meta name=\"twitter:label2\" content=\"Tiempo de lectura\" \/>\n\t<meta name=\"twitter:data2\" content=\"3 minutos\" \/>\n<script type=\"application\/ld+json\" class=\"yoast-schema-graph\">{\"@context\":\"https:\\\/\\\/schema.org\",\"@graph\":[{\"@type\":\"Article\",\"@id\":\"https:\\\/\\\/poblenouurbandistrict.com\\\/marato-del-dhub-2024\\\/#article\",\"isPartOf\":{\"@id\":\"https:\\\/\\\/poblenouurbandistrict.com\\\/marato-del-dhub-2024\\\/\"},\"author\":{\"name\":\"pnud\",\"@id\":\"https:\\\/\\\/poblenouurbandistrict.com\\\/#\\\/schema\\\/person\\\/980a2cf34b399d5218205730acd54a7e\"},\"headline\":\"Llega la Marat\u00f3 del DHub 2024\",\"datePublished\":\"2024-09-25T11:58:48+00:00\",\"dateModified\":\"2024-09-26T17:49:31+00:00\",\"mainEntityOfPage\":{\"@id\":\"https:\\\/\\\/poblenouurbandistrict.com\\\/marato-del-dhub-2024\\\/\"},\"wordCount\":672,\"image\":{\"@id\":\"https:\\\/\\\/poblenouurbandistrict.com\\\/marato-del-dhub-2024\\\/#primaryimage\"},\"thumbnailUrl\":\"https:\\\/\\\/media.poblenouurbandistrict.com\\\/2013\\\/06\\\/25001124\\\/GRAPADORA-2_.jpg\",\"articleSection\":[\"Arte\"],\"inLanguage\":\"es\"},{\"@type\":\"WebPage\",\"@id\":\"https:\\\/\\\/poblenouurbandistrict.com\\\/es\\\/marato-del-dhub-2024\\\/\",\"url\":\"https:\\\/\\\/poblenouurbandistrict.com\\\/es\\\/marato-del-dhub-2024\\\/\",\"name\":\"Llega la Marat\u00f3 del DHub 2024 &#8211; Poblenou Urban District\",\"isPartOf\":{\"@id\":\"https:\\\/\\\/poblenouurbandistrict.com\\\/es\\\/#website\"},\"primaryImageOfPage\":{\"@id\":\"https:\\\/\\\/poblenouurbandistrict.com\\\/es\\\/marato-del-dhub-2024\\\/#primaryimage\"},\"image\":{\"@id\":\"https:\\\/\\\/poblenouurbandistrict.com\\\/marato-del-dhub-2024\\\/#primaryimage\"},\"thumbnailUrl\":\"https:\\\/\\\/media.poblenouurbandistrict.com\\\/2013\\\/06\\\/25001124\\\/GRAPADORA-2_.jpg\",\"datePublished\":\"2024-09-25T11:58:48+00:00\",\"dateModified\":\"2024-09-26T17:49:31+00:00\",\"author\":{\"@id\":\"https:\\\/\\\/poblenouurbandistrict.com\\\/#\\\/schema\\\/person\\\/980a2cf34b399d5218205730acd54a7e\"},\"breadcrumb\":{\"@id\":\"https:\\\/\\\/poblenouurbandistrict.com\\\/es\\\/marato-del-dhub-2024\\\/#breadcrumb\"},\"inLanguage\":\"es\",\"potentialAction\":[{\"@type\":\"ReadAction\",\"target\":[[\"https:\\\/\\\/poblenouurbandistrict.com\\\/es\\\/marato-del-dhub-2024\\\/\"]]}]},{\"@type\":\"ImageObject\",\"inLanguage\":\"es\",\"@id\":\"https:\\\/\\\/poblenouurbandistrict.com\\\/es\\\/marato-del-dhub-2024\\\/#primaryimage\",\"url\":\"https:\\\/\\\/media.poblenouurbandistrict.com\\\/2013\\\/06\\\/25001124\\\/GRAPADORA-2_.jpg\",\"contentUrl\":\"https:\\\/\\\/media.poblenouurbandistrict.com\\\/2013\\\/06\\\/25001124\\\/GRAPADORA-2_.jpg\",\"width\":800,\"height\":533},{\"@type\":\"BreadcrumbList\",\"@id\":\"https:\\\/\\\/poblenouurbandistrict.com\\\/es\\\/marato-del-dhub-2024\\\/#breadcrumb\",\"itemListElement\":[{\"@type\":\"ListItem\",\"position\":1,\"name\":\"Home\",\"item\":\"https:\\\/\\\/poblenouurbandistrict.com\\\/es\\\/\"},{\"@type\":\"ListItem\",\"position\":2,\"name\":\"Arriba la Marat\u00f3 del DHub 2024\"}]},{\"@type\":\"WebSite\",\"@id\":\"https:\\\/\\\/poblenouurbandistrict.com\\\/es\\\/#website\",\"url\":\"https:\\\/\\\/poblenouurbandistrict.com\\\/es\\\/\",\"name\":\"Poblenou Urban District\",\"description\":\"Comunidad Creativa\",\"potentialAction\":[{\"@type\":\"SearchAction\",\"target\":{\"@type\":\"EntryPoint\",\"urlTemplate\":\"https:\\\/\\\/poblenouurbandistrict.com\\\/es\\\/?s={search_term_string}\"},\"query-input\":{\"@type\":\"PropertyValueSpecification\",\"valueRequired\":true,\"valueName\":\"search_term_string\"}}],\"inLanguage\":\"es\"},{\"@type\":\"Person\",\"@id\":\"https:\\\/\\\/poblenouurbandistrict.com\\\/#\\\/schema\\\/person\\\/980a2cf34b399d5218205730acd54a7e\",\"name\":\"pnud\",\"image\":{\"@type\":\"ImageObject\",\"inLanguage\":\"es\",\"@id\":\"https:\\\/\\\/secure.gravatar.com\\\/avatar\\\/67146597b405ee077a24e519f75c3e2031736596d6ce35af3a34c122c93d0d7b?s=96&d=retro&r=g\",\"url\":\"https:\\\/\\\/secure.gravatar.com\\\/avatar\\\/67146597b405ee077a24e519f75c3e2031736596d6ce35af3a34c122c93d0d7b?s=96&d=retro&r=g\",\"contentUrl\":\"https:\\\/\\\/secure.gravatar.com\\\/avatar\\\/67146597b405ee077a24e519f75c3e2031736596d6ce35af3a34c122c93d0d7b?s=96&d=retro&r=g\",\"caption\":\"pnud\"}}]}<\/script>\n<!-- \/ Yoast SEO plugin. -->","yoast_head_json":{"title":"Llega la Marat\u00f3 del DHub 2024 &#8211; Poblenou Urban District","robots":{"index":"index","follow":"follow","max-snippet":"max-snippet:-1","max-image-preview":"max-image-preview:large","max-video-preview":"max-video-preview:-1"},"canonical":"https:\/\/poblenouurbandistrict.com\/es\/marato-del-dhub-2024\/","og_locale":"es_ES","og_type":"article","og_title":"Llega la Marat\u00f3 del DHub 2024 &#8211; Poblenou Urban District","og_description":"Un a\u00f1o m\u00e1s, el oto\u00f1o empieza en el Disseny Hub Barcelona con una\u00a0fiesta y un manifiesto. El 28 de septiembre\u00a028... M\u00e1s \u2192","og_url":"https:\/\/poblenouurbandistrict.com\/es\/marato-del-dhub-2024\/","og_site_name":"Poblenou Urban District","article_published_time":"2024-09-25T11:58:48+00:00","article_modified_time":"2024-09-26T17:49:31+00:00","og_image":[{"width":800,"height":533,"url":"https:\/\/poblenouurbandistrict.com\/wp-content\/uploads\/2013\/06\/GRAPADORA-2_.jpg","type":"image\/jpeg"}],"author":"pnud","twitter_card":"summary_large_image","twitter_misc":{"Escrito por":"pnud","Tiempo de lectura":"3 minutos"},"schema":{"@context":"https:\/\/schema.org","@graph":[{"@type":"Article","@id":"https:\/\/poblenouurbandistrict.com\/marato-del-dhub-2024\/#article","isPartOf":{"@id":"https:\/\/poblenouurbandistrict.com\/marato-del-dhub-2024\/"},"author":{"name":"pnud","@id":"https:\/\/poblenouurbandistrict.com\/#\/schema\/person\/980a2cf34b399d5218205730acd54a7e"},"headline":"Llega la Marat\u00f3 del DHub 2024","datePublished":"2024-09-25T11:58:48+00:00","dateModified":"2024-09-26T17:49:31+00:00","mainEntityOfPage":{"@id":"https:\/\/poblenouurbandistrict.com\/marato-del-dhub-2024\/"},"wordCount":672,"image":{"@id":"https:\/\/poblenouurbandistrict.com\/marato-del-dhub-2024\/#primaryimage"},"thumbnailUrl":"https:\/\/media.poblenouurbandistrict.com\/2013\/06\/25001124\/GRAPADORA-2_.jpg","articleSection":["Arte"],"inLanguage":"es"},{"@type":"WebPage","@id":"https:\/\/poblenouurbandistrict.com\/es\/marato-del-dhub-2024\/","url":"https:\/\/poblenouurbandistrict.com\/es\/marato-del-dhub-2024\/","name":"Llega la Marat\u00f3 del DHub 2024 &#8211; Poblenou Urban District","isPartOf":{"@id":"https:\/\/poblenouurbandistrict.com\/es\/#website"},"primaryImageOfPage":{"@id":"https:\/\/poblenouurbandistrict.com\/es\/marato-del-dhub-2024\/#primaryimage"},"image":{"@id":"https:\/\/poblenouurbandistrict.com\/marato-del-dhub-2024\/#primaryimage"},"thumbnailUrl":"https:\/\/media.poblenouurbandistrict.com\/2013\/06\/25001124\/GRAPADORA-2_.jpg","datePublished":"2024-09-25T11:58:48+00:00","dateModified":"2024-09-26T17:49:31+00:00","author":{"@id":"https:\/\/poblenouurbandistrict.com\/#\/schema\/person\/980a2cf34b399d5218205730acd54a7e"},"breadcrumb":{"@id":"https:\/\/poblenouurbandistrict.com\/es\/marato-del-dhub-2024\/#breadcrumb"},"inLanguage":"es","potentialAction":[{"@type":"ReadAction","target":[["https:\/\/poblenouurbandistrict.com\/es\/marato-del-dhub-2024\/"]]}]},{"@type":"ImageObject","inLanguage":"es","@id":"https:\/\/poblenouurbandistrict.com\/es\/marato-del-dhub-2024\/#primaryimage","url":"https:\/\/media.poblenouurbandistrict.com\/2013\/06\/25001124\/GRAPADORA-2_.jpg","contentUrl":"https:\/\/media.poblenouurbandistrict.com\/2013\/06\/25001124\/GRAPADORA-2_.jpg","width":800,"height":533},{"@type":"BreadcrumbList","@id":"https:\/\/poblenouurbandistrict.com\/es\/marato-del-dhub-2024\/#breadcrumb","itemListElement":[{"@type":"ListItem","position":1,"name":"Home","item":"https:\/\/poblenouurbandistrict.com\/es\/"},{"@type":"ListItem","position":2,"name":"Arriba la Marat\u00f3 del DHub 2024"}]},{"@type":"WebSite","@id":"https:\/\/poblenouurbandistrict.com\/es\/#website","url":"https:\/\/poblenouurbandistrict.com\/es\/","name":"Poblenou Urban District","description":"Comunidad Creativa","potentialAction":[{"@type":"SearchAction","target":{"@type":"EntryPoint","urlTemplate":"https:\/\/poblenouurbandistrict.com\/es\/?s={search_term_string}"},"query-input":{"@type":"PropertyValueSpecification","valueRequired":true,"valueName":"search_term_string"}}],"inLanguage":"es"},{"@type":"Person","@id":"https:\/\/poblenouurbandistrict.com\/#\/schema\/person\/980a2cf34b399d5218205730acd54a7e","name":"pnud","image":{"@type":"ImageObject","inLanguage":"es","@id":"https:\/\/secure.gravatar.com\/avatar\/67146597b405ee077a24e519f75c3e2031736596d6ce35af3a34c122c93d0d7b?s=96&d=retro&r=g","url":"https:\/\/secure.gravatar.com\/avatar\/67146597b405ee077a24e519f75c3e2031736596d6ce35af3a34c122c93d0d7b?s=96&d=retro&r=g","contentUrl":"https:\/\/secure.gravatar.com\/avatar\/67146597b405ee077a24e519f75c3e2031736596d6ce35af3a34c122c93d0d7b?s=96&d=retro&r=g","caption":"pnud"}}]}},"_links":{"self":[{"href":"https:\/\/poblenouurbandistrict.com\/es\/wp-json\/wp\/v2\/posts\/47026","targetHints":{"allow":["GET"]}}],"collection":[{"href":"https:\/\/poblenouurbandistrict.com\/es\/wp-json\/wp\/v2\/posts"}],"about":[{"href":"https:\/\/poblenouurbandistrict.com\/es\/wp-json\/wp\/v2\/types\/post"}],"author":[{"embeddable":true,"href":"https:\/\/poblenouurbandistrict.com\/es\/wp-json\/wp\/v2\/users\/5"}],"replies":[{"embeddable":true,"href":"https:\/\/poblenouurbandistrict.com\/es\/wp-json\/wp\/v2\/comments?post=47026"}],"version-history":[{"count":5,"href":"https:\/\/poblenouurbandistrict.com\/es\/wp-json\/wp\/v2\/posts\/47026\/revisions"}],"predecessor-version":[{"id":47074,"href":"https:\/\/poblenouurbandistrict.com\/es\/wp-json\/wp\/v2\/posts\/47026\/revisions\/47074"}],"wp:featuredmedia":[{"embeddable":true,"href":"https:\/\/poblenouurbandistrict.com\/es\/wp-json\/wp\/v2\/media\/570"}],"wp:attachment":[{"href":"https:\/\/poblenouurbandistrict.com\/es\/wp-json\/wp\/v2\/media?parent=47026"}],"wp:term":[{"taxonomy":"category","embeddable":true,"href":"https:\/\/poblenouurbandistrict.com\/es\/wp-json\/wp\/v2\/categories?post=47026"},{"taxonomy":"post_tag","embeddable":true,"href":"https:\/\/poblenouurbandistrict.com\/es\/wp-json\/wp\/v2\/tags?post=47026"}],"curies":[{"name":"wp","href":"https:\/\/api.w.org\/{rel}","templated":true}]}}