{"id":47203,"date":"2024-10-03T12:02:32","date_gmt":"2024-10-03T10:02:32","guid":{"rendered":"https:\/\/poblenouurbandistrict.com\/?p=47203"},"modified":"2024-10-03T16:41:59","modified_gmt":"2024-10-03T14:41:59","slug":"exibicion-al-dhub-locea-parla-noves-ecologies-i-noves-economies-del-mar","status":"publish","type":"post","link":"https:\/\/poblenouurbandistrict.com\/es\/exibicion-al-dhub-locea-parla-noves-ecologies-i-noves-economies-del-mar\/","title":{"rendered":"\u00bbL\u2019Oce\u00e0 parla. Noves ecologies i noves economies del mar\u00bb es la nueva exposici\u00f3n del DHub Barcelona"},"content":{"rendered":"<p>El Disseny Hub Barcelona presenta una nueva exposici\u00f3n temporal \u201cL\u2019oce\u00e0 parla. Noves ecologies i noves economies del mar\u201d, que abrir\u00e1 las puertas el 10 de octubre y se podr\u00e1 ver hasta el 23 de febrero de 2025.<\/p>\n<p>La muestra plantea una reflexi\u00f3n sobre como redise\u00f1ar la relaci\u00f3n de Barcelona con el mar en un contexto marcado por la crisis clim\u00e1tica. Partiendo de la capital catalana pero con una mirada global, la exposici\u00f3n analiza los retos y los conflictos que tendr\u00e1n que afrontar en los pr\u00f3ximos a\u00f1os las sociedades costeras como consecuencia de los efectos del calentamiento global y la previsible subida del nivel del mar.<\/p>\n<p>La reflexi\u00f3n se establece a partir de proyectos locales, nacionales e internacionales que, desde \u00e1mbitos como el dise\u00f1o, el urbanismo, la arquitectura o el arte, retratan los efectos de la acci\u00f3n humana sobre el oc\u00e9ano y los seres que lo habitan, proponen nuevas aproximaciones hacia los ecosistemas marinos y reimaginan la relaci\u00f3n de los humanos con estos.<\/p>\n<p>\u00abL\u2019oce\u00e0 parla. Noves ecologies i noves economies del mar\u00bb\u00a0est\u00e1 comisariada por el director art\u00edstico del DHub y director del Museo del Dise\u00f1o, Jose Luis de Vicente. Producida por el DHub\u00a0con la colaboraci\u00f3n de Fundaci\u00f3nTelef\u00f3nica y Manifiesta 15.<\/p>\n<p>M\u00e1s informaci\u00f3n <a href=\"https:\/\/www.dissenyhub.barcelona\/ca\/exposicio\/locea-parla-noves-ecologies-i-noves-economies-del-mar?utm_content=C4506-I40&amp;utm_source=ecoms&amp;utm_medium=email&amp;utm_term=Not%c3%adcia%20Principal-contingut\"><span style=\"font-weight: 400;\">aqu\u00ed<\/span><\/a><span style=\"font-weight: 400;\">.<\/span><\/p>\n<hr \/>\n<p><strong>Leemos el Museo | El oc\u00e9ano que nos rodea<\/strong><\/p>\n<p>Fechas: \u00daltimo mi\u00e9rcoles de cada mes (excepto diciembre) de 18:30h a 20h.<\/p>\n<p>La Biblioteca El Clot-Josep Benet con la colaboraci\u00f3n del DHub, organiza, en el marco de la exposici\u00f3n <em>L\u2019oce\u00e0 parla. Noves ecologies i noves economies del mar<\/em>, un club de lectura para profundizar en estos temas. Siguiendo la estela de Moby Dick, se leer\u00e1n escritos<strong> sobre los diferentes usos y abusos del mar<\/strong>, el espacio de vida m\u00e1s grande conocido, fuente de recursos y\u00a0 vertedero de nuestros residuos terrestres.<\/p>\n<p>M\u00e1s informaci\u00f3n e inscripciones <a href=\"https:\/\/www.dissenyhub.barcelona\/ca\/activitat\/llegim-el-museu-locea-que-ens-envolta\">aqu\u00ed<\/a>.<\/p>","protected":false},"excerpt":{"rendered":"<p>El Disseny Hub Barcelona presenta una nueva exposici\u00f3n temporal \u201cL\u2019oce\u00e0 parla. Noves ecologies i noves economies del mar\u201d, que abrir\u00e1&#8230; <a href=\"https:\/\/poblenouurbandistrict.com\/es\/exibicion-al-dhub-locea-parla-noves-ecologies-i-noves-economies-del-mar\/\">M\u00e1s  \u2192<\/a><\/p>\n","protected":false},"author":5,"featured_media":47218,"comment_status":"closed","ping_status":"closed","sticky":false,"template":"","format":"standard","meta":{"_acf_changed":false,"footnotes":""},"categories":[1],"tags":[],"class_list":["post-47203","post","type-post","status-publish","format-standard","has-post-thumbnail","hentry","category-noticias"],"acf":[],"yoast_head":"<!-- This site is optimized with the Yoast SEO plugin v27.5 - https:\/\/yoast.com\/product\/yoast-seo-wordpress\/ -->\n<title>&quot;L\u2019Oce\u00e0 parla. Noves ecologies i noves economies del mar&quot; es la nueva exposici\u00f3n del DHub Barcelona &#8211; Poblenou Urban District<\/title>\n<meta name=\"robots\" content=\"index, follow, max-snippet:-1, max-image-preview:large, max-video-preview:-1\" \/>\n<link rel=\"canonical\" href=\"https:\/\/poblenouurbandistrict.com\/es\/exibicion-al-dhub-locea-parla-noves-ecologies-i-noves-economies-del-mar\/\" \/>\n<meta property=\"og:locale\" content=\"es_ES\" \/>\n<meta property=\"og:type\" content=\"article\" \/>\n<meta property=\"og:title\" content=\"&quot;L\u2019Oce\u00e0 parla. Noves ecologies i noves economies del mar&quot; es la nueva exposici\u00f3n del DHub Barcelona &#8211; Poblenou Urban District\" \/>\n<meta property=\"og:description\" content=\"El Disseny Hub Barcelona presenta una nueva exposici\u00f3n temporal \u201cL\u2019oce\u00e0 parla. Noves ecologies i noves economies del mar\u201d, que abrir\u00e1... M\u00e1s \u2192\" \/>\n<meta property=\"og:url\" content=\"https:\/\/poblenouurbandistrict.com\/es\/exibicion-al-dhub-locea-parla-noves-ecologies-i-noves-economies-del-mar\/\" \/>\n<meta property=\"og:site_name\" content=\"Poblenou Urban District\" \/>\n<meta property=\"article:published_time\" content=\"2024-10-03T10:02:32+00:00\" \/>\n<meta property=\"article:modified_time\" content=\"2024-10-03T14:41:59+00:00\" \/>\n<meta property=\"og:image\" content=\"https:\/\/poblenouurbandistrict.com\/wp-content\/uploads\/2024\/10\/the-great-endeavor-captura27-1.jpg\" \/>\n\t<meta property=\"og:image:width\" content=\"2560\" \/>\n\t<meta property=\"og:image:height\" content=\"1706\" \/>\n\t<meta property=\"og:image:type\" content=\"image\/jpeg\" \/>\n<meta name=\"author\" content=\"pnud\" \/>\n<meta name=\"twitter:card\" content=\"summary_large_image\" \/>\n<meta name=\"twitter:label1\" content=\"Escrito por\" \/>\n\t<meta name=\"twitter:data1\" content=\"pnud\" \/>\n\t<meta name=\"twitter:label2\" content=\"Tiempo de lectura\" \/>\n\t<meta name=\"twitter:data2\" content=\"2 minutos\" \/>\n<script type=\"application\/ld+json\" class=\"yoast-schema-graph\">{\"@context\":\"https:\\\/\\\/schema.org\",\"@graph\":[{\"@type\":\"Article\",\"@id\":\"https:\\\/\\\/poblenouurbandistrict.com\\\/exibicion-al-dhub-locea-parla-noves-ecologies-i-noves-economies-del-mar\\\/#article\",\"isPartOf\":{\"@id\":\"https:\\\/\\\/poblenouurbandistrict.com\\\/exibicion-al-dhub-locea-parla-noves-ecologies-i-noves-economies-del-mar\\\/\"},\"author\":{\"name\":\"pnud\",\"@id\":\"https:\\\/\\\/poblenouurbandistrict.com\\\/#\\\/schema\\\/person\\\/980a2cf34b399d5218205730acd54a7e\"},\"headline\":\"\u00bbL\u2019Oce\u00e0 parla. Noves ecologies i noves economies del mar\u00bb es la nueva exposici\u00f3n del DHub Barcelona\",\"datePublished\":\"2024-10-03T10:02:32+00:00\",\"dateModified\":\"2024-10-03T14:41:59+00:00\",\"mainEntityOfPage\":{\"@id\":\"https:\\\/\\\/poblenouurbandistrict.com\\\/exibicion-al-dhub-locea-parla-noves-ecologies-i-noves-economies-del-mar\\\/\"},\"wordCount\":933,\"image\":{\"@id\":\"https:\\\/\\\/poblenouurbandistrict.com\\\/exibicion-al-dhub-locea-parla-noves-ecologies-i-noves-economies-del-mar\\\/#primaryimage\"},\"thumbnailUrl\":\"https:\\\/\\\/media.poblenouurbandistrict.com\\\/2024\\\/10\\\/25075700\\\/the-great-endeavor-captura27-1.jpg\",\"articleSection\":[\"Est\u00e1 pasando\"],\"inLanguage\":\"es\"},{\"@type\":\"WebPage\",\"@id\":\"https:\\\/\\\/poblenouurbandistrict.com\\\/es\\\/exibicion-al-dhub-locea-parla-noves-ecologies-i-noves-economies-del-mar\\\/\",\"url\":\"https:\\\/\\\/poblenouurbandistrict.com\\\/es\\\/exibicion-al-dhub-locea-parla-noves-ecologies-i-noves-economies-del-mar\\\/\",\"name\":\"\\\"L\u2019Oce\u00e0 parla. Noves ecologies i noves economies del mar\\\" es la nueva exposici\u00f3n del DHub Barcelona &#8211; Poblenou Urban District\",\"isPartOf\":{\"@id\":\"https:\\\/\\\/poblenouurbandistrict.com\\\/es\\\/#website\"},\"primaryImageOfPage\":{\"@id\":\"https:\\\/\\\/poblenouurbandistrict.com\\\/es\\\/exibicion-al-dhub-locea-parla-noves-ecologies-i-noves-economies-del-mar\\\/#primaryimage\"},\"image\":{\"@id\":\"https:\\\/\\\/poblenouurbandistrict.com\\\/exibicion-al-dhub-locea-parla-noves-ecologies-i-noves-economies-del-mar\\\/#primaryimage\"},\"thumbnailUrl\":\"https:\\\/\\\/media.poblenouurbandistrict.com\\\/2024\\\/10\\\/25075700\\\/the-great-endeavor-captura27-1.jpg\",\"datePublished\":\"2024-10-03T10:02:32+00:00\",\"dateModified\":\"2024-10-03T14:41:59+00:00\",\"author\":{\"@id\":\"https:\\\/\\\/poblenouurbandistrict.com\\\/#\\\/schema\\\/person\\\/980a2cf34b399d5218205730acd54a7e\"},\"breadcrumb\":{\"@id\":\"https:\\\/\\\/poblenouurbandistrict.com\\\/es\\\/exibicion-al-dhub-locea-parla-noves-ecologies-i-noves-economies-del-mar\\\/#breadcrumb\"},\"inLanguage\":\"es\",\"potentialAction\":[{\"@type\":\"ReadAction\",\"target\":[[\"https:\\\/\\\/poblenouurbandistrict.com\\\/es\\\/exibicion-al-dhub-locea-parla-noves-ecologies-i-noves-economies-del-mar\\\/\"]]}]},{\"@type\":\"ImageObject\",\"inLanguage\":\"es\",\"@id\":\"https:\\\/\\\/poblenouurbandistrict.com\\\/es\\\/exibicion-al-dhub-locea-parla-noves-ecologies-i-noves-economies-del-mar\\\/#primaryimage\",\"url\":\"https:\\\/\\\/media.poblenouurbandistrict.com\\\/2024\\\/10\\\/25075700\\\/the-great-endeavor-captura27-1.jpg\",\"contentUrl\":\"https:\\\/\\\/media.poblenouurbandistrict.com\\\/2024\\\/10\\\/25075700\\\/the-great-endeavor-captura27-1.jpg\",\"width\":2560,\"height\":1706,\"caption\":\"@JavierArias\"},{\"@type\":\"BreadcrumbList\",\"@id\":\"https:\\\/\\\/poblenouurbandistrict.com\\\/es\\\/exibicion-al-dhub-locea-parla-noves-ecologies-i-noves-economies-del-mar\\\/#breadcrumb\",\"itemListElement\":[{\"@type\":\"ListItem\",\"position\":1,\"name\":\"Home\",\"item\":\"https:\\\/\\\/poblenouurbandistrict.com\\\/es\\\/\"},{\"@type\":\"ListItem\",\"position\":2,\"name\":\"&#8220;L\u2019Oce\u00e0 parla. Noves ecologies i noves economies del mar&#8221; \u00e9s la nova exposici\u00f3 del DHub Barcelona\"}]},{\"@type\":\"WebSite\",\"@id\":\"https:\\\/\\\/poblenouurbandistrict.com\\\/es\\\/#website\",\"url\":\"https:\\\/\\\/poblenouurbandistrict.com\\\/es\\\/\",\"name\":\"Poblenou Urban District\",\"description\":\"Comunidad Creativa\",\"potentialAction\":[{\"@type\":\"SearchAction\",\"target\":{\"@type\":\"EntryPoint\",\"urlTemplate\":\"https:\\\/\\\/poblenouurbandistrict.com\\\/es\\\/?s={search_term_string}\"},\"query-input\":{\"@type\":\"PropertyValueSpecification\",\"valueRequired\":true,\"valueName\":\"search_term_string\"}}],\"inLanguage\":\"es\"},{\"@type\":\"Person\",\"@id\":\"https:\\\/\\\/poblenouurbandistrict.com\\\/#\\\/schema\\\/person\\\/980a2cf34b399d5218205730acd54a7e\",\"name\":\"pnud\",\"image\":{\"@type\":\"ImageObject\",\"inLanguage\":\"es\",\"@id\":\"https:\\\/\\\/secure.gravatar.com\\\/avatar\\\/67146597b405ee077a24e519f75c3e2031736596d6ce35af3a34c122c93d0d7b?s=96&d=retro&r=g\",\"url\":\"https:\\\/\\\/secure.gravatar.com\\\/avatar\\\/67146597b405ee077a24e519f75c3e2031736596d6ce35af3a34c122c93d0d7b?s=96&d=retro&r=g\",\"contentUrl\":\"https:\\\/\\\/secure.gravatar.com\\\/avatar\\\/67146597b405ee077a24e519f75c3e2031736596d6ce35af3a34c122c93d0d7b?s=96&d=retro&r=g\",\"caption\":\"pnud\"}}]}<\/script>\n<!-- \/ Yoast SEO plugin. -->","yoast_head_json":{"title":"\"L\u2019Oce\u00e0 parla. Noves ecologies i noves economies del mar\" es la nueva exposici\u00f3n del DHub Barcelona &#8211; Poblenou Urban District","robots":{"index":"index","follow":"follow","max-snippet":"max-snippet:-1","max-image-preview":"max-image-preview:large","max-video-preview":"max-video-preview:-1"},"canonical":"https:\/\/poblenouurbandistrict.com\/es\/exibicion-al-dhub-locea-parla-noves-ecologies-i-noves-economies-del-mar\/","og_locale":"es_ES","og_type":"article","og_title":"\"L\u2019Oce\u00e0 parla. Noves ecologies i noves economies del mar\" es la nueva exposici\u00f3n del DHub Barcelona &#8211; Poblenou Urban District","og_description":"El Disseny Hub Barcelona presenta una nueva exposici\u00f3n temporal \u201cL\u2019oce\u00e0 parla. Noves ecologies i noves economies del mar\u201d, que abrir\u00e1... M\u00e1s \u2192","og_url":"https:\/\/poblenouurbandistrict.com\/es\/exibicion-al-dhub-locea-parla-noves-ecologies-i-noves-economies-del-mar\/","og_site_name":"Poblenou Urban District","article_published_time":"2024-10-03T10:02:32+00:00","article_modified_time":"2024-10-03T14:41:59+00:00","og_image":[{"width":2560,"height":1706,"url":"https:\/\/poblenouurbandistrict.com\/wp-content\/uploads\/2024\/10\/the-great-endeavor-captura27-1.jpg","type":"image\/jpeg"}],"author":"pnud","twitter_card":"summary_large_image","twitter_misc":{"Escrito por":"pnud","Tiempo de lectura":"2 minutos"},"schema":{"@context":"https:\/\/schema.org","@graph":[{"@type":"Article","@id":"https:\/\/poblenouurbandistrict.com\/exibicion-al-dhub-locea-parla-noves-ecologies-i-noves-economies-del-mar\/#article","isPartOf":{"@id":"https:\/\/poblenouurbandistrict.com\/exibicion-al-dhub-locea-parla-noves-ecologies-i-noves-economies-del-mar\/"},"author":{"name":"pnud","@id":"https:\/\/poblenouurbandistrict.com\/#\/schema\/person\/980a2cf34b399d5218205730acd54a7e"},"headline":"\u00bbL\u2019Oce\u00e0 parla. Noves ecologies i noves economies del mar\u00bb es la nueva exposici\u00f3n del DHub Barcelona","datePublished":"2024-10-03T10:02:32+00:00","dateModified":"2024-10-03T14:41:59+00:00","mainEntityOfPage":{"@id":"https:\/\/poblenouurbandistrict.com\/exibicion-al-dhub-locea-parla-noves-ecologies-i-noves-economies-del-mar\/"},"wordCount":933,"image":{"@id":"https:\/\/poblenouurbandistrict.com\/exibicion-al-dhub-locea-parla-noves-ecologies-i-noves-economies-del-mar\/#primaryimage"},"thumbnailUrl":"https:\/\/media.poblenouurbandistrict.com\/2024\/10\/25075700\/the-great-endeavor-captura27-1.jpg","articleSection":["Est\u00e1 pasando"],"inLanguage":"es"},{"@type":"WebPage","@id":"https:\/\/poblenouurbandistrict.com\/es\/exibicion-al-dhub-locea-parla-noves-ecologies-i-noves-economies-del-mar\/","url":"https:\/\/poblenouurbandistrict.com\/es\/exibicion-al-dhub-locea-parla-noves-ecologies-i-noves-economies-del-mar\/","name":"\"L\u2019Oce\u00e0 parla. Noves ecologies i noves economies del mar\" es la nueva exposici\u00f3n del DHub Barcelona &#8211; Poblenou Urban District","isPartOf":{"@id":"https:\/\/poblenouurbandistrict.com\/es\/#website"},"primaryImageOfPage":{"@id":"https:\/\/poblenouurbandistrict.com\/es\/exibicion-al-dhub-locea-parla-noves-ecologies-i-noves-economies-del-mar\/#primaryimage"},"image":{"@id":"https:\/\/poblenouurbandistrict.com\/exibicion-al-dhub-locea-parla-noves-ecologies-i-noves-economies-del-mar\/#primaryimage"},"thumbnailUrl":"https:\/\/media.poblenouurbandistrict.com\/2024\/10\/25075700\/the-great-endeavor-captura27-1.jpg","datePublished":"2024-10-03T10:02:32+00:00","dateModified":"2024-10-03T14:41:59+00:00","author":{"@id":"https:\/\/poblenouurbandistrict.com\/#\/schema\/person\/980a2cf34b399d5218205730acd54a7e"},"breadcrumb":{"@id":"https:\/\/poblenouurbandistrict.com\/es\/exibicion-al-dhub-locea-parla-noves-ecologies-i-noves-economies-del-mar\/#breadcrumb"},"inLanguage":"es","potentialAction":[{"@type":"ReadAction","target":[["https:\/\/poblenouurbandistrict.com\/es\/exibicion-al-dhub-locea-parla-noves-ecologies-i-noves-economies-del-mar\/"]]}]},{"@type":"ImageObject","inLanguage":"es","@id":"https:\/\/poblenouurbandistrict.com\/es\/exibicion-al-dhub-locea-parla-noves-ecologies-i-noves-economies-del-mar\/#primaryimage","url":"https:\/\/media.poblenouurbandistrict.com\/2024\/10\/25075700\/the-great-endeavor-captura27-1.jpg","contentUrl":"https:\/\/media.poblenouurbandistrict.com\/2024\/10\/25075700\/the-great-endeavor-captura27-1.jpg","width":2560,"height":1706,"caption":"@JavierArias"},{"@type":"BreadcrumbList","@id":"https:\/\/poblenouurbandistrict.com\/es\/exibicion-al-dhub-locea-parla-noves-ecologies-i-noves-economies-del-mar\/#breadcrumb","itemListElement":[{"@type":"ListItem","position":1,"name":"Home","item":"https:\/\/poblenouurbandistrict.com\/es\/"},{"@type":"ListItem","position":2,"name":"&#8220;L\u2019Oce\u00e0 parla. Noves ecologies i noves economies del mar&#8221; \u00e9s la nova exposici\u00f3 del DHub Barcelona"}]},{"@type":"WebSite","@id":"https:\/\/poblenouurbandistrict.com\/es\/#website","url":"https:\/\/poblenouurbandistrict.com\/es\/","name":"Poblenou Urban District","description":"Comunidad Creativa","potentialAction":[{"@type":"SearchAction","target":{"@type":"EntryPoint","urlTemplate":"https:\/\/poblenouurbandistrict.com\/es\/?s={search_term_string}"},"query-input":{"@type":"PropertyValueSpecification","valueRequired":true,"valueName":"search_term_string"}}],"inLanguage":"es"},{"@type":"Person","@id":"https:\/\/poblenouurbandistrict.com\/#\/schema\/person\/980a2cf34b399d5218205730acd54a7e","name":"pnud","image":{"@type":"ImageObject","inLanguage":"es","@id":"https:\/\/secure.gravatar.com\/avatar\/67146597b405ee077a24e519f75c3e2031736596d6ce35af3a34c122c93d0d7b?s=96&d=retro&r=g","url":"https:\/\/secure.gravatar.com\/avatar\/67146597b405ee077a24e519f75c3e2031736596d6ce35af3a34c122c93d0d7b?s=96&d=retro&r=g","contentUrl":"https:\/\/secure.gravatar.com\/avatar\/67146597b405ee077a24e519f75c3e2031736596d6ce35af3a34c122c93d0d7b?s=96&d=retro&r=g","caption":"pnud"}}]}},"_links":{"self":[{"href":"https:\/\/poblenouurbandistrict.com\/es\/wp-json\/wp\/v2\/posts\/47203","targetHints":{"allow":["GET"]}}],"collection":[{"href":"https:\/\/poblenouurbandistrict.com\/es\/wp-json\/wp\/v2\/posts"}],"about":[{"href":"https:\/\/poblenouurbandistrict.com\/es\/wp-json\/wp\/v2\/types\/post"}],"author":[{"embeddable":true,"href":"https:\/\/poblenouurbandistrict.com\/es\/wp-json\/wp\/v2\/users\/5"}],"replies":[{"embeddable":true,"href":"https:\/\/poblenouurbandistrict.com\/es\/wp-json\/wp\/v2\/comments?post=47203"}],"version-history":[{"count":3,"href":"https:\/\/poblenouurbandistrict.com\/es\/wp-json\/wp\/v2\/posts\/47203\/revisions"}],"predecessor-version":[{"id":47220,"href":"https:\/\/poblenouurbandistrict.com\/es\/wp-json\/wp\/v2\/posts\/47203\/revisions\/47220"}],"wp:featuredmedia":[{"embeddable":true,"href":"https:\/\/poblenouurbandistrict.com\/es\/wp-json\/wp\/v2\/media\/47218"}],"wp:attachment":[{"href":"https:\/\/poblenouurbandistrict.com\/es\/wp-json\/wp\/v2\/media?parent=47203"}],"wp:term":[{"taxonomy":"category","embeddable":true,"href":"https:\/\/poblenouurbandistrict.com\/es\/wp-json\/wp\/v2\/categories?post=47203"},{"taxonomy":"post_tag","embeddable":true,"href":"https:\/\/poblenouurbandistrict.com\/es\/wp-json\/wp\/v2\/tags?post=47203"}],"curies":[{"name":"wp","href":"https:\/\/api.w.org\/{rel}","templated":true}]}}